{"id":7522,"date":"2015-05-21T23:21:14","date_gmt":"2015-05-21T21:21:14","guid":{"rendered":"http:\/\/www.arhammar.se\/blog\/?p=7522"},"modified":"2016-03-06T22:01:39","modified_gmt":"2016-03-06T21:01:39","slug":"jag-gar-forbi-fogelstroms-hus-pa-fjallgatan","status":"publish","type":"post","link":"https:\/\/www.arhammar.se\/blog\/jag-gar-forbi-fogelstroms-hus-pa-fjallgatan\/","title":{"rendered":"Jag g\u00e5r f\u00f6rbi Fogelstr\u00f6ms hus p\u00e5 Fj\u00e4llgatan"},"content":{"rendered":"<p><img loading=\"lazy\" decoding=\"async\" src=\"http:\/\/www.arhammar.se\/blog\/wp-photos\/IMG_4373.jpg\" alt=\"Fogelstr\u00f6ms hus\" width=\"640\" height=\"442\" \/><\/p>\n<p>H\u00e4r ovan \u00e4r Per Anders Fogelstr\u00f6ms hus p\u00e5 Fj\u00e4llgatan i Stockholm, och h\u00e4r nedan \u00e4r den utsikt han hade. Det m\u00e5ste ha varit v\u00e4ldigt inspirerande. 1973 var jag d\u00e4r som 21-\u00e5ring och <a href=\"http:\/\/www.arhammar.se\/blog\/texter\/per-anders-fogelstrom-stockholm-har-fargats-av-vietnam\/\" target=\"_blank\">intervjuade honom f\u00f6r en tidning<\/a> som vi gjorde p\u00e5 journalisth\u00f6gskolan. Han var v\u00e4ldigt tillm\u00f6tesg\u00e5ende, svarade sn\u00e4llt p\u00e5 mina fr\u00e5gor och log mot min kamera. Efter intervjun hade han ingen br\u00e5dska, utan han bj\u00f6d p\u00e5 kaffe, vi pratade om Stockholm, utsikten fr\u00e5n hans f\u00f6nster, min utbildning och vad jag gjorde p\u00e5 fritiden.<br \/>\nHan tog sig tid, och s\u00e5 h\u00e4r i backspegeln 40 \u00e5r senare konstaterar jag att han inte bara tog sig tid, han gav mig av den ocks\u00e5.<br \/>\nDet tyder p\u00e5 ett stort och gener\u00f6st hj\u00e4rta. 2017 \u00e4r det 100 \u00e5r sedan han f\u00f6ddes.<\/p>\n<p><img loading=\"lazy\" decoding=\"async\" src=\"http:\/\/www.arhammar.se\/blog\/wp-photos\/IMG_4374.jpg\" alt=\"Fogelstr\u00f6ms hus\" width=\"640\" height=\"442\" \/><\/p>\n<!-- AddThis Advanced Settings generic via filter on the_content --><!-- AddThis Share Buttons generic via filter on the_content -->","protected":false},"excerpt":{"rendered":"<p>H\u00e4r ovan \u00e4r Per Anders Fogelstr\u00f6ms hus p\u00e5 Fj\u00e4llgatan i Stockholm, och h\u00e4r nedan \u00e4r den utsikt han hade. Det m\u00e5ste ha varit v\u00e4ldigt inspirerande. 1973 var jag d\u00e4r som 21-\u00e5ring och intervjuade honom f\u00f6r en tidning som vi gjorde p\u00e5 journalisth\u00f6gskolan. Han var v\u00e4ldigt tillm\u00f6tesg\u00e5ende, svarade sn\u00e4llt p\u00e5 mina fr\u00e5gor och log mot min [&hellip;]<!-- AddThis Advanced Settings generic via filter on wp_trim_excerpt --><!-- AddThis Share Buttons generic via filter on wp_trim_excerpt --><\/p>\n","protected":false},"author":2,"featured_media":9999,"comment_status":"open","ping_status":"open","sticky":false,"template":"","format":"standard","meta":{"footnotes":""},"categories":[524,1180],"tags":[312,1235,1234],"class_list":["post-7522","post","type-post","status-publish","format-standard","has-post-thumbnail","hentry","category-blogg100-2","category-mobil-blogg-15","tag-forfattare","tag-fjallgatan","tag-per-anders-fogelstrom"],"yoast_head":"<!-- This site is optimized with the Yoast SEO plugin v27.5 - https:\/\/yoast.com\/product\/yoast-seo-wordpress\/ -->\n<title>Jag g\u00e5r f\u00f6rbi Fogelstr\u00f6ms hus p\u00e5 Fj\u00e4llgatan - @Arhammar bokstavligen<\/title>\n<meta name=\"robots\" content=\"index, follow, max-snippet:-1, max-image-preview:large, max-video-preview:-1\" \/>\n<link rel=\"canonical\" href=\"https:\/\/www.arhammar.se\/blog\/jag-gar-forbi-fogelstroms-hus-pa-fjallgatan\/\" \/>\n<meta property=\"og:locale\" content=\"en_US\" \/>\n<meta property=\"og:type\" content=\"article\" \/>\n<meta property=\"og:title\" content=\"Jag g\u00e5r f\u00f6rbi Fogelstr\u00f6ms hus p\u00e5 Fj\u00e4llgatan - @Arhammar bokstavligen\" \/>\n<meta property=\"og:description\" content=\"H\u00e4r ovan \u00e4r Per Anders Fogelstr\u00f6ms hus p\u00e5 Fj\u00e4llgatan i Stockholm, och h\u00e4r nedan \u00e4r den utsikt han hade. Det m\u00e5ste ha varit v\u00e4ldigt inspirerande. 1973 var jag d\u00e4r som 21-\u00e5ring och intervjuade honom f\u00f6r en tidning som vi gjorde p\u00e5 journalisth\u00f6gskolan. Han var v\u00e4ldigt tillm\u00f6tesg\u00e5ende, svarade sn\u00e4llt p\u00e5 mina fr\u00e5gor och log mot min [&hellip;]\" \/>\n<meta property=\"og:url\" content=\"https:\/\/www.arhammar.se\/blog\/jag-gar-forbi-fogelstroms-hus-pa-fjallgatan\/\" \/>\n<meta property=\"og:site_name\" content=\"@Arhammar bokstavligen\" \/>\n<meta property=\"article:published_time\" content=\"2015-05-21T21:21:14+00:00\" \/>\n<meta property=\"article:modified_time\" content=\"2016-03-06T21:01:39+00:00\" \/>\n<meta property=\"og:image\" content=\"https:\/\/www.arhammar.se\/blog\/wp-content\/uploads\/2016\/01\/IMG_4373.jpg\" \/>\n\t<meta property=\"og:image:width\" content=\"640\" \/>\n\t<meta property=\"og:image:height\" content=\"480\" \/>\n\t<meta property=\"og:image:type\" content=\"image\/jpeg\" \/>\n<meta name=\"author\" content=\"Anders Arhammar\" \/>\n<meta name=\"twitter:card\" content=\"summary_large_image\" \/>\n<meta name=\"twitter:label1\" content=\"Written by\" \/>\n\t<meta name=\"twitter:data1\" content=\"Anders Arhammar\" \/>\n\t<meta name=\"twitter:label2\" content=\"Est. reading time\" \/>\n\t<meta name=\"twitter:data2\" content=\"1 minute\" \/>\n<script type=\"application\/ld+json\" class=\"yoast-schema-graph\">{\"@context\":\"https:\\\/\\\/schema.org\",\"@graph\":[{\"@type\":\"Article\",\"@id\":\"https:\\\/\\\/www.arhammar.se\\\/blog\\\/jag-gar-forbi-fogelstroms-hus-pa-fjallgatan\\\/#article\",\"isPartOf\":{\"@id\":\"https:\\\/\\\/www.arhammar.se\\\/blog\\\/jag-gar-forbi-fogelstroms-hus-pa-fjallgatan\\\/\"},\"author\":{\"name\":\"Anders Arhammar\",\"@id\":\"https:\\\/\\\/www.arhammar.se\\\/blog\\\/#\\\/schema\\\/person\\\/061984c1d884b363e2c91550f2e00d1d\"},\"headline\":\"Jag g\u00e5r f\u00f6rbi Fogelstr\u00f6ms hus p\u00e5 Fj\u00e4llgatan\",\"datePublished\":\"2015-05-21T21:21:14+00:00\",\"dateModified\":\"2016-03-06T21:01:39+00:00\",\"mainEntityOfPage\":{\"@id\":\"https:\\\/\\\/www.arhammar.se\\\/blog\\\/jag-gar-forbi-fogelstroms-hus-pa-fjallgatan\\\/\"},\"wordCount\":156,\"commentCount\":0,\"image\":{\"@id\":\"https:\\\/\\\/www.arhammar.se\\\/blog\\\/jag-gar-forbi-fogelstroms-hus-pa-fjallgatan\\\/#primaryimage\"},\"thumbnailUrl\":\"https:\\\/\\\/www.arhammar.se\\\/blog\\\/wp-content\\\/uploads\\\/2016\\\/01\\\/IMG_4373.jpg\",\"keywords\":[\"f\u00f6rfattare\",\"Fj\u00e4llgatan\",\"Per Anders Fogelstr\u00f6m\"],\"articleSection\":[\"blogg100\",\"mobil blogg 15\"],\"inLanguage\":\"en-US\",\"potentialAction\":[{\"@type\":\"CommentAction\",\"name\":\"Comment\",\"target\":[\"https:\\\/\\\/www.arhammar.se\\\/blog\\\/jag-gar-forbi-fogelstroms-hus-pa-fjallgatan\\\/#respond\"]}]},{\"@type\":\"WebPage\",\"@id\":\"https:\\\/\\\/www.arhammar.se\\\/blog\\\/jag-gar-forbi-fogelstroms-hus-pa-fjallgatan\\\/\",\"url\":\"https:\\\/\\\/www.arhammar.se\\\/blog\\\/jag-gar-forbi-fogelstroms-hus-pa-fjallgatan\\\/\",\"name\":\"Jag g\u00e5r f\u00f6rbi Fogelstr\u00f6ms hus p\u00e5 Fj\u00e4llgatan - @Arhammar bokstavligen\",\"isPartOf\":{\"@id\":\"https:\\\/\\\/www.arhammar.se\\\/blog\\\/#website\"},\"primaryImageOfPage\":{\"@id\":\"https:\\\/\\\/www.arhammar.se\\\/blog\\\/jag-gar-forbi-fogelstroms-hus-pa-fjallgatan\\\/#primaryimage\"},\"image\":{\"@id\":\"https:\\\/\\\/www.arhammar.se\\\/blog\\\/jag-gar-forbi-fogelstroms-hus-pa-fjallgatan\\\/#primaryimage\"},\"thumbnailUrl\":\"https:\\\/\\\/www.arhammar.se\\\/blog\\\/wp-content\\\/uploads\\\/2016\\\/01\\\/IMG_4373.jpg\",\"datePublished\":\"2015-05-21T21:21:14+00:00\",\"dateModified\":\"2016-03-06T21:01:39+00:00\",\"author\":{\"@id\":\"https:\\\/\\\/www.arhammar.se\\\/blog\\\/#\\\/schema\\\/person\\\/061984c1d884b363e2c91550f2e00d1d\"},\"breadcrumb\":{\"@id\":\"https:\\\/\\\/www.arhammar.se\\\/blog\\\/jag-gar-forbi-fogelstroms-hus-pa-fjallgatan\\\/#breadcrumb\"},\"inLanguage\":\"en-US\",\"potentialAction\":[{\"@type\":\"ReadAction\",\"target\":[\"https:\\\/\\\/www.arhammar.se\\\/blog\\\/jag-gar-forbi-fogelstroms-hus-pa-fjallgatan\\\/\"]}]},{\"@type\":\"ImageObject\",\"inLanguage\":\"en-US\",\"@id\":\"https:\\\/\\\/www.arhammar.se\\\/blog\\\/jag-gar-forbi-fogelstroms-hus-pa-fjallgatan\\\/#primaryimage\",\"url\":\"https:\\\/\\\/www.arhammar.se\\\/blog\\\/wp-content\\\/uploads\\\/2016\\\/01\\\/IMG_4373.jpg\",\"contentUrl\":\"https:\\\/\\\/www.arhammar.se\\\/blog\\\/wp-content\\\/uploads\\\/2016\\\/01\\\/IMG_4373.jpg\",\"width\":640,\"height\":480},{\"@type\":\"BreadcrumbList\",\"@id\":\"https:\\\/\\\/www.arhammar.se\\\/blog\\\/jag-gar-forbi-fogelstroms-hus-pa-fjallgatan\\\/#breadcrumb\",\"itemListElement\":[{\"@type\":\"ListItem\",\"position\":1,\"name\":\"Home\",\"item\":\"https:\\\/\\\/www.arhammar.se\\\/blog\\\/\"},{\"@type\":\"ListItem\",\"position\":2,\"name\":\"Jag g\u00e5r f\u00f6rbi Fogelstr\u00f6ms hus p\u00e5 Fj\u00e4llgatan\"}]},{\"@type\":\"WebSite\",\"@id\":\"https:\\\/\\\/www.arhammar.se\\\/blog\\\/#website\",\"url\":\"https:\\\/\\\/www.arhammar.se\\\/blog\\\/\",\"name\":\"@Arhammar bokstavligen\",\"description\":\"Fr\u00e5n min penna och panna\",\"potentialAction\":[{\"@type\":\"SearchAction\",\"target\":{\"@type\":\"EntryPoint\",\"urlTemplate\":\"https:\\\/\\\/www.arhammar.se\\\/blog\\\/?s={search_term_string}\"},\"query-input\":{\"@type\":\"PropertyValueSpecification\",\"valueRequired\":true,\"valueName\":\"search_term_string\"}}],\"inLanguage\":\"en-US\"},{\"@type\":\"Person\",\"@id\":\"https:\\\/\\\/www.arhammar.se\\\/blog\\\/#\\\/schema\\\/person\\\/061984c1d884b363e2c91550f2e00d1d\",\"name\":\"Anders Arhammar\",\"image\":{\"@type\":\"ImageObject\",\"inLanguage\":\"en-US\",\"@id\":\"https:\\\/\\\/secure.gravatar.com\\\/avatar\\\/784b5b36cfe145ae19a52340f405285a939bcc08d4a21136b3a81f9e378ffae0?s=96&d=mm&r=g\",\"url\":\"https:\\\/\\\/secure.gravatar.com\\\/avatar\\\/784b5b36cfe145ae19a52340f405285a939bcc08d4a21136b3a81f9e378ffae0?s=96&d=mm&r=g\",\"contentUrl\":\"https:\\\/\\\/secure.gravatar.com\\\/avatar\\\/784b5b36cfe145ae19a52340f405285a939bcc08d4a21136b3a81f9e378ffae0?s=96&d=mm&r=g\",\"caption\":\"Anders Arhammar\"},\"url\":\"https:\\\/\\\/www.arhammar.se\\\/blog\\\/author\\\/anders\\\/\"}]}<\/script>\n<!-- \/ Yoast SEO plugin. -->","yoast_head_json":{"title":"Jag g\u00e5r f\u00f6rbi Fogelstr\u00f6ms hus p\u00e5 Fj\u00e4llgatan - @Arhammar bokstavligen","robots":{"index":"index","follow":"follow","max-snippet":"max-snippet:-1","max-image-preview":"max-image-preview:large","max-video-preview":"max-video-preview:-1"},"canonical":"https:\/\/www.arhammar.se\/blog\/jag-gar-forbi-fogelstroms-hus-pa-fjallgatan\/","og_locale":"en_US","og_type":"article","og_title":"Jag g\u00e5r f\u00f6rbi Fogelstr\u00f6ms hus p\u00e5 Fj\u00e4llgatan - @Arhammar bokstavligen","og_description":"H\u00e4r ovan \u00e4r Per Anders Fogelstr\u00f6ms hus p\u00e5 Fj\u00e4llgatan i Stockholm, och h\u00e4r nedan \u00e4r den utsikt han hade. Det m\u00e5ste ha varit v\u00e4ldigt inspirerande. 1973 var jag d\u00e4r som 21-\u00e5ring och intervjuade honom f\u00f6r en tidning som vi gjorde p\u00e5 journalisth\u00f6gskolan. Han var v\u00e4ldigt tillm\u00f6tesg\u00e5ende, svarade sn\u00e4llt p\u00e5 mina fr\u00e5gor och log mot min [&hellip;]","og_url":"https:\/\/www.arhammar.se\/blog\/jag-gar-forbi-fogelstroms-hus-pa-fjallgatan\/","og_site_name":"@Arhammar bokstavligen","article_published_time":"2015-05-21T21:21:14+00:00","article_modified_time":"2016-03-06T21:01:39+00:00","og_image":[{"width":640,"height":480,"url":"https:\/\/www.arhammar.se\/blog\/wp-content\/uploads\/2016\/01\/IMG_4373.jpg","type":"image\/jpeg"}],"author":"Anders Arhammar","twitter_card":"summary_large_image","twitter_misc":{"Written by":"Anders Arhammar","Est. reading time":"1 minute"},"schema":{"@context":"https:\/\/schema.org","@graph":[{"@type":"Article","@id":"https:\/\/www.arhammar.se\/blog\/jag-gar-forbi-fogelstroms-hus-pa-fjallgatan\/#article","isPartOf":{"@id":"https:\/\/www.arhammar.se\/blog\/jag-gar-forbi-fogelstroms-hus-pa-fjallgatan\/"},"author":{"name":"Anders Arhammar","@id":"https:\/\/www.arhammar.se\/blog\/#\/schema\/person\/061984c1d884b363e2c91550f2e00d1d"},"headline":"Jag g\u00e5r f\u00f6rbi Fogelstr\u00f6ms hus p\u00e5 Fj\u00e4llgatan","datePublished":"2015-05-21T21:21:14+00:00","dateModified":"2016-03-06T21:01:39+00:00","mainEntityOfPage":{"@id":"https:\/\/www.arhammar.se\/blog\/jag-gar-forbi-fogelstroms-hus-pa-fjallgatan\/"},"wordCount":156,"commentCount":0,"image":{"@id":"https:\/\/www.arhammar.se\/blog\/jag-gar-forbi-fogelstroms-hus-pa-fjallgatan\/#primaryimage"},"thumbnailUrl":"https:\/\/www.arhammar.se\/blog\/wp-content\/uploads\/2016\/01\/IMG_4373.jpg","keywords":["f\u00f6rfattare","Fj\u00e4llgatan","Per Anders Fogelstr\u00f6m"],"articleSection":["blogg100","mobil blogg 15"],"inLanguage":"en-US","potentialAction":[{"@type":"CommentAction","name":"Comment","target":["https:\/\/www.arhammar.se\/blog\/jag-gar-forbi-fogelstroms-hus-pa-fjallgatan\/#respond"]}]},{"@type":"WebPage","@id":"https:\/\/www.arhammar.se\/blog\/jag-gar-forbi-fogelstroms-hus-pa-fjallgatan\/","url":"https:\/\/www.arhammar.se\/blog\/jag-gar-forbi-fogelstroms-hus-pa-fjallgatan\/","name":"Jag g\u00e5r f\u00f6rbi Fogelstr\u00f6ms hus p\u00e5 Fj\u00e4llgatan - @Arhammar bokstavligen","isPartOf":{"@id":"https:\/\/www.arhammar.se\/blog\/#website"},"primaryImageOfPage":{"@id":"https:\/\/www.arhammar.se\/blog\/jag-gar-forbi-fogelstroms-hus-pa-fjallgatan\/#primaryimage"},"image":{"@id":"https:\/\/www.arhammar.se\/blog\/jag-gar-forbi-fogelstroms-hus-pa-fjallgatan\/#primaryimage"},"thumbnailUrl":"https:\/\/www.arhammar.se\/blog\/wp-content\/uploads\/2016\/01\/IMG_4373.jpg","datePublished":"2015-05-21T21:21:14+00:00","dateModified":"2016-03-06T21:01:39+00:00","author":{"@id":"https:\/\/www.arhammar.se\/blog\/#\/schema\/person\/061984c1d884b363e2c91550f2e00d1d"},"breadcrumb":{"@id":"https:\/\/www.arhammar.se\/blog\/jag-gar-forbi-fogelstroms-hus-pa-fjallgatan\/#breadcrumb"},"inLanguage":"en-US","potentialAction":[{"@type":"ReadAction","target":["https:\/\/www.arhammar.se\/blog\/jag-gar-forbi-fogelstroms-hus-pa-fjallgatan\/"]}]},{"@type":"ImageObject","inLanguage":"en-US","@id":"https:\/\/www.arhammar.se\/blog\/jag-gar-forbi-fogelstroms-hus-pa-fjallgatan\/#primaryimage","url":"https:\/\/www.arhammar.se\/blog\/wp-content\/uploads\/2016\/01\/IMG_4373.jpg","contentUrl":"https:\/\/www.arhammar.se\/blog\/wp-content\/uploads\/2016\/01\/IMG_4373.jpg","width":640,"height":480},{"@type":"BreadcrumbList","@id":"https:\/\/www.arhammar.se\/blog\/jag-gar-forbi-fogelstroms-hus-pa-fjallgatan\/#breadcrumb","itemListElement":[{"@type":"ListItem","position":1,"name":"Home","item":"https:\/\/www.arhammar.se\/blog\/"},{"@type":"ListItem","position":2,"name":"Jag g\u00e5r f\u00f6rbi Fogelstr\u00f6ms hus p\u00e5 Fj\u00e4llgatan"}]},{"@type":"WebSite","@id":"https:\/\/www.arhammar.se\/blog\/#website","url":"https:\/\/www.arhammar.se\/blog\/","name":"@Arhammar bokstavligen","description":"Fr\u00e5n min penna och panna","potentialAction":[{"@type":"SearchAction","target":{"@type":"EntryPoint","urlTemplate":"https:\/\/www.arhammar.se\/blog\/?s={search_term_string}"},"query-input":{"@type":"PropertyValueSpecification","valueRequired":true,"valueName":"search_term_string"}}],"inLanguage":"en-US"},{"@type":"Person","@id":"https:\/\/www.arhammar.se\/blog\/#\/schema\/person\/061984c1d884b363e2c91550f2e00d1d","name":"Anders Arhammar","image":{"@type":"ImageObject","inLanguage":"en-US","@id":"https:\/\/secure.gravatar.com\/avatar\/784b5b36cfe145ae19a52340f405285a939bcc08d4a21136b3a81f9e378ffae0?s=96&d=mm&r=g","url":"https:\/\/secure.gravatar.com\/avatar\/784b5b36cfe145ae19a52340f405285a939bcc08d4a21136b3a81f9e378ffae0?s=96&d=mm&r=g","contentUrl":"https:\/\/secure.gravatar.com\/avatar\/784b5b36cfe145ae19a52340f405285a939bcc08d4a21136b3a81f9e378ffae0?s=96&d=mm&r=g","caption":"Anders Arhammar"},"url":"https:\/\/www.arhammar.se\/blog\/author\/anders\/"}]}},"_links":{"self":[{"href":"https:\/\/www.arhammar.se\/blog\/wp-json\/wp\/v2\/posts\/7522","targetHints":{"allow":["GET"]}}],"collection":[{"href":"https:\/\/www.arhammar.se\/blog\/wp-json\/wp\/v2\/posts"}],"about":[{"href":"https:\/\/www.arhammar.se\/blog\/wp-json\/wp\/v2\/types\/post"}],"author":[{"embeddable":true,"href":"https:\/\/www.arhammar.se\/blog\/wp-json\/wp\/v2\/users\/2"}],"replies":[{"embeddable":true,"href":"https:\/\/www.arhammar.se\/blog\/wp-json\/wp\/v2\/comments?post=7522"}],"version-history":[{"count":0,"href":"https:\/\/www.arhammar.se\/blog\/wp-json\/wp\/v2\/posts\/7522\/revisions"}],"wp:featuredmedia":[{"embeddable":true,"href":"https:\/\/www.arhammar.se\/blog\/wp-json\/wp\/v2\/media\/9999"}],"wp:attachment":[{"href":"https:\/\/www.arhammar.se\/blog\/wp-json\/wp\/v2\/media?parent=7522"}],"wp:term":[{"taxonomy":"category","embeddable":true,"href":"https:\/\/www.arhammar.se\/blog\/wp-json\/wp\/v2\/categories?post=7522"},{"taxonomy":"post_tag","embeddable":true,"href":"https:\/\/www.arhammar.se\/blog\/wp-json\/wp\/v2\/tags?post=7522"}],"curies":[{"name":"wp","href":"https:\/\/api.w.org\/{rel}","templated":true}]}}