{"id":7521,"date":"2015-06-21T16:00:31","date_gmt":"2015-06-21T14:00:31","guid":{"rendered":"http:\/\/www.arhammar.se\/blog\/?p=7521"},"modified":"2016-03-06T21:42:53","modified_gmt":"2016-03-06T20:42:53","slug":"en-dag-pa-stan-i-maj","status":"publish","type":"post","link":"https:\/\/www.arhammar.se\/blog\/en-dag-pa-stan-i-maj\/","title":{"rendered":"En dag p\u00e5 stan i maj"},"content":{"rendered":"<p>En dag i maj, f\u00f6r exakt en m\u00e5nad sedan, gick jag runt stan och hittade n\u00e5gra av de smultronst\u00e4llen som Stockholm \u00e4r s\u00e5 fullt av. Fram tills idag har jag levt i f\u00f6rvissningen om att jag lagt ut mina nyfunna smultronst\u00e4llen p\u00e5 bloggen, men det hade jag inte, s\u00e5 h\u00e4r kommer de en m\u00e5nad senare.<\/p>\n<p> <img loading=\"lazy\" decoding=\"async\" src=\"http:\/\/www.arhammar.se\/blog\/wp-photos\/IMG_4358.jpg\" alt=\"v\u00e4lkommen\" width=\"640\" height=\"442\" \/><br \/>\nDet finns st\u00e4llen att bo p\u00e5 i \u202aStockholm\u202c. Och s\u00e5 finns det ST\u00c4LLEN. <\/p>\n<p><img loading=\"lazy\" decoding=\"async\" src=\"http:\/\/www.arhammar.se\/blog\/wp-photos\/IMG_4368.jpg\" alt=\"v\u00e4lkommen\" width=\"640\" height=\"442\"  \/><\/p>\n<p>P\u00e5 b\u00e4nkarna d\u00e4r bakom \u202a\u200eCornelis\u202c ligger tv\u00e5 m\u00e4n framf\u00f6r \u202aStockholms\u202c vackraste utsikt, i djup s\u00f6mn medan deras tomma \u00f6lburkar pl\u00e5trullar lite l\u00e4tt i vinden.<\/p>\n<p><img loading=\"lazy\" decoding=\"async\" src=\"http:\/\/www.arhammar.se\/blog\/wp-photos\/IMG_4366.jpg\" alt=\"v\u00e4lkommen\" width=\"640\" height=\"442\" \/><\/p>\n<p><img loading=\"lazy\" decoding=\"async\" src=\"http:\/\/www.arhammar.se\/blog\/wp-photos\/IMG_4372.jpg\" alt=\"v\u00e4lkommen\" width=\"640\" height=\"442\" \/><\/p>\n<p>N\u00e4r de h\u00e4r fanns \u00f6ver hela stan och dessutom fungerade. D\u00e5 beh\u00f6vde man aldrig g\u00e5 t\u00f6rstig.<\/p>\n<p><img loading=\"lazy\" decoding=\"async\" src=\"http:\/\/www.arhammar.se\/blog\/wp-photos\/IMG_4375.jpg\" alt=\"v\u00e4lkommen\" width=\"640\" height=\"442\"  \/><\/p>\n<p><a href=\"https:\/\/sv.wikipedia.org\/wiki\/La_Mano\" target=\"_blank\">Den spanska handen<\/a> som p\u00e5minner om ett inb\u00f6rdeskrig f\u00f6r s\u00e5 l\u00e4nge sedan, att de svenskar som \u00e5kte dit och deltog nu bara blir ih\u00e5gkomna en g\u00e5ng om \u00e5ret, f\u00f6rsta maj.<\/p>\n<p><img loading=\"lazy\" decoding=\"async\" src=\"http:\/\/www.arhammar.se\/blog\/wp-photos\/IMG_4376.jpg\" alt=\"v\u00e4lkommen\" width=\"640\" height=\"442\" \/><\/p>\n<p>H\u00e4r f\u00f6ljer lite bilder fr\u00e5n Dahlstr\u00f6ms trappor.<\/p>\n<p><img loading=\"lazy\" decoding=\"async\" src=\"http:\/\/www.arhammar.se\/blog\/wp-photos\/IMG_4377.jpg\" alt=\"v\u00e4lkommen\" width=\"640\" height=\"442\" \/><\/p>\n<p><img loading=\"lazy\" decoding=\"async\" src=\"http:\/\/www.arhammar.se\/blog\/wp-photos\/IMG_4378.jpg\" alt=\"v\u00e4lkommen\" width=\"640\" height=\"442\" \/><\/p>\n<p><img loading=\"lazy\" decoding=\"async\" src=\"http:\/\/www.arhammar.se\/blog\/wp-photos\/IMG_4379.jpg\" alt=\"v\u00e4lkommen\" width=\"640\" height=\"442\" \/><\/p>\n<p><img loading=\"lazy\" decoding=\"async\" src=\"http:\/\/www.arhammar.se\/blog\/wp-photos\/IMG_4380.jpg\" alt=\"v\u00e4lkommen\" width=\"640\" height=\"442\" \/><\/p>\n<p><img loading=\"lazy\" decoding=\"async\" src=\"http:\/\/www.arhammar.se\/blog\/wp-photos\/IMG_4381.jpg\" alt=\"v\u00e4lkommen\" width=\"640\" height=\"442\"  \/><\/p>\n<p><img loading=\"lazy\" decoding=\"async\" src=\"http:\/\/www.arhammar.se\/blog\/wp-photos\/IMG_4382.jpg\" alt=\"v\u00e4lkommen\" width=\"640\" height=\"442\"  \/><\/p>\n<p><img loading=\"lazy\" decoding=\"async\" src=\"http:\/\/www.arhammar.se\/blog\/wp-photos\/IMG_4387.jpg\" alt=\"v\u00e4lkommen\" width=\"640\" height=\"442\"  \/><\/p>\n<p>Det har sn\u00f6at idag i \u202aStockholm\u202c. Det har sn\u00f6at blomblad p\u00e5 \u202aMedborgarplatsen\u202c.<\/p>\n<p><img loading=\"lazy\" decoding=\"async\" src=\"http:\/\/www.arhammar.se\/blog\/wp-photos\/IMG_4390.jpg\" alt=\"v\u00e4lkommen\" width=\"640\" height=\"442\"  \/><\/p>\n<p>Hur man \u00e4n v\u00e4nder sig, har man alltid hela \u202alivet\u202c framf\u00f6r sig.<\/p>\n<!-- AddThis Advanced Settings generic via filter on the_content --><!-- AddThis Share Buttons generic via filter on the_content -->","protected":false},"excerpt":{"rendered":"<p>En dag i maj, f\u00f6r exakt en m\u00e5nad sedan, gick jag runt stan och hittade n\u00e5gra av de smultronst\u00e4llen som Stockholm \u00e4r s\u00e5 fullt av. Fram tills idag har jag levt i f\u00f6rvissningen om att jag lagt ut mina nyfunna smultronst\u00e4llen p\u00e5 bloggen, men det hade jag inte, s\u00e5 h\u00e4r kommer de en m\u00e5nad senare. [&hellip;]<!-- AddThis Advanced Settings generic via filter on wp_trim_excerpt --><!-- AddThis Share Buttons generic via filter on wp_trim_excerpt --><\/p>\n","protected":false},"author":2,"featured_media":9998,"comment_status":"open","ping_status":"open","sticky":false,"template":"","format":"standard","meta":{"footnotes":""},"categories":[1180],"tags":[1776,1775,1243],"class_list":["post-7521","post","type-post","status-publish","format-standard","has-post-thumbnail","hentry","category-mobil-blogg-15","tag-il-mano","tag-soder","tag-stockholm"],"yoast_head":"<!-- This site is optimized with the Yoast SEO plugin v27.5 - https:\/\/yoast.com\/product\/yoast-seo-wordpress\/ -->\n<title>En dag p\u00e5 stan i maj - @Arhammar bokstavligen<\/title>\n<meta name=\"robots\" content=\"index, follow, max-snippet:-1, max-image-preview:large, max-video-preview:-1\" \/>\n<link rel=\"canonical\" href=\"https:\/\/www.arhammar.se\/blog\/en-dag-pa-stan-i-maj\/\" \/>\n<meta property=\"og:locale\" content=\"en_US\" \/>\n<meta property=\"og:type\" content=\"article\" \/>\n<meta property=\"og:title\" content=\"En dag p\u00e5 stan i maj - @Arhammar bokstavligen\" \/>\n<meta property=\"og:description\" content=\"En dag i maj, f\u00f6r exakt en m\u00e5nad sedan, gick jag runt stan och hittade n\u00e5gra av de smultronst\u00e4llen som Stockholm \u00e4r s\u00e5 fullt av. Fram tills idag har jag levt i f\u00f6rvissningen om att jag lagt ut mina nyfunna smultronst\u00e4llen p\u00e5 bloggen, men det hade jag inte, s\u00e5 h\u00e4r kommer de en m\u00e5nad senare. [&hellip;]\" \/>\n<meta property=\"og:url\" content=\"https:\/\/www.arhammar.se\/blog\/en-dag-pa-stan-i-maj\/\" \/>\n<meta property=\"og:site_name\" content=\"@Arhammar bokstavligen\" \/>\n<meta property=\"article:published_time\" content=\"2015-06-21T14:00:31+00:00\" \/>\n<meta property=\"article:modified_time\" content=\"2016-03-06T20:42:53+00:00\" \/>\n<meta property=\"og:image\" content=\"https:\/\/www.arhammar.se\/blog\/wp-content\/uploads\/2016\/01\/IMG_4358.jpg\" \/>\n\t<meta property=\"og:image:width\" content=\"640\" \/>\n\t<meta property=\"og:image:height\" content=\"480\" \/>\n\t<meta property=\"og:image:type\" content=\"image\/jpeg\" \/>\n<meta name=\"author\" content=\"Anders Arhammar\" \/>\n<meta name=\"twitter:card\" content=\"summary_large_image\" \/>\n<meta name=\"twitter:label1\" content=\"Written by\" \/>\n\t<meta name=\"twitter:data1\" content=\"Anders Arhammar\" \/>\n\t<meta name=\"twitter:label2\" content=\"Est. reading time\" \/>\n\t<meta name=\"twitter:data2\" content=\"1 minute\" \/>\n<script type=\"application\/ld+json\" class=\"yoast-schema-graph\">{\"@context\":\"https:\\\/\\\/schema.org\",\"@graph\":[{\"@type\":\"Article\",\"@id\":\"https:\\\/\\\/www.arhammar.se\\\/blog\\\/en-dag-pa-stan-i-maj\\\/#article\",\"isPartOf\":{\"@id\":\"https:\\\/\\\/www.arhammar.se\\\/blog\\\/en-dag-pa-stan-i-maj\\\/\"},\"author\":{\"name\":\"Anders Arhammar\",\"@id\":\"https:\\\/\\\/www.arhammar.se\\\/blog\\\/#\\\/schema\\\/person\\\/061984c1d884b363e2c91550f2e00d1d\"},\"headline\":\"En dag p\u00e5 stan i maj\",\"datePublished\":\"2015-06-21T14:00:31+00:00\",\"dateModified\":\"2016-03-06T20:42:53+00:00\",\"mainEntityOfPage\":{\"@id\":\"https:\\\/\\\/www.arhammar.se\\\/blog\\\/en-dag-pa-stan-i-maj\\\/\"},\"wordCount\":211,\"commentCount\":0,\"image\":{\"@id\":\"https:\\\/\\\/www.arhammar.se\\\/blog\\\/en-dag-pa-stan-i-maj\\\/#primaryimage\"},\"thumbnailUrl\":\"https:\\\/\\\/www.arhammar.se\\\/blog\\\/wp-content\\\/uploads\\\/2016\\\/01\\\/IMG_4358.jpg\",\"keywords\":[\"il mano\",\"s\u00f6der\",\"Stockholm\"],\"articleSection\":[\"mobil blogg 15\"],\"inLanguage\":\"en-US\",\"potentialAction\":[{\"@type\":\"CommentAction\",\"name\":\"Comment\",\"target\":[\"https:\\\/\\\/www.arhammar.se\\\/blog\\\/en-dag-pa-stan-i-maj\\\/#respond\"]}]},{\"@type\":\"WebPage\",\"@id\":\"https:\\\/\\\/www.arhammar.se\\\/blog\\\/en-dag-pa-stan-i-maj\\\/\",\"url\":\"https:\\\/\\\/www.arhammar.se\\\/blog\\\/en-dag-pa-stan-i-maj\\\/\",\"name\":\"En dag p\u00e5 stan i maj - @Arhammar bokstavligen\",\"isPartOf\":{\"@id\":\"https:\\\/\\\/www.arhammar.se\\\/blog\\\/#website\"},\"primaryImageOfPage\":{\"@id\":\"https:\\\/\\\/www.arhammar.se\\\/blog\\\/en-dag-pa-stan-i-maj\\\/#primaryimage\"},\"image\":{\"@id\":\"https:\\\/\\\/www.arhammar.se\\\/blog\\\/en-dag-pa-stan-i-maj\\\/#primaryimage\"},\"thumbnailUrl\":\"https:\\\/\\\/www.arhammar.se\\\/blog\\\/wp-content\\\/uploads\\\/2016\\\/01\\\/IMG_4358.jpg\",\"datePublished\":\"2015-06-21T14:00:31+00:00\",\"dateModified\":\"2016-03-06T20:42:53+00:00\",\"author\":{\"@id\":\"https:\\\/\\\/www.arhammar.se\\\/blog\\\/#\\\/schema\\\/person\\\/061984c1d884b363e2c91550f2e00d1d\"},\"breadcrumb\":{\"@id\":\"https:\\\/\\\/www.arhammar.se\\\/blog\\\/en-dag-pa-stan-i-maj\\\/#breadcrumb\"},\"inLanguage\":\"en-US\",\"potentialAction\":[{\"@type\":\"ReadAction\",\"target\":[\"https:\\\/\\\/www.arhammar.se\\\/blog\\\/en-dag-pa-stan-i-maj\\\/\"]}]},{\"@type\":\"ImageObject\",\"inLanguage\":\"en-US\",\"@id\":\"https:\\\/\\\/www.arhammar.se\\\/blog\\\/en-dag-pa-stan-i-maj\\\/#primaryimage\",\"url\":\"https:\\\/\\\/www.arhammar.se\\\/blog\\\/wp-content\\\/uploads\\\/2016\\\/01\\\/IMG_4358.jpg\",\"contentUrl\":\"https:\\\/\\\/www.arhammar.se\\\/blog\\\/wp-content\\\/uploads\\\/2016\\\/01\\\/IMG_4358.jpg\",\"width\":640,\"height\":480},{\"@type\":\"BreadcrumbList\",\"@id\":\"https:\\\/\\\/www.arhammar.se\\\/blog\\\/en-dag-pa-stan-i-maj\\\/#breadcrumb\",\"itemListElement\":[{\"@type\":\"ListItem\",\"position\":1,\"name\":\"Home\",\"item\":\"https:\\\/\\\/www.arhammar.se\\\/blog\\\/\"},{\"@type\":\"ListItem\",\"position\":2,\"name\":\"En dag p\u00e5 stan i maj\"}]},{\"@type\":\"WebSite\",\"@id\":\"https:\\\/\\\/www.arhammar.se\\\/blog\\\/#website\",\"url\":\"https:\\\/\\\/www.arhammar.se\\\/blog\\\/\",\"name\":\"@Arhammar bokstavligen\",\"description\":\"Fr\u00e5n min penna och panna\",\"potentialAction\":[{\"@type\":\"SearchAction\",\"target\":{\"@type\":\"EntryPoint\",\"urlTemplate\":\"https:\\\/\\\/www.arhammar.se\\\/blog\\\/?s={search_term_string}\"},\"query-input\":{\"@type\":\"PropertyValueSpecification\",\"valueRequired\":true,\"valueName\":\"search_term_string\"}}],\"inLanguage\":\"en-US\"},{\"@type\":\"Person\",\"@id\":\"https:\\\/\\\/www.arhammar.se\\\/blog\\\/#\\\/schema\\\/person\\\/061984c1d884b363e2c91550f2e00d1d\",\"name\":\"Anders Arhammar\",\"image\":{\"@type\":\"ImageObject\",\"inLanguage\":\"en-US\",\"@id\":\"https:\\\/\\\/secure.gravatar.com\\\/avatar\\\/784b5b36cfe145ae19a52340f405285a939bcc08d4a21136b3a81f9e378ffae0?s=96&d=mm&r=g\",\"url\":\"https:\\\/\\\/secure.gravatar.com\\\/avatar\\\/784b5b36cfe145ae19a52340f405285a939bcc08d4a21136b3a81f9e378ffae0?s=96&d=mm&r=g\",\"contentUrl\":\"https:\\\/\\\/secure.gravatar.com\\\/avatar\\\/784b5b36cfe145ae19a52340f405285a939bcc08d4a21136b3a81f9e378ffae0?s=96&d=mm&r=g\",\"caption\":\"Anders Arhammar\"},\"url\":\"https:\\\/\\\/www.arhammar.se\\\/blog\\\/author\\\/anders\\\/\"}]}<\/script>\n<!-- \/ Yoast SEO plugin. -->","yoast_head_json":{"title":"En dag p\u00e5 stan i maj - @Arhammar bokstavligen","robots":{"index":"index","follow":"follow","max-snippet":"max-snippet:-1","max-image-preview":"max-image-preview:large","max-video-preview":"max-video-preview:-1"},"canonical":"https:\/\/www.arhammar.se\/blog\/en-dag-pa-stan-i-maj\/","og_locale":"en_US","og_type":"article","og_title":"En dag p\u00e5 stan i maj - @Arhammar bokstavligen","og_description":"En dag i maj, f\u00f6r exakt en m\u00e5nad sedan, gick jag runt stan och hittade n\u00e5gra av de smultronst\u00e4llen som Stockholm \u00e4r s\u00e5 fullt av. Fram tills idag har jag levt i f\u00f6rvissningen om att jag lagt ut mina nyfunna smultronst\u00e4llen p\u00e5 bloggen, men det hade jag inte, s\u00e5 h\u00e4r kommer de en m\u00e5nad senare. [&hellip;]","og_url":"https:\/\/www.arhammar.se\/blog\/en-dag-pa-stan-i-maj\/","og_site_name":"@Arhammar bokstavligen","article_published_time":"2015-06-21T14:00:31+00:00","article_modified_time":"2016-03-06T20:42:53+00:00","og_image":[{"width":640,"height":480,"url":"https:\/\/www.arhammar.se\/blog\/wp-content\/uploads\/2016\/01\/IMG_4358.jpg","type":"image\/jpeg"}],"author":"Anders Arhammar","twitter_card":"summary_large_image","twitter_misc":{"Written by":"Anders Arhammar","Est. reading time":"1 minute"},"schema":{"@context":"https:\/\/schema.org","@graph":[{"@type":"Article","@id":"https:\/\/www.arhammar.se\/blog\/en-dag-pa-stan-i-maj\/#article","isPartOf":{"@id":"https:\/\/www.arhammar.se\/blog\/en-dag-pa-stan-i-maj\/"},"author":{"name":"Anders Arhammar","@id":"https:\/\/www.arhammar.se\/blog\/#\/schema\/person\/061984c1d884b363e2c91550f2e00d1d"},"headline":"En dag p\u00e5 stan i maj","datePublished":"2015-06-21T14:00:31+00:00","dateModified":"2016-03-06T20:42:53+00:00","mainEntityOfPage":{"@id":"https:\/\/www.arhammar.se\/blog\/en-dag-pa-stan-i-maj\/"},"wordCount":211,"commentCount":0,"image":{"@id":"https:\/\/www.arhammar.se\/blog\/en-dag-pa-stan-i-maj\/#primaryimage"},"thumbnailUrl":"https:\/\/www.arhammar.se\/blog\/wp-content\/uploads\/2016\/01\/IMG_4358.jpg","keywords":["il mano","s\u00f6der","Stockholm"],"articleSection":["mobil blogg 15"],"inLanguage":"en-US","potentialAction":[{"@type":"CommentAction","name":"Comment","target":["https:\/\/www.arhammar.se\/blog\/en-dag-pa-stan-i-maj\/#respond"]}]},{"@type":"WebPage","@id":"https:\/\/www.arhammar.se\/blog\/en-dag-pa-stan-i-maj\/","url":"https:\/\/www.arhammar.se\/blog\/en-dag-pa-stan-i-maj\/","name":"En dag p\u00e5 stan i maj - @Arhammar bokstavligen","isPartOf":{"@id":"https:\/\/www.arhammar.se\/blog\/#website"},"primaryImageOfPage":{"@id":"https:\/\/www.arhammar.se\/blog\/en-dag-pa-stan-i-maj\/#primaryimage"},"image":{"@id":"https:\/\/www.arhammar.se\/blog\/en-dag-pa-stan-i-maj\/#primaryimage"},"thumbnailUrl":"https:\/\/www.arhammar.se\/blog\/wp-content\/uploads\/2016\/01\/IMG_4358.jpg","datePublished":"2015-06-21T14:00:31+00:00","dateModified":"2016-03-06T20:42:53+00:00","author":{"@id":"https:\/\/www.arhammar.se\/blog\/#\/schema\/person\/061984c1d884b363e2c91550f2e00d1d"},"breadcrumb":{"@id":"https:\/\/www.arhammar.se\/blog\/en-dag-pa-stan-i-maj\/#breadcrumb"},"inLanguage":"en-US","potentialAction":[{"@type":"ReadAction","target":["https:\/\/www.arhammar.se\/blog\/en-dag-pa-stan-i-maj\/"]}]},{"@type":"ImageObject","inLanguage":"en-US","@id":"https:\/\/www.arhammar.se\/blog\/en-dag-pa-stan-i-maj\/#primaryimage","url":"https:\/\/www.arhammar.se\/blog\/wp-content\/uploads\/2016\/01\/IMG_4358.jpg","contentUrl":"https:\/\/www.arhammar.se\/blog\/wp-content\/uploads\/2016\/01\/IMG_4358.jpg","width":640,"height":480},{"@type":"BreadcrumbList","@id":"https:\/\/www.arhammar.se\/blog\/en-dag-pa-stan-i-maj\/#breadcrumb","itemListElement":[{"@type":"ListItem","position":1,"name":"Home","item":"https:\/\/www.arhammar.se\/blog\/"},{"@type":"ListItem","position":2,"name":"En dag p\u00e5 stan i maj"}]},{"@type":"WebSite","@id":"https:\/\/www.arhammar.se\/blog\/#website","url":"https:\/\/www.arhammar.se\/blog\/","name":"@Arhammar bokstavligen","description":"Fr\u00e5n min penna och panna","potentialAction":[{"@type":"SearchAction","target":{"@type":"EntryPoint","urlTemplate":"https:\/\/www.arhammar.se\/blog\/?s={search_term_string}"},"query-input":{"@type":"PropertyValueSpecification","valueRequired":true,"valueName":"search_term_string"}}],"inLanguage":"en-US"},{"@type":"Person","@id":"https:\/\/www.arhammar.se\/blog\/#\/schema\/person\/061984c1d884b363e2c91550f2e00d1d","name":"Anders Arhammar","image":{"@type":"ImageObject","inLanguage":"en-US","@id":"https:\/\/secure.gravatar.com\/avatar\/784b5b36cfe145ae19a52340f405285a939bcc08d4a21136b3a81f9e378ffae0?s=96&d=mm&r=g","url":"https:\/\/secure.gravatar.com\/avatar\/784b5b36cfe145ae19a52340f405285a939bcc08d4a21136b3a81f9e378ffae0?s=96&d=mm&r=g","contentUrl":"https:\/\/secure.gravatar.com\/avatar\/784b5b36cfe145ae19a52340f405285a939bcc08d4a21136b3a81f9e378ffae0?s=96&d=mm&r=g","caption":"Anders Arhammar"},"url":"https:\/\/www.arhammar.se\/blog\/author\/anders\/"}]}},"_links":{"self":[{"href":"https:\/\/www.arhammar.se\/blog\/wp-json\/wp\/v2\/posts\/7521","targetHints":{"allow":["GET"]}}],"collection":[{"href":"https:\/\/www.arhammar.se\/blog\/wp-json\/wp\/v2\/posts"}],"about":[{"href":"https:\/\/www.arhammar.se\/blog\/wp-json\/wp\/v2\/types\/post"}],"author":[{"embeddable":true,"href":"https:\/\/www.arhammar.se\/blog\/wp-json\/wp\/v2\/users\/2"}],"replies":[{"embeddable":true,"href":"https:\/\/www.arhammar.se\/blog\/wp-json\/wp\/v2\/comments?post=7521"}],"version-history":[{"count":0,"href":"https:\/\/www.arhammar.se\/blog\/wp-json\/wp\/v2\/posts\/7521\/revisions"}],"wp:featuredmedia":[{"embeddable":true,"href":"https:\/\/www.arhammar.se\/blog\/wp-json\/wp\/v2\/media\/9998"}],"wp:attachment":[{"href":"https:\/\/www.arhammar.se\/blog\/wp-json\/wp\/v2\/media?parent=7521"}],"wp:term":[{"taxonomy":"category","embeddable":true,"href":"https:\/\/www.arhammar.se\/blog\/wp-json\/wp\/v2\/categories?post=7521"},{"taxonomy":"post_tag","embeddable":true,"href":"https:\/\/www.arhammar.se\/blog\/wp-json\/wp\/v2\/tags?post=7521"}],"curies":[{"name":"wp","href":"https:\/\/api.w.org\/{rel}","templated":true}]}}