{"id":7515,"date":"2015-05-01T19:15:24","date_gmt":"2015-05-01T17:15:24","guid":{"rendered":"http:\/\/www.arhammar.se\/blog\/?p=7515"},"modified":"2016-03-08T20:50:50","modified_gmt":"2016-03-08T19:50:50","slug":"berattelsen-om-oscar-wildes-forsvunna-snopp","status":"publish","type":"post","link":"https:\/\/www.arhammar.se\/blog\/berattelsen-om-oscar-wildes-forsvunna-snopp\/","title":{"rendered":"Ber\u00e4ttelsen om Oscar Wildes f\u00f6rsvunna snopp"},"content":{"rendered":"<p><img loading=\"lazy\" decoding=\"async\" src=\"http:\/\/www.arhammar.se\/blog\/wp-content\/uploads\/2015\/05\/IMG_9519-640x480.jpg\" alt=\"Oscar Wilde\" width=\"640\" height=\"480\" \/><\/p>\n<p>Oscar Wilde f\u00f6ddes i Dublin 1854. I en av stadens parker sitter han som m\u00e5lad staty p\u00e5 en sten, med blicken v\u00e4nd mot sitt f\u00f6delsehus. Jag tar en bild. Tv\u00e5 \u00e5r senare st\u00e5r jag framf\u00f6r hans grav som finns p\u00e5 P\u00e8re-Lachaise-kyrkog\u00e5rden i Paris. \u00c4ven h\u00e4r tar jag en bild.<\/p>\n<p>Efter sin d\u00f6d p\u00e5 H\u00f4tel d&#8217;Alsace 1900, begravdes Wilde f\u00f6rst i en anonym grav p\u00e5 Bagneaux-kyrkog\u00e5rden. Men 1908 flyttades han till sin nuvarande plats, och 1912 kom gravmonumentet p\u00e5 plats, en sfinx-skulptur av Jacob Epstein. Han skulle jobba vidare p\u00e5 plats.<\/p>\n<p>Monumentet r\u00f6nte stor uppst\u00e5ndelse, b\u00e5de f\u00f6r sin tidsotypiska stil men framf\u00f6rallt f\u00f6r exponeringen av k\u00f6nsorgan. De m\u00e5ste d\u00f6ljas och det gjordes med hj\u00e4lp av en presenning och en gendarm som stod p\u00e5 plats intill. En dag n\u00e4r Epstein kom till kyrkog\u00e5rden, hade man till och med lindat in genitalierna i gips, eftersom testiklarna ans\u00e5gs f\u00f6r stora.<br \/>\nKonstn\u00e4ren ombads att antingen kastrera eller d\u00f6lja h\u00e4rligheten under ett fikonl\u00f6v.<\/p>\n<p>Efter tv\u00e5 \u00e5r under presenning och med en gendarm intill, invigdes monumentet med ett t\u00e4ckande bronsstycke i form av en fj\u00e4ril. Epstein var rasande och v\u00e4grade infinna sig vid avt\u00e4ckningen.<br \/>\nDen k\u00e4nde poeten och ockultisten Aleister Crowley ledde ceremonin. N\u00e5gra veckor senare gick han tillbaka och plockade bort bronsfj\u00e4rilen, h\u00e4ngde den runt halsen och s\u00f6kte upp Epstein med budskapet att hans verk nu visades som det var t\u00e4nkt.<br \/>\nFram till 1961 skedde inte mycket mer \u00e4n att den blottade pungen gl\u00e4nste allt mer av alla bes\u00f6kares smekningar, samtidigt som den \u00f6vriga statyn \u00e5ldrades i vanlig oputsad ordning.<\/p>\n<p>D\u00e5 besl\u00f6t sig n\u00e5gra \u00e4ldre brittiska damer f\u00f6r att ta saken i egna h\u00e4nder, och hackade bort allt som de tyckte var oanst\u00e4ndigt, helt och h\u00e5llet. Dagen efter samlades de bortknackade delarna in av kyrkog\u00e5rdens restaureringsavdelning och anv\u00e4ndes under m\u00e5nga \u00e5r som brevpress p\u00e5 kontoret.<\/p>\n<p>N\u00e5gon g\u00e5ng i mitten av 1980-talet b\u00f6rjade turister att kyssa monumentet, och genom \u00e5ren \u00f6verh\u00f6ljdes monumentet med l\u00e4ppstift, till den grad att det till slut sakta f\u00f6rst\u00f6rdes. S\u00e5 2011 rengjordes monumentet av Oscar Wildes efterlevande och man satte upp skyddsglas runtom f\u00f6r att g\u00f6ra det kyss\u00e4kta. P\u00e5 graven st\u00e5r en strof:<\/p>\n<p><em>Men allt \u00e4r gott, han har nu n\u00e5tt till livets slutstation,<br \/>\noch andras t\u00e5rar br\u00e4ddar snart medk\u00e4nslans spruckna krus.<br \/>\nDe utst\u00f6tta som s\u00f6rjer j\u00e4mt, de s\u00f6rjer honom nu.<\/em><\/p>\n<p><img loading=\"lazy\" decoding=\"async\" src=\"http:\/\/www.arhammar.se\/blog\/wp-content\/uploads\/2015\/05\/IMG_0652-640x480.jpg\" alt=\"IMG_0652\" width=\"640\" height=\"480\"  \/><\/p>\n<!-- AddThis Advanced Settings generic via filter on the_content --><!-- AddThis Share Buttons generic via filter on the_content -->","protected":false},"excerpt":{"rendered":"<p>Oscar Wilde f\u00f6ddes i Dublin 1854. I en av stadens parker sitter han som m\u00e5lad staty p\u00e5 en sten, med blicken v\u00e4nd mot sitt f\u00f6delsehus. Jag tar en bild. Tv\u00e5 \u00e5r senare st\u00e5r jag framf\u00f6r hans grav som finns p\u00e5 P\u00e8re-Lachaise-kyrkog\u00e5rden i Paris. \u00c4ven h\u00e4r tar jag en bild. Efter sin d\u00f6d p\u00e5 H\u00f4tel d&#8217;Alsace [&hellip;]<!-- AddThis Advanced Settings generic via filter on wp_trim_excerpt --><!-- AddThis Share Buttons generic via filter on wp_trim_excerpt --><\/p>\n","protected":false},"author":2,"featured_media":9997,"comment_status":"open","ping_status":"open","sticky":false,"template":"","format":"standard","meta":{"footnotes":""},"categories":[524,28,1180,1023],"tags":[1164,1228,825,1229,290],"class_list":["post-7515","post","type-post","status-publish","format-standard","has-post-thumbnail","hentry","category-blogg100-2","category-franska-bilder","category-mobil-blogg-15","category-resor-2","tag-grav","tag-oscar-wilde","tag-paris","tag-pere-lachaise","tag-staty"],"yoast_head":"<!-- This site is optimized with the Yoast SEO plugin v27.5 - https:\/\/yoast.com\/product\/yoast-seo-wordpress\/ -->\n<title>Ber\u00e4ttelsen om Oscar Wildes f\u00f6rsvunna snopp - @Arhammar bokstavligen<\/title>\n<meta name=\"robots\" content=\"index, follow, max-snippet:-1, max-image-preview:large, max-video-preview:-1\" \/>\n<link rel=\"canonical\" href=\"https:\/\/www.arhammar.se\/blog\/berattelsen-om-oscar-wildes-forsvunna-snopp\/\" \/>\n<meta property=\"og:locale\" content=\"en_US\" \/>\n<meta property=\"og:type\" content=\"article\" \/>\n<meta property=\"og:title\" content=\"Ber\u00e4ttelsen om Oscar Wildes f\u00f6rsvunna snopp - @Arhammar bokstavligen\" \/>\n<meta property=\"og:description\" content=\"Oscar Wilde f\u00f6ddes i Dublin 1854. I en av stadens parker sitter han som m\u00e5lad staty p\u00e5 en sten, med blicken v\u00e4nd mot sitt f\u00f6delsehus. Jag tar en bild. Tv\u00e5 \u00e5r senare st\u00e5r jag framf\u00f6r hans grav som finns p\u00e5 P\u00e8re-Lachaise-kyrkog\u00e5rden i Paris. \u00c4ven h\u00e4r tar jag en bild. Efter sin d\u00f6d p\u00e5 H\u00f4tel d&#8217;Alsace [&hellip;]\" \/>\n<meta property=\"og:url\" content=\"https:\/\/www.arhammar.se\/blog\/berattelsen-om-oscar-wildes-forsvunna-snopp\/\" \/>\n<meta property=\"og:site_name\" content=\"@Arhammar bokstavligen\" \/>\n<meta property=\"article:published_time\" content=\"2015-05-01T17:15:24+00:00\" \/>\n<meta property=\"article:modified_time\" content=\"2016-03-08T19:50:50+00:00\" \/>\n<meta property=\"og:image\" content=\"https:\/\/www.arhammar.se\/blog\/wp-content\/uploads\/2016\/01\/IMG_9519-640x480.jpg\" \/>\n\t<meta property=\"og:image:width\" content=\"640\" \/>\n\t<meta property=\"og:image:height\" content=\"480\" \/>\n\t<meta property=\"og:image:type\" content=\"image\/jpeg\" \/>\n<meta name=\"author\" content=\"Anders Arhammar\" \/>\n<meta name=\"twitter:card\" content=\"summary_large_image\" \/>\n<meta name=\"twitter:label1\" content=\"Written by\" \/>\n\t<meta name=\"twitter:data1\" content=\"Anders Arhammar\" \/>\n\t<meta name=\"twitter:label2\" content=\"Est. reading time\" \/>\n\t<meta name=\"twitter:data2\" content=\"2 minutes\" \/>\n<script type=\"application\/ld+json\" class=\"yoast-schema-graph\">{\"@context\":\"https:\\\/\\\/schema.org\",\"@graph\":[{\"@type\":\"Article\",\"@id\":\"https:\\\/\\\/www.arhammar.se\\\/blog\\\/berattelsen-om-oscar-wildes-forsvunna-snopp\\\/#article\",\"isPartOf\":{\"@id\":\"https:\\\/\\\/www.arhammar.se\\\/blog\\\/berattelsen-om-oscar-wildes-forsvunna-snopp\\\/\"},\"author\":{\"name\":\"Anders Arhammar\",\"@id\":\"https:\\\/\\\/www.arhammar.se\\\/blog\\\/#\\\/schema\\\/person\\\/061984c1d884b363e2c91550f2e00d1d\"},\"headline\":\"Ber\u00e4ttelsen om Oscar Wildes f\u00f6rsvunna snopp\",\"datePublished\":\"2015-05-01T17:15:24+00:00\",\"dateModified\":\"2016-03-08T19:50:50+00:00\",\"mainEntityOfPage\":{\"@id\":\"https:\\\/\\\/www.arhammar.se\\\/blog\\\/berattelsen-om-oscar-wildes-forsvunna-snopp\\\/\"},\"wordCount\":452,\"commentCount\":0,\"image\":{\"@id\":\"https:\\\/\\\/www.arhammar.se\\\/blog\\\/berattelsen-om-oscar-wildes-forsvunna-snopp\\\/#primaryimage\"},\"thumbnailUrl\":\"https:\\\/\\\/www.arhammar.se\\\/blog\\\/wp-content\\\/uploads\\\/2016\\\/01\\\/IMG_9519-640x480.jpg\",\"keywords\":[\"grav\",\"Oscar Wilde\",\"Paris\",\"Pere-Lachaise\",\"staty\"],\"articleSection\":[\"blogg100\",\"Franska bilder\",\"mobil blogg 15\",\"Resor\"],\"inLanguage\":\"en-US\",\"potentialAction\":[{\"@type\":\"CommentAction\",\"name\":\"Comment\",\"target\":[\"https:\\\/\\\/www.arhammar.se\\\/blog\\\/berattelsen-om-oscar-wildes-forsvunna-snopp\\\/#respond\"]}]},{\"@type\":\"WebPage\",\"@id\":\"https:\\\/\\\/www.arhammar.se\\\/blog\\\/berattelsen-om-oscar-wildes-forsvunna-snopp\\\/\",\"url\":\"https:\\\/\\\/www.arhammar.se\\\/blog\\\/berattelsen-om-oscar-wildes-forsvunna-snopp\\\/\",\"name\":\"Ber\u00e4ttelsen om Oscar Wildes f\u00f6rsvunna snopp - @Arhammar bokstavligen\",\"isPartOf\":{\"@id\":\"https:\\\/\\\/www.arhammar.se\\\/blog\\\/#website\"},\"primaryImageOfPage\":{\"@id\":\"https:\\\/\\\/www.arhammar.se\\\/blog\\\/berattelsen-om-oscar-wildes-forsvunna-snopp\\\/#primaryimage\"},\"image\":{\"@id\":\"https:\\\/\\\/www.arhammar.se\\\/blog\\\/berattelsen-om-oscar-wildes-forsvunna-snopp\\\/#primaryimage\"},\"thumbnailUrl\":\"https:\\\/\\\/www.arhammar.se\\\/blog\\\/wp-content\\\/uploads\\\/2016\\\/01\\\/IMG_9519-640x480.jpg\",\"datePublished\":\"2015-05-01T17:15:24+00:00\",\"dateModified\":\"2016-03-08T19:50:50+00:00\",\"author\":{\"@id\":\"https:\\\/\\\/www.arhammar.se\\\/blog\\\/#\\\/schema\\\/person\\\/061984c1d884b363e2c91550f2e00d1d\"},\"breadcrumb\":{\"@id\":\"https:\\\/\\\/www.arhammar.se\\\/blog\\\/berattelsen-om-oscar-wildes-forsvunna-snopp\\\/#breadcrumb\"},\"inLanguage\":\"en-US\",\"potentialAction\":[{\"@type\":\"ReadAction\",\"target\":[\"https:\\\/\\\/www.arhammar.se\\\/blog\\\/berattelsen-om-oscar-wildes-forsvunna-snopp\\\/\"]}]},{\"@type\":\"ImageObject\",\"inLanguage\":\"en-US\",\"@id\":\"https:\\\/\\\/www.arhammar.se\\\/blog\\\/berattelsen-om-oscar-wildes-forsvunna-snopp\\\/#primaryimage\",\"url\":\"https:\\\/\\\/www.arhammar.se\\\/blog\\\/wp-content\\\/uploads\\\/2016\\\/01\\\/IMG_9519-640x480.jpg\",\"contentUrl\":\"https:\\\/\\\/www.arhammar.se\\\/blog\\\/wp-content\\\/uploads\\\/2016\\\/01\\\/IMG_9519-640x480.jpg\",\"width\":640,\"height\":480},{\"@type\":\"BreadcrumbList\",\"@id\":\"https:\\\/\\\/www.arhammar.se\\\/blog\\\/berattelsen-om-oscar-wildes-forsvunna-snopp\\\/#breadcrumb\",\"itemListElement\":[{\"@type\":\"ListItem\",\"position\":1,\"name\":\"Home\",\"item\":\"https:\\\/\\\/www.arhammar.se\\\/blog\\\/\"},{\"@type\":\"ListItem\",\"position\":2,\"name\":\"Ber\u00e4ttelsen om Oscar Wildes f\u00f6rsvunna snopp\"}]},{\"@type\":\"WebSite\",\"@id\":\"https:\\\/\\\/www.arhammar.se\\\/blog\\\/#website\",\"url\":\"https:\\\/\\\/www.arhammar.se\\\/blog\\\/\",\"name\":\"@Arhammar bokstavligen\",\"description\":\"Fr\u00e5n min penna och panna\",\"potentialAction\":[{\"@type\":\"SearchAction\",\"target\":{\"@type\":\"EntryPoint\",\"urlTemplate\":\"https:\\\/\\\/www.arhammar.se\\\/blog\\\/?s={search_term_string}\"},\"query-input\":{\"@type\":\"PropertyValueSpecification\",\"valueRequired\":true,\"valueName\":\"search_term_string\"}}],\"inLanguage\":\"en-US\"},{\"@type\":\"Person\",\"@id\":\"https:\\\/\\\/www.arhammar.se\\\/blog\\\/#\\\/schema\\\/person\\\/061984c1d884b363e2c91550f2e00d1d\",\"name\":\"Anders Arhammar\",\"image\":{\"@type\":\"ImageObject\",\"inLanguage\":\"en-US\",\"@id\":\"https:\\\/\\\/secure.gravatar.com\\\/avatar\\\/784b5b36cfe145ae19a52340f405285a939bcc08d4a21136b3a81f9e378ffae0?s=96&d=mm&r=g\",\"url\":\"https:\\\/\\\/secure.gravatar.com\\\/avatar\\\/784b5b36cfe145ae19a52340f405285a939bcc08d4a21136b3a81f9e378ffae0?s=96&d=mm&r=g\",\"contentUrl\":\"https:\\\/\\\/secure.gravatar.com\\\/avatar\\\/784b5b36cfe145ae19a52340f405285a939bcc08d4a21136b3a81f9e378ffae0?s=96&d=mm&r=g\",\"caption\":\"Anders Arhammar\"},\"url\":\"https:\\\/\\\/www.arhammar.se\\\/blog\\\/author\\\/anders\\\/\"}]}<\/script>\n<!-- \/ Yoast SEO plugin. -->","yoast_head_json":{"title":"Ber\u00e4ttelsen om Oscar Wildes f\u00f6rsvunna snopp - @Arhammar bokstavligen","robots":{"index":"index","follow":"follow","max-snippet":"max-snippet:-1","max-image-preview":"max-image-preview:large","max-video-preview":"max-video-preview:-1"},"canonical":"https:\/\/www.arhammar.se\/blog\/berattelsen-om-oscar-wildes-forsvunna-snopp\/","og_locale":"en_US","og_type":"article","og_title":"Ber\u00e4ttelsen om Oscar Wildes f\u00f6rsvunna snopp - @Arhammar bokstavligen","og_description":"Oscar Wilde f\u00f6ddes i Dublin 1854. I en av stadens parker sitter han som m\u00e5lad staty p\u00e5 en sten, med blicken v\u00e4nd mot sitt f\u00f6delsehus. Jag tar en bild. Tv\u00e5 \u00e5r senare st\u00e5r jag framf\u00f6r hans grav som finns p\u00e5 P\u00e8re-Lachaise-kyrkog\u00e5rden i Paris. \u00c4ven h\u00e4r tar jag en bild. Efter sin d\u00f6d p\u00e5 H\u00f4tel d&#8217;Alsace [&hellip;]","og_url":"https:\/\/www.arhammar.se\/blog\/berattelsen-om-oscar-wildes-forsvunna-snopp\/","og_site_name":"@Arhammar bokstavligen","article_published_time":"2015-05-01T17:15:24+00:00","article_modified_time":"2016-03-08T19:50:50+00:00","og_image":[{"width":640,"height":480,"url":"https:\/\/www.arhammar.se\/blog\/wp-content\/uploads\/2016\/01\/IMG_9519-640x480.jpg","type":"image\/jpeg"}],"author":"Anders Arhammar","twitter_card":"summary_large_image","twitter_misc":{"Written by":"Anders Arhammar","Est. reading time":"2 minutes"},"schema":{"@context":"https:\/\/schema.org","@graph":[{"@type":"Article","@id":"https:\/\/www.arhammar.se\/blog\/berattelsen-om-oscar-wildes-forsvunna-snopp\/#article","isPartOf":{"@id":"https:\/\/www.arhammar.se\/blog\/berattelsen-om-oscar-wildes-forsvunna-snopp\/"},"author":{"name":"Anders Arhammar","@id":"https:\/\/www.arhammar.se\/blog\/#\/schema\/person\/061984c1d884b363e2c91550f2e00d1d"},"headline":"Ber\u00e4ttelsen om Oscar Wildes f\u00f6rsvunna snopp","datePublished":"2015-05-01T17:15:24+00:00","dateModified":"2016-03-08T19:50:50+00:00","mainEntityOfPage":{"@id":"https:\/\/www.arhammar.se\/blog\/berattelsen-om-oscar-wildes-forsvunna-snopp\/"},"wordCount":452,"commentCount":0,"image":{"@id":"https:\/\/www.arhammar.se\/blog\/berattelsen-om-oscar-wildes-forsvunna-snopp\/#primaryimage"},"thumbnailUrl":"https:\/\/www.arhammar.se\/blog\/wp-content\/uploads\/2016\/01\/IMG_9519-640x480.jpg","keywords":["grav","Oscar Wilde","Paris","Pere-Lachaise","staty"],"articleSection":["blogg100","Franska bilder","mobil blogg 15","Resor"],"inLanguage":"en-US","potentialAction":[{"@type":"CommentAction","name":"Comment","target":["https:\/\/www.arhammar.se\/blog\/berattelsen-om-oscar-wildes-forsvunna-snopp\/#respond"]}]},{"@type":"WebPage","@id":"https:\/\/www.arhammar.se\/blog\/berattelsen-om-oscar-wildes-forsvunna-snopp\/","url":"https:\/\/www.arhammar.se\/blog\/berattelsen-om-oscar-wildes-forsvunna-snopp\/","name":"Ber\u00e4ttelsen om Oscar Wildes f\u00f6rsvunna snopp - @Arhammar bokstavligen","isPartOf":{"@id":"https:\/\/www.arhammar.se\/blog\/#website"},"primaryImageOfPage":{"@id":"https:\/\/www.arhammar.se\/blog\/berattelsen-om-oscar-wildes-forsvunna-snopp\/#primaryimage"},"image":{"@id":"https:\/\/www.arhammar.se\/blog\/berattelsen-om-oscar-wildes-forsvunna-snopp\/#primaryimage"},"thumbnailUrl":"https:\/\/www.arhammar.se\/blog\/wp-content\/uploads\/2016\/01\/IMG_9519-640x480.jpg","datePublished":"2015-05-01T17:15:24+00:00","dateModified":"2016-03-08T19:50:50+00:00","author":{"@id":"https:\/\/www.arhammar.se\/blog\/#\/schema\/person\/061984c1d884b363e2c91550f2e00d1d"},"breadcrumb":{"@id":"https:\/\/www.arhammar.se\/blog\/berattelsen-om-oscar-wildes-forsvunna-snopp\/#breadcrumb"},"inLanguage":"en-US","potentialAction":[{"@type":"ReadAction","target":["https:\/\/www.arhammar.se\/blog\/berattelsen-om-oscar-wildes-forsvunna-snopp\/"]}]},{"@type":"ImageObject","inLanguage":"en-US","@id":"https:\/\/www.arhammar.se\/blog\/berattelsen-om-oscar-wildes-forsvunna-snopp\/#primaryimage","url":"https:\/\/www.arhammar.se\/blog\/wp-content\/uploads\/2016\/01\/IMG_9519-640x480.jpg","contentUrl":"https:\/\/www.arhammar.se\/blog\/wp-content\/uploads\/2016\/01\/IMG_9519-640x480.jpg","width":640,"height":480},{"@type":"BreadcrumbList","@id":"https:\/\/www.arhammar.se\/blog\/berattelsen-om-oscar-wildes-forsvunna-snopp\/#breadcrumb","itemListElement":[{"@type":"ListItem","position":1,"name":"Home","item":"https:\/\/www.arhammar.se\/blog\/"},{"@type":"ListItem","position":2,"name":"Ber\u00e4ttelsen om Oscar Wildes f\u00f6rsvunna snopp"}]},{"@type":"WebSite","@id":"https:\/\/www.arhammar.se\/blog\/#website","url":"https:\/\/www.arhammar.se\/blog\/","name":"@Arhammar bokstavligen","description":"Fr\u00e5n min penna och panna","potentialAction":[{"@type":"SearchAction","target":{"@type":"EntryPoint","urlTemplate":"https:\/\/www.arhammar.se\/blog\/?s={search_term_string}"},"query-input":{"@type":"PropertyValueSpecification","valueRequired":true,"valueName":"search_term_string"}}],"inLanguage":"en-US"},{"@type":"Person","@id":"https:\/\/www.arhammar.se\/blog\/#\/schema\/person\/061984c1d884b363e2c91550f2e00d1d","name":"Anders Arhammar","image":{"@type":"ImageObject","inLanguage":"en-US","@id":"https:\/\/secure.gravatar.com\/avatar\/784b5b36cfe145ae19a52340f405285a939bcc08d4a21136b3a81f9e378ffae0?s=96&d=mm&r=g","url":"https:\/\/secure.gravatar.com\/avatar\/784b5b36cfe145ae19a52340f405285a939bcc08d4a21136b3a81f9e378ffae0?s=96&d=mm&r=g","contentUrl":"https:\/\/secure.gravatar.com\/avatar\/784b5b36cfe145ae19a52340f405285a939bcc08d4a21136b3a81f9e378ffae0?s=96&d=mm&r=g","caption":"Anders Arhammar"},"url":"https:\/\/www.arhammar.se\/blog\/author\/anders\/"}]}},"_links":{"self":[{"href":"https:\/\/www.arhammar.se\/blog\/wp-json\/wp\/v2\/posts\/7515","targetHints":{"allow":["GET"]}}],"collection":[{"href":"https:\/\/www.arhammar.se\/blog\/wp-json\/wp\/v2\/posts"}],"about":[{"href":"https:\/\/www.arhammar.se\/blog\/wp-json\/wp\/v2\/types\/post"}],"author":[{"embeddable":true,"href":"https:\/\/www.arhammar.se\/blog\/wp-json\/wp\/v2\/users\/2"}],"replies":[{"embeddable":true,"href":"https:\/\/www.arhammar.se\/blog\/wp-json\/wp\/v2\/comments?post=7515"}],"version-history":[{"count":0,"href":"https:\/\/www.arhammar.se\/blog\/wp-json\/wp\/v2\/posts\/7515\/revisions"}],"wp:featuredmedia":[{"embeddable":true,"href":"https:\/\/www.arhammar.se\/blog\/wp-json\/wp\/v2\/media\/9997"}],"wp:attachment":[{"href":"https:\/\/www.arhammar.se\/blog\/wp-json\/wp\/v2\/media?parent=7515"}],"wp:term":[{"taxonomy":"category","embeddable":true,"href":"https:\/\/www.arhammar.se\/blog\/wp-json\/wp\/v2\/categories?post=7515"},{"taxonomy":"post_tag","embeddable":true,"href":"https:\/\/www.arhammar.se\/blog\/wp-json\/wp\/v2\/tags?post=7515"}],"curies":[{"name":"wp","href":"https:\/\/api.w.org\/{rel}","templated":true}]}}