{"id":7508,"date":"2015-04-26T09:58:42","date_gmt":"2015-04-26T07:58:42","guid":{"rendered":"http:\/\/www.arhammar.se\/blog\/?p=7508"},"modified":"2026-04-22T11:41:37","modified_gmt":"2026-04-22T10:41:37","slug":"bach-i-tyska-kyrkan-pa-kulturnatta","status":"publish","type":"post","link":"https:\/\/www.arhammar.se\/blog\/bach-i-tyska-kyrkan-pa-kulturnatta\/","title":{"rendered":"Bach i tyska kyrkan p\u00e5 kulturnatta"},"content":{"rendered":"<p><img loading=\"lazy\" decoding=\"async\" src=\"http:\/\/www.arhammar.se\/blog\/wp-content\/uploads\/2015\/04\/IMG_3999-640x480.jpg\" alt=\"IMG_3999\" width=\"640\" height=\"480\" \/><\/p>\n<p>P\u00e5 Kulturnatten i Stockholm kan du varje \u00e5r, under en kv\u00e4ll fram till tolv, ta dig runt och uppleva sm\u00e5 bitar av vad staden har att bjuda p\u00e5. I tyska kyrkan spelades Bach hela kv\u00e4llen, till exempel av St Gertruds str\u00e5kkvartett. Vardagen best\u00e5r av intryck. De fladdrar f\u00f6rbi i en lagom trygg blandning. Men tar du bort ett sinne, blir de andra starkare. S\u00e5 om du blundar och bara lyssnar, kan du s\u00e4kert uppt\u00e4cka en vardag som gick dig f\u00f6rbi. <\/p>\n<audio class=\"wp-audio-shortcode\" id=\"audio-7508-1\" preload=\"none\" style=\"width: 100%;\" controls=\"controls\"><source type=\"audio\/mpeg\" src=\"http:\/\/www.arhammar.se\/blog\/wp-content\/uploads\/ljud\/tyskakyrkan.mp3?_=1\" \/><a href=\"http:\/\/www.arhammar.se\/blog\/wp-content\/uploads\/ljud\/tyskakyrkan.mp3\">http:\/\/www.arhammar.se\/blog\/wp-content\/uploads\/ljud\/tyskakyrkan.mp3<\/a><\/audio>\n<!-- AddThis Advanced Settings generic via filter on the_content --><!-- AddThis Share Buttons generic via filter on the_content -->","protected":false},"excerpt":{"rendered":"<p>P\u00e5 Kulturnatten i Stockholm kan du varje \u00e5r, under en kv\u00e4ll fram till tolv, ta dig runt och uppleva sm\u00e5 bitar av vad staden har att bjuda p\u00e5. I tyska kyrkan spelades Bach hela kv\u00e4llen, till exempel av St Gertruds str\u00e5kkvartett. Vardagen best\u00e5r av intryck. De fladdrar f\u00f6rbi i en lagom trygg blandning. Men tar [&hellip;]<!-- AddThis Advanced Settings generic via filter on wp_trim_excerpt --><!-- AddThis Share Buttons generic via filter on wp_trim_excerpt --><\/p>\n","protected":false},"author":2,"featured_media":31330,"comment_status":"open","ping_status":"open","sticky":false,"template":"","format":"standard","meta":{"footnotes":""},"categories":[3427],"tags":[],"class_list":["post-7508","post","type-post","status-publish","format-standard","has-post-thumbnail","hentry","category-stockholmsljud"],"yoast_head":"<!-- This site is optimized with the Yoast SEO plugin v27.5 - https:\/\/yoast.com\/product\/yoast-seo-wordpress\/ -->\n<title>Bach i tyska kyrkan p\u00e5 kulturnatta - @Arhammar bokstavligen<\/title>\n<meta name=\"robots\" content=\"index, follow, max-snippet:-1, max-image-preview:large, max-video-preview:-1\" \/>\n<link rel=\"canonical\" href=\"https:\/\/www.arhammar.se\/blog\/bach-i-tyska-kyrkan-pa-kulturnatta\/\" \/>\n<meta property=\"og:locale\" content=\"en_US\" \/>\n<meta property=\"og:type\" content=\"article\" \/>\n<meta property=\"og:title\" content=\"Bach i tyska kyrkan p\u00e5 kulturnatta - @Arhammar bokstavligen\" \/>\n<meta property=\"og:description\" content=\"P\u00e5 Kulturnatten i Stockholm kan du varje \u00e5r, under en kv\u00e4ll fram till tolv, ta dig runt och uppleva sm\u00e5 bitar av vad staden har att bjuda p\u00e5. I tyska kyrkan spelades Bach hela kv\u00e4llen, till exempel av St Gertruds str\u00e5kkvartett. Vardagen best\u00e5r av intryck. De fladdrar f\u00f6rbi i en lagom trygg blandning. Men tar [&hellip;]\" \/>\n<meta property=\"og:url\" content=\"https:\/\/www.arhammar.se\/blog\/bach-i-tyska-kyrkan-pa-kulturnatta\/\" \/>\n<meta property=\"og:site_name\" content=\"@Arhammar bokstavligen\" \/>\n<meta property=\"article:published_time\" content=\"2015-04-26T07:58:42+00:00\" \/>\n<meta property=\"article:modified_time\" content=\"2026-04-22T10:41:37+00:00\" \/>\n<meta property=\"og:image\" content=\"https:\/\/www.arhammar.se\/blog\/wp-content\/uploads\/2015\/04\/IMG_3999-640x480-1.jpg\" \/>\n\t<meta property=\"og:image:width\" content=\"640\" \/>\n\t<meta property=\"og:image:height\" content=\"480\" \/>\n\t<meta property=\"og:image:type\" content=\"image\/jpeg\" \/>\n<meta name=\"author\" content=\"Anders Arhammar\" \/>\n<meta name=\"twitter:card\" content=\"summary_large_image\" \/>\n<meta name=\"twitter:label1\" content=\"Written by\" \/>\n\t<meta name=\"twitter:data1\" content=\"Anders Arhammar\" \/>\n\t<meta name=\"twitter:label2\" content=\"Est. reading time\" \/>\n\t<meta name=\"twitter:data2\" content=\"1 minute\" \/>\n<script type=\"application\/ld+json\" class=\"yoast-schema-graph\">{\"@context\":\"https:\\\/\\\/schema.org\",\"@graph\":[{\"@type\":\"Article\",\"@id\":\"https:\\\/\\\/www.arhammar.se\\\/blog\\\/bach-i-tyska-kyrkan-pa-kulturnatta\\\/#article\",\"isPartOf\":{\"@id\":\"https:\\\/\\\/www.arhammar.se\\\/blog\\\/bach-i-tyska-kyrkan-pa-kulturnatta\\\/\"},\"author\":{\"name\":\"Anders Arhammar\",\"@id\":\"https:\\\/\\\/www.arhammar.se\\\/blog\\\/#\\\/schema\\\/person\\\/061984c1d884b363e2c91550f2e00d1d\"},\"headline\":\"Bach i tyska kyrkan p\u00e5 kulturnatta\",\"datePublished\":\"2015-04-26T07:58:42+00:00\",\"dateModified\":\"2026-04-22T10:41:37+00:00\",\"mainEntityOfPage\":{\"@id\":\"https:\\\/\\\/www.arhammar.se\\\/blog\\\/bach-i-tyska-kyrkan-pa-kulturnatta\\\/\"},\"wordCount\":107,\"commentCount\":0,\"image\":{\"@id\":\"https:\\\/\\\/www.arhammar.se\\\/blog\\\/bach-i-tyska-kyrkan-pa-kulturnatta\\\/#primaryimage\"},\"thumbnailUrl\":\"https:\\\/\\\/www.arhammar.se\\\/blog\\\/wp-content\\\/uploads\\\/2015\\\/04\\\/IMG_3999-640x480-1.jpg\",\"articleSection\":[\"stockholmsljud\"],\"inLanguage\":\"en-US\",\"potentialAction\":[{\"@type\":\"CommentAction\",\"name\":\"Comment\",\"target\":[\"https:\\\/\\\/www.arhammar.se\\\/blog\\\/bach-i-tyska-kyrkan-pa-kulturnatta\\\/#respond\"]}]},{\"@type\":\"WebPage\",\"@id\":\"https:\\\/\\\/www.arhammar.se\\\/blog\\\/bach-i-tyska-kyrkan-pa-kulturnatta\\\/\",\"url\":\"https:\\\/\\\/www.arhammar.se\\\/blog\\\/bach-i-tyska-kyrkan-pa-kulturnatta\\\/\",\"name\":\"Bach i tyska kyrkan p\u00e5 kulturnatta - @Arhammar bokstavligen\",\"isPartOf\":{\"@id\":\"https:\\\/\\\/www.arhammar.se\\\/blog\\\/#website\"},\"primaryImageOfPage\":{\"@id\":\"https:\\\/\\\/www.arhammar.se\\\/blog\\\/bach-i-tyska-kyrkan-pa-kulturnatta\\\/#primaryimage\"},\"image\":{\"@id\":\"https:\\\/\\\/www.arhammar.se\\\/blog\\\/bach-i-tyska-kyrkan-pa-kulturnatta\\\/#primaryimage\"},\"thumbnailUrl\":\"https:\\\/\\\/www.arhammar.se\\\/blog\\\/wp-content\\\/uploads\\\/2015\\\/04\\\/IMG_3999-640x480-1.jpg\",\"datePublished\":\"2015-04-26T07:58:42+00:00\",\"dateModified\":\"2026-04-22T10:41:37+00:00\",\"author\":{\"@id\":\"https:\\\/\\\/www.arhammar.se\\\/blog\\\/#\\\/schema\\\/person\\\/061984c1d884b363e2c91550f2e00d1d\"},\"breadcrumb\":{\"@id\":\"https:\\\/\\\/www.arhammar.se\\\/blog\\\/bach-i-tyska-kyrkan-pa-kulturnatta\\\/#breadcrumb\"},\"inLanguage\":\"en-US\",\"potentialAction\":[{\"@type\":\"ReadAction\",\"target\":[\"https:\\\/\\\/www.arhammar.se\\\/blog\\\/bach-i-tyska-kyrkan-pa-kulturnatta\\\/\"]}]},{\"@type\":\"ImageObject\",\"inLanguage\":\"en-US\",\"@id\":\"https:\\\/\\\/www.arhammar.se\\\/blog\\\/bach-i-tyska-kyrkan-pa-kulturnatta\\\/#primaryimage\",\"url\":\"https:\\\/\\\/www.arhammar.se\\\/blog\\\/wp-content\\\/uploads\\\/2015\\\/04\\\/IMG_3999-640x480-1.jpg\",\"contentUrl\":\"https:\\\/\\\/www.arhammar.se\\\/blog\\\/wp-content\\\/uploads\\\/2015\\\/04\\\/IMG_3999-640x480-1.jpg\",\"width\":640,\"height\":480},{\"@type\":\"BreadcrumbList\",\"@id\":\"https:\\\/\\\/www.arhammar.se\\\/blog\\\/bach-i-tyska-kyrkan-pa-kulturnatta\\\/#breadcrumb\",\"itemListElement\":[{\"@type\":\"ListItem\",\"position\":1,\"name\":\"Home\",\"item\":\"https:\\\/\\\/www.arhammar.se\\\/blog\\\/\"},{\"@type\":\"ListItem\",\"position\":2,\"name\":\"Bach i tyska kyrkan p\u00e5 kulturnatta\"}]},{\"@type\":\"WebSite\",\"@id\":\"https:\\\/\\\/www.arhammar.se\\\/blog\\\/#website\",\"url\":\"https:\\\/\\\/www.arhammar.se\\\/blog\\\/\",\"name\":\"@Arhammar bokstavligen\",\"description\":\"Fr\u00e5n min penna och panna\",\"potentialAction\":[{\"@type\":\"SearchAction\",\"target\":{\"@type\":\"EntryPoint\",\"urlTemplate\":\"https:\\\/\\\/www.arhammar.se\\\/blog\\\/?s={search_term_string}\"},\"query-input\":{\"@type\":\"PropertyValueSpecification\",\"valueRequired\":true,\"valueName\":\"search_term_string\"}}],\"inLanguage\":\"en-US\"},{\"@type\":\"Person\",\"@id\":\"https:\\\/\\\/www.arhammar.se\\\/blog\\\/#\\\/schema\\\/person\\\/061984c1d884b363e2c91550f2e00d1d\",\"name\":\"Anders Arhammar\",\"image\":{\"@type\":\"ImageObject\",\"inLanguage\":\"en-US\",\"@id\":\"https:\\\/\\\/secure.gravatar.com\\\/avatar\\\/784b5b36cfe145ae19a52340f405285a939bcc08d4a21136b3a81f9e378ffae0?s=96&d=mm&r=g\",\"url\":\"https:\\\/\\\/secure.gravatar.com\\\/avatar\\\/784b5b36cfe145ae19a52340f405285a939bcc08d4a21136b3a81f9e378ffae0?s=96&d=mm&r=g\",\"contentUrl\":\"https:\\\/\\\/secure.gravatar.com\\\/avatar\\\/784b5b36cfe145ae19a52340f405285a939bcc08d4a21136b3a81f9e378ffae0?s=96&d=mm&r=g\",\"caption\":\"Anders Arhammar\"},\"url\":\"https:\\\/\\\/www.arhammar.se\\\/blog\\\/author\\\/anders\\\/\"}]}<\/script>\n<!-- \/ Yoast SEO plugin. -->","yoast_head_json":{"title":"Bach i tyska kyrkan p\u00e5 kulturnatta - @Arhammar bokstavligen","robots":{"index":"index","follow":"follow","max-snippet":"max-snippet:-1","max-image-preview":"max-image-preview:large","max-video-preview":"max-video-preview:-1"},"canonical":"https:\/\/www.arhammar.se\/blog\/bach-i-tyska-kyrkan-pa-kulturnatta\/","og_locale":"en_US","og_type":"article","og_title":"Bach i tyska kyrkan p\u00e5 kulturnatta - @Arhammar bokstavligen","og_description":"P\u00e5 Kulturnatten i Stockholm kan du varje \u00e5r, under en kv\u00e4ll fram till tolv, ta dig runt och uppleva sm\u00e5 bitar av vad staden har att bjuda p\u00e5. I tyska kyrkan spelades Bach hela kv\u00e4llen, till exempel av St Gertruds str\u00e5kkvartett. Vardagen best\u00e5r av intryck. De fladdrar f\u00f6rbi i en lagom trygg blandning. Men tar [&hellip;]","og_url":"https:\/\/www.arhammar.se\/blog\/bach-i-tyska-kyrkan-pa-kulturnatta\/","og_site_name":"@Arhammar bokstavligen","article_published_time":"2015-04-26T07:58:42+00:00","article_modified_time":"2026-04-22T10:41:37+00:00","og_image":[{"width":640,"height":480,"url":"https:\/\/www.arhammar.se\/blog\/wp-content\/uploads\/2015\/04\/IMG_3999-640x480-1.jpg","type":"image\/jpeg"}],"author":"Anders Arhammar","twitter_card":"summary_large_image","twitter_misc":{"Written by":"Anders Arhammar","Est. reading time":"1 minute"},"schema":{"@context":"https:\/\/schema.org","@graph":[{"@type":"Article","@id":"https:\/\/www.arhammar.se\/blog\/bach-i-tyska-kyrkan-pa-kulturnatta\/#article","isPartOf":{"@id":"https:\/\/www.arhammar.se\/blog\/bach-i-tyska-kyrkan-pa-kulturnatta\/"},"author":{"name":"Anders Arhammar","@id":"https:\/\/www.arhammar.se\/blog\/#\/schema\/person\/061984c1d884b363e2c91550f2e00d1d"},"headline":"Bach i tyska kyrkan p\u00e5 kulturnatta","datePublished":"2015-04-26T07:58:42+00:00","dateModified":"2026-04-22T10:41:37+00:00","mainEntityOfPage":{"@id":"https:\/\/www.arhammar.se\/blog\/bach-i-tyska-kyrkan-pa-kulturnatta\/"},"wordCount":107,"commentCount":0,"image":{"@id":"https:\/\/www.arhammar.se\/blog\/bach-i-tyska-kyrkan-pa-kulturnatta\/#primaryimage"},"thumbnailUrl":"https:\/\/www.arhammar.se\/blog\/wp-content\/uploads\/2015\/04\/IMG_3999-640x480-1.jpg","articleSection":["stockholmsljud"],"inLanguage":"en-US","potentialAction":[{"@type":"CommentAction","name":"Comment","target":["https:\/\/www.arhammar.se\/blog\/bach-i-tyska-kyrkan-pa-kulturnatta\/#respond"]}]},{"@type":"WebPage","@id":"https:\/\/www.arhammar.se\/blog\/bach-i-tyska-kyrkan-pa-kulturnatta\/","url":"https:\/\/www.arhammar.se\/blog\/bach-i-tyska-kyrkan-pa-kulturnatta\/","name":"Bach i tyska kyrkan p\u00e5 kulturnatta - @Arhammar bokstavligen","isPartOf":{"@id":"https:\/\/www.arhammar.se\/blog\/#website"},"primaryImageOfPage":{"@id":"https:\/\/www.arhammar.se\/blog\/bach-i-tyska-kyrkan-pa-kulturnatta\/#primaryimage"},"image":{"@id":"https:\/\/www.arhammar.se\/blog\/bach-i-tyska-kyrkan-pa-kulturnatta\/#primaryimage"},"thumbnailUrl":"https:\/\/www.arhammar.se\/blog\/wp-content\/uploads\/2015\/04\/IMG_3999-640x480-1.jpg","datePublished":"2015-04-26T07:58:42+00:00","dateModified":"2026-04-22T10:41:37+00:00","author":{"@id":"https:\/\/www.arhammar.se\/blog\/#\/schema\/person\/061984c1d884b363e2c91550f2e00d1d"},"breadcrumb":{"@id":"https:\/\/www.arhammar.se\/blog\/bach-i-tyska-kyrkan-pa-kulturnatta\/#breadcrumb"},"inLanguage":"en-US","potentialAction":[{"@type":"ReadAction","target":["https:\/\/www.arhammar.se\/blog\/bach-i-tyska-kyrkan-pa-kulturnatta\/"]}]},{"@type":"ImageObject","inLanguage":"en-US","@id":"https:\/\/www.arhammar.se\/blog\/bach-i-tyska-kyrkan-pa-kulturnatta\/#primaryimage","url":"https:\/\/www.arhammar.se\/blog\/wp-content\/uploads\/2015\/04\/IMG_3999-640x480-1.jpg","contentUrl":"https:\/\/www.arhammar.se\/blog\/wp-content\/uploads\/2015\/04\/IMG_3999-640x480-1.jpg","width":640,"height":480},{"@type":"BreadcrumbList","@id":"https:\/\/www.arhammar.se\/blog\/bach-i-tyska-kyrkan-pa-kulturnatta\/#breadcrumb","itemListElement":[{"@type":"ListItem","position":1,"name":"Home","item":"https:\/\/www.arhammar.se\/blog\/"},{"@type":"ListItem","position":2,"name":"Bach i tyska kyrkan p\u00e5 kulturnatta"}]},{"@type":"WebSite","@id":"https:\/\/www.arhammar.se\/blog\/#website","url":"https:\/\/www.arhammar.se\/blog\/","name":"@Arhammar bokstavligen","description":"Fr\u00e5n min penna och panna","potentialAction":[{"@type":"SearchAction","target":{"@type":"EntryPoint","urlTemplate":"https:\/\/www.arhammar.se\/blog\/?s={search_term_string}"},"query-input":{"@type":"PropertyValueSpecification","valueRequired":true,"valueName":"search_term_string"}}],"inLanguage":"en-US"},{"@type":"Person","@id":"https:\/\/www.arhammar.se\/blog\/#\/schema\/person\/061984c1d884b363e2c91550f2e00d1d","name":"Anders Arhammar","image":{"@type":"ImageObject","inLanguage":"en-US","@id":"https:\/\/secure.gravatar.com\/avatar\/784b5b36cfe145ae19a52340f405285a939bcc08d4a21136b3a81f9e378ffae0?s=96&d=mm&r=g","url":"https:\/\/secure.gravatar.com\/avatar\/784b5b36cfe145ae19a52340f405285a939bcc08d4a21136b3a81f9e378ffae0?s=96&d=mm&r=g","contentUrl":"https:\/\/secure.gravatar.com\/avatar\/784b5b36cfe145ae19a52340f405285a939bcc08d4a21136b3a81f9e378ffae0?s=96&d=mm&r=g","caption":"Anders Arhammar"},"url":"https:\/\/www.arhammar.se\/blog\/author\/anders\/"}]}},"_links":{"self":[{"href":"https:\/\/www.arhammar.se\/blog\/wp-json\/wp\/v2\/posts\/7508","targetHints":{"allow":["GET"]}}],"collection":[{"href":"https:\/\/www.arhammar.se\/blog\/wp-json\/wp\/v2\/posts"}],"about":[{"href":"https:\/\/www.arhammar.se\/blog\/wp-json\/wp\/v2\/types\/post"}],"author":[{"embeddable":true,"href":"https:\/\/www.arhammar.se\/blog\/wp-json\/wp\/v2\/users\/2"}],"replies":[{"embeddable":true,"href":"https:\/\/www.arhammar.se\/blog\/wp-json\/wp\/v2\/comments?post=7508"}],"version-history":[{"count":1,"href":"https:\/\/www.arhammar.se\/blog\/wp-json\/wp\/v2\/posts\/7508\/revisions"}],"predecessor-version":[{"id":24935,"href":"https:\/\/www.arhammar.se\/blog\/wp-json\/wp\/v2\/posts\/7508\/revisions\/24935"}],"wp:featuredmedia":[{"embeddable":true,"href":"https:\/\/www.arhammar.se\/blog\/wp-json\/wp\/v2\/media\/31330"}],"wp:attachment":[{"href":"https:\/\/www.arhammar.se\/blog\/wp-json\/wp\/v2\/media?parent=7508"}],"wp:term":[{"taxonomy":"category","embeddable":true,"href":"https:\/\/www.arhammar.se\/blog\/wp-json\/wp\/v2\/categories?post=7508"},{"taxonomy":"post_tag","embeddable":true,"href":"https:\/\/www.arhammar.se\/blog\/wp-json\/wp\/v2\/tags?post=7508"}],"curies":[{"name":"wp","href":"https:\/\/api.w.org\/{rel}","templated":true}]}}