{"id":6343,"date":"2012-05-11T13:54:28","date_gmt":"2012-05-11T12:54:28","guid":{"rendered":"http:\/\/www.arhammar.se\/blog\/?p=6343"},"modified":"2016-05-11T13:45:22","modified_gmt":"2016-05-11T11:45:22","slug":"vi-behover-mer-konsumentmakt-i-samhallet","status":"publish","type":"post","link":"https:\/\/www.arhammar.se\/blog\/vi-behover-mer-konsumentmakt-i-samhallet\/","title":{"rendered":"Vi beh\u00f6ver mer konsumentmakt i samh\u00e4llet"},"content":{"rendered":"<p><img decoding=\"async\" src=\"http:\/\/www.arhammar.se\/blog\/wp-photos\/IMG_4472.jpg\"width=\"640\" height=\"420\" alt=\"\" \/> <\/p>\n<p>Det \u00e4r dags att vi som konsumenter tar tillbaka v\u00e5r r\u00e4tt och anv\u00e4nder den makt vi faktiskt har. Som detta med verkst\u00e4der till exempel. Det enda man kan g\u00f6ra numera \u00e4r att klaga. S\u00e5 h\u00e4r.<\/p>\n<p><em>I 23 dagar har jag varit av med bilen f\u00f6r en lackering h\u00f6ger fram, en f\u00f6rs\u00e4kringsskada eftersom jag blivit p\u00e5k\u00f6rd.<br \/>\nJobbet \u00e4r snyggt gjort.<br \/>\nDet tr\u00e5kiga \u00e4r den l\u00e5nga tiden det tagit, men framf\u00f6rallt att jag f\u00e5r tillbaka en bil t\u00e4ckt av f\u00e5gelskit. Man var noga med att den skulle vara ren n\u00e4r jag l\u00e4mnade in den.<br \/>\nD\u00e5 f\u00f6rv\u00e4ntar jag mig att den inte l\u00e4mnas ut i det skicket.<br \/>\nEn annan f\u00f6rv\u00e4ntan man kan ha \u00e4r att kundtj\u00e4nsten p\u00e5 J\u00e4rva Krog f\u00f6ljer med ut och ojar sig lite, kanske hj\u00e4lper till med att torka bort skiten.<br \/>\nDe tv\u00e5 lediga hade dock fullt upp med att sms:a samt vila sig.<br \/>\nJag bad dem dock notera, \u00e5tminstone f\u00f6r sig sj\u00e4lva, att det inte \u00e4r ok att l\u00e4mna ut en bil i det skicket, varp\u00e5 den ena sade att det inte \u00e4r bra att tv\u00e4tta en nylackad bil.<br \/>\nJag skulle d\u00e5 kunna inv\u00e4nda att det inte \u00e4r s\u00e5 bra att den \u00e4r t\u00e4ckt av f\u00e5gelskit heller.<br \/>\nDet \u00e4r ett d\u00e5ligt s\u00e4tt att l\u00e4mna tillbaka en bil p\u00e5.<br \/>\nKanske dags f\u00f6r nya riktlinjer, typ inte spela dataspel p\u00e5 arbetstid samt se till att kunder inte f\u00e5r tillbaka en nerskiten bil?<\/em><\/p>\n<p>Och sen h\u00e4nder oftast inget mer, \u00e4n att man m\u00f6jligen f\u00e5r ett svar att &#8220;Vi-har-f\u00e5tt-dina-synpunkter-och-kommer-sj\u00e4lvklart-att-ta-dem-i-beaktande&#8221;. Visst. J\u00e4ttevisst.<br \/>\nDet \u00e4r dags att vi som konsumenter tar tillbaka v\u00e5r r\u00e4tt och anv\u00e4nder den makt vi faktiskt har. Det finns s\u00e5 m\u00e5nga st\u00e4llen att sikta in sig p\u00e5: bankerna, verkst\u00e4derna, f\u00f6rs\u00e4kringsbolagen, restaurangerna mm mm mm.<br \/>\nDe finns d\u00e4r f\u00f6r oss, inte tv\u00e4rtom.<br \/>\nL\u00e5t oss visa det, t\u00e4nker jag. Och b\u00f6rjar h\u00e4rmed fila p\u00e5 problemet.<br \/>\n<strong>Uppdatering:<\/strong><br \/>\nJag fick n\u00e5gra dagar senare ett samtal fr\u00e5n verkstaden d\u00e4r de urs\u00e4ktade sig och bad mig komma in f\u00f6r att f\u00e5 bilen tv\u00e4ttad. Nu hade jag ju redan tv\u00e4ttat den sj\u00e4lv utv\u00e4ndigt, men t\u00e4nkte att proffsen kunde f\u00e5 putsa lite mer. Kanske dammsuga lite. F\u00e5 kromen att gl\u00e4nsa i dess nos. Men proffsen var inte s\u00e5 mycket b\u00e4ttre, utan jag kan konstatera att det d\u00e4r med att tv\u00e4tta bil med en slang &#8211; det g\u00f6r man lika bra sj\u00e4lv.<\/p>\n<!-- AddThis Advanced Settings generic via filter on the_content --><!-- AddThis Share Buttons generic via filter on the_content -->","protected":false},"excerpt":{"rendered":"<p>Det \u00e4r dags att vi som konsumenter tar tillbaka v\u00e5r r\u00e4tt och anv\u00e4nder den makt vi faktiskt har. Som detta med verkst\u00e4der till exempel. Det enda man kan g\u00f6ra numera \u00e4r att klaga. S\u00e5 h\u00e4r. I 23 dagar har jag varit av med bilen f\u00f6r en lackering h\u00f6ger fram, en f\u00f6rs\u00e4kringsskada eftersom jag blivit p\u00e5k\u00f6rd. [&hellip;]<!-- AddThis Advanced Settings generic via filter on wp_trim_excerpt --><!-- AddThis Share Buttons generic via filter on wp_trim_excerpt --><\/p>\n","protected":false},"author":2,"featured_media":9578,"comment_status":"open","ping_status":"open","sticky":false,"template":"","format":"standard","meta":{"footnotes":""},"categories":[13,513],"tags":[3303,3305,3306,3304,1145],"class_list":["post-6343","post","type-post","status-publish","format-standard","has-post-thumbnail","hentry","category-hej-konsument","category-mobil-blogg-12","tag-audi","tag-fagelskit","tag-konsumentmakt","tag-lackering","tag-verkstad"],"yoast_head":"<!-- This site is optimized with the Yoast SEO plugin v27.4 - https:\/\/yoast.com\/product\/yoast-seo-wordpress\/ -->\n<title>Vi beh\u00f6ver mer konsumentmakt i samh\u00e4llet - @Arhammar bokstavligen<\/title>\n<meta name=\"robots\" content=\"index, follow, max-snippet:-1, max-image-preview:large, max-video-preview:-1\" \/>\n<link rel=\"canonical\" href=\"https:\/\/www.arhammar.se\/blog\/vi-behover-mer-konsumentmakt-i-samhallet\/\" \/>\n<meta property=\"og:locale\" content=\"en_US\" \/>\n<meta property=\"og:type\" content=\"article\" \/>\n<meta property=\"og:title\" content=\"Vi beh\u00f6ver mer konsumentmakt i samh\u00e4llet - @Arhammar bokstavligen\" \/>\n<meta property=\"og:description\" content=\"Det \u00e4r dags att vi som konsumenter tar tillbaka v\u00e5r r\u00e4tt och anv\u00e4nder den makt vi faktiskt har. Som detta med verkst\u00e4der till exempel. Det enda man kan g\u00f6ra numera \u00e4r att klaga. S\u00e5 h\u00e4r. I 23 dagar har jag varit av med bilen f\u00f6r en lackering h\u00f6ger fram, en f\u00f6rs\u00e4kringsskada eftersom jag blivit p\u00e5k\u00f6rd. [&hellip;]\" \/>\n<meta property=\"og:url\" content=\"https:\/\/www.arhammar.se\/blog\/vi-behover-mer-konsumentmakt-i-samhallet\/\" \/>\n<meta property=\"og:site_name\" content=\"@Arhammar bokstavligen\" \/>\n<meta property=\"article:published_time\" content=\"2012-05-11T12:54:28+00:00\" \/>\n<meta property=\"article:modified_time\" content=\"2016-05-11T11:45:22+00:00\" \/>\n<meta property=\"og:image\" content=\"https:\/\/www.arhammar.se\/blog\/wp-content\/uploads\/2016\/01\/IMG_4472.jpg\" \/>\n\t<meta property=\"og:image:width\" content=\"640\" \/>\n\t<meta property=\"og:image:height\" content=\"480\" \/>\n\t<meta property=\"og:image:type\" content=\"image\/jpeg\" \/>\n<meta name=\"author\" content=\"Anders Arhammar\" \/>\n<meta name=\"twitter:card\" content=\"summary_large_image\" \/>\n<meta name=\"twitter:label1\" content=\"Written by\" \/>\n\t<meta name=\"twitter:data1\" content=\"Anders Arhammar\" \/>\n\t<meta name=\"twitter:label2\" content=\"Est. reading time\" \/>\n\t<meta name=\"twitter:data2\" content=\"2 minutes\" \/>\n<script type=\"application\/ld+json\" class=\"yoast-schema-graph\">{\"@context\":\"https:\\\/\\\/schema.org\",\"@graph\":[{\"@type\":\"Article\",\"@id\":\"https:\\\/\\\/www.arhammar.se\\\/blog\\\/vi-behover-mer-konsumentmakt-i-samhallet\\\/#article\",\"isPartOf\":{\"@id\":\"https:\\\/\\\/www.arhammar.se\\\/blog\\\/vi-behover-mer-konsumentmakt-i-samhallet\\\/\"},\"author\":{\"name\":\"Anders Arhammar\",\"@id\":\"https:\\\/\\\/www.arhammar.se\\\/blog\\\/#\\\/schema\\\/person\\\/061984c1d884b363e2c91550f2e00d1d\"},\"headline\":\"Vi beh\u00f6ver mer konsumentmakt i samh\u00e4llet\",\"datePublished\":\"2012-05-11T12:54:28+00:00\",\"dateModified\":\"2016-05-11T11:45:22+00:00\",\"mainEntityOfPage\":{\"@id\":\"https:\\\/\\\/www.arhammar.se\\\/blog\\\/vi-behover-mer-konsumentmakt-i-samhallet\\\/\"},\"wordCount\":468,\"commentCount\":0,\"image\":{\"@id\":\"https:\\\/\\\/www.arhammar.se\\\/blog\\\/vi-behover-mer-konsumentmakt-i-samhallet\\\/#primaryimage\"},\"thumbnailUrl\":\"https:\\\/\\\/www.arhammar.se\\\/blog\\\/wp-content\\\/uploads\\\/2016\\\/01\\\/IMG_4472.jpg\",\"keywords\":[\"Audi\",\"f\u00e5gelskit\",\"konsumentmakt\",\"lackering\",\"verkstad\"],\"articleSection\":[\"Hej konsument\",\"mobil blogg 12\"],\"inLanguage\":\"en-US\",\"potentialAction\":[{\"@type\":\"CommentAction\",\"name\":\"Comment\",\"target\":[\"https:\\\/\\\/www.arhammar.se\\\/blog\\\/vi-behover-mer-konsumentmakt-i-samhallet\\\/#respond\"]}]},{\"@type\":\"WebPage\",\"@id\":\"https:\\\/\\\/www.arhammar.se\\\/blog\\\/vi-behover-mer-konsumentmakt-i-samhallet\\\/\",\"url\":\"https:\\\/\\\/www.arhammar.se\\\/blog\\\/vi-behover-mer-konsumentmakt-i-samhallet\\\/\",\"name\":\"Vi beh\u00f6ver mer konsumentmakt i samh\u00e4llet - @Arhammar bokstavligen\",\"isPartOf\":{\"@id\":\"https:\\\/\\\/www.arhammar.se\\\/blog\\\/#website\"},\"primaryImageOfPage\":{\"@id\":\"https:\\\/\\\/www.arhammar.se\\\/blog\\\/vi-behover-mer-konsumentmakt-i-samhallet\\\/#primaryimage\"},\"image\":{\"@id\":\"https:\\\/\\\/www.arhammar.se\\\/blog\\\/vi-behover-mer-konsumentmakt-i-samhallet\\\/#primaryimage\"},\"thumbnailUrl\":\"https:\\\/\\\/www.arhammar.se\\\/blog\\\/wp-content\\\/uploads\\\/2016\\\/01\\\/IMG_4472.jpg\",\"datePublished\":\"2012-05-11T12:54:28+00:00\",\"dateModified\":\"2016-05-11T11:45:22+00:00\",\"author\":{\"@id\":\"https:\\\/\\\/www.arhammar.se\\\/blog\\\/#\\\/schema\\\/person\\\/061984c1d884b363e2c91550f2e00d1d\"},\"breadcrumb\":{\"@id\":\"https:\\\/\\\/www.arhammar.se\\\/blog\\\/vi-behover-mer-konsumentmakt-i-samhallet\\\/#breadcrumb\"},\"inLanguage\":\"en-US\",\"potentialAction\":[{\"@type\":\"ReadAction\",\"target\":[\"https:\\\/\\\/www.arhammar.se\\\/blog\\\/vi-behover-mer-konsumentmakt-i-samhallet\\\/\"]}]},{\"@type\":\"ImageObject\",\"inLanguage\":\"en-US\",\"@id\":\"https:\\\/\\\/www.arhammar.se\\\/blog\\\/vi-behover-mer-konsumentmakt-i-samhallet\\\/#primaryimage\",\"url\":\"https:\\\/\\\/www.arhammar.se\\\/blog\\\/wp-content\\\/uploads\\\/2016\\\/01\\\/IMG_4472.jpg\",\"contentUrl\":\"https:\\\/\\\/www.arhammar.se\\\/blog\\\/wp-content\\\/uploads\\\/2016\\\/01\\\/IMG_4472.jpg\",\"width\":640,\"height\":480},{\"@type\":\"BreadcrumbList\",\"@id\":\"https:\\\/\\\/www.arhammar.se\\\/blog\\\/vi-behover-mer-konsumentmakt-i-samhallet\\\/#breadcrumb\",\"itemListElement\":[{\"@type\":\"ListItem\",\"position\":1,\"name\":\"Home\",\"item\":\"https:\\\/\\\/www.arhammar.se\\\/blog\\\/\"},{\"@type\":\"ListItem\",\"position\":2,\"name\":\"Vi beh\u00f6ver mer konsumentmakt i samh\u00e4llet\"}]},{\"@type\":\"WebSite\",\"@id\":\"https:\\\/\\\/www.arhammar.se\\\/blog\\\/#website\",\"url\":\"https:\\\/\\\/www.arhammar.se\\\/blog\\\/\",\"name\":\"@Arhammar bokstavligen\",\"description\":\"Fr\u00e5n min penna och panna\",\"potentialAction\":[{\"@type\":\"SearchAction\",\"target\":{\"@type\":\"EntryPoint\",\"urlTemplate\":\"https:\\\/\\\/www.arhammar.se\\\/blog\\\/?s={search_term_string}\"},\"query-input\":{\"@type\":\"PropertyValueSpecification\",\"valueRequired\":true,\"valueName\":\"search_term_string\"}}],\"inLanguage\":\"en-US\"},{\"@type\":\"Person\",\"@id\":\"https:\\\/\\\/www.arhammar.se\\\/blog\\\/#\\\/schema\\\/person\\\/061984c1d884b363e2c91550f2e00d1d\",\"name\":\"Anders Arhammar\",\"image\":{\"@type\":\"ImageObject\",\"inLanguage\":\"en-US\",\"@id\":\"https:\\\/\\\/secure.gravatar.com\\\/avatar\\\/784b5b36cfe145ae19a52340f405285a939bcc08d4a21136b3a81f9e378ffae0?s=96&d=mm&r=g\",\"url\":\"https:\\\/\\\/secure.gravatar.com\\\/avatar\\\/784b5b36cfe145ae19a52340f405285a939bcc08d4a21136b3a81f9e378ffae0?s=96&d=mm&r=g\",\"contentUrl\":\"https:\\\/\\\/secure.gravatar.com\\\/avatar\\\/784b5b36cfe145ae19a52340f405285a939bcc08d4a21136b3a81f9e378ffae0?s=96&d=mm&r=g\",\"caption\":\"Anders Arhammar\"},\"url\":\"https:\\\/\\\/www.arhammar.se\\\/blog\\\/author\\\/anders\\\/\"}]}<\/script>\n<!-- \/ Yoast SEO plugin. -->","yoast_head_json":{"title":"Vi beh\u00f6ver mer konsumentmakt i samh\u00e4llet - @Arhammar bokstavligen","robots":{"index":"index","follow":"follow","max-snippet":"max-snippet:-1","max-image-preview":"max-image-preview:large","max-video-preview":"max-video-preview:-1"},"canonical":"https:\/\/www.arhammar.se\/blog\/vi-behover-mer-konsumentmakt-i-samhallet\/","og_locale":"en_US","og_type":"article","og_title":"Vi beh\u00f6ver mer konsumentmakt i samh\u00e4llet - @Arhammar bokstavligen","og_description":"Det \u00e4r dags att vi som konsumenter tar tillbaka v\u00e5r r\u00e4tt och anv\u00e4nder den makt vi faktiskt har. Som detta med verkst\u00e4der till exempel. Det enda man kan g\u00f6ra numera \u00e4r att klaga. S\u00e5 h\u00e4r. I 23 dagar har jag varit av med bilen f\u00f6r en lackering h\u00f6ger fram, en f\u00f6rs\u00e4kringsskada eftersom jag blivit p\u00e5k\u00f6rd. [&hellip;]","og_url":"https:\/\/www.arhammar.se\/blog\/vi-behover-mer-konsumentmakt-i-samhallet\/","og_site_name":"@Arhammar bokstavligen","article_published_time":"2012-05-11T12:54:28+00:00","article_modified_time":"2016-05-11T11:45:22+00:00","og_image":[{"width":640,"height":480,"url":"https:\/\/www.arhammar.se\/blog\/wp-content\/uploads\/2016\/01\/IMG_4472.jpg","type":"image\/jpeg"}],"author":"Anders Arhammar","twitter_card":"summary_large_image","twitter_misc":{"Written by":"Anders Arhammar","Est. reading time":"2 minutes"},"schema":{"@context":"https:\/\/schema.org","@graph":[{"@type":"Article","@id":"https:\/\/www.arhammar.se\/blog\/vi-behover-mer-konsumentmakt-i-samhallet\/#article","isPartOf":{"@id":"https:\/\/www.arhammar.se\/blog\/vi-behover-mer-konsumentmakt-i-samhallet\/"},"author":{"name":"Anders Arhammar","@id":"https:\/\/www.arhammar.se\/blog\/#\/schema\/person\/061984c1d884b363e2c91550f2e00d1d"},"headline":"Vi beh\u00f6ver mer konsumentmakt i samh\u00e4llet","datePublished":"2012-05-11T12:54:28+00:00","dateModified":"2016-05-11T11:45:22+00:00","mainEntityOfPage":{"@id":"https:\/\/www.arhammar.se\/blog\/vi-behover-mer-konsumentmakt-i-samhallet\/"},"wordCount":468,"commentCount":0,"image":{"@id":"https:\/\/www.arhammar.se\/blog\/vi-behover-mer-konsumentmakt-i-samhallet\/#primaryimage"},"thumbnailUrl":"https:\/\/www.arhammar.se\/blog\/wp-content\/uploads\/2016\/01\/IMG_4472.jpg","keywords":["Audi","f\u00e5gelskit","konsumentmakt","lackering","verkstad"],"articleSection":["Hej konsument","mobil blogg 12"],"inLanguage":"en-US","potentialAction":[{"@type":"CommentAction","name":"Comment","target":["https:\/\/www.arhammar.se\/blog\/vi-behover-mer-konsumentmakt-i-samhallet\/#respond"]}]},{"@type":"WebPage","@id":"https:\/\/www.arhammar.se\/blog\/vi-behover-mer-konsumentmakt-i-samhallet\/","url":"https:\/\/www.arhammar.se\/blog\/vi-behover-mer-konsumentmakt-i-samhallet\/","name":"Vi beh\u00f6ver mer konsumentmakt i samh\u00e4llet - @Arhammar bokstavligen","isPartOf":{"@id":"https:\/\/www.arhammar.se\/blog\/#website"},"primaryImageOfPage":{"@id":"https:\/\/www.arhammar.se\/blog\/vi-behover-mer-konsumentmakt-i-samhallet\/#primaryimage"},"image":{"@id":"https:\/\/www.arhammar.se\/blog\/vi-behover-mer-konsumentmakt-i-samhallet\/#primaryimage"},"thumbnailUrl":"https:\/\/www.arhammar.se\/blog\/wp-content\/uploads\/2016\/01\/IMG_4472.jpg","datePublished":"2012-05-11T12:54:28+00:00","dateModified":"2016-05-11T11:45:22+00:00","author":{"@id":"https:\/\/www.arhammar.se\/blog\/#\/schema\/person\/061984c1d884b363e2c91550f2e00d1d"},"breadcrumb":{"@id":"https:\/\/www.arhammar.se\/blog\/vi-behover-mer-konsumentmakt-i-samhallet\/#breadcrumb"},"inLanguage":"en-US","potentialAction":[{"@type":"ReadAction","target":["https:\/\/www.arhammar.se\/blog\/vi-behover-mer-konsumentmakt-i-samhallet\/"]}]},{"@type":"ImageObject","inLanguage":"en-US","@id":"https:\/\/www.arhammar.se\/blog\/vi-behover-mer-konsumentmakt-i-samhallet\/#primaryimage","url":"https:\/\/www.arhammar.se\/blog\/wp-content\/uploads\/2016\/01\/IMG_4472.jpg","contentUrl":"https:\/\/www.arhammar.se\/blog\/wp-content\/uploads\/2016\/01\/IMG_4472.jpg","width":640,"height":480},{"@type":"BreadcrumbList","@id":"https:\/\/www.arhammar.se\/blog\/vi-behover-mer-konsumentmakt-i-samhallet\/#breadcrumb","itemListElement":[{"@type":"ListItem","position":1,"name":"Home","item":"https:\/\/www.arhammar.se\/blog\/"},{"@type":"ListItem","position":2,"name":"Vi beh\u00f6ver mer konsumentmakt i samh\u00e4llet"}]},{"@type":"WebSite","@id":"https:\/\/www.arhammar.se\/blog\/#website","url":"https:\/\/www.arhammar.se\/blog\/","name":"@Arhammar bokstavligen","description":"Fr\u00e5n min penna och panna","potentialAction":[{"@type":"SearchAction","target":{"@type":"EntryPoint","urlTemplate":"https:\/\/www.arhammar.se\/blog\/?s={search_term_string}"},"query-input":{"@type":"PropertyValueSpecification","valueRequired":true,"valueName":"search_term_string"}}],"inLanguage":"en-US"},{"@type":"Person","@id":"https:\/\/www.arhammar.se\/blog\/#\/schema\/person\/061984c1d884b363e2c91550f2e00d1d","name":"Anders Arhammar","image":{"@type":"ImageObject","inLanguage":"en-US","@id":"https:\/\/secure.gravatar.com\/avatar\/784b5b36cfe145ae19a52340f405285a939bcc08d4a21136b3a81f9e378ffae0?s=96&d=mm&r=g","url":"https:\/\/secure.gravatar.com\/avatar\/784b5b36cfe145ae19a52340f405285a939bcc08d4a21136b3a81f9e378ffae0?s=96&d=mm&r=g","contentUrl":"https:\/\/secure.gravatar.com\/avatar\/784b5b36cfe145ae19a52340f405285a939bcc08d4a21136b3a81f9e378ffae0?s=96&d=mm&r=g","caption":"Anders Arhammar"},"url":"https:\/\/www.arhammar.se\/blog\/author\/anders\/"}]}},"_links":{"self":[{"href":"https:\/\/www.arhammar.se\/blog\/wp-json\/wp\/v2\/posts\/6343","targetHints":{"allow":["GET"]}}],"collection":[{"href":"https:\/\/www.arhammar.se\/blog\/wp-json\/wp\/v2\/posts"}],"about":[{"href":"https:\/\/www.arhammar.se\/blog\/wp-json\/wp\/v2\/types\/post"}],"author":[{"embeddable":true,"href":"https:\/\/www.arhammar.se\/blog\/wp-json\/wp\/v2\/users\/2"}],"replies":[{"embeddable":true,"href":"https:\/\/www.arhammar.se\/blog\/wp-json\/wp\/v2\/comments?post=6343"}],"version-history":[{"count":0,"href":"https:\/\/www.arhammar.se\/blog\/wp-json\/wp\/v2\/posts\/6343\/revisions"}],"wp:featuredmedia":[{"embeddable":true,"href":"https:\/\/www.arhammar.se\/blog\/wp-json\/wp\/v2\/media\/9578"}],"wp:attachment":[{"href":"https:\/\/www.arhammar.se\/blog\/wp-json\/wp\/v2\/media?parent=6343"}],"wp:term":[{"taxonomy":"category","embeddable":true,"href":"https:\/\/www.arhammar.se\/blog\/wp-json\/wp\/v2\/categories?post=6343"},{"taxonomy":"post_tag","embeddable":true,"href":"https:\/\/www.arhammar.se\/blog\/wp-json\/wp\/v2\/tags?post=6343"}],"curies":[{"name":"wp","href":"https:\/\/api.w.org\/{rel}","templated":true}]}}