{"id":6340,"date":"2012-05-07T14:28:35","date_gmt":"2012-05-07T13:28:35","guid":{"rendered":"http:\/\/www.arhammar.se\/blog\/?p=6340"},"modified":"2016-05-07T09:44:13","modified_gmt":"2016-05-07T07:44:13","slug":"mitt-kontor-for-tva-dagar","status":"publish","type":"post","link":"https:\/\/www.arhammar.se\/blog\/mitt-kontor-for-tva-dagar\/","title":{"rendered":"Mitt kontor f\u00f6r tv\u00e5 dagar"},"content":{"rendered":"<p><img decoding=\"async\" src=\"http:\/\/www.arhammar.se\/blog\/wp-photos\/IMG_4454.jpg\"width=\"640\" height=\"420\" alt=\"\" \/> <\/p>\n<p>I tv\u00e5 dagar testar jag kontor i Sj\u00f6staden. Utsikten \u00e4r inspirerande. Kontoret \u00e4r vitt fr\u00e4scht och kreativt. Kaffet \u00e4r varmt. Det finns en mumsmumsknapp p\u00e5 v\u00e4ggen, men tyv\u00e4rr verkar det som om mumsmumsarna tagit slut.<br \/>\nJag och Lisa testade och vi hann med b\u00e5de kontorsarbete, testsammantr\u00e4de, provkreativt t\u00e4nkande, f\u00f6rs\u00f6kskonferens med flygande jakoblunch, testsittande med kaffe och kaka i solsken samt provspring till tv\u00e4rbana samt koll av hur f\u00f6rsenade bussarna fr\u00e5n Skanstull till Hammarby Sj\u00f6stad kan vara i morgontrafiken.<br \/>\nStatus Quo och David Bowie fungerar bra i lokalerna. Lady Gaga likas\u00e5 och Prince \u00e4r som gjord till den r\u00f6dbruna soffan. Warwick Avenue helt ok. Det \u00e4r nog akustiken som g\u00f6r l\u00e5tarna r\u00e4ttvisa, det har nog varit verkstad h\u00e4r tidigare.<\/p>\n<p><img decoding=\"async\" src=\"http:\/\/www.arhammar.se\/blog\/wp-photos\/IMG_4441.jpg\"width=\"640\" height=\"420\" alt=\"\" \/><\/p>\n<p><a style=\"display:none;\" id=\"ddetlink85618800\" href=\"javascript:expand(document.getElementById('ddet85618800'))\">&#8230; Tryck h\u00e4r f\u00f6r att se fler bilder&#8230;<\/a>\n<div class=\"ddet_div\" id=\"ddet85618800\"><script language=\"JavaScript\" type=\"text\/javascript\">expand(document.getElementById('ddet85618800'));expand(document.getElementById('ddetlink85618800'))<\/script><\/p>\n<p><img decoding=\"async\" src=\"http:\/\/www.arhammar.se\/blog\/wp-photos\/IMG_4443.jpg\"width=\"640\" height=\"420\" alt=\"\"  \/> <\/p>\n<p><img decoding=\"async\" src=\"http:\/\/www.arhammar.se\/blog\/wp-photos\/IMG_4444.jpg\"width=\"640\" height=\"420\" alt=\"\" \/><\/p>\n<p><img decoding=\"async\" src=\"http:\/\/www.arhammar.se\/blog\/wp-photos\/IMG_4445.jpg\"width=\"640\" height=\"420\" alt=\"\"  \/><\/p>\n<p><img decoding=\"async\" src=\"http:\/\/www.arhammar.se\/blog\/wp-photos\/IMG_4446.jpg\"width=\"640\" height=\"420\" alt=\"\"  \/><\/p>\n<p><img decoding=\"async\" src=\"http:\/\/www.arhammar.se\/blog\/wp-photos\/IMG_4449.jpg\"width=\"640\" height=\"420\" alt=\"\"  \/><\/p>\n<p><img decoding=\"async\" src=\"http:\/\/www.arhammar.se\/blog\/wp-photos\/IMG_4450.jpg\"width=\"640\" height=\"420\" alt=\"\"  \/><\/p>\n<p><img decoding=\"async\" src=\"http:\/\/www.arhammar.se\/blog\/wp-photos\/IMG_4452.jpg\"width=\"640\" height=\"420\" alt=\"\"  \/><\/p>\n<p><img decoding=\"async\" src=\"http:\/\/www.arhammar.se\/blog\/wp-photos\/IMG_4453.jpg\"width=\"640\" height=\"420\" alt=\"\"  \/><\/p>\n<p><img decoding=\"async\" src=\"http:\/\/www.arhammar.se\/blog\/wp-photos\/IMG_4454.jpg\"width=\"640\" height=\"420\" alt=\"\"  \/><\/p>\n<p><img decoding=\"async\" src=\"http:\/\/www.arhammar.se\/blog\/wp-photos\/IMG_4455.jpg\"width=\"640\" height=\"420\" alt=\"\" \/><\/p>\n<p><img decoding=\"async\" src=\"http:\/\/www.arhammar.se\/blog\/wp-photos\/IMG_4459.jpg\"width=\"640\" height=\"420\" alt=\"\" \/><\/p>\n<p><\/div><\/p>\n<!-- AddThis Advanced Settings generic via filter on the_content --><!-- AddThis Share Buttons generic via filter on the_content -->","protected":false},"excerpt":{"rendered":"<p>I tv\u00e5 dagar testar jag kontor i Sj\u00f6staden. Utsikten \u00e4r inspirerande. Kontoret \u00e4r vitt fr\u00e4scht och kreativt. Kaffet \u00e4r varmt. Det finns en mumsmumsknapp p\u00e5 v\u00e4ggen, men tyv\u00e4rr verkar det som om mumsmumsarna tagit slut. Jag och Lisa testade och vi hann med b\u00e5de kontorsarbete, testsammantr\u00e4de, provkreativt t\u00e4nkande, f\u00f6rs\u00f6kskonferens med flygande jakoblunch, testsittande med kaffe [&hellip;]<!-- AddThis Advanced Settings generic via filter on wp_trim_excerpt --><!-- AddThis Share Buttons generic via filter on wp_trim_excerpt --><\/p>\n","protected":false},"author":2,"featured_media":9575,"comment_status":"open","ping_status":"open","sticky":false,"template":"","format":"standard","meta":{"footnotes":""},"categories":[513],"tags":[3281,3279,3280],"class_list":["post-6340","post","type-post","status-publish","format-standard","has-post-thumbnail","hentry","category-mobil-blogg-12","tag-fabege","tag-kontor","tag-lumapark"],"yoast_head":"<!-- This site is optimized with the Yoast SEO plugin v27.4 - https:\/\/yoast.com\/product\/yoast-seo-wordpress\/ -->\n<title>Mitt kontor f\u00f6r tv\u00e5 dagar - @Arhammar bokstavligen<\/title>\n<meta name=\"robots\" content=\"index, follow, max-snippet:-1, max-image-preview:large, max-video-preview:-1\" \/>\n<link rel=\"canonical\" href=\"https:\/\/www.arhammar.se\/blog\/mitt-kontor-for-tva-dagar\/\" \/>\n<meta property=\"og:locale\" content=\"en_US\" \/>\n<meta property=\"og:type\" content=\"article\" \/>\n<meta property=\"og:title\" content=\"Mitt kontor f\u00f6r tv\u00e5 dagar - @Arhammar bokstavligen\" \/>\n<meta property=\"og:description\" content=\"I tv\u00e5 dagar testar jag kontor i Sj\u00f6staden. Utsikten \u00e4r inspirerande. Kontoret \u00e4r vitt fr\u00e4scht och kreativt. Kaffet \u00e4r varmt. Det finns en mumsmumsknapp p\u00e5 v\u00e4ggen, men tyv\u00e4rr verkar det som om mumsmumsarna tagit slut. Jag och Lisa testade och vi hann med b\u00e5de kontorsarbete, testsammantr\u00e4de, provkreativt t\u00e4nkande, f\u00f6rs\u00f6kskonferens med flygande jakoblunch, testsittande med kaffe [&hellip;]\" \/>\n<meta property=\"og:url\" content=\"https:\/\/www.arhammar.se\/blog\/mitt-kontor-for-tva-dagar\/\" \/>\n<meta property=\"og:site_name\" content=\"@Arhammar bokstavligen\" \/>\n<meta property=\"article:published_time\" content=\"2012-05-07T13:28:35+00:00\" \/>\n<meta property=\"article:modified_time\" content=\"2016-05-07T07:44:13+00:00\" \/>\n<meta property=\"og:image\" content=\"https:\/\/www.arhammar.se\/blog\/wp-content\/uploads\/2016\/01\/IMG_4454.jpg\" \/>\n\t<meta property=\"og:image:width\" content=\"640\" \/>\n\t<meta property=\"og:image:height\" content=\"478\" \/>\n\t<meta property=\"og:image:type\" content=\"image\/jpeg\" \/>\n<meta name=\"author\" content=\"Anders Arhammar\" \/>\n<meta name=\"twitter:card\" content=\"summary_large_image\" \/>\n<meta name=\"twitter:label1\" content=\"Written by\" \/>\n\t<meta name=\"twitter:data1\" content=\"Anders Arhammar\" \/>\n\t<meta name=\"twitter:label2\" content=\"Est. reading time\" \/>\n\t<meta name=\"twitter:data2\" content=\"1 minute\" \/>\n<script type=\"application\/ld+json\" class=\"yoast-schema-graph\">{\"@context\":\"https:\\\/\\\/schema.org\",\"@graph\":[{\"@type\":\"Article\",\"@id\":\"https:\\\/\\\/www.arhammar.se\\\/blog\\\/mitt-kontor-for-tva-dagar\\\/#article\",\"isPartOf\":{\"@id\":\"https:\\\/\\\/www.arhammar.se\\\/blog\\\/mitt-kontor-for-tva-dagar\\\/\"},\"author\":{\"name\":\"Anders Arhammar\",\"@id\":\"https:\\\/\\\/www.arhammar.se\\\/blog\\\/#\\\/schema\\\/person\\\/061984c1d884b363e2c91550f2e00d1d\"},\"headline\":\"Mitt kontor f\u00f6r tv\u00e5 dagar\",\"datePublished\":\"2012-05-07T13:28:35+00:00\",\"dateModified\":\"2016-05-07T07:44:13+00:00\",\"mainEntityOfPage\":{\"@id\":\"https:\\\/\\\/www.arhammar.se\\\/blog\\\/mitt-kontor-for-tva-dagar\\\/\"},\"wordCount\":153,\"commentCount\":0,\"image\":{\"@id\":\"https:\\\/\\\/www.arhammar.se\\\/blog\\\/mitt-kontor-for-tva-dagar\\\/#primaryimage\"},\"thumbnailUrl\":\"https:\\\/\\\/www.arhammar.se\\\/blog\\\/wp-content\\\/uploads\\\/2016\\\/01\\\/IMG_4454.jpg\",\"keywords\":[\"Fabege\",\"Kontor\",\"Lumapark\"],\"articleSection\":[\"mobil blogg 12\"],\"inLanguage\":\"en-US\",\"potentialAction\":[{\"@type\":\"CommentAction\",\"name\":\"Comment\",\"target\":[\"https:\\\/\\\/www.arhammar.se\\\/blog\\\/mitt-kontor-for-tva-dagar\\\/#respond\"]}]},{\"@type\":\"WebPage\",\"@id\":\"https:\\\/\\\/www.arhammar.se\\\/blog\\\/mitt-kontor-for-tva-dagar\\\/\",\"url\":\"https:\\\/\\\/www.arhammar.se\\\/blog\\\/mitt-kontor-for-tva-dagar\\\/\",\"name\":\"Mitt kontor f\u00f6r tv\u00e5 dagar - @Arhammar bokstavligen\",\"isPartOf\":{\"@id\":\"https:\\\/\\\/www.arhammar.se\\\/blog\\\/#website\"},\"primaryImageOfPage\":{\"@id\":\"https:\\\/\\\/www.arhammar.se\\\/blog\\\/mitt-kontor-for-tva-dagar\\\/#primaryimage\"},\"image\":{\"@id\":\"https:\\\/\\\/www.arhammar.se\\\/blog\\\/mitt-kontor-for-tva-dagar\\\/#primaryimage\"},\"thumbnailUrl\":\"https:\\\/\\\/www.arhammar.se\\\/blog\\\/wp-content\\\/uploads\\\/2016\\\/01\\\/IMG_4454.jpg\",\"datePublished\":\"2012-05-07T13:28:35+00:00\",\"dateModified\":\"2016-05-07T07:44:13+00:00\",\"author\":{\"@id\":\"https:\\\/\\\/www.arhammar.se\\\/blog\\\/#\\\/schema\\\/person\\\/061984c1d884b363e2c91550f2e00d1d\"},\"breadcrumb\":{\"@id\":\"https:\\\/\\\/www.arhammar.se\\\/blog\\\/mitt-kontor-for-tva-dagar\\\/#breadcrumb\"},\"inLanguage\":\"en-US\",\"potentialAction\":[{\"@type\":\"ReadAction\",\"target\":[\"https:\\\/\\\/www.arhammar.se\\\/blog\\\/mitt-kontor-for-tva-dagar\\\/\"]}]},{\"@type\":\"ImageObject\",\"inLanguage\":\"en-US\",\"@id\":\"https:\\\/\\\/www.arhammar.se\\\/blog\\\/mitt-kontor-for-tva-dagar\\\/#primaryimage\",\"url\":\"https:\\\/\\\/www.arhammar.se\\\/blog\\\/wp-content\\\/uploads\\\/2016\\\/01\\\/IMG_4454.jpg\",\"contentUrl\":\"https:\\\/\\\/www.arhammar.se\\\/blog\\\/wp-content\\\/uploads\\\/2016\\\/01\\\/IMG_4454.jpg\",\"width\":640,\"height\":478},{\"@type\":\"BreadcrumbList\",\"@id\":\"https:\\\/\\\/www.arhammar.se\\\/blog\\\/mitt-kontor-for-tva-dagar\\\/#breadcrumb\",\"itemListElement\":[{\"@type\":\"ListItem\",\"position\":1,\"name\":\"Home\",\"item\":\"https:\\\/\\\/www.arhammar.se\\\/blog\\\/\"},{\"@type\":\"ListItem\",\"position\":2,\"name\":\"Mitt kontor f\u00f6r tv\u00e5 dagar\"}]},{\"@type\":\"WebSite\",\"@id\":\"https:\\\/\\\/www.arhammar.se\\\/blog\\\/#website\",\"url\":\"https:\\\/\\\/www.arhammar.se\\\/blog\\\/\",\"name\":\"@Arhammar bokstavligen\",\"description\":\"Fr\u00e5n min penna och panna\",\"potentialAction\":[{\"@type\":\"SearchAction\",\"target\":{\"@type\":\"EntryPoint\",\"urlTemplate\":\"https:\\\/\\\/www.arhammar.se\\\/blog\\\/?s={search_term_string}\"},\"query-input\":{\"@type\":\"PropertyValueSpecification\",\"valueRequired\":true,\"valueName\":\"search_term_string\"}}],\"inLanguage\":\"en-US\"},{\"@type\":\"Person\",\"@id\":\"https:\\\/\\\/www.arhammar.se\\\/blog\\\/#\\\/schema\\\/person\\\/061984c1d884b363e2c91550f2e00d1d\",\"name\":\"Anders Arhammar\",\"image\":{\"@type\":\"ImageObject\",\"inLanguage\":\"en-US\",\"@id\":\"https:\\\/\\\/secure.gravatar.com\\\/avatar\\\/784b5b36cfe145ae19a52340f405285a939bcc08d4a21136b3a81f9e378ffae0?s=96&d=mm&r=g\",\"url\":\"https:\\\/\\\/secure.gravatar.com\\\/avatar\\\/784b5b36cfe145ae19a52340f405285a939bcc08d4a21136b3a81f9e378ffae0?s=96&d=mm&r=g\",\"contentUrl\":\"https:\\\/\\\/secure.gravatar.com\\\/avatar\\\/784b5b36cfe145ae19a52340f405285a939bcc08d4a21136b3a81f9e378ffae0?s=96&d=mm&r=g\",\"caption\":\"Anders Arhammar\"},\"url\":\"https:\\\/\\\/www.arhammar.se\\\/blog\\\/author\\\/anders\\\/\"}]}<\/script>\n<!-- \/ Yoast SEO plugin. -->","yoast_head_json":{"title":"Mitt kontor f\u00f6r tv\u00e5 dagar - @Arhammar bokstavligen","robots":{"index":"index","follow":"follow","max-snippet":"max-snippet:-1","max-image-preview":"max-image-preview:large","max-video-preview":"max-video-preview:-1"},"canonical":"https:\/\/www.arhammar.se\/blog\/mitt-kontor-for-tva-dagar\/","og_locale":"en_US","og_type":"article","og_title":"Mitt kontor f\u00f6r tv\u00e5 dagar - @Arhammar bokstavligen","og_description":"I tv\u00e5 dagar testar jag kontor i Sj\u00f6staden. Utsikten \u00e4r inspirerande. Kontoret \u00e4r vitt fr\u00e4scht och kreativt. Kaffet \u00e4r varmt. Det finns en mumsmumsknapp p\u00e5 v\u00e4ggen, men tyv\u00e4rr verkar det som om mumsmumsarna tagit slut. Jag och Lisa testade och vi hann med b\u00e5de kontorsarbete, testsammantr\u00e4de, provkreativt t\u00e4nkande, f\u00f6rs\u00f6kskonferens med flygande jakoblunch, testsittande med kaffe [&hellip;]","og_url":"https:\/\/www.arhammar.se\/blog\/mitt-kontor-for-tva-dagar\/","og_site_name":"@Arhammar bokstavligen","article_published_time":"2012-05-07T13:28:35+00:00","article_modified_time":"2016-05-07T07:44:13+00:00","og_image":[{"width":640,"height":478,"url":"https:\/\/www.arhammar.se\/blog\/wp-content\/uploads\/2016\/01\/IMG_4454.jpg","type":"image\/jpeg"}],"author":"Anders Arhammar","twitter_card":"summary_large_image","twitter_misc":{"Written by":"Anders Arhammar","Est. reading time":"1 minute"},"schema":{"@context":"https:\/\/schema.org","@graph":[{"@type":"Article","@id":"https:\/\/www.arhammar.se\/blog\/mitt-kontor-for-tva-dagar\/#article","isPartOf":{"@id":"https:\/\/www.arhammar.se\/blog\/mitt-kontor-for-tva-dagar\/"},"author":{"name":"Anders Arhammar","@id":"https:\/\/www.arhammar.se\/blog\/#\/schema\/person\/061984c1d884b363e2c91550f2e00d1d"},"headline":"Mitt kontor f\u00f6r tv\u00e5 dagar","datePublished":"2012-05-07T13:28:35+00:00","dateModified":"2016-05-07T07:44:13+00:00","mainEntityOfPage":{"@id":"https:\/\/www.arhammar.se\/blog\/mitt-kontor-for-tva-dagar\/"},"wordCount":153,"commentCount":0,"image":{"@id":"https:\/\/www.arhammar.se\/blog\/mitt-kontor-for-tva-dagar\/#primaryimage"},"thumbnailUrl":"https:\/\/www.arhammar.se\/blog\/wp-content\/uploads\/2016\/01\/IMG_4454.jpg","keywords":["Fabege","Kontor","Lumapark"],"articleSection":["mobil blogg 12"],"inLanguage":"en-US","potentialAction":[{"@type":"CommentAction","name":"Comment","target":["https:\/\/www.arhammar.se\/blog\/mitt-kontor-for-tva-dagar\/#respond"]}]},{"@type":"WebPage","@id":"https:\/\/www.arhammar.se\/blog\/mitt-kontor-for-tva-dagar\/","url":"https:\/\/www.arhammar.se\/blog\/mitt-kontor-for-tva-dagar\/","name":"Mitt kontor f\u00f6r tv\u00e5 dagar - @Arhammar bokstavligen","isPartOf":{"@id":"https:\/\/www.arhammar.se\/blog\/#website"},"primaryImageOfPage":{"@id":"https:\/\/www.arhammar.se\/blog\/mitt-kontor-for-tva-dagar\/#primaryimage"},"image":{"@id":"https:\/\/www.arhammar.se\/blog\/mitt-kontor-for-tva-dagar\/#primaryimage"},"thumbnailUrl":"https:\/\/www.arhammar.se\/blog\/wp-content\/uploads\/2016\/01\/IMG_4454.jpg","datePublished":"2012-05-07T13:28:35+00:00","dateModified":"2016-05-07T07:44:13+00:00","author":{"@id":"https:\/\/www.arhammar.se\/blog\/#\/schema\/person\/061984c1d884b363e2c91550f2e00d1d"},"breadcrumb":{"@id":"https:\/\/www.arhammar.se\/blog\/mitt-kontor-for-tva-dagar\/#breadcrumb"},"inLanguage":"en-US","potentialAction":[{"@type":"ReadAction","target":["https:\/\/www.arhammar.se\/blog\/mitt-kontor-for-tva-dagar\/"]}]},{"@type":"ImageObject","inLanguage":"en-US","@id":"https:\/\/www.arhammar.se\/blog\/mitt-kontor-for-tva-dagar\/#primaryimage","url":"https:\/\/www.arhammar.se\/blog\/wp-content\/uploads\/2016\/01\/IMG_4454.jpg","contentUrl":"https:\/\/www.arhammar.se\/blog\/wp-content\/uploads\/2016\/01\/IMG_4454.jpg","width":640,"height":478},{"@type":"BreadcrumbList","@id":"https:\/\/www.arhammar.se\/blog\/mitt-kontor-for-tva-dagar\/#breadcrumb","itemListElement":[{"@type":"ListItem","position":1,"name":"Home","item":"https:\/\/www.arhammar.se\/blog\/"},{"@type":"ListItem","position":2,"name":"Mitt kontor f\u00f6r tv\u00e5 dagar"}]},{"@type":"WebSite","@id":"https:\/\/www.arhammar.se\/blog\/#website","url":"https:\/\/www.arhammar.se\/blog\/","name":"@Arhammar bokstavligen","description":"Fr\u00e5n min penna och panna","potentialAction":[{"@type":"SearchAction","target":{"@type":"EntryPoint","urlTemplate":"https:\/\/www.arhammar.se\/blog\/?s={search_term_string}"},"query-input":{"@type":"PropertyValueSpecification","valueRequired":true,"valueName":"search_term_string"}}],"inLanguage":"en-US"},{"@type":"Person","@id":"https:\/\/www.arhammar.se\/blog\/#\/schema\/person\/061984c1d884b363e2c91550f2e00d1d","name":"Anders Arhammar","image":{"@type":"ImageObject","inLanguage":"en-US","@id":"https:\/\/secure.gravatar.com\/avatar\/784b5b36cfe145ae19a52340f405285a939bcc08d4a21136b3a81f9e378ffae0?s=96&d=mm&r=g","url":"https:\/\/secure.gravatar.com\/avatar\/784b5b36cfe145ae19a52340f405285a939bcc08d4a21136b3a81f9e378ffae0?s=96&d=mm&r=g","contentUrl":"https:\/\/secure.gravatar.com\/avatar\/784b5b36cfe145ae19a52340f405285a939bcc08d4a21136b3a81f9e378ffae0?s=96&d=mm&r=g","caption":"Anders Arhammar"},"url":"https:\/\/www.arhammar.se\/blog\/author\/anders\/"}]}},"_links":{"self":[{"href":"https:\/\/www.arhammar.se\/blog\/wp-json\/wp\/v2\/posts\/6340","targetHints":{"allow":["GET"]}}],"collection":[{"href":"https:\/\/www.arhammar.se\/blog\/wp-json\/wp\/v2\/posts"}],"about":[{"href":"https:\/\/www.arhammar.se\/blog\/wp-json\/wp\/v2\/types\/post"}],"author":[{"embeddable":true,"href":"https:\/\/www.arhammar.se\/blog\/wp-json\/wp\/v2\/users\/2"}],"replies":[{"embeddable":true,"href":"https:\/\/www.arhammar.se\/blog\/wp-json\/wp\/v2\/comments?post=6340"}],"version-history":[{"count":0,"href":"https:\/\/www.arhammar.se\/blog\/wp-json\/wp\/v2\/posts\/6340\/revisions"}],"wp:featuredmedia":[{"embeddable":true,"href":"https:\/\/www.arhammar.se\/blog\/wp-json\/wp\/v2\/media\/9575"}],"wp:attachment":[{"href":"https:\/\/www.arhammar.se\/blog\/wp-json\/wp\/v2\/media?parent=6340"}],"wp:term":[{"taxonomy":"category","embeddable":true,"href":"https:\/\/www.arhammar.se\/blog\/wp-json\/wp\/v2\/categories?post=6340"},{"taxonomy":"post_tag","embeddable":true,"href":"https:\/\/www.arhammar.se\/blog\/wp-json\/wp\/v2\/tags?post=6340"}],"curies":[{"name":"wp","href":"https:\/\/api.w.org\/{rel}","templated":true}]}}