{"id":6335,"date":"2012-05-18T15:00:01","date_gmt":"2012-05-18T14:00:01","guid":{"rendered":"http:\/\/www.arhammar.se\/blog\/?p=6335"},"modified":"2016-05-18T11:08:14","modified_gmt":"2016-05-18T09:08:14","slug":"prelaterna-pa-norra-kyrkogarden","status":"publish","type":"post","link":"https:\/\/www.arhammar.se\/blog\/prelaterna-pa-norra-kyrkogarden\/","title":{"rendered":"Prelaterna p\u00e5 Norra kyrkog\u00e5rden"},"content":{"rendered":"<p><img decoding=\"async\" src=\"http:\/\/www.arhammar.se\/blog\/wp-photos\/IMG_4361.jpg\"width=\"640\" height=\"420\" alt=\"\" \/> <\/p>\n<p>En del kyrkog\u00e5rdar ser ut och doftar som depressionen sj\u00e4lv. Andra andas lugn och harmoni. En del kyrkog\u00e5rdar bjuder p\u00e5 b\u00e5de och. Norra begravningsplatsen i Stockholm har mest lugn och harmoni, lite av en oas. Som h\u00e4r, en h\u00f6g med likadana kors som visar sig till stor del vara prelater fr\u00e5n katolska kyrkan. S\u00e5dana som heter Monsignore och n\u00e5got franskt eller italienskt. Mycket f\u00e5gelkvitter i det stora tr\u00e4det! <\/p>\n<!-- AddThis Advanced Settings generic via filter on the_content --><!-- AddThis Share Buttons generic via filter on the_content -->","protected":false},"excerpt":{"rendered":"<p>En del kyrkog\u00e5rdar ser ut och doftar som depressionen sj\u00e4lv. Andra andas lugn och harmoni. En del kyrkog\u00e5rdar bjuder p\u00e5 b\u00e5de och. Norra begravningsplatsen i Stockholm har mest lugn och harmoni, lite av en oas. Som h\u00e4r, en h\u00f6g med likadana kors som visar sig till stor del vara prelater fr\u00e5n katolska kyrkan. S\u00e5dana som [&hellip;]<!-- AddThis Advanced Settings generic via filter on wp_trim_excerpt --><!-- AddThis Share Buttons generic via filter on wp_trim_excerpt --><\/p>\n","protected":false},"author":2,"featured_media":9570,"comment_status":"open","ping_status":"open","sticky":false,"template":"","format":"standard","meta":{"footnotes":""},"categories":[513],"tags":[903,3331,901,3330,3332],"class_list":["post-6335","post","type-post","status-publish","format-standard","has-post-thumbnail","hentry","category-mobil-blogg-12","tag-gravar","tag-katoliker","tag-kyrkogard","tag-praster","tag-prelater"],"yoast_head":"<!-- This site is optimized with the Yoast SEO plugin v27.4 - https:\/\/yoast.com\/product\/yoast-seo-wordpress\/ -->\n<title>Prelaterna p\u00e5 Norra kyrkog\u00e5rden - @Arhammar bokstavligen<\/title>\n<meta name=\"robots\" content=\"index, follow, max-snippet:-1, max-image-preview:large, max-video-preview:-1\" \/>\n<link rel=\"canonical\" href=\"https:\/\/www.arhammar.se\/blog\/prelaterna-pa-norra-kyrkogarden\/\" \/>\n<meta property=\"og:locale\" content=\"en_US\" \/>\n<meta property=\"og:type\" content=\"article\" \/>\n<meta property=\"og:title\" content=\"Prelaterna p\u00e5 Norra kyrkog\u00e5rden - @Arhammar bokstavligen\" \/>\n<meta property=\"og:description\" content=\"En del kyrkog\u00e5rdar ser ut och doftar som depressionen sj\u00e4lv. Andra andas lugn och harmoni. En del kyrkog\u00e5rdar bjuder p\u00e5 b\u00e5de och. Norra begravningsplatsen i Stockholm har mest lugn och harmoni, lite av en oas. Som h\u00e4r, en h\u00f6g med likadana kors som visar sig till stor del vara prelater fr\u00e5n katolska kyrkan. S\u00e5dana som [&hellip;]\" \/>\n<meta property=\"og:url\" content=\"https:\/\/www.arhammar.se\/blog\/prelaterna-pa-norra-kyrkogarden\/\" \/>\n<meta property=\"og:site_name\" content=\"@Arhammar bokstavligen\" \/>\n<meta property=\"article:published_time\" content=\"2012-05-18T14:00:01+00:00\" \/>\n<meta property=\"article:modified_time\" content=\"2016-05-18T09:08:14+00:00\" \/>\n<meta property=\"og:image\" content=\"https:\/\/www.arhammar.se\/blog\/wp-content\/uploads\/2016\/01\/IMG_4361.jpg\" \/>\n\t<meta property=\"og:image:width\" content=\"640\" \/>\n\t<meta property=\"og:image:height\" content=\"480\" \/>\n\t<meta property=\"og:image:type\" content=\"image\/jpeg\" \/>\n<meta name=\"author\" content=\"Anders Arhammar\" \/>\n<meta name=\"twitter:card\" content=\"summary_large_image\" \/>\n<meta name=\"twitter:label1\" content=\"Written by\" \/>\n\t<meta name=\"twitter:data1\" content=\"Anders Arhammar\" \/>\n<script type=\"application\/ld+json\" class=\"yoast-schema-graph\">{\"@context\":\"https:\\\/\\\/schema.org\",\"@graph\":[{\"@type\":\"Article\",\"@id\":\"https:\\\/\\\/www.arhammar.se\\\/blog\\\/prelaterna-pa-norra-kyrkogarden\\\/#article\",\"isPartOf\":{\"@id\":\"https:\\\/\\\/www.arhammar.se\\\/blog\\\/prelaterna-pa-norra-kyrkogarden\\\/\"},\"author\":{\"name\":\"Anders Arhammar\",\"@id\":\"https:\\\/\\\/www.arhammar.se\\\/blog\\\/#\\\/schema\\\/person\\\/061984c1d884b363e2c91550f2e00d1d\"},\"headline\":\"Prelaterna p\u00e5 Norra kyrkog\u00e5rden\",\"datePublished\":\"2012-05-18T14:00:01+00:00\",\"dateModified\":\"2016-05-18T09:08:14+00:00\",\"mainEntityOfPage\":{\"@id\":\"https:\\\/\\\/www.arhammar.se\\\/blog\\\/prelaterna-pa-norra-kyrkogarden\\\/\"},\"wordCount\":84,\"commentCount\":0,\"image\":{\"@id\":\"https:\\\/\\\/www.arhammar.se\\\/blog\\\/prelaterna-pa-norra-kyrkogarden\\\/#primaryimage\"},\"thumbnailUrl\":\"https:\\\/\\\/www.arhammar.se\\\/blog\\\/wp-content\\\/uploads\\\/2016\\\/01\\\/IMG_4361.jpg\",\"keywords\":[\"gravar\",\"katoliker\",\"kyrkog\u00e5rd\",\"pr\u00e4ster\",\"prelater\"],\"articleSection\":[\"mobil blogg 12\"],\"inLanguage\":\"en-US\",\"potentialAction\":[{\"@type\":\"CommentAction\",\"name\":\"Comment\",\"target\":[\"https:\\\/\\\/www.arhammar.se\\\/blog\\\/prelaterna-pa-norra-kyrkogarden\\\/#respond\"]}]},{\"@type\":\"WebPage\",\"@id\":\"https:\\\/\\\/www.arhammar.se\\\/blog\\\/prelaterna-pa-norra-kyrkogarden\\\/\",\"url\":\"https:\\\/\\\/www.arhammar.se\\\/blog\\\/prelaterna-pa-norra-kyrkogarden\\\/\",\"name\":\"Prelaterna p\u00e5 Norra kyrkog\u00e5rden - @Arhammar bokstavligen\",\"isPartOf\":{\"@id\":\"https:\\\/\\\/www.arhammar.se\\\/blog\\\/#website\"},\"primaryImageOfPage\":{\"@id\":\"https:\\\/\\\/www.arhammar.se\\\/blog\\\/prelaterna-pa-norra-kyrkogarden\\\/#primaryimage\"},\"image\":{\"@id\":\"https:\\\/\\\/www.arhammar.se\\\/blog\\\/prelaterna-pa-norra-kyrkogarden\\\/#primaryimage\"},\"thumbnailUrl\":\"https:\\\/\\\/www.arhammar.se\\\/blog\\\/wp-content\\\/uploads\\\/2016\\\/01\\\/IMG_4361.jpg\",\"datePublished\":\"2012-05-18T14:00:01+00:00\",\"dateModified\":\"2016-05-18T09:08:14+00:00\",\"author\":{\"@id\":\"https:\\\/\\\/www.arhammar.se\\\/blog\\\/#\\\/schema\\\/person\\\/061984c1d884b363e2c91550f2e00d1d\"},\"breadcrumb\":{\"@id\":\"https:\\\/\\\/www.arhammar.se\\\/blog\\\/prelaterna-pa-norra-kyrkogarden\\\/#breadcrumb\"},\"inLanguage\":\"en-US\",\"potentialAction\":[{\"@type\":\"ReadAction\",\"target\":[\"https:\\\/\\\/www.arhammar.se\\\/blog\\\/prelaterna-pa-norra-kyrkogarden\\\/\"]}]},{\"@type\":\"ImageObject\",\"inLanguage\":\"en-US\",\"@id\":\"https:\\\/\\\/www.arhammar.se\\\/blog\\\/prelaterna-pa-norra-kyrkogarden\\\/#primaryimage\",\"url\":\"https:\\\/\\\/www.arhammar.se\\\/blog\\\/wp-content\\\/uploads\\\/2016\\\/01\\\/IMG_4361.jpg\",\"contentUrl\":\"https:\\\/\\\/www.arhammar.se\\\/blog\\\/wp-content\\\/uploads\\\/2016\\\/01\\\/IMG_4361.jpg\",\"width\":640,\"height\":480},{\"@type\":\"BreadcrumbList\",\"@id\":\"https:\\\/\\\/www.arhammar.se\\\/blog\\\/prelaterna-pa-norra-kyrkogarden\\\/#breadcrumb\",\"itemListElement\":[{\"@type\":\"ListItem\",\"position\":1,\"name\":\"Home\",\"item\":\"https:\\\/\\\/www.arhammar.se\\\/blog\\\/\"},{\"@type\":\"ListItem\",\"position\":2,\"name\":\"Prelaterna p\u00e5 Norra kyrkog\u00e5rden\"}]},{\"@type\":\"WebSite\",\"@id\":\"https:\\\/\\\/www.arhammar.se\\\/blog\\\/#website\",\"url\":\"https:\\\/\\\/www.arhammar.se\\\/blog\\\/\",\"name\":\"@Arhammar bokstavligen\",\"description\":\"Fr\u00e5n min penna och panna\",\"potentialAction\":[{\"@type\":\"SearchAction\",\"target\":{\"@type\":\"EntryPoint\",\"urlTemplate\":\"https:\\\/\\\/www.arhammar.se\\\/blog\\\/?s={search_term_string}\"},\"query-input\":{\"@type\":\"PropertyValueSpecification\",\"valueRequired\":true,\"valueName\":\"search_term_string\"}}],\"inLanguage\":\"en-US\"},{\"@type\":\"Person\",\"@id\":\"https:\\\/\\\/www.arhammar.se\\\/blog\\\/#\\\/schema\\\/person\\\/061984c1d884b363e2c91550f2e00d1d\",\"name\":\"Anders Arhammar\",\"image\":{\"@type\":\"ImageObject\",\"inLanguage\":\"en-US\",\"@id\":\"https:\\\/\\\/secure.gravatar.com\\\/avatar\\\/784b5b36cfe145ae19a52340f405285a939bcc08d4a21136b3a81f9e378ffae0?s=96&d=mm&r=g\",\"url\":\"https:\\\/\\\/secure.gravatar.com\\\/avatar\\\/784b5b36cfe145ae19a52340f405285a939bcc08d4a21136b3a81f9e378ffae0?s=96&d=mm&r=g\",\"contentUrl\":\"https:\\\/\\\/secure.gravatar.com\\\/avatar\\\/784b5b36cfe145ae19a52340f405285a939bcc08d4a21136b3a81f9e378ffae0?s=96&d=mm&r=g\",\"caption\":\"Anders Arhammar\"},\"url\":\"https:\\\/\\\/www.arhammar.se\\\/blog\\\/author\\\/anders\\\/\"}]}<\/script>\n<!-- \/ Yoast SEO plugin. -->","yoast_head_json":{"title":"Prelaterna p\u00e5 Norra kyrkog\u00e5rden - @Arhammar bokstavligen","robots":{"index":"index","follow":"follow","max-snippet":"max-snippet:-1","max-image-preview":"max-image-preview:large","max-video-preview":"max-video-preview:-1"},"canonical":"https:\/\/www.arhammar.se\/blog\/prelaterna-pa-norra-kyrkogarden\/","og_locale":"en_US","og_type":"article","og_title":"Prelaterna p\u00e5 Norra kyrkog\u00e5rden - @Arhammar bokstavligen","og_description":"En del kyrkog\u00e5rdar ser ut och doftar som depressionen sj\u00e4lv. Andra andas lugn och harmoni. En del kyrkog\u00e5rdar bjuder p\u00e5 b\u00e5de och. Norra begravningsplatsen i Stockholm har mest lugn och harmoni, lite av en oas. Som h\u00e4r, en h\u00f6g med likadana kors som visar sig till stor del vara prelater fr\u00e5n katolska kyrkan. S\u00e5dana som [&hellip;]","og_url":"https:\/\/www.arhammar.se\/blog\/prelaterna-pa-norra-kyrkogarden\/","og_site_name":"@Arhammar bokstavligen","article_published_time":"2012-05-18T14:00:01+00:00","article_modified_time":"2016-05-18T09:08:14+00:00","og_image":[{"width":640,"height":480,"url":"https:\/\/www.arhammar.se\/blog\/wp-content\/uploads\/2016\/01\/IMG_4361.jpg","type":"image\/jpeg"}],"author":"Anders Arhammar","twitter_card":"summary_large_image","twitter_misc":{"Written by":"Anders Arhammar"},"schema":{"@context":"https:\/\/schema.org","@graph":[{"@type":"Article","@id":"https:\/\/www.arhammar.se\/blog\/prelaterna-pa-norra-kyrkogarden\/#article","isPartOf":{"@id":"https:\/\/www.arhammar.se\/blog\/prelaterna-pa-norra-kyrkogarden\/"},"author":{"name":"Anders Arhammar","@id":"https:\/\/www.arhammar.se\/blog\/#\/schema\/person\/061984c1d884b363e2c91550f2e00d1d"},"headline":"Prelaterna p\u00e5 Norra kyrkog\u00e5rden","datePublished":"2012-05-18T14:00:01+00:00","dateModified":"2016-05-18T09:08:14+00:00","mainEntityOfPage":{"@id":"https:\/\/www.arhammar.se\/blog\/prelaterna-pa-norra-kyrkogarden\/"},"wordCount":84,"commentCount":0,"image":{"@id":"https:\/\/www.arhammar.se\/blog\/prelaterna-pa-norra-kyrkogarden\/#primaryimage"},"thumbnailUrl":"https:\/\/www.arhammar.se\/blog\/wp-content\/uploads\/2016\/01\/IMG_4361.jpg","keywords":["gravar","katoliker","kyrkog\u00e5rd","pr\u00e4ster","prelater"],"articleSection":["mobil blogg 12"],"inLanguage":"en-US","potentialAction":[{"@type":"CommentAction","name":"Comment","target":["https:\/\/www.arhammar.se\/blog\/prelaterna-pa-norra-kyrkogarden\/#respond"]}]},{"@type":"WebPage","@id":"https:\/\/www.arhammar.se\/blog\/prelaterna-pa-norra-kyrkogarden\/","url":"https:\/\/www.arhammar.se\/blog\/prelaterna-pa-norra-kyrkogarden\/","name":"Prelaterna p\u00e5 Norra kyrkog\u00e5rden - @Arhammar bokstavligen","isPartOf":{"@id":"https:\/\/www.arhammar.se\/blog\/#website"},"primaryImageOfPage":{"@id":"https:\/\/www.arhammar.se\/blog\/prelaterna-pa-norra-kyrkogarden\/#primaryimage"},"image":{"@id":"https:\/\/www.arhammar.se\/blog\/prelaterna-pa-norra-kyrkogarden\/#primaryimage"},"thumbnailUrl":"https:\/\/www.arhammar.se\/blog\/wp-content\/uploads\/2016\/01\/IMG_4361.jpg","datePublished":"2012-05-18T14:00:01+00:00","dateModified":"2016-05-18T09:08:14+00:00","author":{"@id":"https:\/\/www.arhammar.se\/blog\/#\/schema\/person\/061984c1d884b363e2c91550f2e00d1d"},"breadcrumb":{"@id":"https:\/\/www.arhammar.se\/blog\/prelaterna-pa-norra-kyrkogarden\/#breadcrumb"},"inLanguage":"en-US","potentialAction":[{"@type":"ReadAction","target":["https:\/\/www.arhammar.se\/blog\/prelaterna-pa-norra-kyrkogarden\/"]}]},{"@type":"ImageObject","inLanguage":"en-US","@id":"https:\/\/www.arhammar.se\/blog\/prelaterna-pa-norra-kyrkogarden\/#primaryimage","url":"https:\/\/www.arhammar.se\/blog\/wp-content\/uploads\/2016\/01\/IMG_4361.jpg","contentUrl":"https:\/\/www.arhammar.se\/blog\/wp-content\/uploads\/2016\/01\/IMG_4361.jpg","width":640,"height":480},{"@type":"BreadcrumbList","@id":"https:\/\/www.arhammar.se\/blog\/prelaterna-pa-norra-kyrkogarden\/#breadcrumb","itemListElement":[{"@type":"ListItem","position":1,"name":"Home","item":"https:\/\/www.arhammar.se\/blog\/"},{"@type":"ListItem","position":2,"name":"Prelaterna p\u00e5 Norra kyrkog\u00e5rden"}]},{"@type":"WebSite","@id":"https:\/\/www.arhammar.se\/blog\/#website","url":"https:\/\/www.arhammar.se\/blog\/","name":"@Arhammar bokstavligen","description":"Fr\u00e5n min penna och panna","potentialAction":[{"@type":"SearchAction","target":{"@type":"EntryPoint","urlTemplate":"https:\/\/www.arhammar.se\/blog\/?s={search_term_string}"},"query-input":{"@type":"PropertyValueSpecification","valueRequired":true,"valueName":"search_term_string"}}],"inLanguage":"en-US"},{"@type":"Person","@id":"https:\/\/www.arhammar.se\/blog\/#\/schema\/person\/061984c1d884b363e2c91550f2e00d1d","name":"Anders Arhammar","image":{"@type":"ImageObject","inLanguage":"en-US","@id":"https:\/\/secure.gravatar.com\/avatar\/784b5b36cfe145ae19a52340f405285a939bcc08d4a21136b3a81f9e378ffae0?s=96&d=mm&r=g","url":"https:\/\/secure.gravatar.com\/avatar\/784b5b36cfe145ae19a52340f405285a939bcc08d4a21136b3a81f9e378ffae0?s=96&d=mm&r=g","contentUrl":"https:\/\/secure.gravatar.com\/avatar\/784b5b36cfe145ae19a52340f405285a939bcc08d4a21136b3a81f9e378ffae0?s=96&d=mm&r=g","caption":"Anders Arhammar"},"url":"https:\/\/www.arhammar.se\/blog\/author\/anders\/"}]}},"_links":{"self":[{"href":"https:\/\/www.arhammar.se\/blog\/wp-json\/wp\/v2\/posts\/6335","targetHints":{"allow":["GET"]}}],"collection":[{"href":"https:\/\/www.arhammar.se\/blog\/wp-json\/wp\/v2\/posts"}],"about":[{"href":"https:\/\/www.arhammar.se\/blog\/wp-json\/wp\/v2\/types\/post"}],"author":[{"embeddable":true,"href":"https:\/\/www.arhammar.se\/blog\/wp-json\/wp\/v2\/users\/2"}],"replies":[{"embeddable":true,"href":"https:\/\/www.arhammar.se\/blog\/wp-json\/wp\/v2\/comments?post=6335"}],"version-history":[{"count":0,"href":"https:\/\/www.arhammar.se\/blog\/wp-json\/wp\/v2\/posts\/6335\/revisions"}],"wp:featuredmedia":[{"embeddable":true,"href":"https:\/\/www.arhammar.se\/blog\/wp-json\/wp\/v2\/media\/9570"}],"wp:attachment":[{"href":"https:\/\/www.arhammar.se\/blog\/wp-json\/wp\/v2\/media?parent=6335"}],"wp:term":[{"taxonomy":"category","embeddable":true,"href":"https:\/\/www.arhammar.se\/blog\/wp-json\/wp\/v2\/categories?post=6335"},{"taxonomy":"post_tag","embeddable":true,"href":"https:\/\/www.arhammar.se\/blog\/wp-json\/wp\/v2\/tags?post=6335"}],"curies":[{"name":"wp","href":"https:\/\/api.w.org\/{rel}","templated":true}]}}