{"id":6329,"date":"2016-04-10T22:01:48","date_gmt":"2016-04-10T20:01:48","guid":{"rendered":"http:\/\/www.arhammar.se\/blog\/?p=6329"},"modified":"2016-04-08T18:47:09","modified_gmt":"2016-04-08T16:47:09","slug":"den-exakta-vikten-for-lufsens-flickvan-sommaren-1947","status":"publish","type":"post","link":"https:\/\/www.arhammar.se\/blog\/den-exakta-vikten-for-lufsens-flickvan-sommaren-1947\/","title":{"rendered":"Den exakta vikten f\u00f6r Lufsens flickv\u00e4n sommaren 1947"},"content":{"rendered":"<p><img decoding=\"async\" src=\"http:\/\/www.arhammar.se\/blog\/wp-photos\/vikten.jpg\"width=\"640\" height=\"430\" alt=\"\" \/><\/p>\n<p>Det \u00e4r den 28 juni 1947. N\u00e5gon g\u00e5r p\u00e5 Tegelbacken, det Tegelbacken som fanns en g\u00e5ng, och f\u00e5r syn p\u00e5 en av stadens offentliga v\u00e5gar. Jag har ett svagt minne att de var bruna. Man st\u00e5r stilla tills n\u00e5len p\u00e5 tavlan stannat, l\u00e4gger i ett mynt och ut kommer en viktbiljett i samma format som den tidens SJ-biljetter. P\u00e5 ena sidan st\u00e5r datumet, p\u00e5 den andra den exakta vikten. Den h\u00e4r kan komma fr\u00e5n en maskin som stod i gamla centralstationen, f\u00f6r bredvid vikten 63,5 kilo, st\u00e5r det Tegelbacken, med l\u00e4tta sommarkl\u00e4der.<br \/>\nL\u00e4ngst ner p\u00e5 biljetten st\u00e5r det <em>G\u00f6m denna biljett f\u00f6r att regelbundet kontrollera Eder vikt<\/em>.<br \/>\nJag konstaterar att den uppmaningen f\u00f6ljts och jag misst\u00e4nker att vikten tillh\u00f6r en vid tiden 23-\u00e5rig dam med l\u00e5ngt h\u00e5r och en pojkv\u00e4n hon kallade f\u00f6r Lufsen. <\/p>\n<!-- AddThis Advanced Settings generic via filter on the_content --><!-- AddThis Share Buttons generic via filter on the_content -->","protected":false},"excerpt":{"rendered":"<p>Det \u00e4r den 28 juni 1947. N\u00e5gon g\u00e5r p\u00e5 Tegelbacken, det Tegelbacken som fanns en g\u00e5ng, och f\u00e5r syn p\u00e5 en av stadens offentliga v\u00e5gar. Jag har ett svagt minne att de var bruna. Man st\u00e5r stilla tills n\u00e5len p\u00e5 tavlan stannat, l\u00e4gger i ett mynt och ut kommer en viktbiljett i samma format som [&hellip;]<!-- AddThis Advanced Settings generic via filter on wp_trim_excerpt --><!-- AddThis Share Buttons generic via filter on wp_trim_excerpt --><\/p>\n","protected":false},"author":2,"featured_media":9565,"comment_status":"open","ping_status":"open","sticky":false,"template":"","format":"standard","meta":{"footnotes":""},"categories":[524,1565],"tags":[2715,630,2714,2713],"class_list":["post-6329","post","type-post","status-publish","format-standard","has-post-thumbnail","hentry","category-blogg100-2","category-mobil-blogg-16","tag-sommarklader","tag-tegelbacken","tag-vag","tag-vikt"],"yoast_head":"<!-- This site is optimized with the Yoast SEO plugin v27.4 - https:\/\/yoast.com\/product\/yoast-seo-wordpress\/ -->\n<title>Den exakta vikten f\u00f6r Lufsens flickv\u00e4n sommaren 1947 - @Arhammar bokstavligen<\/title>\n<meta name=\"robots\" content=\"index, follow, max-snippet:-1, max-image-preview:large, max-video-preview:-1\" \/>\n<link rel=\"canonical\" href=\"https:\/\/www.arhammar.se\/blog\/den-exakta-vikten-for-lufsens-flickvan-sommaren-1947\/\" \/>\n<meta property=\"og:locale\" content=\"en_US\" \/>\n<meta property=\"og:type\" content=\"article\" \/>\n<meta property=\"og:title\" content=\"Den exakta vikten f\u00f6r Lufsens flickv\u00e4n sommaren 1947 - @Arhammar bokstavligen\" \/>\n<meta property=\"og:description\" content=\"Det \u00e4r den 28 juni 1947. N\u00e5gon g\u00e5r p\u00e5 Tegelbacken, det Tegelbacken som fanns en g\u00e5ng, och f\u00e5r syn p\u00e5 en av stadens offentliga v\u00e5gar. Jag har ett svagt minne att de var bruna. Man st\u00e5r stilla tills n\u00e5len p\u00e5 tavlan stannat, l\u00e4gger i ett mynt och ut kommer en viktbiljett i samma format som [&hellip;]\" \/>\n<meta property=\"og:url\" content=\"https:\/\/www.arhammar.se\/blog\/den-exakta-vikten-for-lufsens-flickvan-sommaren-1947\/\" \/>\n<meta property=\"og:site_name\" content=\"@Arhammar bokstavligen\" \/>\n<meta property=\"article:published_time\" content=\"2016-04-10T20:01:48+00:00\" \/>\n<meta property=\"og:image\" content=\"https:\/\/www.arhammar.se\/blog\/wp-content\/uploads\/2016\/01\/vikten.jpg\" \/>\n\t<meta property=\"og:image:width\" content=\"640\" \/>\n\t<meta property=\"og:image:height\" content=\"587\" \/>\n\t<meta property=\"og:image:type\" content=\"image\/jpeg\" \/>\n<meta name=\"author\" content=\"Anders Arhammar\" \/>\n<meta name=\"twitter:card\" content=\"summary_large_image\" \/>\n<meta name=\"twitter:label1\" content=\"Written by\" \/>\n\t<meta name=\"twitter:data1\" content=\"Anders Arhammar\" \/>\n\t<meta name=\"twitter:label2\" content=\"Est. reading time\" \/>\n\t<meta name=\"twitter:data2\" content=\"1 minute\" \/>\n<script type=\"application\/ld+json\" class=\"yoast-schema-graph\">{\"@context\":\"https:\\\/\\\/schema.org\",\"@graph\":[{\"@type\":\"Article\",\"@id\":\"https:\\\/\\\/www.arhammar.se\\\/blog\\\/den-exakta-vikten-for-lufsens-flickvan-sommaren-1947\\\/#article\",\"isPartOf\":{\"@id\":\"https:\\\/\\\/www.arhammar.se\\\/blog\\\/den-exakta-vikten-for-lufsens-flickvan-sommaren-1947\\\/\"},\"author\":{\"name\":\"Anders Arhammar\",\"@id\":\"https:\\\/\\\/www.arhammar.se\\\/blog\\\/#\\\/schema\\\/person\\\/061984c1d884b363e2c91550f2e00d1d\"},\"headline\":\"Den exakta vikten f\u00f6r Lufsens flickv\u00e4n sommaren 1947\",\"datePublished\":\"2016-04-10T20:01:48+00:00\",\"mainEntityOfPage\":{\"@id\":\"https:\\\/\\\/www.arhammar.se\\\/blog\\\/den-exakta-vikten-for-lufsens-flickvan-sommaren-1947\\\/\"},\"wordCount\":167,\"commentCount\":0,\"image\":{\"@id\":\"https:\\\/\\\/www.arhammar.se\\\/blog\\\/den-exakta-vikten-for-lufsens-flickvan-sommaren-1947\\\/#primaryimage\"},\"thumbnailUrl\":\"https:\\\/\\\/www.arhammar.se\\\/blog\\\/wp-content\\\/uploads\\\/2016\\\/01\\\/vikten.jpg\",\"keywords\":[\"sommarkl\u00e4der\",\"Tegelbacken\",\"v\u00e5g\",\"vikt\"],\"articleSection\":[\"blogg100\",\"mobil blogg 16\"],\"inLanguage\":\"en-US\",\"potentialAction\":[{\"@type\":\"CommentAction\",\"name\":\"Comment\",\"target\":[\"https:\\\/\\\/www.arhammar.se\\\/blog\\\/den-exakta-vikten-for-lufsens-flickvan-sommaren-1947\\\/#respond\"]}]},{\"@type\":\"WebPage\",\"@id\":\"https:\\\/\\\/www.arhammar.se\\\/blog\\\/den-exakta-vikten-for-lufsens-flickvan-sommaren-1947\\\/\",\"url\":\"https:\\\/\\\/www.arhammar.se\\\/blog\\\/den-exakta-vikten-for-lufsens-flickvan-sommaren-1947\\\/\",\"name\":\"Den exakta vikten f\u00f6r Lufsens flickv\u00e4n sommaren 1947 - @Arhammar bokstavligen\",\"isPartOf\":{\"@id\":\"https:\\\/\\\/www.arhammar.se\\\/blog\\\/#website\"},\"primaryImageOfPage\":{\"@id\":\"https:\\\/\\\/www.arhammar.se\\\/blog\\\/den-exakta-vikten-for-lufsens-flickvan-sommaren-1947\\\/#primaryimage\"},\"image\":{\"@id\":\"https:\\\/\\\/www.arhammar.se\\\/blog\\\/den-exakta-vikten-for-lufsens-flickvan-sommaren-1947\\\/#primaryimage\"},\"thumbnailUrl\":\"https:\\\/\\\/www.arhammar.se\\\/blog\\\/wp-content\\\/uploads\\\/2016\\\/01\\\/vikten.jpg\",\"datePublished\":\"2016-04-10T20:01:48+00:00\",\"author\":{\"@id\":\"https:\\\/\\\/www.arhammar.se\\\/blog\\\/#\\\/schema\\\/person\\\/061984c1d884b363e2c91550f2e00d1d\"},\"breadcrumb\":{\"@id\":\"https:\\\/\\\/www.arhammar.se\\\/blog\\\/den-exakta-vikten-for-lufsens-flickvan-sommaren-1947\\\/#breadcrumb\"},\"inLanguage\":\"en-US\",\"potentialAction\":[{\"@type\":\"ReadAction\",\"target\":[\"https:\\\/\\\/www.arhammar.se\\\/blog\\\/den-exakta-vikten-for-lufsens-flickvan-sommaren-1947\\\/\"]}]},{\"@type\":\"ImageObject\",\"inLanguage\":\"en-US\",\"@id\":\"https:\\\/\\\/www.arhammar.se\\\/blog\\\/den-exakta-vikten-for-lufsens-flickvan-sommaren-1947\\\/#primaryimage\",\"url\":\"https:\\\/\\\/www.arhammar.se\\\/blog\\\/wp-content\\\/uploads\\\/2016\\\/01\\\/vikten.jpg\",\"contentUrl\":\"https:\\\/\\\/www.arhammar.se\\\/blog\\\/wp-content\\\/uploads\\\/2016\\\/01\\\/vikten.jpg\",\"width\":640,\"height\":587},{\"@type\":\"BreadcrumbList\",\"@id\":\"https:\\\/\\\/www.arhammar.se\\\/blog\\\/den-exakta-vikten-for-lufsens-flickvan-sommaren-1947\\\/#breadcrumb\",\"itemListElement\":[{\"@type\":\"ListItem\",\"position\":1,\"name\":\"Home\",\"item\":\"https:\\\/\\\/www.arhammar.se\\\/blog\\\/\"},{\"@type\":\"ListItem\",\"position\":2,\"name\":\"Den exakta vikten f\u00f6r Lufsens flickv\u00e4n sommaren 1947\"}]},{\"@type\":\"WebSite\",\"@id\":\"https:\\\/\\\/www.arhammar.se\\\/blog\\\/#website\",\"url\":\"https:\\\/\\\/www.arhammar.se\\\/blog\\\/\",\"name\":\"@Arhammar bokstavligen\",\"description\":\"Fr\u00e5n min penna och panna\",\"potentialAction\":[{\"@type\":\"SearchAction\",\"target\":{\"@type\":\"EntryPoint\",\"urlTemplate\":\"https:\\\/\\\/www.arhammar.se\\\/blog\\\/?s={search_term_string}\"},\"query-input\":{\"@type\":\"PropertyValueSpecification\",\"valueRequired\":true,\"valueName\":\"search_term_string\"}}],\"inLanguage\":\"en-US\"},{\"@type\":\"Person\",\"@id\":\"https:\\\/\\\/www.arhammar.se\\\/blog\\\/#\\\/schema\\\/person\\\/061984c1d884b363e2c91550f2e00d1d\",\"name\":\"Anders Arhammar\",\"image\":{\"@type\":\"ImageObject\",\"inLanguage\":\"en-US\",\"@id\":\"https:\\\/\\\/secure.gravatar.com\\\/avatar\\\/784b5b36cfe145ae19a52340f405285a939bcc08d4a21136b3a81f9e378ffae0?s=96&d=mm&r=g\",\"url\":\"https:\\\/\\\/secure.gravatar.com\\\/avatar\\\/784b5b36cfe145ae19a52340f405285a939bcc08d4a21136b3a81f9e378ffae0?s=96&d=mm&r=g\",\"contentUrl\":\"https:\\\/\\\/secure.gravatar.com\\\/avatar\\\/784b5b36cfe145ae19a52340f405285a939bcc08d4a21136b3a81f9e378ffae0?s=96&d=mm&r=g\",\"caption\":\"Anders Arhammar\"},\"url\":\"https:\\\/\\\/www.arhammar.se\\\/blog\\\/author\\\/anders\\\/\"}]}<\/script>\n<!-- \/ Yoast SEO plugin. -->","yoast_head_json":{"title":"Den exakta vikten f\u00f6r Lufsens flickv\u00e4n sommaren 1947 - @Arhammar bokstavligen","robots":{"index":"index","follow":"follow","max-snippet":"max-snippet:-1","max-image-preview":"max-image-preview:large","max-video-preview":"max-video-preview:-1"},"canonical":"https:\/\/www.arhammar.se\/blog\/den-exakta-vikten-for-lufsens-flickvan-sommaren-1947\/","og_locale":"en_US","og_type":"article","og_title":"Den exakta vikten f\u00f6r Lufsens flickv\u00e4n sommaren 1947 - @Arhammar bokstavligen","og_description":"Det \u00e4r den 28 juni 1947. N\u00e5gon g\u00e5r p\u00e5 Tegelbacken, det Tegelbacken som fanns en g\u00e5ng, och f\u00e5r syn p\u00e5 en av stadens offentliga v\u00e5gar. Jag har ett svagt minne att de var bruna. Man st\u00e5r stilla tills n\u00e5len p\u00e5 tavlan stannat, l\u00e4gger i ett mynt och ut kommer en viktbiljett i samma format som [&hellip;]","og_url":"https:\/\/www.arhammar.se\/blog\/den-exakta-vikten-for-lufsens-flickvan-sommaren-1947\/","og_site_name":"@Arhammar bokstavligen","article_published_time":"2016-04-10T20:01:48+00:00","og_image":[{"width":640,"height":587,"url":"https:\/\/www.arhammar.se\/blog\/wp-content\/uploads\/2016\/01\/vikten.jpg","type":"image\/jpeg"}],"author":"Anders Arhammar","twitter_card":"summary_large_image","twitter_misc":{"Written by":"Anders Arhammar","Est. reading time":"1 minute"},"schema":{"@context":"https:\/\/schema.org","@graph":[{"@type":"Article","@id":"https:\/\/www.arhammar.se\/blog\/den-exakta-vikten-for-lufsens-flickvan-sommaren-1947\/#article","isPartOf":{"@id":"https:\/\/www.arhammar.se\/blog\/den-exakta-vikten-for-lufsens-flickvan-sommaren-1947\/"},"author":{"name":"Anders Arhammar","@id":"https:\/\/www.arhammar.se\/blog\/#\/schema\/person\/061984c1d884b363e2c91550f2e00d1d"},"headline":"Den exakta vikten f\u00f6r Lufsens flickv\u00e4n sommaren 1947","datePublished":"2016-04-10T20:01:48+00:00","mainEntityOfPage":{"@id":"https:\/\/www.arhammar.se\/blog\/den-exakta-vikten-for-lufsens-flickvan-sommaren-1947\/"},"wordCount":167,"commentCount":0,"image":{"@id":"https:\/\/www.arhammar.se\/blog\/den-exakta-vikten-for-lufsens-flickvan-sommaren-1947\/#primaryimage"},"thumbnailUrl":"https:\/\/www.arhammar.se\/blog\/wp-content\/uploads\/2016\/01\/vikten.jpg","keywords":["sommarkl\u00e4der","Tegelbacken","v\u00e5g","vikt"],"articleSection":["blogg100","mobil blogg 16"],"inLanguage":"en-US","potentialAction":[{"@type":"CommentAction","name":"Comment","target":["https:\/\/www.arhammar.se\/blog\/den-exakta-vikten-for-lufsens-flickvan-sommaren-1947\/#respond"]}]},{"@type":"WebPage","@id":"https:\/\/www.arhammar.se\/blog\/den-exakta-vikten-for-lufsens-flickvan-sommaren-1947\/","url":"https:\/\/www.arhammar.se\/blog\/den-exakta-vikten-for-lufsens-flickvan-sommaren-1947\/","name":"Den exakta vikten f\u00f6r Lufsens flickv\u00e4n sommaren 1947 - @Arhammar bokstavligen","isPartOf":{"@id":"https:\/\/www.arhammar.se\/blog\/#website"},"primaryImageOfPage":{"@id":"https:\/\/www.arhammar.se\/blog\/den-exakta-vikten-for-lufsens-flickvan-sommaren-1947\/#primaryimage"},"image":{"@id":"https:\/\/www.arhammar.se\/blog\/den-exakta-vikten-for-lufsens-flickvan-sommaren-1947\/#primaryimage"},"thumbnailUrl":"https:\/\/www.arhammar.se\/blog\/wp-content\/uploads\/2016\/01\/vikten.jpg","datePublished":"2016-04-10T20:01:48+00:00","author":{"@id":"https:\/\/www.arhammar.se\/blog\/#\/schema\/person\/061984c1d884b363e2c91550f2e00d1d"},"breadcrumb":{"@id":"https:\/\/www.arhammar.se\/blog\/den-exakta-vikten-for-lufsens-flickvan-sommaren-1947\/#breadcrumb"},"inLanguage":"en-US","potentialAction":[{"@type":"ReadAction","target":["https:\/\/www.arhammar.se\/blog\/den-exakta-vikten-for-lufsens-flickvan-sommaren-1947\/"]}]},{"@type":"ImageObject","inLanguage":"en-US","@id":"https:\/\/www.arhammar.se\/blog\/den-exakta-vikten-for-lufsens-flickvan-sommaren-1947\/#primaryimage","url":"https:\/\/www.arhammar.se\/blog\/wp-content\/uploads\/2016\/01\/vikten.jpg","contentUrl":"https:\/\/www.arhammar.se\/blog\/wp-content\/uploads\/2016\/01\/vikten.jpg","width":640,"height":587},{"@type":"BreadcrumbList","@id":"https:\/\/www.arhammar.se\/blog\/den-exakta-vikten-for-lufsens-flickvan-sommaren-1947\/#breadcrumb","itemListElement":[{"@type":"ListItem","position":1,"name":"Home","item":"https:\/\/www.arhammar.se\/blog\/"},{"@type":"ListItem","position":2,"name":"Den exakta vikten f\u00f6r Lufsens flickv\u00e4n sommaren 1947"}]},{"@type":"WebSite","@id":"https:\/\/www.arhammar.se\/blog\/#website","url":"https:\/\/www.arhammar.se\/blog\/","name":"@Arhammar bokstavligen","description":"Fr\u00e5n min penna och panna","potentialAction":[{"@type":"SearchAction","target":{"@type":"EntryPoint","urlTemplate":"https:\/\/www.arhammar.se\/blog\/?s={search_term_string}"},"query-input":{"@type":"PropertyValueSpecification","valueRequired":true,"valueName":"search_term_string"}}],"inLanguage":"en-US"},{"@type":"Person","@id":"https:\/\/www.arhammar.se\/blog\/#\/schema\/person\/061984c1d884b363e2c91550f2e00d1d","name":"Anders Arhammar","image":{"@type":"ImageObject","inLanguage":"en-US","@id":"https:\/\/secure.gravatar.com\/avatar\/784b5b36cfe145ae19a52340f405285a939bcc08d4a21136b3a81f9e378ffae0?s=96&d=mm&r=g","url":"https:\/\/secure.gravatar.com\/avatar\/784b5b36cfe145ae19a52340f405285a939bcc08d4a21136b3a81f9e378ffae0?s=96&d=mm&r=g","contentUrl":"https:\/\/secure.gravatar.com\/avatar\/784b5b36cfe145ae19a52340f405285a939bcc08d4a21136b3a81f9e378ffae0?s=96&d=mm&r=g","caption":"Anders Arhammar"},"url":"https:\/\/www.arhammar.se\/blog\/author\/anders\/"}]}},"_links":{"self":[{"href":"https:\/\/www.arhammar.se\/blog\/wp-json\/wp\/v2\/posts\/6329","targetHints":{"allow":["GET"]}}],"collection":[{"href":"https:\/\/www.arhammar.se\/blog\/wp-json\/wp\/v2\/posts"}],"about":[{"href":"https:\/\/www.arhammar.se\/blog\/wp-json\/wp\/v2\/types\/post"}],"author":[{"embeddable":true,"href":"https:\/\/www.arhammar.se\/blog\/wp-json\/wp\/v2\/users\/2"}],"replies":[{"embeddable":true,"href":"https:\/\/www.arhammar.se\/blog\/wp-json\/wp\/v2\/comments?post=6329"}],"version-history":[{"count":0,"href":"https:\/\/www.arhammar.se\/blog\/wp-json\/wp\/v2\/posts\/6329\/revisions"}],"wp:featuredmedia":[{"embeddable":true,"href":"https:\/\/www.arhammar.se\/blog\/wp-json\/wp\/v2\/media\/9565"}],"wp:attachment":[{"href":"https:\/\/www.arhammar.se\/blog\/wp-json\/wp\/v2\/media?parent=6329"}],"wp:term":[{"taxonomy":"category","embeddable":true,"href":"https:\/\/www.arhammar.se\/blog\/wp-json\/wp\/v2\/categories?post=6329"},{"taxonomy":"post_tag","embeddable":true,"href":"https:\/\/www.arhammar.se\/blog\/wp-json\/wp\/v2\/tags?post=6329"}],"curies":[{"name":"wp","href":"https:\/\/api.w.org\/{rel}","templated":true}]}}