{"id":6013,"date":"2016-03-20T21:40:41","date_gmt":"2016-03-20T20:40:41","guid":{"rendered":"http:\/\/www.arhammar.se\/blog\/?p=6013"},"modified":"2016-03-19T17:02:57","modified_gmt":"2016-03-19T16:02:57","slug":"dramaten-forr-och-nu","status":"publish","type":"post","link":"https:\/\/www.arhammar.se\/blog\/dramaten-forr-och-nu\/","title":{"rendered":"Dramaten f\u00f6rr och nu"},"content":{"rendered":"<p><img decoding=\"async\" src=\"http:\/\/www.arhammar.se\/blog\/wp-photos\/vykort2011025.jpg\"width=\"640\" height=\"420\" alt=\"Dramaten\"  \/><\/p>\n<p>Sp\u00e5rvagnen g\u00e5r h\u00e4r igen, l\u00e4ngs Hamngatan. Fiket till v\u00e4nster har fortfarande r\u00f6da markiser, men n\u00e5gon har rivit ner murgr\u00f6nan och det har blivit h\u00f6gertrafik. P\u00e5 Dramaten spelas en och annan ny pj\u00e4s, men de gamla klassikerna h\u00e5ller \u00e4n. Lummigare har det blivit och cyklisten till v\u00e4nster cyklar upp\u00e5t ist\u00e4llet f\u00f6r ner\u00e5t. Fast p\u00e5 samma sida. <\/p>\n<p><img decoding=\"async\" src=\"http:\/\/www.arhammar.se\/blog\/wp-photos\/vykort2011025b.jpg\"width=\"640\" height=\"420\" alt=\"Sp\u00e5rvagn vid Dramaten\" \/><\/p>\n<!-- AddThis Advanced Settings generic via filter on the_content --><!-- AddThis Share Buttons generic via filter on the_content -->","protected":false},"excerpt":{"rendered":"<p>Sp\u00e5rvagnen g\u00e5r h\u00e4r igen, l\u00e4ngs Hamngatan. Fiket till v\u00e4nster har fortfarande r\u00f6da markiser, men n\u00e5gon har rivit ner murgr\u00f6nan och det har blivit h\u00f6gertrafik. P\u00e5 Dramaten spelas en och annan ny pj\u00e4s, men de gamla klassikerna h\u00e5ller \u00e4n. Lummigare har det blivit och cyklisten till v\u00e4nster cyklar upp\u00e5t ist\u00e4llet f\u00f6r ner\u00e5t. Fast p\u00e5 samma sida.<!-- AddThis Advanced Settings generic via filter on wp_trim_excerpt --><!-- AddThis Share Buttons generic via filter on wp_trim_excerpt --><\/p>\n","protected":false},"author":2,"featured_media":9428,"comment_status":"open","ping_status":"open","sticky":false,"template":"","format":"standard","meta":{"footnotes":""},"categories":[524,71],"tags":[1322],"class_list":["post-6013","post","type-post","status-publish","format-standard","has-post-thumbnail","hentry","category-blogg100-2","category-dagens-vykort","tag-dramaten-sparvagn"],"yoast_head":"<!-- This site is optimized with the Yoast SEO plugin v27.4 - https:\/\/yoast.com\/product\/yoast-seo-wordpress\/ -->\n<title>Dramaten f\u00f6rr och nu - @Arhammar bokstavligen<\/title>\n<meta name=\"robots\" content=\"index, follow, max-snippet:-1, max-image-preview:large, max-video-preview:-1\" \/>\n<link rel=\"canonical\" href=\"https:\/\/www.arhammar.se\/blog\/dramaten-forr-och-nu\/\" \/>\n<meta property=\"og:locale\" content=\"en_US\" \/>\n<meta property=\"og:type\" content=\"article\" \/>\n<meta property=\"og:title\" content=\"Dramaten f\u00f6rr och nu - @Arhammar bokstavligen\" \/>\n<meta property=\"og:description\" content=\"Sp\u00e5rvagnen g\u00e5r h\u00e4r igen, l\u00e4ngs Hamngatan. Fiket till v\u00e4nster har fortfarande r\u00f6da markiser, men n\u00e5gon har rivit ner murgr\u00f6nan och det har blivit h\u00f6gertrafik. P\u00e5 Dramaten spelas en och annan ny pj\u00e4s, men de gamla klassikerna h\u00e5ller \u00e4n. Lummigare har det blivit och cyklisten till v\u00e4nster cyklar upp\u00e5t ist\u00e4llet f\u00f6r ner\u00e5t. Fast p\u00e5 samma sida.\" \/>\n<meta property=\"og:url\" content=\"https:\/\/www.arhammar.se\/blog\/dramaten-forr-och-nu\/\" \/>\n<meta property=\"og:site_name\" content=\"@Arhammar bokstavligen\" \/>\n<meta property=\"article:published_time\" content=\"2016-03-20T20:40:41+00:00\" \/>\n<meta property=\"og:image\" content=\"https:\/\/www.arhammar.se\/blog\/wp-content\/uploads\/2016\/01\/vykort2011025.jpg\" \/>\n\t<meta property=\"og:image:width\" content=\"640\" \/>\n\t<meta property=\"og:image:height\" content=\"480\" \/>\n\t<meta property=\"og:image:type\" content=\"image\/jpeg\" \/>\n<meta name=\"author\" content=\"Anders Arhammar\" \/>\n<meta name=\"twitter:card\" content=\"summary_large_image\" \/>\n<meta name=\"twitter:label1\" content=\"Written by\" \/>\n\t<meta name=\"twitter:data1\" content=\"Anders Arhammar\" \/>\n<script type=\"application\/ld+json\" class=\"yoast-schema-graph\">{\"@context\":\"https:\\\/\\\/schema.org\",\"@graph\":[{\"@type\":\"Article\",\"@id\":\"https:\\\/\\\/www.arhammar.se\\\/blog\\\/dramaten-forr-och-nu\\\/#article\",\"isPartOf\":{\"@id\":\"https:\\\/\\\/www.arhammar.se\\\/blog\\\/dramaten-forr-och-nu\\\/\"},\"author\":{\"name\":\"Anders Arhammar\",\"@id\":\"https:\\\/\\\/www.arhammar.se\\\/blog\\\/#\\\/schema\\\/person\\\/061984c1d884b363e2c91550f2e00d1d\"},\"headline\":\"Dramaten f\u00f6rr och nu\",\"datePublished\":\"2016-03-20T20:40:41+00:00\",\"mainEntityOfPage\":{\"@id\":\"https:\\\/\\\/www.arhammar.se\\\/blog\\\/dramaten-forr-och-nu\\\/\"},\"wordCount\":76,\"commentCount\":0,\"image\":{\"@id\":\"https:\\\/\\\/www.arhammar.se\\\/blog\\\/dramaten-forr-och-nu\\\/#primaryimage\"},\"thumbnailUrl\":\"https:\\\/\\\/www.arhammar.se\\\/blog\\\/wp-content\\\/uploads\\\/2016\\\/01\\\/vykort2011025.jpg\",\"keywords\":[\"Dramaten. sp\u00e5rvagn\"],\"articleSection\":[\"blogg100\",\"Dagens vykort\"],\"inLanguage\":\"en-US\",\"potentialAction\":[{\"@type\":\"CommentAction\",\"name\":\"Comment\",\"target\":[\"https:\\\/\\\/www.arhammar.se\\\/blog\\\/dramaten-forr-och-nu\\\/#respond\"]}]},{\"@type\":\"WebPage\",\"@id\":\"https:\\\/\\\/www.arhammar.se\\\/blog\\\/dramaten-forr-och-nu\\\/\",\"url\":\"https:\\\/\\\/www.arhammar.se\\\/blog\\\/dramaten-forr-och-nu\\\/\",\"name\":\"Dramaten f\u00f6rr och nu - @Arhammar bokstavligen\",\"isPartOf\":{\"@id\":\"https:\\\/\\\/www.arhammar.se\\\/blog\\\/#website\"},\"primaryImageOfPage\":{\"@id\":\"https:\\\/\\\/www.arhammar.se\\\/blog\\\/dramaten-forr-och-nu\\\/#primaryimage\"},\"image\":{\"@id\":\"https:\\\/\\\/www.arhammar.se\\\/blog\\\/dramaten-forr-och-nu\\\/#primaryimage\"},\"thumbnailUrl\":\"https:\\\/\\\/www.arhammar.se\\\/blog\\\/wp-content\\\/uploads\\\/2016\\\/01\\\/vykort2011025.jpg\",\"datePublished\":\"2016-03-20T20:40:41+00:00\",\"author\":{\"@id\":\"https:\\\/\\\/www.arhammar.se\\\/blog\\\/#\\\/schema\\\/person\\\/061984c1d884b363e2c91550f2e00d1d\"},\"breadcrumb\":{\"@id\":\"https:\\\/\\\/www.arhammar.se\\\/blog\\\/dramaten-forr-och-nu\\\/#breadcrumb\"},\"inLanguage\":\"en-US\",\"potentialAction\":[{\"@type\":\"ReadAction\",\"target\":[\"https:\\\/\\\/www.arhammar.se\\\/blog\\\/dramaten-forr-och-nu\\\/\"]}]},{\"@type\":\"ImageObject\",\"inLanguage\":\"en-US\",\"@id\":\"https:\\\/\\\/www.arhammar.se\\\/blog\\\/dramaten-forr-och-nu\\\/#primaryimage\",\"url\":\"https:\\\/\\\/www.arhammar.se\\\/blog\\\/wp-content\\\/uploads\\\/2016\\\/01\\\/vykort2011025.jpg\",\"contentUrl\":\"https:\\\/\\\/www.arhammar.se\\\/blog\\\/wp-content\\\/uploads\\\/2016\\\/01\\\/vykort2011025.jpg\",\"width\":640,\"height\":480},{\"@type\":\"BreadcrumbList\",\"@id\":\"https:\\\/\\\/www.arhammar.se\\\/blog\\\/dramaten-forr-och-nu\\\/#breadcrumb\",\"itemListElement\":[{\"@type\":\"ListItem\",\"position\":1,\"name\":\"Home\",\"item\":\"https:\\\/\\\/www.arhammar.se\\\/blog\\\/\"},{\"@type\":\"ListItem\",\"position\":2,\"name\":\"Dramaten f\u00f6rr och nu\"}]},{\"@type\":\"WebSite\",\"@id\":\"https:\\\/\\\/www.arhammar.se\\\/blog\\\/#website\",\"url\":\"https:\\\/\\\/www.arhammar.se\\\/blog\\\/\",\"name\":\"@Arhammar bokstavligen\",\"description\":\"Fr\u00e5n min penna och panna\",\"potentialAction\":[{\"@type\":\"SearchAction\",\"target\":{\"@type\":\"EntryPoint\",\"urlTemplate\":\"https:\\\/\\\/www.arhammar.se\\\/blog\\\/?s={search_term_string}\"},\"query-input\":{\"@type\":\"PropertyValueSpecification\",\"valueRequired\":true,\"valueName\":\"search_term_string\"}}],\"inLanguage\":\"en-US\"},{\"@type\":\"Person\",\"@id\":\"https:\\\/\\\/www.arhammar.se\\\/blog\\\/#\\\/schema\\\/person\\\/061984c1d884b363e2c91550f2e00d1d\",\"name\":\"Anders Arhammar\",\"image\":{\"@type\":\"ImageObject\",\"inLanguage\":\"en-US\",\"@id\":\"https:\\\/\\\/secure.gravatar.com\\\/avatar\\\/784b5b36cfe145ae19a52340f405285a939bcc08d4a21136b3a81f9e378ffae0?s=96&d=mm&r=g\",\"url\":\"https:\\\/\\\/secure.gravatar.com\\\/avatar\\\/784b5b36cfe145ae19a52340f405285a939bcc08d4a21136b3a81f9e378ffae0?s=96&d=mm&r=g\",\"contentUrl\":\"https:\\\/\\\/secure.gravatar.com\\\/avatar\\\/784b5b36cfe145ae19a52340f405285a939bcc08d4a21136b3a81f9e378ffae0?s=96&d=mm&r=g\",\"caption\":\"Anders Arhammar\"},\"url\":\"https:\\\/\\\/www.arhammar.se\\\/blog\\\/author\\\/anders\\\/\"}]}<\/script>\n<!-- \/ Yoast SEO plugin. -->","yoast_head_json":{"title":"Dramaten f\u00f6rr och nu - @Arhammar bokstavligen","robots":{"index":"index","follow":"follow","max-snippet":"max-snippet:-1","max-image-preview":"max-image-preview:large","max-video-preview":"max-video-preview:-1"},"canonical":"https:\/\/www.arhammar.se\/blog\/dramaten-forr-och-nu\/","og_locale":"en_US","og_type":"article","og_title":"Dramaten f\u00f6rr och nu - @Arhammar bokstavligen","og_description":"Sp\u00e5rvagnen g\u00e5r h\u00e4r igen, l\u00e4ngs Hamngatan. Fiket till v\u00e4nster har fortfarande r\u00f6da markiser, men n\u00e5gon har rivit ner murgr\u00f6nan och det har blivit h\u00f6gertrafik. P\u00e5 Dramaten spelas en och annan ny pj\u00e4s, men de gamla klassikerna h\u00e5ller \u00e4n. Lummigare har det blivit och cyklisten till v\u00e4nster cyklar upp\u00e5t ist\u00e4llet f\u00f6r ner\u00e5t. Fast p\u00e5 samma sida.","og_url":"https:\/\/www.arhammar.se\/blog\/dramaten-forr-och-nu\/","og_site_name":"@Arhammar bokstavligen","article_published_time":"2016-03-20T20:40:41+00:00","og_image":[{"width":640,"height":480,"url":"https:\/\/www.arhammar.se\/blog\/wp-content\/uploads\/2016\/01\/vykort2011025.jpg","type":"image\/jpeg"}],"author":"Anders Arhammar","twitter_card":"summary_large_image","twitter_misc":{"Written by":"Anders Arhammar"},"schema":{"@context":"https:\/\/schema.org","@graph":[{"@type":"Article","@id":"https:\/\/www.arhammar.se\/blog\/dramaten-forr-och-nu\/#article","isPartOf":{"@id":"https:\/\/www.arhammar.se\/blog\/dramaten-forr-och-nu\/"},"author":{"name":"Anders Arhammar","@id":"https:\/\/www.arhammar.se\/blog\/#\/schema\/person\/061984c1d884b363e2c91550f2e00d1d"},"headline":"Dramaten f\u00f6rr och nu","datePublished":"2016-03-20T20:40:41+00:00","mainEntityOfPage":{"@id":"https:\/\/www.arhammar.se\/blog\/dramaten-forr-och-nu\/"},"wordCount":76,"commentCount":0,"image":{"@id":"https:\/\/www.arhammar.se\/blog\/dramaten-forr-och-nu\/#primaryimage"},"thumbnailUrl":"https:\/\/www.arhammar.se\/blog\/wp-content\/uploads\/2016\/01\/vykort2011025.jpg","keywords":["Dramaten. sp\u00e5rvagn"],"articleSection":["blogg100","Dagens vykort"],"inLanguage":"en-US","potentialAction":[{"@type":"CommentAction","name":"Comment","target":["https:\/\/www.arhammar.se\/blog\/dramaten-forr-och-nu\/#respond"]}]},{"@type":"WebPage","@id":"https:\/\/www.arhammar.se\/blog\/dramaten-forr-och-nu\/","url":"https:\/\/www.arhammar.se\/blog\/dramaten-forr-och-nu\/","name":"Dramaten f\u00f6rr och nu - @Arhammar bokstavligen","isPartOf":{"@id":"https:\/\/www.arhammar.se\/blog\/#website"},"primaryImageOfPage":{"@id":"https:\/\/www.arhammar.se\/blog\/dramaten-forr-och-nu\/#primaryimage"},"image":{"@id":"https:\/\/www.arhammar.se\/blog\/dramaten-forr-och-nu\/#primaryimage"},"thumbnailUrl":"https:\/\/www.arhammar.se\/blog\/wp-content\/uploads\/2016\/01\/vykort2011025.jpg","datePublished":"2016-03-20T20:40:41+00:00","author":{"@id":"https:\/\/www.arhammar.se\/blog\/#\/schema\/person\/061984c1d884b363e2c91550f2e00d1d"},"breadcrumb":{"@id":"https:\/\/www.arhammar.se\/blog\/dramaten-forr-och-nu\/#breadcrumb"},"inLanguage":"en-US","potentialAction":[{"@type":"ReadAction","target":["https:\/\/www.arhammar.se\/blog\/dramaten-forr-och-nu\/"]}]},{"@type":"ImageObject","inLanguage":"en-US","@id":"https:\/\/www.arhammar.se\/blog\/dramaten-forr-och-nu\/#primaryimage","url":"https:\/\/www.arhammar.se\/blog\/wp-content\/uploads\/2016\/01\/vykort2011025.jpg","contentUrl":"https:\/\/www.arhammar.se\/blog\/wp-content\/uploads\/2016\/01\/vykort2011025.jpg","width":640,"height":480},{"@type":"BreadcrumbList","@id":"https:\/\/www.arhammar.se\/blog\/dramaten-forr-och-nu\/#breadcrumb","itemListElement":[{"@type":"ListItem","position":1,"name":"Home","item":"https:\/\/www.arhammar.se\/blog\/"},{"@type":"ListItem","position":2,"name":"Dramaten f\u00f6rr och nu"}]},{"@type":"WebSite","@id":"https:\/\/www.arhammar.se\/blog\/#website","url":"https:\/\/www.arhammar.se\/blog\/","name":"@Arhammar bokstavligen","description":"Fr\u00e5n min penna och panna","potentialAction":[{"@type":"SearchAction","target":{"@type":"EntryPoint","urlTemplate":"https:\/\/www.arhammar.se\/blog\/?s={search_term_string}"},"query-input":{"@type":"PropertyValueSpecification","valueRequired":true,"valueName":"search_term_string"}}],"inLanguage":"en-US"},{"@type":"Person","@id":"https:\/\/www.arhammar.se\/blog\/#\/schema\/person\/061984c1d884b363e2c91550f2e00d1d","name":"Anders Arhammar","image":{"@type":"ImageObject","inLanguage":"en-US","@id":"https:\/\/secure.gravatar.com\/avatar\/784b5b36cfe145ae19a52340f405285a939bcc08d4a21136b3a81f9e378ffae0?s=96&d=mm&r=g","url":"https:\/\/secure.gravatar.com\/avatar\/784b5b36cfe145ae19a52340f405285a939bcc08d4a21136b3a81f9e378ffae0?s=96&d=mm&r=g","contentUrl":"https:\/\/secure.gravatar.com\/avatar\/784b5b36cfe145ae19a52340f405285a939bcc08d4a21136b3a81f9e378ffae0?s=96&d=mm&r=g","caption":"Anders Arhammar"},"url":"https:\/\/www.arhammar.se\/blog\/author\/anders\/"}]}},"_links":{"self":[{"href":"https:\/\/www.arhammar.se\/blog\/wp-json\/wp\/v2\/posts\/6013","targetHints":{"allow":["GET"]}}],"collection":[{"href":"https:\/\/www.arhammar.se\/blog\/wp-json\/wp\/v2\/posts"}],"about":[{"href":"https:\/\/www.arhammar.se\/blog\/wp-json\/wp\/v2\/types\/post"}],"author":[{"embeddable":true,"href":"https:\/\/www.arhammar.se\/blog\/wp-json\/wp\/v2\/users\/2"}],"replies":[{"embeddable":true,"href":"https:\/\/www.arhammar.se\/blog\/wp-json\/wp\/v2\/comments?post=6013"}],"version-history":[{"count":0,"href":"https:\/\/www.arhammar.se\/blog\/wp-json\/wp\/v2\/posts\/6013\/revisions"}],"wp:featuredmedia":[{"embeddable":true,"href":"https:\/\/www.arhammar.se\/blog\/wp-json\/wp\/v2\/media\/9428"}],"wp:attachment":[{"href":"https:\/\/www.arhammar.se\/blog\/wp-json\/wp\/v2\/media?parent=6013"}],"wp:term":[{"taxonomy":"category","embeddable":true,"href":"https:\/\/www.arhammar.se\/blog\/wp-json\/wp\/v2\/categories?post=6013"},{"taxonomy":"post_tag","embeddable":true,"href":"https:\/\/www.arhammar.se\/blog\/wp-json\/wp\/v2\/tags?post=6013"}],"curies":[{"name":"wp","href":"https:\/\/api.w.org\/{rel}","templated":true}]}}