{"id":5999,"date":"2016-04-28T21:44:38","date_gmt":"2016-04-28T19:44:38","guid":{"rendered":"http:\/\/www.arhammar.se\/blog\/?p=5999"},"modified":"2016-03-27T17:24:12","modified_gmt":"2016-03-27T15:24:12","slug":"gymnastikovning-infor-berlinolympiaden","status":"publish","type":"post","link":"https:\/\/www.arhammar.se\/blog\/gymnastikovning-infor-berlinolympiaden\/","title":{"rendered":"Gymnastik\u00f6vning inf\u00f6r Berlinolympiaden"},"content":{"rendered":"<p><img decoding=\"async\" src=\"http:\/\/www.arhammar.se\/blog\/wp-photos\/vykort2011002.jpg\"width=\"640\" height=\"420\" alt=\"\" \/><\/p>\n<p>Kortet \u00e4r fr\u00e5n 1936, fr\u00e5n Elsa som \u00e4r en av flickorna som \u00f6var inf\u00f6r invigningen. Sibylla, det \u00e4r v\u00e4l kungens mamma det.<\/p>\n<p><em>En h\u00e4lsning fr\u00e5n Berlin. Vi har det storartat. Tiden r\u00e4cker bara inte till f\u00f6r allt man vill se, och \u00e4nd\u00e5 f\u00e5r vi vara ute till 21. Ig\u00e5r var jag uppe och fl\u00f6g. Fint! Idag ska h\u00e4r vara kafferep f\u00f6r Sibylla. Finskorna \u00e4r just nu ute p\u00e5 planen och \u00f6var sin plastiska gymnastik. H\u00e4lsningar Elsa.<\/em><\/p>\n<p><img decoding=\"async\" src=\"http:\/\/www.arhammar.se\/blog\/wp-photos\/vykort2011002b.jpg\"width=\"640\" height=\"420\" alt=\"\" \/><\/p>\n<!-- AddThis Advanced Settings generic via filter on the_content --><!-- AddThis Share Buttons generic via filter on the_content -->","protected":false},"excerpt":{"rendered":"<p>Kortet \u00e4r fr\u00e5n 1936, fr\u00e5n Elsa som \u00e4r en av flickorna som \u00f6var inf\u00f6r invigningen. Sibylla, det \u00e4r v\u00e4l kungens mamma det. En h\u00e4lsning fr\u00e5n Berlin. Vi har det storartat. Tiden r\u00e4cker bara inte till f\u00f6r allt man vill se, och \u00e4nd\u00e5 f\u00e5r vi vara ute till 21. Ig\u00e5r var jag uppe och fl\u00f6g. Fint! [&hellip;]<!-- AddThis Advanced Settings generic via filter on wp_trim_excerpt --><!-- AddThis Share Buttons generic via filter on wp_trim_excerpt --><\/p>\n","protected":false},"author":2,"featured_media":9424,"comment_status":"open","ping_status":"open","sticky":false,"template":"","format":"standard","meta":{"footnotes":""},"categories":[524,71],"tags":[506,1241,507,505,504],"class_list":["post-5999","post","type-post","status-publish","format-standard","has-post-thumbnail","hentry","category-blogg100-2","category-dagens-vykort","tag-berlinolympiaden","tag-dagens-vykort","tag-gymnastik","tag-kafferep","tag-sibylla"],"yoast_head":"<!-- This site is optimized with the Yoast SEO plugin v27.4 - https:\/\/yoast.com\/product\/yoast-seo-wordpress\/ -->\n<title>Gymnastik\u00f6vning inf\u00f6r Berlinolympiaden - @Arhammar bokstavligen<\/title>\n<meta name=\"robots\" content=\"index, follow, max-snippet:-1, max-image-preview:large, max-video-preview:-1\" \/>\n<link rel=\"canonical\" href=\"https:\/\/www.arhammar.se\/blog\/gymnastikovning-infor-berlinolympiaden\/\" \/>\n<meta property=\"og:locale\" content=\"en_US\" \/>\n<meta property=\"og:type\" content=\"article\" \/>\n<meta property=\"og:title\" content=\"Gymnastik\u00f6vning inf\u00f6r Berlinolympiaden - @Arhammar bokstavligen\" \/>\n<meta property=\"og:description\" content=\"Kortet \u00e4r fr\u00e5n 1936, fr\u00e5n Elsa som \u00e4r en av flickorna som \u00f6var inf\u00f6r invigningen. Sibylla, det \u00e4r v\u00e4l kungens mamma det. En h\u00e4lsning fr\u00e5n Berlin. Vi har det storartat. Tiden r\u00e4cker bara inte till f\u00f6r allt man vill se, och \u00e4nd\u00e5 f\u00e5r vi vara ute till 21. Ig\u00e5r var jag uppe och fl\u00f6g. Fint! [&hellip;]\" \/>\n<meta property=\"og:url\" content=\"https:\/\/www.arhammar.se\/blog\/gymnastikovning-infor-berlinolympiaden\/\" \/>\n<meta property=\"og:site_name\" content=\"@Arhammar bokstavligen\" \/>\n<meta property=\"article:published_time\" content=\"2016-04-28T19:44:38+00:00\" \/>\n<meta property=\"og:image\" content=\"https:\/\/www.arhammar.se\/blog\/wp-content\/uploads\/2016\/01\/vykort2011002.jpg\" \/>\n\t<meta property=\"og:image:width\" content=\"640\" \/>\n\t<meta property=\"og:image:height\" content=\"480\" \/>\n\t<meta property=\"og:image:type\" content=\"image\/jpeg\" \/>\n<meta name=\"author\" content=\"Anders Arhammar\" \/>\n<meta name=\"twitter:card\" content=\"summary_large_image\" \/>\n<meta name=\"twitter:label1\" content=\"Written by\" \/>\n\t<meta name=\"twitter:data1\" content=\"Anders Arhammar\" \/>\n<script type=\"application\/ld+json\" class=\"yoast-schema-graph\">{\"@context\":\"https:\\\/\\\/schema.org\",\"@graph\":[{\"@type\":\"Article\",\"@id\":\"https:\\\/\\\/www.arhammar.se\\\/blog\\\/gymnastikovning-infor-berlinolympiaden\\\/#article\",\"isPartOf\":{\"@id\":\"https:\\\/\\\/www.arhammar.se\\\/blog\\\/gymnastikovning-infor-berlinolympiaden\\\/\"},\"author\":{\"name\":\"Anders Arhammar\",\"@id\":\"https:\\\/\\\/www.arhammar.se\\\/blog\\\/#\\\/schema\\\/person\\\/061984c1d884b363e2c91550f2e00d1d\"},\"headline\":\"Gymnastik\u00f6vning inf\u00f6r Berlinolympiaden\",\"datePublished\":\"2016-04-28T19:44:38+00:00\",\"mainEntityOfPage\":{\"@id\":\"https:\\\/\\\/www.arhammar.se\\\/blog\\\/gymnastikovning-infor-berlinolympiaden\\\/\"},\"wordCount\":93,\"commentCount\":0,\"image\":{\"@id\":\"https:\\\/\\\/www.arhammar.se\\\/blog\\\/gymnastikovning-infor-berlinolympiaden\\\/#primaryimage\"},\"thumbnailUrl\":\"https:\\\/\\\/www.arhammar.se\\\/blog\\\/wp-content\\\/uploads\\\/2016\\\/01\\\/vykort2011002.jpg\",\"keywords\":[\"Berlinolympiaden\",\"Dagens vykort\",\"gymnastik\",\"kafferep\",\"Sibylla\"],\"articleSection\":[\"blogg100\",\"Dagens vykort\"],\"inLanguage\":\"en-US\",\"potentialAction\":[{\"@type\":\"CommentAction\",\"name\":\"Comment\",\"target\":[\"https:\\\/\\\/www.arhammar.se\\\/blog\\\/gymnastikovning-infor-berlinolympiaden\\\/#respond\"]}]},{\"@type\":\"WebPage\",\"@id\":\"https:\\\/\\\/www.arhammar.se\\\/blog\\\/gymnastikovning-infor-berlinolympiaden\\\/\",\"url\":\"https:\\\/\\\/www.arhammar.se\\\/blog\\\/gymnastikovning-infor-berlinolympiaden\\\/\",\"name\":\"Gymnastik\u00f6vning inf\u00f6r Berlinolympiaden - @Arhammar bokstavligen\",\"isPartOf\":{\"@id\":\"https:\\\/\\\/www.arhammar.se\\\/blog\\\/#website\"},\"primaryImageOfPage\":{\"@id\":\"https:\\\/\\\/www.arhammar.se\\\/blog\\\/gymnastikovning-infor-berlinolympiaden\\\/#primaryimage\"},\"image\":{\"@id\":\"https:\\\/\\\/www.arhammar.se\\\/blog\\\/gymnastikovning-infor-berlinolympiaden\\\/#primaryimage\"},\"thumbnailUrl\":\"https:\\\/\\\/www.arhammar.se\\\/blog\\\/wp-content\\\/uploads\\\/2016\\\/01\\\/vykort2011002.jpg\",\"datePublished\":\"2016-04-28T19:44:38+00:00\",\"author\":{\"@id\":\"https:\\\/\\\/www.arhammar.se\\\/blog\\\/#\\\/schema\\\/person\\\/061984c1d884b363e2c91550f2e00d1d\"},\"breadcrumb\":{\"@id\":\"https:\\\/\\\/www.arhammar.se\\\/blog\\\/gymnastikovning-infor-berlinolympiaden\\\/#breadcrumb\"},\"inLanguage\":\"en-US\",\"potentialAction\":[{\"@type\":\"ReadAction\",\"target\":[\"https:\\\/\\\/www.arhammar.se\\\/blog\\\/gymnastikovning-infor-berlinolympiaden\\\/\"]}]},{\"@type\":\"ImageObject\",\"inLanguage\":\"en-US\",\"@id\":\"https:\\\/\\\/www.arhammar.se\\\/blog\\\/gymnastikovning-infor-berlinolympiaden\\\/#primaryimage\",\"url\":\"https:\\\/\\\/www.arhammar.se\\\/blog\\\/wp-content\\\/uploads\\\/2016\\\/01\\\/vykort2011002.jpg\",\"contentUrl\":\"https:\\\/\\\/www.arhammar.se\\\/blog\\\/wp-content\\\/uploads\\\/2016\\\/01\\\/vykort2011002.jpg\",\"width\":640,\"height\":480},{\"@type\":\"BreadcrumbList\",\"@id\":\"https:\\\/\\\/www.arhammar.se\\\/blog\\\/gymnastikovning-infor-berlinolympiaden\\\/#breadcrumb\",\"itemListElement\":[{\"@type\":\"ListItem\",\"position\":1,\"name\":\"Home\",\"item\":\"https:\\\/\\\/www.arhammar.se\\\/blog\\\/\"},{\"@type\":\"ListItem\",\"position\":2,\"name\":\"Gymnastik\u00f6vning inf\u00f6r Berlinolympiaden\"}]},{\"@type\":\"WebSite\",\"@id\":\"https:\\\/\\\/www.arhammar.se\\\/blog\\\/#website\",\"url\":\"https:\\\/\\\/www.arhammar.se\\\/blog\\\/\",\"name\":\"@Arhammar bokstavligen\",\"description\":\"Fr\u00e5n min penna och panna\",\"potentialAction\":[{\"@type\":\"SearchAction\",\"target\":{\"@type\":\"EntryPoint\",\"urlTemplate\":\"https:\\\/\\\/www.arhammar.se\\\/blog\\\/?s={search_term_string}\"},\"query-input\":{\"@type\":\"PropertyValueSpecification\",\"valueRequired\":true,\"valueName\":\"search_term_string\"}}],\"inLanguage\":\"en-US\"},{\"@type\":\"Person\",\"@id\":\"https:\\\/\\\/www.arhammar.se\\\/blog\\\/#\\\/schema\\\/person\\\/061984c1d884b363e2c91550f2e00d1d\",\"name\":\"Anders Arhammar\",\"image\":{\"@type\":\"ImageObject\",\"inLanguage\":\"en-US\",\"@id\":\"https:\\\/\\\/secure.gravatar.com\\\/avatar\\\/784b5b36cfe145ae19a52340f405285a939bcc08d4a21136b3a81f9e378ffae0?s=96&d=mm&r=g\",\"url\":\"https:\\\/\\\/secure.gravatar.com\\\/avatar\\\/784b5b36cfe145ae19a52340f405285a939bcc08d4a21136b3a81f9e378ffae0?s=96&d=mm&r=g\",\"contentUrl\":\"https:\\\/\\\/secure.gravatar.com\\\/avatar\\\/784b5b36cfe145ae19a52340f405285a939bcc08d4a21136b3a81f9e378ffae0?s=96&d=mm&r=g\",\"caption\":\"Anders Arhammar\"},\"url\":\"https:\\\/\\\/www.arhammar.se\\\/blog\\\/author\\\/anders\\\/\"}]}<\/script>\n<!-- \/ Yoast SEO plugin. -->","yoast_head_json":{"title":"Gymnastik\u00f6vning inf\u00f6r Berlinolympiaden - @Arhammar bokstavligen","robots":{"index":"index","follow":"follow","max-snippet":"max-snippet:-1","max-image-preview":"max-image-preview:large","max-video-preview":"max-video-preview:-1"},"canonical":"https:\/\/www.arhammar.se\/blog\/gymnastikovning-infor-berlinolympiaden\/","og_locale":"en_US","og_type":"article","og_title":"Gymnastik\u00f6vning inf\u00f6r Berlinolympiaden - @Arhammar bokstavligen","og_description":"Kortet \u00e4r fr\u00e5n 1936, fr\u00e5n Elsa som \u00e4r en av flickorna som \u00f6var inf\u00f6r invigningen. Sibylla, det \u00e4r v\u00e4l kungens mamma det. En h\u00e4lsning fr\u00e5n Berlin. Vi har det storartat. Tiden r\u00e4cker bara inte till f\u00f6r allt man vill se, och \u00e4nd\u00e5 f\u00e5r vi vara ute till 21. Ig\u00e5r var jag uppe och fl\u00f6g. Fint! [&hellip;]","og_url":"https:\/\/www.arhammar.se\/blog\/gymnastikovning-infor-berlinolympiaden\/","og_site_name":"@Arhammar bokstavligen","article_published_time":"2016-04-28T19:44:38+00:00","og_image":[{"width":640,"height":480,"url":"https:\/\/www.arhammar.se\/blog\/wp-content\/uploads\/2016\/01\/vykort2011002.jpg","type":"image\/jpeg"}],"author":"Anders Arhammar","twitter_card":"summary_large_image","twitter_misc":{"Written by":"Anders Arhammar"},"schema":{"@context":"https:\/\/schema.org","@graph":[{"@type":"Article","@id":"https:\/\/www.arhammar.se\/blog\/gymnastikovning-infor-berlinolympiaden\/#article","isPartOf":{"@id":"https:\/\/www.arhammar.se\/blog\/gymnastikovning-infor-berlinolympiaden\/"},"author":{"name":"Anders Arhammar","@id":"https:\/\/www.arhammar.se\/blog\/#\/schema\/person\/061984c1d884b363e2c91550f2e00d1d"},"headline":"Gymnastik\u00f6vning inf\u00f6r Berlinolympiaden","datePublished":"2016-04-28T19:44:38+00:00","mainEntityOfPage":{"@id":"https:\/\/www.arhammar.se\/blog\/gymnastikovning-infor-berlinolympiaden\/"},"wordCount":93,"commentCount":0,"image":{"@id":"https:\/\/www.arhammar.se\/blog\/gymnastikovning-infor-berlinolympiaden\/#primaryimage"},"thumbnailUrl":"https:\/\/www.arhammar.se\/blog\/wp-content\/uploads\/2016\/01\/vykort2011002.jpg","keywords":["Berlinolympiaden","Dagens vykort","gymnastik","kafferep","Sibylla"],"articleSection":["blogg100","Dagens vykort"],"inLanguage":"en-US","potentialAction":[{"@type":"CommentAction","name":"Comment","target":["https:\/\/www.arhammar.se\/blog\/gymnastikovning-infor-berlinolympiaden\/#respond"]}]},{"@type":"WebPage","@id":"https:\/\/www.arhammar.se\/blog\/gymnastikovning-infor-berlinolympiaden\/","url":"https:\/\/www.arhammar.se\/blog\/gymnastikovning-infor-berlinolympiaden\/","name":"Gymnastik\u00f6vning inf\u00f6r Berlinolympiaden - @Arhammar bokstavligen","isPartOf":{"@id":"https:\/\/www.arhammar.se\/blog\/#website"},"primaryImageOfPage":{"@id":"https:\/\/www.arhammar.se\/blog\/gymnastikovning-infor-berlinolympiaden\/#primaryimage"},"image":{"@id":"https:\/\/www.arhammar.se\/blog\/gymnastikovning-infor-berlinolympiaden\/#primaryimage"},"thumbnailUrl":"https:\/\/www.arhammar.se\/blog\/wp-content\/uploads\/2016\/01\/vykort2011002.jpg","datePublished":"2016-04-28T19:44:38+00:00","author":{"@id":"https:\/\/www.arhammar.se\/blog\/#\/schema\/person\/061984c1d884b363e2c91550f2e00d1d"},"breadcrumb":{"@id":"https:\/\/www.arhammar.se\/blog\/gymnastikovning-infor-berlinolympiaden\/#breadcrumb"},"inLanguage":"en-US","potentialAction":[{"@type":"ReadAction","target":["https:\/\/www.arhammar.se\/blog\/gymnastikovning-infor-berlinolympiaden\/"]}]},{"@type":"ImageObject","inLanguage":"en-US","@id":"https:\/\/www.arhammar.se\/blog\/gymnastikovning-infor-berlinolympiaden\/#primaryimage","url":"https:\/\/www.arhammar.se\/blog\/wp-content\/uploads\/2016\/01\/vykort2011002.jpg","contentUrl":"https:\/\/www.arhammar.se\/blog\/wp-content\/uploads\/2016\/01\/vykort2011002.jpg","width":640,"height":480},{"@type":"BreadcrumbList","@id":"https:\/\/www.arhammar.se\/blog\/gymnastikovning-infor-berlinolympiaden\/#breadcrumb","itemListElement":[{"@type":"ListItem","position":1,"name":"Home","item":"https:\/\/www.arhammar.se\/blog\/"},{"@type":"ListItem","position":2,"name":"Gymnastik\u00f6vning inf\u00f6r Berlinolympiaden"}]},{"@type":"WebSite","@id":"https:\/\/www.arhammar.se\/blog\/#website","url":"https:\/\/www.arhammar.se\/blog\/","name":"@Arhammar bokstavligen","description":"Fr\u00e5n min penna och panna","potentialAction":[{"@type":"SearchAction","target":{"@type":"EntryPoint","urlTemplate":"https:\/\/www.arhammar.se\/blog\/?s={search_term_string}"},"query-input":{"@type":"PropertyValueSpecification","valueRequired":true,"valueName":"search_term_string"}}],"inLanguage":"en-US"},{"@type":"Person","@id":"https:\/\/www.arhammar.se\/blog\/#\/schema\/person\/061984c1d884b363e2c91550f2e00d1d","name":"Anders Arhammar","image":{"@type":"ImageObject","inLanguage":"en-US","@id":"https:\/\/secure.gravatar.com\/avatar\/784b5b36cfe145ae19a52340f405285a939bcc08d4a21136b3a81f9e378ffae0?s=96&d=mm&r=g","url":"https:\/\/secure.gravatar.com\/avatar\/784b5b36cfe145ae19a52340f405285a939bcc08d4a21136b3a81f9e378ffae0?s=96&d=mm&r=g","contentUrl":"https:\/\/secure.gravatar.com\/avatar\/784b5b36cfe145ae19a52340f405285a939bcc08d4a21136b3a81f9e378ffae0?s=96&d=mm&r=g","caption":"Anders Arhammar"},"url":"https:\/\/www.arhammar.se\/blog\/author\/anders\/"}]}},"_links":{"self":[{"href":"https:\/\/www.arhammar.se\/blog\/wp-json\/wp\/v2\/posts\/5999","targetHints":{"allow":["GET"]}}],"collection":[{"href":"https:\/\/www.arhammar.se\/blog\/wp-json\/wp\/v2\/posts"}],"about":[{"href":"https:\/\/www.arhammar.se\/blog\/wp-json\/wp\/v2\/types\/post"}],"author":[{"embeddable":true,"href":"https:\/\/www.arhammar.se\/blog\/wp-json\/wp\/v2\/users\/2"}],"replies":[{"embeddable":true,"href":"https:\/\/www.arhammar.se\/blog\/wp-json\/wp\/v2\/comments?post=5999"}],"version-history":[{"count":0,"href":"https:\/\/www.arhammar.se\/blog\/wp-json\/wp\/v2\/posts\/5999\/revisions"}],"wp:featuredmedia":[{"embeddable":true,"href":"https:\/\/www.arhammar.se\/blog\/wp-json\/wp\/v2\/media\/9424"}],"wp:attachment":[{"href":"https:\/\/www.arhammar.se\/blog\/wp-json\/wp\/v2\/media?parent=5999"}],"wp:term":[{"taxonomy":"category","embeddable":true,"href":"https:\/\/www.arhammar.se\/blog\/wp-json\/wp\/v2\/categories?post=5999"},{"taxonomy":"post_tag","embeddable":true,"href":"https:\/\/www.arhammar.se\/blog\/wp-json\/wp\/v2\/tags?post=5999"}],"curies":[{"name":"wp","href":"https:\/\/api.w.org\/{rel}","templated":true}]}}