{"id":5997,"date":"2016-03-21T21:44:32","date_gmt":"2016-03-21T20:44:32","guid":{"rendered":"http:\/\/www.arhammar.se\/blog\/?p=5997"},"modified":"2016-03-19T17:03:24","modified_gmt":"2016-03-19T16:03:24","slug":"massa-frimarken-fran-nurnberg","status":"publish","type":"post","link":"https:\/\/www.arhammar.se\/blog\/massa-frimarken-fran-nurnberg\/","title":{"rendered":"Massa frim\u00e4rken fr\u00e5n N\u00fcrnberg"},"content":{"rendered":"<p><img decoding=\"async\" src=\"http:\/\/www.arhammar.se\/blog\/wp-photos\/vykort2011007.jpg\"width=\"640\" height=\"420\" alt=\"Nurnberg\"  \/><br \/>\nEtt kort fr\u00e5n N\u00fcrnberg 22 augusti 1936, strax efter olympiaden.<\/p>\n<p><em>Hej Gunnar! H\u00e4r kommer tyska frim\u00e4rken och en h\u00e4lsning fr\u00e5n N\u00fcrnberg till eder alla. Vi \u00e4ro krya och pigga men n\u00e5got brev har jag \u00e4nnu icke orkat med. Tr\u00e5kigt nog \u00e4r resan snart slut. H\u00e4lsningar tant Ann Mari och farbror Eskil.<\/em><\/p>\n<p><img decoding=\"async\" src=\"http:\/\/www.arhammar.se\/blog\/wp-photos\/vykort2011007b.jpg\"width=\"640\" height=\"420\" alt=\"Nurnberg\" \/><\/p>\n<!-- AddThis Advanced Settings generic via filter on the_content --><!-- AddThis Share Buttons generic via filter on the_content -->","protected":false},"excerpt":{"rendered":"<p>Ett kort fr\u00e5n N\u00fcrnberg 22 augusti 1936, strax efter olympiaden. Hej Gunnar! H\u00e4r kommer tyska frim\u00e4rken och en h\u00e4lsning fr\u00e5n N\u00fcrnberg till eder alla. Vi \u00e4ro krya och pigga men n\u00e5got brev har jag \u00e4nnu icke orkat med. Tr\u00e5kigt nog \u00e4r resan snart slut. H\u00e4lsningar tant Ann Mari och farbror Eskil.<!-- AddThis Advanced Settings generic via filter on wp_trim_excerpt --><!-- AddThis Share Buttons generic via filter on wp_trim_excerpt --><\/p>\n","protected":false},"author":2,"featured_media":9422,"comment_status":"open","ping_status":"open","sticky":false,"template":"","format":"standard","meta":{"footnotes":""},"categories":[524,71],"tags":[500,1241,501,499],"class_list":["post-5997","post","type-post","status-publish","format-standard","has-post-thumbnail","hentry","category-blogg100-2","category-dagens-vykort","tag-500","tag-dagens-vykort","tag-frimarken","tag-nurnberg"],"yoast_head":"<!-- This site is optimized with the Yoast SEO plugin v27.4 - https:\/\/yoast.com\/product\/yoast-seo-wordpress\/ -->\n<title>Massa frim\u00e4rken fr\u00e5n N\u00fcrnberg - @Arhammar bokstavligen<\/title>\n<meta name=\"robots\" content=\"index, follow, max-snippet:-1, max-image-preview:large, max-video-preview:-1\" \/>\n<link rel=\"canonical\" href=\"https:\/\/www.arhammar.se\/blog\/massa-frimarken-fran-nurnberg\/\" \/>\n<meta property=\"og:locale\" content=\"en_US\" \/>\n<meta property=\"og:type\" content=\"article\" \/>\n<meta property=\"og:title\" content=\"Massa frim\u00e4rken fr\u00e5n N\u00fcrnberg - @Arhammar bokstavligen\" \/>\n<meta property=\"og:description\" content=\"Ett kort fr\u00e5n N\u00fcrnberg 22 augusti 1936, strax efter olympiaden. Hej Gunnar! H\u00e4r kommer tyska frim\u00e4rken och en h\u00e4lsning fr\u00e5n N\u00fcrnberg till eder alla. Vi \u00e4ro krya och pigga men n\u00e5got brev har jag \u00e4nnu icke orkat med. Tr\u00e5kigt nog \u00e4r resan snart slut. H\u00e4lsningar tant Ann Mari och farbror Eskil.\" \/>\n<meta property=\"og:url\" content=\"https:\/\/www.arhammar.se\/blog\/massa-frimarken-fran-nurnberg\/\" \/>\n<meta property=\"og:site_name\" content=\"@Arhammar bokstavligen\" \/>\n<meta property=\"article:published_time\" content=\"2016-03-21T20:44:32+00:00\" \/>\n<meta property=\"og:image\" content=\"https:\/\/www.arhammar.se\/blog\/wp-content\/uploads\/2016\/01\/vykort2011007.jpg\" \/>\n\t<meta property=\"og:image:width\" content=\"640\" \/>\n\t<meta property=\"og:image:height\" content=\"480\" \/>\n\t<meta property=\"og:image:type\" content=\"image\/jpeg\" \/>\n<meta name=\"author\" content=\"Anders Arhammar\" \/>\n<meta name=\"twitter:card\" content=\"summary_large_image\" \/>\n<meta name=\"twitter:label1\" content=\"Written by\" \/>\n\t<meta name=\"twitter:data1\" content=\"Anders Arhammar\" \/>\n<script type=\"application\/ld+json\" class=\"yoast-schema-graph\">{\"@context\":\"https:\\\/\\\/schema.org\",\"@graph\":[{\"@type\":\"Article\",\"@id\":\"https:\\\/\\\/www.arhammar.se\\\/blog\\\/massa-frimarken-fran-nurnberg\\\/#article\",\"isPartOf\":{\"@id\":\"https:\\\/\\\/www.arhammar.se\\\/blog\\\/massa-frimarken-fran-nurnberg\\\/\"},\"author\":{\"name\":\"Anders Arhammar\",\"@id\":\"https:\\\/\\\/www.arhammar.se\\\/blog\\\/#\\\/schema\\\/person\\\/061984c1d884b363e2c91550f2e00d1d\"},\"headline\":\"Massa frim\u00e4rken fr\u00e5n N\u00fcrnberg\",\"datePublished\":\"2016-03-21T20:44:32+00:00\",\"mainEntityOfPage\":{\"@id\":\"https:\\\/\\\/www.arhammar.se\\\/blog\\\/massa-frimarken-fran-nurnberg\\\/\"},\"wordCount\":66,\"commentCount\":0,\"image\":{\"@id\":\"https:\\\/\\\/www.arhammar.se\\\/blog\\\/massa-frimarken-fran-nurnberg\\\/#primaryimage\"},\"thumbnailUrl\":\"https:\\\/\\\/www.arhammar.se\\\/blog\\\/wp-content\\\/uploads\\\/2016\\\/01\\\/vykort2011007.jpg\",\"keywords\":[\"1936\",\"Dagens vykort\",\"frim\u00e4rken\",\"N\u00fcrnberg\"],\"articleSection\":[\"blogg100\",\"Dagens vykort\"],\"inLanguage\":\"en-US\",\"potentialAction\":[{\"@type\":\"CommentAction\",\"name\":\"Comment\",\"target\":[\"https:\\\/\\\/www.arhammar.se\\\/blog\\\/massa-frimarken-fran-nurnberg\\\/#respond\"]}]},{\"@type\":\"WebPage\",\"@id\":\"https:\\\/\\\/www.arhammar.se\\\/blog\\\/massa-frimarken-fran-nurnberg\\\/\",\"url\":\"https:\\\/\\\/www.arhammar.se\\\/blog\\\/massa-frimarken-fran-nurnberg\\\/\",\"name\":\"Massa frim\u00e4rken fr\u00e5n N\u00fcrnberg - @Arhammar bokstavligen\",\"isPartOf\":{\"@id\":\"https:\\\/\\\/www.arhammar.se\\\/blog\\\/#website\"},\"primaryImageOfPage\":{\"@id\":\"https:\\\/\\\/www.arhammar.se\\\/blog\\\/massa-frimarken-fran-nurnberg\\\/#primaryimage\"},\"image\":{\"@id\":\"https:\\\/\\\/www.arhammar.se\\\/blog\\\/massa-frimarken-fran-nurnberg\\\/#primaryimage\"},\"thumbnailUrl\":\"https:\\\/\\\/www.arhammar.se\\\/blog\\\/wp-content\\\/uploads\\\/2016\\\/01\\\/vykort2011007.jpg\",\"datePublished\":\"2016-03-21T20:44:32+00:00\",\"author\":{\"@id\":\"https:\\\/\\\/www.arhammar.se\\\/blog\\\/#\\\/schema\\\/person\\\/061984c1d884b363e2c91550f2e00d1d\"},\"breadcrumb\":{\"@id\":\"https:\\\/\\\/www.arhammar.se\\\/blog\\\/massa-frimarken-fran-nurnberg\\\/#breadcrumb\"},\"inLanguage\":\"en-US\",\"potentialAction\":[{\"@type\":\"ReadAction\",\"target\":[\"https:\\\/\\\/www.arhammar.se\\\/blog\\\/massa-frimarken-fran-nurnberg\\\/\"]}]},{\"@type\":\"ImageObject\",\"inLanguage\":\"en-US\",\"@id\":\"https:\\\/\\\/www.arhammar.se\\\/blog\\\/massa-frimarken-fran-nurnberg\\\/#primaryimage\",\"url\":\"https:\\\/\\\/www.arhammar.se\\\/blog\\\/wp-content\\\/uploads\\\/2016\\\/01\\\/vykort2011007.jpg\",\"contentUrl\":\"https:\\\/\\\/www.arhammar.se\\\/blog\\\/wp-content\\\/uploads\\\/2016\\\/01\\\/vykort2011007.jpg\",\"width\":640,\"height\":480},{\"@type\":\"BreadcrumbList\",\"@id\":\"https:\\\/\\\/www.arhammar.se\\\/blog\\\/massa-frimarken-fran-nurnberg\\\/#breadcrumb\",\"itemListElement\":[{\"@type\":\"ListItem\",\"position\":1,\"name\":\"Home\",\"item\":\"https:\\\/\\\/www.arhammar.se\\\/blog\\\/\"},{\"@type\":\"ListItem\",\"position\":2,\"name\":\"Massa frim\u00e4rken fr\u00e5n N\u00fcrnberg\"}]},{\"@type\":\"WebSite\",\"@id\":\"https:\\\/\\\/www.arhammar.se\\\/blog\\\/#website\",\"url\":\"https:\\\/\\\/www.arhammar.se\\\/blog\\\/\",\"name\":\"@Arhammar bokstavligen\",\"description\":\"Fr\u00e5n min penna och panna\",\"potentialAction\":[{\"@type\":\"SearchAction\",\"target\":{\"@type\":\"EntryPoint\",\"urlTemplate\":\"https:\\\/\\\/www.arhammar.se\\\/blog\\\/?s={search_term_string}\"},\"query-input\":{\"@type\":\"PropertyValueSpecification\",\"valueRequired\":true,\"valueName\":\"search_term_string\"}}],\"inLanguage\":\"en-US\"},{\"@type\":\"Person\",\"@id\":\"https:\\\/\\\/www.arhammar.se\\\/blog\\\/#\\\/schema\\\/person\\\/061984c1d884b363e2c91550f2e00d1d\",\"name\":\"Anders Arhammar\",\"image\":{\"@type\":\"ImageObject\",\"inLanguage\":\"en-US\",\"@id\":\"https:\\\/\\\/secure.gravatar.com\\\/avatar\\\/784b5b36cfe145ae19a52340f405285a939bcc08d4a21136b3a81f9e378ffae0?s=96&d=mm&r=g\",\"url\":\"https:\\\/\\\/secure.gravatar.com\\\/avatar\\\/784b5b36cfe145ae19a52340f405285a939bcc08d4a21136b3a81f9e378ffae0?s=96&d=mm&r=g\",\"contentUrl\":\"https:\\\/\\\/secure.gravatar.com\\\/avatar\\\/784b5b36cfe145ae19a52340f405285a939bcc08d4a21136b3a81f9e378ffae0?s=96&d=mm&r=g\",\"caption\":\"Anders Arhammar\"},\"url\":\"https:\\\/\\\/www.arhammar.se\\\/blog\\\/author\\\/anders\\\/\"}]}<\/script>\n<!-- \/ Yoast SEO plugin. -->","yoast_head_json":{"title":"Massa frim\u00e4rken fr\u00e5n N\u00fcrnberg - @Arhammar bokstavligen","robots":{"index":"index","follow":"follow","max-snippet":"max-snippet:-1","max-image-preview":"max-image-preview:large","max-video-preview":"max-video-preview:-1"},"canonical":"https:\/\/www.arhammar.se\/blog\/massa-frimarken-fran-nurnberg\/","og_locale":"en_US","og_type":"article","og_title":"Massa frim\u00e4rken fr\u00e5n N\u00fcrnberg - @Arhammar bokstavligen","og_description":"Ett kort fr\u00e5n N\u00fcrnberg 22 augusti 1936, strax efter olympiaden. Hej Gunnar! H\u00e4r kommer tyska frim\u00e4rken och en h\u00e4lsning fr\u00e5n N\u00fcrnberg till eder alla. Vi \u00e4ro krya och pigga men n\u00e5got brev har jag \u00e4nnu icke orkat med. Tr\u00e5kigt nog \u00e4r resan snart slut. H\u00e4lsningar tant Ann Mari och farbror Eskil.","og_url":"https:\/\/www.arhammar.se\/blog\/massa-frimarken-fran-nurnberg\/","og_site_name":"@Arhammar bokstavligen","article_published_time":"2016-03-21T20:44:32+00:00","og_image":[{"width":640,"height":480,"url":"https:\/\/www.arhammar.se\/blog\/wp-content\/uploads\/2016\/01\/vykort2011007.jpg","type":"image\/jpeg"}],"author":"Anders Arhammar","twitter_card":"summary_large_image","twitter_misc":{"Written by":"Anders Arhammar"},"schema":{"@context":"https:\/\/schema.org","@graph":[{"@type":"Article","@id":"https:\/\/www.arhammar.se\/blog\/massa-frimarken-fran-nurnberg\/#article","isPartOf":{"@id":"https:\/\/www.arhammar.se\/blog\/massa-frimarken-fran-nurnberg\/"},"author":{"name":"Anders Arhammar","@id":"https:\/\/www.arhammar.se\/blog\/#\/schema\/person\/061984c1d884b363e2c91550f2e00d1d"},"headline":"Massa frim\u00e4rken fr\u00e5n N\u00fcrnberg","datePublished":"2016-03-21T20:44:32+00:00","mainEntityOfPage":{"@id":"https:\/\/www.arhammar.se\/blog\/massa-frimarken-fran-nurnberg\/"},"wordCount":66,"commentCount":0,"image":{"@id":"https:\/\/www.arhammar.se\/blog\/massa-frimarken-fran-nurnberg\/#primaryimage"},"thumbnailUrl":"https:\/\/www.arhammar.se\/blog\/wp-content\/uploads\/2016\/01\/vykort2011007.jpg","keywords":["1936","Dagens vykort","frim\u00e4rken","N\u00fcrnberg"],"articleSection":["blogg100","Dagens vykort"],"inLanguage":"en-US","potentialAction":[{"@type":"CommentAction","name":"Comment","target":["https:\/\/www.arhammar.se\/blog\/massa-frimarken-fran-nurnberg\/#respond"]}]},{"@type":"WebPage","@id":"https:\/\/www.arhammar.se\/blog\/massa-frimarken-fran-nurnberg\/","url":"https:\/\/www.arhammar.se\/blog\/massa-frimarken-fran-nurnberg\/","name":"Massa frim\u00e4rken fr\u00e5n N\u00fcrnberg - @Arhammar bokstavligen","isPartOf":{"@id":"https:\/\/www.arhammar.se\/blog\/#website"},"primaryImageOfPage":{"@id":"https:\/\/www.arhammar.se\/blog\/massa-frimarken-fran-nurnberg\/#primaryimage"},"image":{"@id":"https:\/\/www.arhammar.se\/blog\/massa-frimarken-fran-nurnberg\/#primaryimage"},"thumbnailUrl":"https:\/\/www.arhammar.se\/blog\/wp-content\/uploads\/2016\/01\/vykort2011007.jpg","datePublished":"2016-03-21T20:44:32+00:00","author":{"@id":"https:\/\/www.arhammar.se\/blog\/#\/schema\/person\/061984c1d884b363e2c91550f2e00d1d"},"breadcrumb":{"@id":"https:\/\/www.arhammar.se\/blog\/massa-frimarken-fran-nurnberg\/#breadcrumb"},"inLanguage":"en-US","potentialAction":[{"@type":"ReadAction","target":["https:\/\/www.arhammar.se\/blog\/massa-frimarken-fran-nurnberg\/"]}]},{"@type":"ImageObject","inLanguage":"en-US","@id":"https:\/\/www.arhammar.se\/blog\/massa-frimarken-fran-nurnberg\/#primaryimage","url":"https:\/\/www.arhammar.se\/blog\/wp-content\/uploads\/2016\/01\/vykort2011007.jpg","contentUrl":"https:\/\/www.arhammar.se\/blog\/wp-content\/uploads\/2016\/01\/vykort2011007.jpg","width":640,"height":480},{"@type":"BreadcrumbList","@id":"https:\/\/www.arhammar.se\/blog\/massa-frimarken-fran-nurnberg\/#breadcrumb","itemListElement":[{"@type":"ListItem","position":1,"name":"Home","item":"https:\/\/www.arhammar.se\/blog\/"},{"@type":"ListItem","position":2,"name":"Massa frim\u00e4rken fr\u00e5n N\u00fcrnberg"}]},{"@type":"WebSite","@id":"https:\/\/www.arhammar.se\/blog\/#website","url":"https:\/\/www.arhammar.se\/blog\/","name":"@Arhammar bokstavligen","description":"Fr\u00e5n min penna och panna","potentialAction":[{"@type":"SearchAction","target":{"@type":"EntryPoint","urlTemplate":"https:\/\/www.arhammar.se\/blog\/?s={search_term_string}"},"query-input":{"@type":"PropertyValueSpecification","valueRequired":true,"valueName":"search_term_string"}}],"inLanguage":"en-US"},{"@type":"Person","@id":"https:\/\/www.arhammar.se\/blog\/#\/schema\/person\/061984c1d884b363e2c91550f2e00d1d","name":"Anders Arhammar","image":{"@type":"ImageObject","inLanguage":"en-US","@id":"https:\/\/secure.gravatar.com\/avatar\/784b5b36cfe145ae19a52340f405285a939bcc08d4a21136b3a81f9e378ffae0?s=96&d=mm&r=g","url":"https:\/\/secure.gravatar.com\/avatar\/784b5b36cfe145ae19a52340f405285a939bcc08d4a21136b3a81f9e378ffae0?s=96&d=mm&r=g","contentUrl":"https:\/\/secure.gravatar.com\/avatar\/784b5b36cfe145ae19a52340f405285a939bcc08d4a21136b3a81f9e378ffae0?s=96&d=mm&r=g","caption":"Anders Arhammar"},"url":"https:\/\/www.arhammar.se\/blog\/author\/anders\/"}]}},"_links":{"self":[{"href":"https:\/\/www.arhammar.se\/blog\/wp-json\/wp\/v2\/posts\/5997","targetHints":{"allow":["GET"]}}],"collection":[{"href":"https:\/\/www.arhammar.se\/blog\/wp-json\/wp\/v2\/posts"}],"about":[{"href":"https:\/\/www.arhammar.se\/blog\/wp-json\/wp\/v2\/types\/post"}],"author":[{"embeddable":true,"href":"https:\/\/www.arhammar.se\/blog\/wp-json\/wp\/v2\/users\/2"}],"replies":[{"embeddable":true,"href":"https:\/\/www.arhammar.se\/blog\/wp-json\/wp\/v2\/comments?post=5997"}],"version-history":[{"count":0,"href":"https:\/\/www.arhammar.se\/blog\/wp-json\/wp\/v2\/posts\/5997\/revisions"}],"wp:featuredmedia":[{"embeddable":true,"href":"https:\/\/www.arhammar.se\/blog\/wp-json\/wp\/v2\/media\/9422"}],"wp:attachment":[{"href":"https:\/\/www.arhammar.se\/blog\/wp-json\/wp\/v2\/media?parent=5997"}],"wp:term":[{"taxonomy":"category","embeddable":true,"href":"https:\/\/www.arhammar.se\/blog\/wp-json\/wp\/v2\/categories?post=5997"},{"taxonomy":"post_tag","embeddable":true,"href":"https:\/\/www.arhammar.se\/blog\/wp-json\/wp\/v2\/tags?post=5997"}],"curies":[{"name":"wp","href":"https:\/\/api.w.org\/{rel}","templated":true}]}}