{"id":5975,"date":"2012-04-29T14:46:46","date_gmt":"2012-04-29T12:46:46","guid":{"rendered":"http:\/\/www.arhammar.se\/blog\/?p=5975"},"modified":"2016-03-27T11:52:24","modified_gmt":"2016-03-27T09:52:24","slug":"operan-vid-grandhotel","status":"publish","type":"post","link":"https:\/\/www.arhammar.se\/blog\/operan-vid-grandhotel\/","title":{"rendered":"Operan vid Grandhotel"},"content":{"rendered":"<p><img decoding=\"async\" src=\"http:\/\/www.arhammar.se\/blog\/wp-photos\/_2119252.jpg\"width=\"640\" height=\"430\" alt=\"\" \/><\/p>\n<p>\u00c4nnu ett lite nyare vykort, denna g\u00e5ng fr\u00e5n sent 1970-tal. Det skulle inte kunna tas idag, eftersom det \u00e4r otroligt st\u00f6kigt p\u00e5 platsen, f\u00f6r att inte s\u00e4ga direkt fult, med byggbaracker och oordnad trafik. Men n\u00e4r det gamla vykortet skymmer det nya kaoset, d\u00e5 blir det riktigt vackert. Och bilarna sen! Rej\u00e4lt fyrkantiga f\u00f6rutom VW bubblan i mitten. <\/p>\n<!-- AddThis Advanced Settings generic via filter on the_content --><!-- AddThis Share Buttons generic via filter on the_content -->","protected":false},"excerpt":{"rendered":"<p>\u00c4nnu ett lite nyare vykort, denna g\u00e5ng fr\u00e5n sent 1970-tal. Det skulle inte kunna tas idag, eftersom det \u00e4r otroligt st\u00f6kigt p\u00e5 platsen, f\u00f6r att inte s\u00e4ga direkt fult, med byggbaracker och oordnad trafik. Men n\u00e4r det gamla vykortet skymmer det nya kaoset, d\u00e5 blir det riktigt vackert. Och bilarna sen! Rej\u00e4lt fyrkantiga f\u00f6rutom VW [&hellip;]<!-- AddThis Advanced Settings generic via filter on wp_trim_excerpt --><!-- AddThis Share Buttons generic via filter on wp_trim_excerpt --><\/p>\n","protected":false},"author":2,"featured_media":9411,"comment_status":"open","ping_status":"open","sticky":false,"template":"","format":"standard","meta":{"footnotes":""},"categories":[71,97],"tags":[1476,2607,1243,485],"class_list":["post-5975","post","type-post","status-publish","format-standard","has-post-thumbnail","hentry","category-dagens-vykort","category-stockholm","tag-operan","tag-st-jakobs-kyrka","tag-stockholm","tag-vykort"],"yoast_head":"<!-- This site is optimized with the Yoast SEO plugin v27.4 - https:\/\/yoast.com\/product\/yoast-seo-wordpress\/ -->\n<title>Operan vid Grandhotel - @Arhammar bokstavligen<\/title>\n<meta name=\"robots\" content=\"index, follow, max-snippet:-1, max-image-preview:large, max-video-preview:-1\" \/>\n<link rel=\"canonical\" href=\"https:\/\/www.arhammar.se\/blog\/operan-vid-grandhotel\/\" \/>\n<meta property=\"og:locale\" content=\"en_US\" \/>\n<meta property=\"og:type\" content=\"article\" \/>\n<meta property=\"og:title\" content=\"Operan vid Grandhotel - @Arhammar bokstavligen\" \/>\n<meta property=\"og:description\" content=\"\u00c4nnu ett lite nyare vykort, denna g\u00e5ng fr\u00e5n sent 1970-tal. Det skulle inte kunna tas idag, eftersom det \u00e4r otroligt st\u00f6kigt p\u00e5 platsen, f\u00f6r att inte s\u00e4ga direkt fult, med byggbaracker och oordnad trafik. Men n\u00e4r det gamla vykortet skymmer det nya kaoset, d\u00e5 blir det riktigt vackert. Och bilarna sen! Rej\u00e4lt fyrkantiga f\u00f6rutom VW [&hellip;]\" \/>\n<meta property=\"og:url\" content=\"https:\/\/www.arhammar.se\/blog\/operan-vid-grandhotel\/\" \/>\n<meta property=\"og:site_name\" content=\"@Arhammar bokstavligen\" \/>\n<meta property=\"article:published_time\" content=\"2012-04-29T12:46:46+00:00\" \/>\n<meta property=\"article:modified_time\" content=\"2016-03-27T09:52:24+00:00\" \/>\n<meta property=\"og:image\" content=\"https:\/\/www.arhammar.se\/blog\/wp-content\/uploads\/2016\/01\/2119252.jpg\" \/>\n\t<meta property=\"og:image:width\" content=\"640\" \/>\n\t<meta property=\"og:image:height\" content=\"480\" \/>\n\t<meta property=\"og:image:type\" content=\"image\/jpeg\" \/>\n<meta name=\"author\" content=\"Anders Arhammar\" \/>\n<meta name=\"twitter:card\" content=\"summary_large_image\" \/>\n<meta name=\"twitter:label1\" content=\"Written by\" \/>\n\t<meta name=\"twitter:data1\" content=\"Anders Arhammar\" \/>\n<script type=\"application\/ld+json\" class=\"yoast-schema-graph\">{\"@context\":\"https:\\\/\\\/schema.org\",\"@graph\":[{\"@type\":\"Article\",\"@id\":\"https:\\\/\\\/www.arhammar.se\\\/blog\\\/operan-vid-grandhotel\\\/#article\",\"isPartOf\":{\"@id\":\"https:\\\/\\\/www.arhammar.se\\\/blog\\\/operan-vid-grandhotel\\\/\"},\"author\":{\"name\":\"Anders Arhammar\",\"@id\":\"https:\\\/\\\/www.arhammar.se\\\/blog\\\/#\\\/schema\\\/person\\\/061984c1d884b363e2c91550f2e00d1d\"},\"headline\":\"Operan vid Grandhotel\",\"datePublished\":\"2012-04-29T12:46:46+00:00\",\"dateModified\":\"2016-03-27T09:52:24+00:00\",\"mainEntityOfPage\":{\"@id\":\"https:\\\/\\\/www.arhammar.se\\\/blog\\\/operan-vid-grandhotel\\\/\"},\"wordCount\":69,\"commentCount\":0,\"image\":{\"@id\":\"https:\\\/\\\/www.arhammar.se\\\/blog\\\/operan-vid-grandhotel\\\/#primaryimage\"},\"thumbnailUrl\":\"https:\\\/\\\/www.arhammar.se\\\/blog\\\/wp-content\\\/uploads\\\/2016\\\/01\\\/2119252.jpg\",\"keywords\":[\"operan\",\"St jakobs kyrka\",\"Stockholm\",\"vykort\"],\"articleSection\":[\"Dagens vykort\",\"Stockholm\"],\"inLanguage\":\"en-US\",\"potentialAction\":[{\"@type\":\"CommentAction\",\"name\":\"Comment\",\"target\":[\"https:\\\/\\\/www.arhammar.se\\\/blog\\\/operan-vid-grandhotel\\\/#respond\"]}]},{\"@type\":\"WebPage\",\"@id\":\"https:\\\/\\\/www.arhammar.se\\\/blog\\\/operan-vid-grandhotel\\\/\",\"url\":\"https:\\\/\\\/www.arhammar.se\\\/blog\\\/operan-vid-grandhotel\\\/\",\"name\":\"Operan vid Grandhotel - @Arhammar bokstavligen\",\"isPartOf\":{\"@id\":\"https:\\\/\\\/www.arhammar.se\\\/blog\\\/#website\"},\"primaryImageOfPage\":{\"@id\":\"https:\\\/\\\/www.arhammar.se\\\/blog\\\/operan-vid-grandhotel\\\/#primaryimage\"},\"image\":{\"@id\":\"https:\\\/\\\/www.arhammar.se\\\/blog\\\/operan-vid-grandhotel\\\/#primaryimage\"},\"thumbnailUrl\":\"https:\\\/\\\/www.arhammar.se\\\/blog\\\/wp-content\\\/uploads\\\/2016\\\/01\\\/2119252.jpg\",\"datePublished\":\"2012-04-29T12:46:46+00:00\",\"dateModified\":\"2016-03-27T09:52:24+00:00\",\"author\":{\"@id\":\"https:\\\/\\\/www.arhammar.se\\\/blog\\\/#\\\/schema\\\/person\\\/061984c1d884b363e2c91550f2e00d1d\"},\"breadcrumb\":{\"@id\":\"https:\\\/\\\/www.arhammar.se\\\/blog\\\/operan-vid-grandhotel\\\/#breadcrumb\"},\"inLanguage\":\"en-US\",\"potentialAction\":[{\"@type\":\"ReadAction\",\"target\":[\"https:\\\/\\\/www.arhammar.se\\\/blog\\\/operan-vid-grandhotel\\\/\"]}]},{\"@type\":\"ImageObject\",\"inLanguage\":\"en-US\",\"@id\":\"https:\\\/\\\/www.arhammar.se\\\/blog\\\/operan-vid-grandhotel\\\/#primaryimage\",\"url\":\"https:\\\/\\\/www.arhammar.se\\\/blog\\\/wp-content\\\/uploads\\\/2016\\\/01\\\/2119252.jpg\",\"contentUrl\":\"https:\\\/\\\/www.arhammar.se\\\/blog\\\/wp-content\\\/uploads\\\/2016\\\/01\\\/2119252.jpg\",\"width\":640,\"height\":480},{\"@type\":\"BreadcrumbList\",\"@id\":\"https:\\\/\\\/www.arhammar.se\\\/blog\\\/operan-vid-grandhotel\\\/#breadcrumb\",\"itemListElement\":[{\"@type\":\"ListItem\",\"position\":1,\"name\":\"Home\",\"item\":\"https:\\\/\\\/www.arhammar.se\\\/blog\\\/\"},{\"@type\":\"ListItem\",\"position\":2,\"name\":\"Operan vid Grandhotel\"}]},{\"@type\":\"WebSite\",\"@id\":\"https:\\\/\\\/www.arhammar.se\\\/blog\\\/#website\",\"url\":\"https:\\\/\\\/www.arhammar.se\\\/blog\\\/\",\"name\":\"@Arhammar bokstavligen\",\"description\":\"Fr\u00e5n min penna och panna\",\"potentialAction\":[{\"@type\":\"SearchAction\",\"target\":{\"@type\":\"EntryPoint\",\"urlTemplate\":\"https:\\\/\\\/www.arhammar.se\\\/blog\\\/?s={search_term_string}\"},\"query-input\":{\"@type\":\"PropertyValueSpecification\",\"valueRequired\":true,\"valueName\":\"search_term_string\"}}],\"inLanguage\":\"en-US\"},{\"@type\":\"Person\",\"@id\":\"https:\\\/\\\/www.arhammar.se\\\/blog\\\/#\\\/schema\\\/person\\\/061984c1d884b363e2c91550f2e00d1d\",\"name\":\"Anders Arhammar\",\"image\":{\"@type\":\"ImageObject\",\"inLanguage\":\"en-US\",\"@id\":\"https:\\\/\\\/secure.gravatar.com\\\/avatar\\\/784b5b36cfe145ae19a52340f405285a939bcc08d4a21136b3a81f9e378ffae0?s=96&d=mm&r=g\",\"url\":\"https:\\\/\\\/secure.gravatar.com\\\/avatar\\\/784b5b36cfe145ae19a52340f405285a939bcc08d4a21136b3a81f9e378ffae0?s=96&d=mm&r=g\",\"contentUrl\":\"https:\\\/\\\/secure.gravatar.com\\\/avatar\\\/784b5b36cfe145ae19a52340f405285a939bcc08d4a21136b3a81f9e378ffae0?s=96&d=mm&r=g\",\"caption\":\"Anders Arhammar\"},\"url\":\"https:\\\/\\\/www.arhammar.se\\\/blog\\\/author\\\/anders\\\/\"}]}<\/script>\n<!-- \/ Yoast SEO plugin. -->","yoast_head_json":{"title":"Operan vid Grandhotel - @Arhammar bokstavligen","robots":{"index":"index","follow":"follow","max-snippet":"max-snippet:-1","max-image-preview":"max-image-preview:large","max-video-preview":"max-video-preview:-1"},"canonical":"https:\/\/www.arhammar.se\/blog\/operan-vid-grandhotel\/","og_locale":"en_US","og_type":"article","og_title":"Operan vid Grandhotel - @Arhammar bokstavligen","og_description":"\u00c4nnu ett lite nyare vykort, denna g\u00e5ng fr\u00e5n sent 1970-tal. Det skulle inte kunna tas idag, eftersom det \u00e4r otroligt st\u00f6kigt p\u00e5 platsen, f\u00f6r att inte s\u00e4ga direkt fult, med byggbaracker och oordnad trafik. Men n\u00e4r det gamla vykortet skymmer det nya kaoset, d\u00e5 blir det riktigt vackert. Och bilarna sen! Rej\u00e4lt fyrkantiga f\u00f6rutom VW [&hellip;]","og_url":"https:\/\/www.arhammar.se\/blog\/operan-vid-grandhotel\/","og_site_name":"@Arhammar bokstavligen","article_published_time":"2012-04-29T12:46:46+00:00","article_modified_time":"2016-03-27T09:52:24+00:00","og_image":[{"width":640,"height":480,"url":"https:\/\/www.arhammar.se\/blog\/wp-content\/uploads\/2016\/01\/2119252.jpg","type":"image\/jpeg"}],"author":"Anders Arhammar","twitter_card":"summary_large_image","twitter_misc":{"Written by":"Anders Arhammar"},"schema":{"@context":"https:\/\/schema.org","@graph":[{"@type":"Article","@id":"https:\/\/www.arhammar.se\/blog\/operan-vid-grandhotel\/#article","isPartOf":{"@id":"https:\/\/www.arhammar.se\/blog\/operan-vid-grandhotel\/"},"author":{"name":"Anders Arhammar","@id":"https:\/\/www.arhammar.se\/blog\/#\/schema\/person\/061984c1d884b363e2c91550f2e00d1d"},"headline":"Operan vid Grandhotel","datePublished":"2012-04-29T12:46:46+00:00","dateModified":"2016-03-27T09:52:24+00:00","mainEntityOfPage":{"@id":"https:\/\/www.arhammar.se\/blog\/operan-vid-grandhotel\/"},"wordCount":69,"commentCount":0,"image":{"@id":"https:\/\/www.arhammar.se\/blog\/operan-vid-grandhotel\/#primaryimage"},"thumbnailUrl":"https:\/\/www.arhammar.se\/blog\/wp-content\/uploads\/2016\/01\/2119252.jpg","keywords":["operan","St jakobs kyrka","Stockholm","vykort"],"articleSection":["Dagens vykort","Stockholm"],"inLanguage":"en-US","potentialAction":[{"@type":"CommentAction","name":"Comment","target":["https:\/\/www.arhammar.se\/blog\/operan-vid-grandhotel\/#respond"]}]},{"@type":"WebPage","@id":"https:\/\/www.arhammar.se\/blog\/operan-vid-grandhotel\/","url":"https:\/\/www.arhammar.se\/blog\/operan-vid-grandhotel\/","name":"Operan vid Grandhotel - @Arhammar bokstavligen","isPartOf":{"@id":"https:\/\/www.arhammar.se\/blog\/#website"},"primaryImageOfPage":{"@id":"https:\/\/www.arhammar.se\/blog\/operan-vid-grandhotel\/#primaryimage"},"image":{"@id":"https:\/\/www.arhammar.se\/blog\/operan-vid-grandhotel\/#primaryimage"},"thumbnailUrl":"https:\/\/www.arhammar.se\/blog\/wp-content\/uploads\/2016\/01\/2119252.jpg","datePublished":"2012-04-29T12:46:46+00:00","dateModified":"2016-03-27T09:52:24+00:00","author":{"@id":"https:\/\/www.arhammar.se\/blog\/#\/schema\/person\/061984c1d884b363e2c91550f2e00d1d"},"breadcrumb":{"@id":"https:\/\/www.arhammar.se\/blog\/operan-vid-grandhotel\/#breadcrumb"},"inLanguage":"en-US","potentialAction":[{"@type":"ReadAction","target":["https:\/\/www.arhammar.se\/blog\/operan-vid-grandhotel\/"]}]},{"@type":"ImageObject","inLanguage":"en-US","@id":"https:\/\/www.arhammar.se\/blog\/operan-vid-grandhotel\/#primaryimage","url":"https:\/\/www.arhammar.se\/blog\/wp-content\/uploads\/2016\/01\/2119252.jpg","contentUrl":"https:\/\/www.arhammar.se\/blog\/wp-content\/uploads\/2016\/01\/2119252.jpg","width":640,"height":480},{"@type":"BreadcrumbList","@id":"https:\/\/www.arhammar.se\/blog\/operan-vid-grandhotel\/#breadcrumb","itemListElement":[{"@type":"ListItem","position":1,"name":"Home","item":"https:\/\/www.arhammar.se\/blog\/"},{"@type":"ListItem","position":2,"name":"Operan vid Grandhotel"}]},{"@type":"WebSite","@id":"https:\/\/www.arhammar.se\/blog\/#website","url":"https:\/\/www.arhammar.se\/blog\/","name":"@Arhammar bokstavligen","description":"Fr\u00e5n min penna och panna","potentialAction":[{"@type":"SearchAction","target":{"@type":"EntryPoint","urlTemplate":"https:\/\/www.arhammar.se\/blog\/?s={search_term_string}"},"query-input":{"@type":"PropertyValueSpecification","valueRequired":true,"valueName":"search_term_string"}}],"inLanguage":"en-US"},{"@type":"Person","@id":"https:\/\/www.arhammar.se\/blog\/#\/schema\/person\/061984c1d884b363e2c91550f2e00d1d","name":"Anders Arhammar","image":{"@type":"ImageObject","inLanguage":"en-US","@id":"https:\/\/secure.gravatar.com\/avatar\/784b5b36cfe145ae19a52340f405285a939bcc08d4a21136b3a81f9e378ffae0?s=96&d=mm&r=g","url":"https:\/\/secure.gravatar.com\/avatar\/784b5b36cfe145ae19a52340f405285a939bcc08d4a21136b3a81f9e378ffae0?s=96&d=mm&r=g","contentUrl":"https:\/\/secure.gravatar.com\/avatar\/784b5b36cfe145ae19a52340f405285a939bcc08d4a21136b3a81f9e378ffae0?s=96&d=mm&r=g","caption":"Anders Arhammar"},"url":"https:\/\/www.arhammar.se\/blog\/author\/anders\/"}]}},"_links":{"self":[{"href":"https:\/\/www.arhammar.se\/blog\/wp-json\/wp\/v2\/posts\/5975","targetHints":{"allow":["GET"]}}],"collection":[{"href":"https:\/\/www.arhammar.se\/blog\/wp-json\/wp\/v2\/posts"}],"about":[{"href":"https:\/\/www.arhammar.se\/blog\/wp-json\/wp\/v2\/types\/post"}],"author":[{"embeddable":true,"href":"https:\/\/www.arhammar.se\/blog\/wp-json\/wp\/v2\/users\/2"}],"replies":[{"embeddable":true,"href":"https:\/\/www.arhammar.se\/blog\/wp-json\/wp\/v2\/comments?post=5975"}],"version-history":[{"count":0,"href":"https:\/\/www.arhammar.se\/blog\/wp-json\/wp\/v2\/posts\/5975\/revisions"}],"wp:featuredmedia":[{"embeddable":true,"href":"https:\/\/www.arhammar.se\/blog\/wp-json\/wp\/v2\/media\/9411"}],"wp:attachment":[{"href":"https:\/\/www.arhammar.se\/blog\/wp-json\/wp\/v2\/media?parent=5975"}],"wp:term":[{"taxonomy":"category","embeddable":true,"href":"https:\/\/www.arhammar.se\/blog\/wp-json\/wp\/v2\/categories?post=5975"},{"taxonomy":"post_tag","embeddable":true,"href":"https:\/\/www.arhammar.se\/blog\/wp-json\/wp\/v2\/tags?post=5975"}],"curies":[{"name":"wp","href":"https:\/\/api.w.org\/{rel}","templated":true}]}}