{"id":578,"date":"2008-05-08T12:41:57","date_gmt":"2008-05-08T10:41:57","guid":{"rendered":"http:\/\/www.arhammar.se\/blog\/?p=578"},"modified":"2016-05-08T08:38:42","modified_gmt":"2016-05-08T06:38:42","slug":"blommande-trad-i-dubbel-mening","status":"publish","type":"post","link":"https:\/\/www.arhammar.se\/blog\/blommande-trad-i-dubbel-mening\/","title":{"rendered":"Blommande tr\u00e4d i dubbel mening"},"content":{"rendered":"<p><img decoding=\"async\" src=\"http:\/\/www.arhammar.se\/blog\/wp-photos\/20080508026.jpg\"width=\"640\" height=\"420\" alt=\"\" \/><\/p>\n<p>Idag var Hannes, hans mamma och jag och tittade p\u00e5 hans nya skola. P\u00e5 skolg\u00e5rden st\u00e5r ett stort, blommande tr\u00e4d. Det \u00e4r d\u00e5 nostalgin kryper innanf\u00f6r skinnet, och bilder fr\u00e5n barndomens skolmognadsprov i Huvudsta skola poppar upp. Jag var j\u00e4ttenerv\u00f6s att inte h\u00f6ra bra n\u00e4r min h\u00f6rsel testades. Men det hade jag inte beh\u00f6vt vara, jag b\u00f6rjade aldrig i den skolan utan i Renen i \u00d6vik med Edit \u00d6stman som l\u00e4rare. D\u00e5 var jag ett blommande tr\u00e4d, nu \u00e4r det Hannes som blommar och ska b\u00e4ra frukt. Hoppas han f\u00e5r g\u00e5 i skolor med goda tr\u00e4dg\u00e5rdsm\u00e4stare.<\/p>\n<!-- AddThis Advanced Settings generic via filter on the_content --><!-- AddThis Share Buttons generic via filter on the_content -->","protected":false},"excerpt":{"rendered":"<p>Idag var Hannes, hans mamma och jag och tittade p\u00e5 hans nya skola. P\u00e5 skolg\u00e5rden st\u00e5r ett stort, blommande tr\u00e4d. Det \u00e4r d\u00e5 nostalgin kryper innanf\u00f6r skinnet, och bilder fr\u00e5n barndomens skolmognadsprov i Huvudsta skola poppar upp. Jag var j\u00e4ttenerv\u00f6s att inte h\u00f6ra bra n\u00e4r min h\u00f6rsel testades. Men det hade jag inte beh\u00f6vt vara, [&hellip;]<!-- AddThis Advanced Settings generic via filter on wp_trim_excerpt --><!-- AddThis Share Buttons generic via filter on wp_trim_excerpt --><\/p>\n","protected":false},"author":2,"featured_media":8091,"comment_status":"open","ping_status":"open","sticky":false,"template":"","format":"standard","meta":{"footnotes":""},"categories":[17],"tags":[67,65,66,64],"class_list":["post-578","post","type-post","status-publish","format-standard","has-post-thumbnail","hentry","category-mobilt08","tag-o-vik","tag-huvudsta-skola","tag-renen","tag-tradblomning"],"yoast_head":"<!-- This site is optimized with the Yoast SEO plugin v27.4 - https:\/\/yoast.com\/product\/yoast-seo-wordpress\/ -->\n<title>Blommande tr\u00e4d i dubbel mening - @Arhammar bokstavligen<\/title>\n<meta name=\"robots\" content=\"index, follow, max-snippet:-1, max-image-preview:large, max-video-preview:-1\" \/>\n<link rel=\"canonical\" href=\"https:\/\/www.arhammar.se\/blog\/blommande-trad-i-dubbel-mening\/\" \/>\n<meta property=\"og:locale\" content=\"en_US\" \/>\n<meta property=\"og:type\" content=\"article\" \/>\n<meta property=\"og:title\" content=\"Blommande tr\u00e4d i dubbel mening - @Arhammar bokstavligen\" \/>\n<meta property=\"og:description\" content=\"Idag var Hannes, hans mamma och jag och tittade p\u00e5 hans nya skola. P\u00e5 skolg\u00e5rden st\u00e5r ett stort, blommande tr\u00e4d. Det \u00e4r d\u00e5 nostalgin kryper innanf\u00f6r skinnet, och bilder fr\u00e5n barndomens skolmognadsprov i Huvudsta skola poppar upp. Jag var j\u00e4ttenerv\u00f6s att inte h\u00f6ra bra n\u00e4r min h\u00f6rsel testades. Men det hade jag inte beh\u00f6vt vara, [&hellip;]\" \/>\n<meta property=\"og:url\" content=\"https:\/\/www.arhammar.se\/blog\/blommande-trad-i-dubbel-mening\/\" \/>\n<meta property=\"og:site_name\" content=\"@Arhammar bokstavligen\" \/>\n<meta property=\"article:published_time\" content=\"2008-05-08T10:41:57+00:00\" \/>\n<meta property=\"article:modified_time\" content=\"2016-05-08T06:38:42+00:00\" \/>\n<meta property=\"og:image\" content=\"https:\/\/www.arhammar.se\/blog\/wp-content\/uploads\/2016\/01\/20080508026.jpg\" \/>\n\t<meta property=\"og:image:width\" content=\"640\" \/>\n\t<meta property=\"og:image:height\" content=\"480\" \/>\n\t<meta property=\"og:image:type\" content=\"image\/jpeg\" \/>\n<meta name=\"author\" content=\"Anders Arhammar\" \/>\n<meta name=\"twitter:card\" content=\"summary_large_image\" \/>\n<meta name=\"twitter:label1\" content=\"Written by\" \/>\n\t<meta name=\"twitter:data1\" content=\"Anders Arhammar\" \/>\n\t<meta name=\"twitter:label2\" content=\"Est. reading time\" \/>\n\t<meta name=\"twitter:data2\" content=\"1 minute\" \/>\n<script type=\"application\/ld+json\" class=\"yoast-schema-graph\">{\"@context\":\"https:\\\/\\\/schema.org\",\"@graph\":[{\"@type\":\"Article\",\"@id\":\"https:\\\/\\\/www.arhammar.se\\\/blog\\\/blommande-trad-i-dubbel-mening\\\/#article\",\"isPartOf\":{\"@id\":\"https:\\\/\\\/www.arhammar.se\\\/blog\\\/blommande-trad-i-dubbel-mening\\\/\"},\"author\":{\"name\":\"Anders Arhammar\",\"@id\":\"https:\\\/\\\/www.arhammar.se\\\/blog\\\/#\\\/schema\\\/person\\\/061984c1d884b363e2c91550f2e00d1d\"},\"headline\":\"Blommande tr\u00e4d i dubbel mening\",\"datePublished\":\"2008-05-08T10:41:57+00:00\",\"dateModified\":\"2016-05-08T06:38:42+00:00\",\"mainEntityOfPage\":{\"@id\":\"https:\\\/\\\/www.arhammar.se\\\/blog\\\/blommande-trad-i-dubbel-mening\\\/\"},\"wordCount\":121,\"commentCount\":1,\"image\":{\"@id\":\"https:\\\/\\\/www.arhammar.se\\\/blog\\\/blommande-trad-i-dubbel-mening\\\/#primaryimage\"},\"thumbnailUrl\":\"https:\\\/\\\/www.arhammar.se\\\/blog\\\/wp-content\\\/uploads\\\/2016\\\/01\\\/20080508026.jpg\",\"keywords\":[\"\u00d6-vik\",\"Huvudsta skola\",\"Renen\",\"Tr\u00e4dblomning\"],\"articleSection\":[\"Mobil blogg 08\"],\"inLanguage\":\"en-US\",\"potentialAction\":[{\"@type\":\"CommentAction\",\"name\":\"Comment\",\"target\":[\"https:\\\/\\\/www.arhammar.se\\\/blog\\\/blommande-trad-i-dubbel-mening\\\/#respond\"]}]},{\"@type\":\"WebPage\",\"@id\":\"https:\\\/\\\/www.arhammar.se\\\/blog\\\/blommande-trad-i-dubbel-mening\\\/\",\"url\":\"https:\\\/\\\/www.arhammar.se\\\/blog\\\/blommande-trad-i-dubbel-mening\\\/\",\"name\":\"Blommande tr\u00e4d i dubbel mening - @Arhammar bokstavligen\",\"isPartOf\":{\"@id\":\"https:\\\/\\\/www.arhammar.se\\\/blog\\\/#website\"},\"primaryImageOfPage\":{\"@id\":\"https:\\\/\\\/www.arhammar.se\\\/blog\\\/blommande-trad-i-dubbel-mening\\\/#primaryimage\"},\"image\":{\"@id\":\"https:\\\/\\\/www.arhammar.se\\\/blog\\\/blommande-trad-i-dubbel-mening\\\/#primaryimage\"},\"thumbnailUrl\":\"https:\\\/\\\/www.arhammar.se\\\/blog\\\/wp-content\\\/uploads\\\/2016\\\/01\\\/20080508026.jpg\",\"datePublished\":\"2008-05-08T10:41:57+00:00\",\"dateModified\":\"2016-05-08T06:38:42+00:00\",\"author\":{\"@id\":\"https:\\\/\\\/www.arhammar.se\\\/blog\\\/#\\\/schema\\\/person\\\/061984c1d884b363e2c91550f2e00d1d\"},\"breadcrumb\":{\"@id\":\"https:\\\/\\\/www.arhammar.se\\\/blog\\\/blommande-trad-i-dubbel-mening\\\/#breadcrumb\"},\"inLanguage\":\"en-US\",\"potentialAction\":[{\"@type\":\"ReadAction\",\"target\":[\"https:\\\/\\\/www.arhammar.se\\\/blog\\\/blommande-trad-i-dubbel-mening\\\/\"]}]},{\"@type\":\"ImageObject\",\"inLanguage\":\"en-US\",\"@id\":\"https:\\\/\\\/www.arhammar.se\\\/blog\\\/blommande-trad-i-dubbel-mening\\\/#primaryimage\",\"url\":\"https:\\\/\\\/www.arhammar.se\\\/blog\\\/wp-content\\\/uploads\\\/2016\\\/01\\\/20080508026.jpg\",\"contentUrl\":\"https:\\\/\\\/www.arhammar.se\\\/blog\\\/wp-content\\\/uploads\\\/2016\\\/01\\\/20080508026.jpg\",\"width\":640,\"height\":480},{\"@type\":\"BreadcrumbList\",\"@id\":\"https:\\\/\\\/www.arhammar.se\\\/blog\\\/blommande-trad-i-dubbel-mening\\\/#breadcrumb\",\"itemListElement\":[{\"@type\":\"ListItem\",\"position\":1,\"name\":\"Home\",\"item\":\"https:\\\/\\\/www.arhammar.se\\\/blog\\\/\"},{\"@type\":\"ListItem\",\"position\":2,\"name\":\"Blommande tr\u00e4d i dubbel mening\"}]},{\"@type\":\"WebSite\",\"@id\":\"https:\\\/\\\/www.arhammar.se\\\/blog\\\/#website\",\"url\":\"https:\\\/\\\/www.arhammar.se\\\/blog\\\/\",\"name\":\"@Arhammar bokstavligen\",\"description\":\"Fr\u00e5n min penna och panna\",\"potentialAction\":[{\"@type\":\"SearchAction\",\"target\":{\"@type\":\"EntryPoint\",\"urlTemplate\":\"https:\\\/\\\/www.arhammar.se\\\/blog\\\/?s={search_term_string}\"},\"query-input\":{\"@type\":\"PropertyValueSpecification\",\"valueRequired\":true,\"valueName\":\"search_term_string\"}}],\"inLanguage\":\"en-US\"},{\"@type\":\"Person\",\"@id\":\"https:\\\/\\\/www.arhammar.se\\\/blog\\\/#\\\/schema\\\/person\\\/061984c1d884b363e2c91550f2e00d1d\",\"name\":\"Anders Arhammar\",\"image\":{\"@type\":\"ImageObject\",\"inLanguage\":\"en-US\",\"@id\":\"https:\\\/\\\/secure.gravatar.com\\\/avatar\\\/784b5b36cfe145ae19a52340f405285a939bcc08d4a21136b3a81f9e378ffae0?s=96&d=mm&r=g\",\"url\":\"https:\\\/\\\/secure.gravatar.com\\\/avatar\\\/784b5b36cfe145ae19a52340f405285a939bcc08d4a21136b3a81f9e378ffae0?s=96&d=mm&r=g\",\"contentUrl\":\"https:\\\/\\\/secure.gravatar.com\\\/avatar\\\/784b5b36cfe145ae19a52340f405285a939bcc08d4a21136b3a81f9e378ffae0?s=96&d=mm&r=g\",\"caption\":\"Anders Arhammar\"},\"url\":\"https:\\\/\\\/www.arhammar.se\\\/blog\\\/author\\\/anders\\\/\"}]}<\/script>\n<!-- \/ Yoast SEO plugin. -->","yoast_head_json":{"title":"Blommande tr\u00e4d i dubbel mening - @Arhammar bokstavligen","robots":{"index":"index","follow":"follow","max-snippet":"max-snippet:-1","max-image-preview":"max-image-preview:large","max-video-preview":"max-video-preview:-1"},"canonical":"https:\/\/www.arhammar.se\/blog\/blommande-trad-i-dubbel-mening\/","og_locale":"en_US","og_type":"article","og_title":"Blommande tr\u00e4d i dubbel mening - @Arhammar bokstavligen","og_description":"Idag var Hannes, hans mamma och jag och tittade p\u00e5 hans nya skola. P\u00e5 skolg\u00e5rden st\u00e5r ett stort, blommande tr\u00e4d. Det \u00e4r d\u00e5 nostalgin kryper innanf\u00f6r skinnet, och bilder fr\u00e5n barndomens skolmognadsprov i Huvudsta skola poppar upp. Jag var j\u00e4ttenerv\u00f6s att inte h\u00f6ra bra n\u00e4r min h\u00f6rsel testades. Men det hade jag inte beh\u00f6vt vara, [&hellip;]","og_url":"https:\/\/www.arhammar.se\/blog\/blommande-trad-i-dubbel-mening\/","og_site_name":"@Arhammar bokstavligen","article_published_time":"2008-05-08T10:41:57+00:00","article_modified_time":"2016-05-08T06:38:42+00:00","og_image":[{"width":640,"height":480,"url":"https:\/\/www.arhammar.se\/blog\/wp-content\/uploads\/2016\/01\/20080508026.jpg","type":"image\/jpeg"}],"author":"Anders Arhammar","twitter_card":"summary_large_image","twitter_misc":{"Written by":"Anders Arhammar","Est. reading time":"1 minute"},"schema":{"@context":"https:\/\/schema.org","@graph":[{"@type":"Article","@id":"https:\/\/www.arhammar.se\/blog\/blommande-trad-i-dubbel-mening\/#article","isPartOf":{"@id":"https:\/\/www.arhammar.se\/blog\/blommande-trad-i-dubbel-mening\/"},"author":{"name":"Anders Arhammar","@id":"https:\/\/www.arhammar.se\/blog\/#\/schema\/person\/061984c1d884b363e2c91550f2e00d1d"},"headline":"Blommande tr\u00e4d i dubbel mening","datePublished":"2008-05-08T10:41:57+00:00","dateModified":"2016-05-08T06:38:42+00:00","mainEntityOfPage":{"@id":"https:\/\/www.arhammar.se\/blog\/blommande-trad-i-dubbel-mening\/"},"wordCount":121,"commentCount":1,"image":{"@id":"https:\/\/www.arhammar.se\/blog\/blommande-trad-i-dubbel-mening\/#primaryimage"},"thumbnailUrl":"https:\/\/www.arhammar.se\/blog\/wp-content\/uploads\/2016\/01\/20080508026.jpg","keywords":["\u00d6-vik","Huvudsta skola","Renen","Tr\u00e4dblomning"],"articleSection":["Mobil blogg 08"],"inLanguage":"en-US","potentialAction":[{"@type":"CommentAction","name":"Comment","target":["https:\/\/www.arhammar.se\/blog\/blommande-trad-i-dubbel-mening\/#respond"]}]},{"@type":"WebPage","@id":"https:\/\/www.arhammar.se\/blog\/blommande-trad-i-dubbel-mening\/","url":"https:\/\/www.arhammar.se\/blog\/blommande-trad-i-dubbel-mening\/","name":"Blommande tr\u00e4d i dubbel mening - @Arhammar bokstavligen","isPartOf":{"@id":"https:\/\/www.arhammar.se\/blog\/#website"},"primaryImageOfPage":{"@id":"https:\/\/www.arhammar.se\/blog\/blommande-trad-i-dubbel-mening\/#primaryimage"},"image":{"@id":"https:\/\/www.arhammar.se\/blog\/blommande-trad-i-dubbel-mening\/#primaryimage"},"thumbnailUrl":"https:\/\/www.arhammar.se\/blog\/wp-content\/uploads\/2016\/01\/20080508026.jpg","datePublished":"2008-05-08T10:41:57+00:00","dateModified":"2016-05-08T06:38:42+00:00","author":{"@id":"https:\/\/www.arhammar.se\/blog\/#\/schema\/person\/061984c1d884b363e2c91550f2e00d1d"},"breadcrumb":{"@id":"https:\/\/www.arhammar.se\/blog\/blommande-trad-i-dubbel-mening\/#breadcrumb"},"inLanguage":"en-US","potentialAction":[{"@type":"ReadAction","target":["https:\/\/www.arhammar.se\/blog\/blommande-trad-i-dubbel-mening\/"]}]},{"@type":"ImageObject","inLanguage":"en-US","@id":"https:\/\/www.arhammar.se\/blog\/blommande-trad-i-dubbel-mening\/#primaryimage","url":"https:\/\/www.arhammar.se\/blog\/wp-content\/uploads\/2016\/01\/20080508026.jpg","contentUrl":"https:\/\/www.arhammar.se\/blog\/wp-content\/uploads\/2016\/01\/20080508026.jpg","width":640,"height":480},{"@type":"BreadcrumbList","@id":"https:\/\/www.arhammar.se\/blog\/blommande-trad-i-dubbel-mening\/#breadcrumb","itemListElement":[{"@type":"ListItem","position":1,"name":"Home","item":"https:\/\/www.arhammar.se\/blog\/"},{"@type":"ListItem","position":2,"name":"Blommande tr\u00e4d i dubbel mening"}]},{"@type":"WebSite","@id":"https:\/\/www.arhammar.se\/blog\/#website","url":"https:\/\/www.arhammar.se\/blog\/","name":"@Arhammar bokstavligen","description":"Fr\u00e5n min penna och panna","potentialAction":[{"@type":"SearchAction","target":{"@type":"EntryPoint","urlTemplate":"https:\/\/www.arhammar.se\/blog\/?s={search_term_string}"},"query-input":{"@type":"PropertyValueSpecification","valueRequired":true,"valueName":"search_term_string"}}],"inLanguage":"en-US"},{"@type":"Person","@id":"https:\/\/www.arhammar.se\/blog\/#\/schema\/person\/061984c1d884b363e2c91550f2e00d1d","name":"Anders Arhammar","image":{"@type":"ImageObject","inLanguage":"en-US","@id":"https:\/\/secure.gravatar.com\/avatar\/784b5b36cfe145ae19a52340f405285a939bcc08d4a21136b3a81f9e378ffae0?s=96&d=mm&r=g","url":"https:\/\/secure.gravatar.com\/avatar\/784b5b36cfe145ae19a52340f405285a939bcc08d4a21136b3a81f9e378ffae0?s=96&d=mm&r=g","contentUrl":"https:\/\/secure.gravatar.com\/avatar\/784b5b36cfe145ae19a52340f405285a939bcc08d4a21136b3a81f9e378ffae0?s=96&d=mm&r=g","caption":"Anders Arhammar"},"url":"https:\/\/www.arhammar.se\/blog\/author\/anders\/"}]}},"_links":{"self":[{"href":"https:\/\/www.arhammar.se\/blog\/wp-json\/wp\/v2\/posts\/578","targetHints":{"allow":["GET"]}}],"collection":[{"href":"https:\/\/www.arhammar.se\/blog\/wp-json\/wp\/v2\/posts"}],"about":[{"href":"https:\/\/www.arhammar.se\/blog\/wp-json\/wp\/v2\/types\/post"}],"author":[{"embeddable":true,"href":"https:\/\/www.arhammar.se\/blog\/wp-json\/wp\/v2\/users\/2"}],"replies":[{"embeddable":true,"href":"https:\/\/www.arhammar.se\/blog\/wp-json\/wp\/v2\/comments?post=578"}],"version-history":[{"count":0,"href":"https:\/\/www.arhammar.se\/blog\/wp-json\/wp\/v2\/posts\/578\/revisions"}],"wp:featuredmedia":[{"embeddable":true,"href":"https:\/\/www.arhammar.se\/blog\/wp-json\/wp\/v2\/media\/8091"}],"wp:attachment":[{"href":"https:\/\/www.arhammar.se\/blog\/wp-json\/wp\/v2\/media?parent=578"}],"wp:term":[{"taxonomy":"category","embeddable":true,"href":"https:\/\/www.arhammar.se\/blog\/wp-json\/wp\/v2\/categories?post=578"},{"taxonomy":"post_tag","embeddable":true,"href":"https:\/\/www.arhammar.se\/blog\/wp-json\/wp\/v2\/tags?post=578"}],"curies":[{"name":"wp","href":"https:\/\/api.w.org\/{rel}","templated":true}]}}