{"id":5271,"date":"2010-07-19T10:51:22","date_gmt":"2010-07-19T08:51:22","guid":{"rendered":"http:\/\/www.arhammar.se\/blog\/?p=5271"},"modified":"2020-03-12T22:48:59","modified_gmt":"2020-03-12T21:48:59","slug":"prylhornan-julsleven-mitt-i-sommaren","status":"publish","type":"post","link":"https:\/\/www.arhammar.se\/blog\/prylhornan-julsleven-mitt-i-sommaren\/","title":{"rendered":"Prylh\u00f6rnan: Julsleven mitt i sommaren"},"content":{"rendered":"<p><img decoding=\"async\" src=\"http:\/\/www.arhammar.se\/blog\/wp-photos\/_2096209.jpg\"width=\"640\" height=\"420\" alt=\"julslev\" \/><\/p>\n<p>Den lilla julsleven med kulan i handtaget poppar upp s\u00e5 h\u00e4r lite off season, som ur intet. Den \u00e4r garanterat oanv\u00e4nd i decennier, f\u00f6r vad ska man ha den till? Men \u00e4nd\u00e5 finns den. Jag tror att den brukar ligga lite sporadiskt bredvid n\u00f6tsk\u00e5len de jular som vi hittar den. Julen 2011 ser ut som ett bra tillf\u00e4lle att \u00e5ter f\u00e5 vara lite i rampljuset.<\/p>\n<!-- AddThis Advanced Settings generic via filter on the_content --><!-- AddThis Share Buttons generic via filter on the_content -->","protected":false},"excerpt":{"rendered":"<p>Den lilla julsleven med kulan i handtaget poppar upp s\u00e5 h\u00e4r lite off season, som ur intet. Den \u00e4r garanterat oanv\u00e4nd i decennier, f\u00f6r vad ska man ha den till? Men \u00e4nd\u00e5 finns den. Jag tror att den brukar ligga lite sporadiskt bredvid n\u00f6tsk\u00e5len de jular som vi hittar den. Julen 2011 ser ut som [&hellip;]<!-- AddThis Advanced Settings generic via filter on wp_trim_excerpt --><!-- AddThis Share Buttons generic via filter on wp_trim_excerpt --><\/p>\n","protected":false},"author":2,"featured_media":9226,"comment_status":"open","ping_status":"open","sticky":false,"template":"","format":"standard","meta":{"footnotes":""},"categories":[794],"tags":[341,1754],"class_list":["post-5271","post","type-post","status-publish","format-standard","has-post-thumbnail","hentry","category-prylhornan-2","tag-jul","tag-slev"],"yoast_head":"<!-- This site is optimized with the Yoast SEO plugin v27.4 - https:\/\/yoast.com\/product\/yoast-seo-wordpress\/ -->\n<title>Prylh\u00f6rnan: Julsleven mitt i sommaren - @Arhammar bokstavligen<\/title>\n<meta name=\"robots\" content=\"index, follow, max-snippet:-1, max-image-preview:large, max-video-preview:-1\" \/>\n<link rel=\"canonical\" href=\"https:\/\/www.arhammar.se\/blog\/prylhornan-julsleven-mitt-i-sommaren\/\" \/>\n<meta property=\"og:locale\" content=\"en_US\" \/>\n<meta property=\"og:type\" content=\"article\" \/>\n<meta property=\"og:title\" content=\"Prylh\u00f6rnan: Julsleven mitt i sommaren - @Arhammar bokstavligen\" \/>\n<meta property=\"og:description\" content=\"Den lilla julsleven med kulan i handtaget poppar upp s\u00e5 h\u00e4r lite off season, som ur intet. Den \u00e4r garanterat oanv\u00e4nd i decennier, f\u00f6r vad ska man ha den till? Men \u00e4nd\u00e5 finns den. Jag tror att den brukar ligga lite sporadiskt bredvid n\u00f6tsk\u00e5len de jular som vi hittar den. Julen 2011 ser ut som [&hellip;]\" \/>\n<meta property=\"og:url\" content=\"https:\/\/www.arhammar.se\/blog\/prylhornan-julsleven-mitt-i-sommaren\/\" \/>\n<meta property=\"og:site_name\" content=\"@Arhammar bokstavligen\" \/>\n<meta property=\"article:published_time\" content=\"2010-07-19T08:51:22+00:00\" \/>\n<meta property=\"article:modified_time\" content=\"2020-03-12T21:48:59+00:00\" \/>\n<meta property=\"og:image\" content=\"https:\/\/www.arhammar.se\/blog\/wp-content\/uploads\/2016\/01\/2096209.jpg\" \/>\n\t<meta property=\"og:image:width\" content=\"425\" \/>\n\t<meta property=\"og:image:height\" content=\"285\" \/>\n\t<meta property=\"og:image:type\" content=\"image\/jpeg\" \/>\n<meta name=\"author\" content=\"Anders Arhammar\" \/>\n<meta name=\"twitter:card\" content=\"summary_large_image\" \/>\n<meta name=\"twitter:label1\" content=\"Written by\" \/>\n\t<meta name=\"twitter:data1\" content=\"Anders Arhammar\" \/>\n<script type=\"application\/ld+json\" class=\"yoast-schema-graph\">{\"@context\":\"https:\\\/\\\/schema.org\",\"@graph\":[{\"@type\":\"Article\",\"@id\":\"https:\\\/\\\/www.arhammar.se\\\/blog\\\/prylhornan-julsleven-mitt-i-sommaren\\\/#article\",\"isPartOf\":{\"@id\":\"https:\\\/\\\/www.arhammar.se\\\/blog\\\/prylhornan-julsleven-mitt-i-sommaren\\\/\"},\"author\":{\"name\":\"Anders Arhammar\",\"@id\":\"https:\\\/\\\/www.arhammar.se\\\/blog\\\/#\\\/schema\\\/person\\\/061984c1d884b363e2c91550f2e00d1d\"},\"headline\":\"Prylh\u00f6rnan: Julsleven mitt i sommaren\",\"datePublished\":\"2010-07-19T08:51:22+00:00\",\"dateModified\":\"2020-03-12T21:48:59+00:00\",\"mainEntityOfPage\":{\"@id\":\"https:\\\/\\\/www.arhammar.se\\\/blog\\\/prylhornan-julsleven-mitt-i-sommaren\\\/\"},\"wordCount\":76,\"commentCount\":0,\"image\":{\"@id\":\"https:\\\/\\\/www.arhammar.se\\\/blog\\\/prylhornan-julsleven-mitt-i-sommaren\\\/#primaryimage\"},\"thumbnailUrl\":\"https:\\\/\\\/www.arhammar.se\\\/blog\\\/wp-content\\\/uploads\\\/2016\\\/01\\\/2096209.jpg\",\"keywords\":[\"Jul\",\"slev\"],\"articleSection\":[\"Prylh\u00f6rnan\"],\"inLanguage\":\"en-US\",\"potentialAction\":[{\"@type\":\"CommentAction\",\"name\":\"Comment\",\"target\":[\"https:\\\/\\\/www.arhammar.se\\\/blog\\\/prylhornan-julsleven-mitt-i-sommaren\\\/#respond\"]}]},{\"@type\":\"WebPage\",\"@id\":\"https:\\\/\\\/www.arhammar.se\\\/blog\\\/prylhornan-julsleven-mitt-i-sommaren\\\/\",\"url\":\"https:\\\/\\\/www.arhammar.se\\\/blog\\\/prylhornan-julsleven-mitt-i-sommaren\\\/\",\"name\":\"Prylh\u00f6rnan: Julsleven mitt i sommaren - @Arhammar bokstavligen\",\"isPartOf\":{\"@id\":\"https:\\\/\\\/www.arhammar.se\\\/blog\\\/#website\"},\"primaryImageOfPage\":{\"@id\":\"https:\\\/\\\/www.arhammar.se\\\/blog\\\/prylhornan-julsleven-mitt-i-sommaren\\\/#primaryimage\"},\"image\":{\"@id\":\"https:\\\/\\\/www.arhammar.se\\\/blog\\\/prylhornan-julsleven-mitt-i-sommaren\\\/#primaryimage\"},\"thumbnailUrl\":\"https:\\\/\\\/www.arhammar.se\\\/blog\\\/wp-content\\\/uploads\\\/2016\\\/01\\\/2096209.jpg\",\"datePublished\":\"2010-07-19T08:51:22+00:00\",\"dateModified\":\"2020-03-12T21:48:59+00:00\",\"author\":{\"@id\":\"https:\\\/\\\/www.arhammar.se\\\/blog\\\/#\\\/schema\\\/person\\\/061984c1d884b363e2c91550f2e00d1d\"},\"breadcrumb\":{\"@id\":\"https:\\\/\\\/www.arhammar.se\\\/blog\\\/prylhornan-julsleven-mitt-i-sommaren\\\/#breadcrumb\"},\"inLanguage\":\"en-US\",\"potentialAction\":[{\"@type\":\"ReadAction\",\"target\":[\"https:\\\/\\\/www.arhammar.se\\\/blog\\\/prylhornan-julsleven-mitt-i-sommaren\\\/\"]}]},{\"@type\":\"ImageObject\",\"inLanguage\":\"en-US\",\"@id\":\"https:\\\/\\\/www.arhammar.se\\\/blog\\\/prylhornan-julsleven-mitt-i-sommaren\\\/#primaryimage\",\"url\":\"https:\\\/\\\/www.arhammar.se\\\/blog\\\/wp-content\\\/uploads\\\/2016\\\/01\\\/2096209.jpg\",\"contentUrl\":\"https:\\\/\\\/www.arhammar.se\\\/blog\\\/wp-content\\\/uploads\\\/2016\\\/01\\\/2096209.jpg\",\"width\":425,\"height\":285},{\"@type\":\"BreadcrumbList\",\"@id\":\"https:\\\/\\\/www.arhammar.se\\\/blog\\\/prylhornan-julsleven-mitt-i-sommaren\\\/#breadcrumb\",\"itemListElement\":[{\"@type\":\"ListItem\",\"position\":1,\"name\":\"Home\",\"item\":\"https:\\\/\\\/www.arhammar.se\\\/blog\\\/\"},{\"@type\":\"ListItem\",\"position\":2,\"name\":\"Prylh\u00f6rnan: Julsleven mitt i sommaren\"}]},{\"@type\":\"WebSite\",\"@id\":\"https:\\\/\\\/www.arhammar.se\\\/blog\\\/#website\",\"url\":\"https:\\\/\\\/www.arhammar.se\\\/blog\\\/\",\"name\":\"@Arhammar bokstavligen\",\"description\":\"Fr\u00e5n min penna och panna\",\"potentialAction\":[{\"@type\":\"SearchAction\",\"target\":{\"@type\":\"EntryPoint\",\"urlTemplate\":\"https:\\\/\\\/www.arhammar.se\\\/blog\\\/?s={search_term_string}\"},\"query-input\":{\"@type\":\"PropertyValueSpecification\",\"valueRequired\":true,\"valueName\":\"search_term_string\"}}],\"inLanguage\":\"en-US\"},{\"@type\":\"Person\",\"@id\":\"https:\\\/\\\/www.arhammar.se\\\/blog\\\/#\\\/schema\\\/person\\\/061984c1d884b363e2c91550f2e00d1d\",\"name\":\"Anders Arhammar\",\"image\":{\"@type\":\"ImageObject\",\"inLanguage\":\"en-US\",\"@id\":\"https:\\\/\\\/secure.gravatar.com\\\/avatar\\\/784b5b36cfe145ae19a52340f405285a939bcc08d4a21136b3a81f9e378ffae0?s=96&d=mm&r=g\",\"url\":\"https:\\\/\\\/secure.gravatar.com\\\/avatar\\\/784b5b36cfe145ae19a52340f405285a939bcc08d4a21136b3a81f9e378ffae0?s=96&d=mm&r=g\",\"contentUrl\":\"https:\\\/\\\/secure.gravatar.com\\\/avatar\\\/784b5b36cfe145ae19a52340f405285a939bcc08d4a21136b3a81f9e378ffae0?s=96&d=mm&r=g\",\"caption\":\"Anders Arhammar\"},\"url\":\"https:\\\/\\\/www.arhammar.se\\\/blog\\\/author\\\/anders\\\/\"}]}<\/script>\n<!-- \/ Yoast SEO plugin. -->","yoast_head_json":{"title":"Prylh\u00f6rnan: Julsleven mitt i sommaren - @Arhammar bokstavligen","robots":{"index":"index","follow":"follow","max-snippet":"max-snippet:-1","max-image-preview":"max-image-preview:large","max-video-preview":"max-video-preview:-1"},"canonical":"https:\/\/www.arhammar.se\/blog\/prylhornan-julsleven-mitt-i-sommaren\/","og_locale":"en_US","og_type":"article","og_title":"Prylh\u00f6rnan: Julsleven mitt i sommaren - @Arhammar bokstavligen","og_description":"Den lilla julsleven med kulan i handtaget poppar upp s\u00e5 h\u00e4r lite off season, som ur intet. Den \u00e4r garanterat oanv\u00e4nd i decennier, f\u00f6r vad ska man ha den till? Men \u00e4nd\u00e5 finns den. Jag tror att den brukar ligga lite sporadiskt bredvid n\u00f6tsk\u00e5len de jular som vi hittar den. Julen 2011 ser ut som [&hellip;]","og_url":"https:\/\/www.arhammar.se\/blog\/prylhornan-julsleven-mitt-i-sommaren\/","og_site_name":"@Arhammar bokstavligen","article_published_time":"2010-07-19T08:51:22+00:00","article_modified_time":"2020-03-12T21:48:59+00:00","og_image":[{"width":425,"height":285,"url":"https:\/\/www.arhammar.se\/blog\/wp-content\/uploads\/2016\/01\/2096209.jpg","type":"image\/jpeg"}],"author":"Anders Arhammar","twitter_card":"summary_large_image","twitter_misc":{"Written by":"Anders Arhammar"},"schema":{"@context":"https:\/\/schema.org","@graph":[{"@type":"Article","@id":"https:\/\/www.arhammar.se\/blog\/prylhornan-julsleven-mitt-i-sommaren\/#article","isPartOf":{"@id":"https:\/\/www.arhammar.se\/blog\/prylhornan-julsleven-mitt-i-sommaren\/"},"author":{"name":"Anders Arhammar","@id":"https:\/\/www.arhammar.se\/blog\/#\/schema\/person\/061984c1d884b363e2c91550f2e00d1d"},"headline":"Prylh\u00f6rnan: Julsleven mitt i sommaren","datePublished":"2010-07-19T08:51:22+00:00","dateModified":"2020-03-12T21:48:59+00:00","mainEntityOfPage":{"@id":"https:\/\/www.arhammar.se\/blog\/prylhornan-julsleven-mitt-i-sommaren\/"},"wordCount":76,"commentCount":0,"image":{"@id":"https:\/\/www.arhammar.se\/blog\/prylhornan-julsleven-mitt-i-sommaren\/#primaryimage"},"thumbnailUrl":"https:\/\/www.arhammar.se\/blog\/wp-content\/uploads\/2016\/01\/2096209.jpg","keywords":["Jul","slev"],"articleSection":["Prylh\u00f6rnan"],"inLanguage":"en-US","potentialAction":[{"@type":"CommentAction","name":"Comment","target":["https:\/\/www.arhammar.se\/blog\/prylhornan-julsleven-mitt-i-sommaren\/#respond"]}]},{"@type":"WebPage","@id":"https:\/\/www.arhammar.se\/blog\/prylhornan-julsleven-mitt-i-sommaren\/","url":"https:\/\/www.arhammar.se\/blog\/prylhornan-julsleven-mitt-i-sommaren\/","name":"Prylh\u00f6rnan: Julsleven mitt i sommaren - @Arhammar bokstavligen","isPartOf":{"@id":"https:\/\/www.arhammar.se\/blog\/#website"},"primaryImageOfPage":{"@id":"https:\/\/www.arhammar.se\/blog\/prylhornan-julsleven-mitt-i-sommaren\/#primaryimage"},"image":{"@id":"https:\/\/www.arhammar.se\/blog\/prylhornan-julsleven-mitt-i-sommaren\/#primaryimage"},"thumbnailUrl":"https:\/\/www.arhammar.se\/blog\/wp-content\/uploads\/2016\/01\/2096209.jpg","datePublished":"2010-07-19T08:51:22+00:00","dateModified":"2020-03-12T21:48:59+00:00","author":{"@id":"https:\/\/www.arhammar.se\/blog\/#\/schema\/person\/061984c1d884b363e2c91550f2e00d1d"},"breadcrumb":{"@id":"https:\/\/www.arhammar.se\/blog\/prylhornan-julsleven-mitt-i-sommaren\/#breadcrumb"},"inLanguage":"en-US","potentialAction":[{"@type":"ReadAction","target":["https:\/\/www.arhammar.se\/blog\/prylhornan-julsleven-mitt-i-sommaren\/"]}]},{"@type":"ImageObject","inLanguage":"en-US","@id":"https:\/\/www.arhammar.se\/blog\/prylhornan-julsleven-mitt-i-sommaren\/#primaryimage","url":"https:\/\/www.arhammar.se\/blog\/wp-content\/uploads\/2016\/01\/2096209.jpg","contentUrl":"https:\/\/www.arhammar.se\/blog\/wp-content\/uploads\/2016\/01\/2096209.jpg","width":425,"height":285},{"@type":"BreadcrumbList","@id":"https:\/\/www.arhammar.se\/blog\/prylhornan-julsleven-mitt-i-sommaren\/#breadcrumb","itemListElement":[{"@type":"ListItem","position":1,"name":"Home","item":"https:\/\/www.arhammar.se\/blog\/"},{"@type":"ListItem","position":2,"name":"Prylh\u00f6rnan: Julsleven mitt i sommaren"}]},{"@type":"WebSite","@id":"https:\/\/www.arhammar.se\/blog\/#website","url":"https:\/\/www.arhammar.se\/blog\/","name":"@Arhammar bokstavligen","description":"Fr\u00e5n min penna och panna","potentialAction":[{"@type":"SearchAction","target":{"@type":"EntryPoint","urlTemplate":"https:\/\/www.arhammar.se\/blog\/?s={search_term_string}"},"query-input":{"@type":"PropertyValueSpecification","valueRequired":true,"valueName":"search_term_string"}}],"inLanguage":"en-US"},{"@type":"Person","@id":"https:\/\/www.arhammar.se\/blog\/#\/schema\/person\/061984c1d884b363e2c91550f2e00d1d","name":"Anders Arhammar","image":{"@type":"ImageObject","inLanguage":"en-US","@id":"https:\/\/secure.gravatar.com\/avatar\/784b5b36cfe145ae19a52340f405285a939bcc08d4a21136b3a81f9e378ffae0?s=96&d=mm&r=g","url":"https:\/\/secure.gravatar.com\/avatar\/784b5b36cfe145ae19a52340f405285a939bcc08d4a21136b3a81f9e378ffae0?s=96&d=mm&r=g","contentUrl":"https:\/\/secure.gravatar.com\/avatar\/784b5b36cfe145ae19a52340f405285a939bcc08d4a21136b3a81f9e378ffae0?s=96&d=mm&r=g","caption":"Anders Arhammar"},"url":"https:\/\/www.arhammar.se\/blog\/author\/anders\/"}]}},"_links":{"self":[{"href":"https:\/\/www.arhammar.se\/blog\/wp-json\/wp\/v2\/posts\/5271","targetHints":{"allow":["GET"]}}],"collection":[{"href":"https:\/\/www.arhammar.se\/blog\/wp-json\/wp\/v2\/posts"}],"about":[{"href":"https:\/\/www.arhammar.se\/blog\/wp-json\/wp\/v2\/types\/post"}],"author":[{"embeddable":true,"href":"https:\/\/www.arhammar.se\/blog\/wp-json\/wp\/v2\/users\/2"}],"replies":[{"embeddable":true,"href":"https:\/\/www.arhammar.se\/blog\/wp-json\/wp\/v2\/comments?post=5271"}],"version-history":[{"count":1,"href":"https:\/\/www.arhammar.se\/blog\/wp-json\/wp\/v2\/posts\/5271\/revisions"}],"predecessor-version":[{"id":27413,"href":"https:\/\/www.arhammar.se\/blog\/wp-json\/wp\/v2\/posts\/5271\/revisions\/27413"}],"wp:featuredmedia":[{"embeddable":true,"href":"https:\/\/www.arhammar.se\/blog\/wp-json\/wp\/v2\/media\/9226"}],"wp:attachment":[{"href":"https:\/\/www.arhammar.se\/blog\/wp-json\/wp\/v2\/media?parent=5271"}],"wp:term":[{"taxonomy":"category","embeddable":true,"href":"https:\/\/www.arhammar.se\/blog\/wp-json\/wp\/v2\/categories?post=5271"},{"taxonomy":"post_tag","embeddable":true,"href":"https:\/\/www.arhammar.se\/blog\/wp-json\/wp\/v2\/tags?post=5271"}],"curies":[{"name":"wp","href":"https:\/\/api.w.org\/{rel}","templated":true}]}}