{"id":4691,"date":"2010-01-13T19:48:44","date_gmt":"2010-01-13T17:48:44","guid":{"rendered":"http:\/\/www.arhammar.se\/blog\/?p=4691"},"modified":"2016-03-04T20:01:22","modified_gmt":"2016-03-04T19:01:22","slug":"nar-isen-ligger-pa-karlbergskanalen","status":"publish","type":"post","link":"https:\/\/www.arhammar.se\/blog\/nar-isen-ligger-pa-karlbergskanalen\/","title":{"rendered":"N\u00e4r isen ligger p\u00e5 Karlbergskanalen"},"content":{"rendered":"<p><img decoding=\"async\" src=\"http:\/\/www.arhammar.se\/blog\/wp-content\/uploads\/2010\/01\/bild3.jpg\"width=\"640\" height=\"420\" alt=\"isen p\u00e5 karlbergs kanal\" \/><\/p>\n<p>N\u00e4r isen lagt sig p\u00e5 Karlbergskanalen, k\u00e4nns det r\u00e4tt att s\u00e4tta punkt f\u00f6r h\u00f6stens kanalkoll. Nu \u00e4r det dags att b\u00f6rja n\u00e5got nytt, varf\u00f6r inte en serie med l\u00e4genheter som jag inte k\u00f6pt?<br \/>\nF\u00e5r fundera p\u00e5 det.<\/p>\n<!-- AddThis Advanced Settings generic via filter on the_content --><!-- AddThis Share Buttons generic via filter on the_content -->","protected":false},"excerpt":{"rendered":"<p>N\u00e4r isen lagt sig p\u00e5 Karlbergskanalen, k\u00e4nns det r\u00e4tt att s\u00e4tta punkt f\u00f6r h\u00f6stens kanalkoll. Nu \u00e4r det dags att b\u00f6rja n\u00e5got nytt, varf\u00f6r inte en serie med l\u00e4genheter som jag inte k\u00f6pt? F\u00e5r fundera p\u00e5 det.<!-- AddThis Advanced Settings generic via filter on wp_trim_excerpt --><!-- AddThis Share Buttons generic via filter on wp_trim_excerpt --><\/p>\n","protected":false},"author":2,"featured_media":4692,"comment_status":"open","ping_status":"open","sticky":false,"template":"","format":"standard","meta":{"footnotes":""},"categories":[466],"tags":[628],"class_list":["post-4691","post","type-post","status-publish","format-standard","has-post-thumbnail","hentry","category-mobil-blogg-10","tag-karlbergskanalen"],"yoast_head":"<!-- This site is optimized with the Yoast SEO plugin v27.4 - https:\/\/yoast.com\/product\/yoast-seo-wordpress\/ -->\n<title>N\u00e4r isen ligger p\u00e5 Karlbergskanalen - @Arhammar bokstavligen<\/title>\n<meta name=\"robots\" content=\"index, follow, max-snippet:-1, max-image-preview:large, max-video-preview:-1\" \/>\n<link rel=\"canonical\" href=\"https:\/\/www.arhammar.se\/blog\/nar-isen-ligger-pa-karlbergskanalen\/\" \/>\n<meta property=\"og:locale\" content=\"en_US\" \/>\n<meta property=\"og:type\" content=\"article\" \/>\n<meta property=\"og:title\" content=\"N\u00e4r isen ligger p\u00e5 Karlbergskanalen - @Arhammar bokstavligen\" \/>\n<meta property=\"og:description\" content=\"N\u00e4r isen lagt sig p\u00e5 Karlbergskanalen, k\u00e4nns det r\u00e4tt att s\u00e4tta punkt f\u00f6r h\u00f6stens kanalkoll. Nu \u00e4r det dags att b\u00f6rja n\u00e5got nytt, varf\u00f6r inte en serie med l\u00e4genheter som jag inte k\u00f6pt? F\u00e5r fundera p\u00e5 det.\" \/>\n<meta property=\"og:url\" content=\"https:\/\/www.arhammar.se\/blog\/nar-isen-ligger-pa-karlbergskanalen\/\" \/>\n<meta property=\"og:site_name\" content=\"@Arhammar bokstavligen\" \/>\n<meta property=\"article:published_time\" content=\"2010-01-13T17:48:44+00:00\" \/>\n<meta property=\"article:modified_time\" content=\"2016-03-04T19:01:22+00:00\" \/>\n<meta property=\"og:image\" content=\"https:\/\/www.arhammar.se\/blog\/wp-content\/uploads\/2010\/01\/bild3.jpg\" \/>\n\t<meta property=\"og:image:width\" content=\"800\" \/>\n\t<meta property=\"og:image:height\" content=\"600\" \/>\n\t<meta property=\"og:image:type\" content=\"image\/jpeg\" \/>\n<meta name=\"author\" content=\"Anders Arhammar\" \/>\n<meta name=\"twitter:card\" content=\"summary_large_image\" \/>\n<meta name=\"twitter:label1\" content=\"Written by\" \/>\n\t<meta name=\"twitter:data1\" content=\"Anders Arhammar\" \/>\n<script type=\"application\/ld+json\" class=\"yoast-schema-graph\">{\"@context\":\"https:\\\/\\\/schema.org\",\"@graph\":[{\"@type\":\"Article\",\"@id\":\"https:\\\/\\\/www.arhammar.se\\\/blog\\\/nar-isen-ligger-pa-karlbergskanalen\\\/#article\",\"isPartOf\":{\"@id\":\"https:\\\/\\\/www.arhammar.se\\\/blog\\\/nar-isen-ligger-pa-karlbergskanalen\\\/\"},\"author\":{\"name\":\"Anders Arhammar\",\"@id\":\"https:\\\/\\\/www.arhammar.se\\\/blog\\\/#\\\/schema\\\/person\\\/061984c1d884b363e2c91550f2e00d1d\"},\"headline\":\"N\u00e4r isen ligger p\u00e5 Karlbergskanalen\",\"datePublished\":\"2010-01-13T17:48:44+00:00\",\"dateModified\":\"2016-03-04T19:01:22+00:00\",\"mainEntityOfPage\":{\"@id\":\"https:\\\/\\\/www.arhammar.se\\\/blog\\\/nar-isen-ligger-pa-karlbergskanalen\\\/\"},\"wordCount\":55,\"commentCount\":0,\"image\":{\"@id\":\"https:\\\/\\\/www.arhammar.se\\\/blog\\\/nar-isen-ligger-pa-karlbergskanalen\\\/#primaryimage\"},\"thumbnailUrl\":\"https:\\\/\\\/www.arhammar.se\\\/blog\\\/wp-content\\\/uploads\\\/2010\\\/01\\\/bild3.jpg\",\"keywords\":[\"Karlbergskanalen\"],\"articleSection\":[\"Mobil blogg 10\"],\"inLanguage\":\"en-US\",\"potentialAction\":[{\"@type\":\"CommentAction\",\"name\":\"Comment\",\"target\":[\"https:\\\/\\\/www.arhammar.se\\\/blog\\\/nar-isen-ligger-pa-karlbergskanalen\\\/#respond\"]}]},{\"@type\":\"WebPage\",\"@id\":\"https:\\\/\\\/www.arhammar.se\\\/blog\\\/nar-isen-ligger-pa-karlbergskanalen\\\/\",\"url\":\"https:\\\/\\\/www.arhammar.se\\\/blog\\\/nar-isen-ligger-pa-karlbergskanalen\\\/\",\"name\":\"N\u00e4r isen ligger p\u00e5 Karlbergskanalen - @Arhammar bokstavligen\",\"isPartOf\":{\"@id\":\"https:\\\/\\\/www.arhammar.se\\\/blog\\\/#website\"},\"primaryImageOfPage\":{\"@id\":\"https:\\\/\\\/www.arhammar.se\\\/blog\\\/nar-isen-ligger-pa-karlbergskanalen\\\/#primaryimage\"},\"image\":{\"@id\":\"https:\\\/\\\/www.arhammar.se\\\/blog\\\/nar-isen-ligger-pa-karlbergskanalen\\\/#primaryimage\"},\"thumbnailUrl\":\"https:\\\/\\\/www.arhammar.se\\\/blog\\\/wp-content\\\/uploads\\\/2010\\\/01\\\/bild3.jpg\",\"datePublished\":\"2010-01-13T17:48:44+00:00\",\"dateModified\":\"2016-03-04T19:01:22+00:00\",\"author\":{\"@id\":\"https:\\\/\\\/www.arhammar.se\\\/blog\\\/#\\\/schema\\\/person\\\/061984c1d884b363e2c91550f2e00d1d\"},\"breadcrumb\":{\"@id\":\"https:\\\/\\\/www.arhammar.se\\\/blog\\\/nar-isen-ligger-pa-karlbergskanalen\\\/#breadcrumb\"},\"inLanguage\":\"en-US\",\"potentialAction\":[{\"@type\":\"ReadAction\",\"target\":[\"https:\\\/\\\/www.arhammar.se\\\/blog\\\/nar-isen-ligger-pa-karlbergskanalen\\\/\"]}]},{\"@type\":\"ImageObject\",\"inLanguage\":\"en-US\",\"@id\":\"https:\\\/\\\/www.arhammar.se\\\/blog\\\/nar-isen-ligger-pa-karlbergskanalen\\\/#primaryimage\",\"url\":\"https:\\\/\\\/www.arhammar.se\\\/blog\\\/wp-content\\\/uploads\\\/2010\\\/01\\\/bild3.jpg\",\"contentUrl\":\"https:\\\/\\\/www.arhammar.se\\\/blog\\\/wp-content\\\/uploads\\\/2010\\\/01\\\/bild3.jpg\",\"width\":\"800\",\"height\":\"600\"},{\"@type\":\"BreadcrumbList\",\"@id\":\"https:\\\/\\\/www.arhammar.se\\\/blog\\\/nar-isen-ligger-pa-karlbergskanalen\\\/#breadcrumb\",\"itemListElement\":[{\"@type\":\"ListItem\",\"position\":1,\"name\":\"Home\",\"item\":\"https:\\\/\\\/www.arhammar.se\\\/blog\\\/\"},{\"@type\":\"ListItem\",\"position\":2,\"name\":\"N\u00e4r isen ligger p\u00e5 Karlbergskanalen\"}]},{\"@type\":\"WebSite\",\"@id\":\"https:\\\/\\\/www.arhammar.se\\\/blog\\\/#website\",\"url\":\"https:\\\/\\\/www.arhammar.se\\\/blog\\\/\",\"name\":\"@Arhammar bokstavligen\",\"description\":\"Fr\u00e5n min penna och panna\",\"potentialAction\":[{\"@type\":\"SearchAction\",\"target\":{\"@type\":\"EntryPoint\",\"urlTemplate\":\"https:\\\/\\\/www.arhammar.se\\\/blog\\\/?s={search_term_string}\"},\"query-input\":{\"@type\":\"PropertyValueSpecification\",\"valueRequired\":true,\"valueName\":\"search_term_string\"}}],\"inLanguage\":\"en-US\"},{\"@type\":\"Person\",\"@id\":\"https:\\\/\\\/www.arhammar.se\\\/blog\\\/#\\\/schema\\\/person\\\/061984c1d884b363e2c91550f2e00d1d\",\"name\":\"Anders Arhammar\",\"image\":{\"@type\":\"ImageObject\",\"inLanguage\":\"en-US\",\"@id\":\"https:\\\/\\\/secure.gravatar.com\\\/avatar\\\/784b5b36cfe145ae19a52340f405285a939bcc08d4a21136b3a81f9e378ffae0?s=96&d=mm&r=g\",\"url\":\"https:\\\/\\\/secure.gravatar.com\\\/avatar\\\/784b5b36cfe145ae19a52340f405285a939bcc08d4a21136b3a81f9e378ffae0?s=96&d=mm&r=g\",\"contentUrl\":\"https:\\\/\\\/secure.gravatar.com\\\/avatar\\\/784b5b36cfe145ae19a52340f405285a939bcc08d4a21136b3a81f9e378ffae0?s=96&d=mm&r=g\",\"caption\":\"Anders Arhammar\"},\"url\":\"https:\\\/\\\/www.arhammar.se\\\/blog\\\/author\\\/anders\\\/\"}]}<\/script>\n<!-- \/ Yoast SEO plugin. -->","yoast_head_json":{"title":"N\u00e4r isen ligger p\u00e5 Karlbergskanalen - @Arhammar bokstavligen","robots":{"index":"index","follow":"follow","max-snippet":"max-snippet:-1","max-image-preview":"max-image-preview:large","max-video-preview":"max-video-preview:-1"},"canonical":"https:\/\/www.arhammar.se\/blog\/nar-isen-ligger-pa-karlbergskanalen\/","og_locale":"en_US","og_type":"article","og_title":"N\u00e4r isen ligger p\u00e5 Karlbergskanalen - @Arhammar bokstavligen","og_description":"N\u00e4r isen lagt sig p\u00e5 Karlbergskanalen, k\u00e4nns det r\u00e4tt att s\u00e4tta punkt f\u00f6r h\u00f6stens kanalkoll. Nu \u00e4r det dags att b\u00f6rja n\u00e5got nytt, varf\u00f6r inte en serie med l\u00e4genheter som jag inte k\u00f6pt? F\u00e5r fundera p\u00e5 det.","og_url":"https:\/\/www.arhammar.se\/blog\/nar-isen-ligger-pa-karlbergskanalen\/","og_site_name":"@Arhammar bokstavligen","article_published_time":"2010-01-13T17:48:44+00:00","article_modified_time":"2016-03-04T19:01:22+00:00","og_image":[{"width":800,"height":600,"url":"https:\/\/www.arhammar.se\/blog\/wp-content\/uploads\/2010\/01\/bild3.jpg","type":"image\/jpeg"}],"author":"Anders Arhammar","twitter_card":"summary_large_image","twitter_misc":{"Written by":"Anders Arhammar"},"schema":{"@context":"https:\/\/schema.org","@graph":[{"@type":"Article","@id":"https:\/\/www.arhammar.se\/blog\/nar-isen-ligger-pa-karlbergskanalen\/#article","isPartOf":{"@id":"https:\/\/www.arhammar.se\/blog\/nar-isen-ligger-pa-karlbergskanalen\/"},"author":{"name":"Anders Arhammar","@id":"https:\/\/www.arhammar.se\/blog\/#\/schema\/person\/061984c1d884b363e2c91550f2e00d1d"},"headline":"N\u00e4r isen ligger p\u00e5 Karlbergskanalen","datePublished":"2010-01-13T17:48:44+00:00","dateModified":"2016-03-04T19:01:22+00:00","mainEntityOfPage":{"@id":"https:\/\/www.arhammar.se\/blog\/nar-isen-ligger-pa-karlbergskanalen\/"},"wordCount":55,"commentCount":0,"image":{"@id":"https:\/\/www.arhammar.se\/blog\/nar-isen-ligger-pa-karlbergskanalen\/#primaryimage"},"thumbnailUrl":"https:\/\/www.arhammar.se\/blog\/wp-content\/uploads\/2010\/01\/bild3.jpg","keywords":["Karlbergskanalen"],"articleSection":["Mobil blogg 10"],"inLanguage":"en-US","potentialAction":[{"@type":"CommentAction","name":"Comment","target":["https:\/\/www.arhammar.se\/blog\/nar-isen-ligger-pa-karlbergskanalen\/#respond"]}]},{"@type":"WebPage","@id":"https:\/\/www.arhammar.se\/blog\/nar-isen-ligger-pa-karlbergskanalen\/","url":"https:\/\/www.arhammar.se\/blog\/nar-isen-ligger-pa-karlbergskanalen\/","name":"N\u00e4r isen ligger p\u00e5 Karlbergskanalen - @Arhammar bokstavligen","isPartOf":{"@id":"https:\/\/www.arhammar.se\/blog\/#website"},"primaryImageOfPage":{"@id":"https:\/\/www.arhammar.se\/blog\/nar-isen-ligger-pa-karlbergskanalen\/#primaryimage"},"image":{"@id":"https:\/\/www.arhammar.se\/blog\/nar-isen-ligger-pa-karlbergskanalen\/#primaryimage"},"thumbnailUrl":"https:\/\/www.arhammar.se\/blog\/wp-content\/uploads\/2010\/01\/bild3.jpg","datePublished":"2010-01-13T17:48:44+00:00","dateModified":"2016-03-04T19:01:22+00:00","author":{"@id":"https:\/\/www.arhammar.se\/blog\/#\/schema\/person\/061984c1d884b363e2c91550f2e00d1d"},"breadcrumb":{"@id":"https:\/\/www.arhammar.se\/blog\/nar-isen-ligger-pa-karlbergskanalen\/#breadcrumb"},"inLanguage":"en-US","potentialAction":[{"@type":"ReadAction","target":["https:\/\/www.arhammar.se\/blog\/nar-isen-ligger-pa-karlbergskanalen\/"]}]},{"@type":"ImageObject","inLanguage":"en-US","@id":"https:\/\/www.arhammar.se\/blog\/nar-isen-ligger-pa-karlbergskanalen\/#primaryimage","url":"https:\/\/www.arhammar.se\/blog\/wp-content\/uploads\/2010\/01\/bild3.jpg","contentUrl":"https:\/\/www.arhammar.se\/blog\/wp-content\/uploads\/2010\/01\/bild3.jpg","width":"800","height":"600"},{"@type":"BreadcrumbList","@id":"https:\/\/www.arhammar.se\/blog\/nar-isen-ligger-pa-karlbergskanalen\/#breadcrumb","itemListElement":[{"@type":"ListItem","position":1,"name":"Home","item":"https:\/\/www.arhammar.se\/blog\/"},{"@type":"ListItem","position":2,"name":"N\u00e4r isen ligger p\u00e5 Karlbergskanalen"}]},{"@type":"WebSite","@id":"https:\/\/www.arhammar.se\/blog\/#website","url":"https:\/\/www.arhammar.se\/blog\/","name":"@Arhammar bokstavligen","description":"Fr\u00e5n min penna och panna","potentialAction":[{"@type":"SearchAction","target":{"@type":"EntryPoint","urlTemplate":"https:\/\/www.arhammar.se\/blog\/?s={search_term_string}"},"query-input":{"@type":"PropertyValueSpecification","valueRequired":true,"valueName":"search_term_string"}}],"inLanguage":"en-US"},{"@type":"Person","@id":"https:\/\/www.arhammar.se\/blog\/#\/schema\/person\/061984c1d884b363e2c91550f2e00d1d","name":"Anders Arhammar","image":{"@type":"ImageObject","inLanguage":"en-US","@id":"https:\/\/secure.gravatar.com\/avatar\/784b5b36cfe145ae19a52340f405285a939bcc08d4a21136b3a81f9e378ffae0?s=96&d=mm&r=g","url":"https:\/\/secure.gravatar.com\/avatar\/784b5b36cfe145ae19a52340f405285a939bcc08d4a21136b3a81f9e378ffae0?s=96&d=mm&r=g","contentUrl":"https:\/\/secure.gravatar.com\/avatar\/784b5b36cfe145ae19a52340f405285a939bcc08d4a21136b3a81f9e378ffae0?s=96&d=mm&r=g","caption":"Anders Arhammar"},"url":"https:\/\/www.arhammar.se\/blog\/author\/anders\/"}]}},"_links":{"self":[{"href":"https:\/\/www.arhammar.se\/blog\/wp-json\/wp\/v2\/posts\/4691","targetHints":{"allow":["GET"]}}],"collection":[{"href":"https:\/\/www.arhammar.se\/blog\/wp-json\/wp\/v2\/posts"}],"about":[{"href":"https:\/\/www.arhammar.se\/blog\/wp-json\/wp\/v2\/types\/post"}],"author":[{"embeddable":true,"href":"https:\/\/www.arhammar.se\/blog\/wp-json\/wp\/v2\/users\/2"}],"replies":[{"embeddable":true,"href":"https:\/\/www.arhammar.se\/blog\/wp-json\/wp\/v2\/comments?post=4691"}],"version-history":[{"count":0,"href":"https:\/\/www.arhammar.se\/blog\/wp-json\/wp\/v2\/posts\/4691\/revisions"}],"wp:featuredmedia":[{"embeddable":true,"href":"https:\/\/www.arhammar.se\/blog\/wp-json\/wp\/v2\/media\/4692"}],"wp:attachment":[{"href":"https:\/\/www.arhammar.se\/blog\/wp-json\/wp\/v2\/media?parent=4691"}],"wp:term":[{"taxonomy":"category","embeddable":true,"href":"https:\/\/www.arhammar.se\/blog\/wp-json\/wp\/v2\/categories?post=4691"},{"taxonomy":"post_tag","embeddable":true,"href":"https:\/\/www.arhammar.se\/blog\/wp-json\/wp\/v2\/tags?post=4691"}],"curies":[{"name":"wp","href":"https:\/\/api.w.org\/{rel}","templated":true}]}}