{"id":4649,"date":"2009-12-28T01:46:41","date_gmt":"2009-12-27T23:46:41","guid":{"rendered":"http:\/\/www.arhammar.se\/blog\/favoriter\/nar-fargerna-forsvinner\/"},"modified":"2016-04-11T17:51:55","modified_gmt":"2016-04-11T15:51:55","slug":"nar-fargerna-forsvinner","status":"publish","type":"post","link":"https:\/\/www.arhammar.se\/blog\/nar-fargerna-forsvinner\/","title":{"rendered":"N\u00e4r f\u00e4rgerna f\u00f6rsvinner"},"content":{"rendered":"<p><img decoding=\"async\" src=\"http:\/\/www.arhammar.se\/blog\/wp-photos\/20091228-004849-1.jpg\"width=\"640\" height=\"420\" alt=\"\"  \/><\/p>\n<p>Vintern ska ju helt enkelt vara vit. En s\u00e5dan som man dr\u00f6mmer och sjunger om. Men n\u00e4r jag tittar n\u00e4ra s\u00e5 ser jag bara en v\u00e4rld fylld av nyanser. F\u00e4rgl\u00f6sa nyanser, som v\u00e4ntar p\u00e5 en pensel och en palett. Jag l\u00e5ter tiden fylla paletten, och n\u00e4r den fyllts med gult, bl\u00e5tt, r\u00f6tt och gr\u00f6nt &#8211; d\u00e5 ska jag m\u00e5la marken.<\/p>\n<!-- AddThis Advanced Settings generic via filter on the_content --><!-- AddThis Share Buttons generic via filter on the_content -->","protected":false},"excerpt":{"rendered":"<p>Vintern ska ju helt enkelt vara vit. En s\u00e5dan som man dr\u00f6mmer och sjunger om. Men n\u00e4r jag tittar n\u00e4ra s\u00e5 ser jag bara en v\u00e4rld fylld av nyanser. F\u00e4rgl\u00f6sa nyanser, som v\u00e4ntar p\u00e5 en pensel och en palett. Jag l\u00e5ter tiden fylla paletten, och n\u00e4r den fyllts med gult, bl\u00e5tt, r\u00f6tt och gr\u00f6nt &#8211; [&hellip;]<!-- AddThis Advanced Settings generic via filter on wp_trim_excerpt --><!-- AddThis Share Buttons generic via filter on wp_trim_excerpt --><\/p>\n","protected":false},"author":2,"featured_media":9062,"comment_status":"open","ping_status":"open","sticky":false,"template":"","format":"standard","meta":{"footnotes":""},"categories":[73],"tags":[3023,54,347],"class_list":["post-4649","post","type-post","status-publish","format-standard","has-post-thumbnail","hentry","category-mobil-blogg-09","tag-nyanser","tag-sno","tag-vinter"],"yoast_head":"<!-- This site is optimized with the Yoast SEO plugin v27.4 - https:\/\/yoast.com\/product\/yoast-seo-wordpress\/ -->\n<title>N\u00e4r f\u00e4rgerna f\u00f6rsvinner - @Arhammar bokstavligen<\/title>\n<meta name=\"robots\" content=\"index, follow, max-snippet:-1, max-image-preview:large, max-video-preview:-1\" \/>\n<link rel=\"canonical\" href=\"https:\/\/www.arhammar.se\/blog\/nar-fargerna-forsvinner\/\" \/>\n<meta property=\"og:locale\" content=\"en_US\" \/>\n<meta property=\"og:type\" content=\"article\" \/>\n<meta property=\"og:title\" content=\"N\u00e4r f\u00e4rgerna f\u00f6rsvinner - @Arhammar bokstavligen\" \/>\n<meta property=\"og:description\" content=\"Vintern ska ju helt enkelt vara vit. En s\u00e5dan som man dr\u00f6mmer och sjunger om. Men n\u00e4r jag tittar n\u00e4ra s\u00e5 ser jag bara en v\u00e4rld fylld av nyanser. F\u00e4rgl\u00f6sa nyanser, som v\u00e4ntar p\u00e5 en pensel och en palett. Jag l\u00e5ter tiden fylla paletten, och n\u00e4r den fyllts med gult, bl\u00e5tt, r\u00f6tt och gr\u00f6nt &#8211; [&hellip;]\" \/>\n<meta property=\"og:url\" content=\"https:\/\/www.arhammar.se\/blog\/nar-fargerna-forsvinner\/\" \/>\n<meta property=\"og:site_name\" content=\"@Arhammar bokstavligen\" \/>\n<meta property=\"article:published_time\" content=\"2009-12-27T23:46:41+00:00\" \/>\n<meta property=\"article:modified_time\" content=\"2016-04-11T15:51:55+00:00\" \/>\n<meta property=\"og:image\" content=\"https:\/\/www.arhammar.se\/blog\/wp-content\/uploads\/2016\/01\/20091228-004849-1.jpg\" \/>\n\t<meta property=\"og:image:width\" content=\"640\" \/>\n\t<meta property=\"og:image:height\" content=\"428\" \/>\n\t<meta property=\"og:image:type\" content=\"image\/jpeg\" \/>\n<meta name=\"author\" content=\"Anders Arhammar\" \/>\n<meta name=\"twitter:card\" content=\"summary_large_image\" \/>\n<meta name=\"twitter:label1\" content=\"Written by\" \/>\n\t<meta name=\"twitter:data1\" content=\"Anders Arhammar\" \/>\n<script type=\"application\/ld+json\" class=\"yoast-schema-graph\">{\"@context\":\"https:\\\/\\\/schema.org\",\"@graph\":[{\"@type\":\"Article\",\"@id\":\"https:\\\/\\\/www.arhammar.se\\\/blog\\\/nar-fargerna-forsvinner\\\/#article\",\"isPartOf\":{\"@id\":\"https:\\\/\\\/www.arhammar.se\\\/blog\\\/nar-fargerna-forsvinner\\\/\"},\"author\":{\"name\":\"Anders Arhammar\",\"@id\":\"https:\\\/\\\/www.arhammar.se\\\/blog\\\/#\\\/schema\\\/person\\\/061984c1d884b363e2c91550f2e00d1d\"},\"headline\":\"N\u00e4r f\u00e4rgerna f\u00f6rsvinner\",\"datePublished\":\"2009-12-27T23:46:41+00:00\",\"dateModified\":\"2016-04-11T15:51:55+00:00\",\"mainEntityOfPage\":{\"@id\":\"https:\\\/\\\/www.arhammar.se\\\/blog\\\/nar-fargerna-forsvinner\\\/\"},\"wordCount\":80,\"commentCount\":0,\"image\":{\"@id\":\"https:\\\/\\\/www.arhammar.se\\\/blog\\\/nar-fargerna-forsvinner\\\/#primaryimage\"},\"thumbnailUrl\":\"https:\\\/\\\/www.arhammar.se\\\/blog\\\/wp-content\\\/uploads\\\/2016\\\/01\\\/20091228-004849-1.jpg\",\"keywords\":[\"nyanser\",\"Sn\u00f6\",\"vinter\"],\"articleSection\":[\"Mobil blogg 09\"],\"inLanguage\":\"en-US\",\"potentialAction\":[{\"@type\":\"CommentAction\",\"name\":\"Comment\",\"target\":[\"https:\\\/\\\/www.arhammar.se\\\/blog\\\/nar-fargerna-forsvinner\\\/#respond\"]}]},{\"@type\":\"WebPage\",\"@id\":\"https:\\\/\\\/www.arhammar.se\\\/blog\\\/nar-fargerna-forsvinner\\\/\",\"url\":\"https:\\\/\\\/www.arhammar.se\\\/blog\\\/nar-fargerna-forsvinner\\\/\",\"name\":\"N\u00e4r f\u00e4rgerna f\u00f6rsvinner - @Arhammar bokstavligen\",\"isPartOf\":{\"@id\":\"https:\\\/\\\/www.arhammar.se\\\/blog\\\/#website\"},\"primaryImageOfPage\":{\"@id\":\"https:\\\/\\\/www.arhammar.se\\\/blog\\\/nar-fargerna-forsvinner\\\/#primaryimage\"},\"image\":{\"@id\":\"https:\\\/\\\/www.arhammar.se\\\/blog\\\/nar-fargerna-forsvinner\\\/#primaryimage\"},\"thumbnailUrl\":\"https:\\\/\\\/www.arhammar.se\\\/blog\\\/wp-content\\\/uploads\\\/2016\\\/01\\\/20091228-004849-1.jpg\",\"datePublished\":\"2009-12-27T23:46:41+00:00\",\"dateModified\":\"2016-04-11T15:51:55+00:00\",\"author\":{\"@id\":\"https:\\\/\\\/www.arhammar.se\\\/blog\\\/#\\\/schema\\\/person\\\/061984c1d884b363e2c91550f2e00d1d\"},\"breadcrumb\":{\"@id\":\"https:\\\/\\\/www.arhammar.se\\\/blog\\\/nar-fargerna-forsvinner\\\/#breadcrumb\"},\"inLanguage\":\"en-US\",\"potentialAction\":[{\"@type\":\"ReadAction\",\"target\":[\"https:\\\/\\\/www.arhammar.se\\\/blog\\\/nar-fargerna-forsvinner\\\/\"]}]},{\"@type\":\"ImageObject\",\"inLanguage\":\"en-US\",\"@id\":\"https:\\\/\\\/www.arhammar.se\\\/blog\\\/nar-fargerna-forsvinner\\\/#primaryimage\",\"url\":\"https:\\\/\\\/www.arhammar.se\\\/blog\\\/wp-content\\\/uploads\\\/2016\\\/01\\\/20091228-004849-1.jpg\",\"contentUrl\":\"https:\\\/\\\/www.arhammar.se\\\/blog\\\/wp-content\\\/uploads\\\/2016\\\/01\\\/20091228-004849-1.jpg\",\"width\":640,\"height\":428},{\"@type\":\"BreadcrumbList\",\"@id\":\"https:\\\/\\\/www.arhammar.se\\\/blog\\\/nar-fargerna-forsvinner\\\/#breadcrumb\",\"itemListElement\":[{\"@type\":\"ListItem\",\"position\":1,\"name\":\"Home\",\"item\":\"https:\\\/\\\/www.arhammar.se\\\/blog\\\/\"},{\"@type\":\"ListItem\",\"position\":2,\"name\":\"N\u00e4r f\u00e4rgerna f\u00f6rsvinner\"}]},{\"@type\":\"WebSite\",\"@id\":\"https:\\\/\\\/www.arhammar.se\\\/blog\\\/#website\",\"url\":\"https:\\\/\\\/www.arhammar.se\\\/blog\\\/\",\"name\":\"@Arhammar bokstavligen\",\"description\":\"Fr\u00e5n min penna och panna\",\"potentialAction\":[{\"@type\":\"SearchAction\",\"target\":{\"@type\":\"EntryPoint\",\"urlTemplate\":\"https:\\\/\\\/www.arhammar.se\\\/blog\\\/?s={search_term_string}\"},\"query-input\":{\"@type\":\"PropertyValueSpecification\",\"valueRequired\":true,\"valueName\":\"search_term_string\"}}],\"inLanguage\":\"en-US\"},{\"@type\":\"Person\",\"@id\":\"https:\\\/\\\/www.arhammar.se\\\/blog\\\/#\\\/schema\\\/person\\\/061984c1d884b363e2c91550f2e00d1d\",\"name\":\"Anders Arhammar\",\"image\":{\"@type\":\"ImageObject\",\"inLanguage\":\"en-US\",\"@id\":\"https:\\\/\\\/secure.gravatar.com\\\/avatar\\\/784b5b36cfe145ae19a52340f405285a939bcc08d4a21136b3a81f9e378ffae0?s=96&d=mm&r=g\",\"url\":\"https:\\\/\\\/secure.gravatar.com\\\/avatar\\\/784b5b36cfe145ae19a52340f405285a939bcc08d4a21136b3a81f9e378ffae0?s=96&d=mm&r=g\",\"contentUrl\":\"https:\\\/\\\/secure.gravatar.com\\\/avatar\\\/784b5b36cfe145ae19a52340f405285a939bcc08d4a21136b3a81f9e378ffae0?s=96&d=mm&r=g\",\"caption\":\"Anders Arhammar\"},\"url\":\"https:\\\/\\\/www.arhammar.se\\\/blog\\\/author\\\/anders\\\/\"}]}<\/script>\n<!-- \/ Yoast SEO plugin. -->","yoast_head_json":{"title":"N\u00e4r f\u00e4rgerna f\u00f6rsvinner - @Arhammar bokstavligen","robots":{"index":"index","follow":"follow","max-snippet":"max-snippet:-1","max-image-preview":"max-image-preview:large","max-video-preview":"max-video-preview:-1"},"canonical":"https:\/\/www.arhammar.se\/blog\/nar-fargerna-forsvinner\/","og_locale":"en_US","og_type":"article","og_title":"N\u00e4r f\u00e4rgerna f\u00f6rsvinner - @Arhammar bokstavligen","og_description":"Vintern ska ju helt enkelt vara vit. En s\u00e5dan som man dr\u00f6mmer och sjunger om. Men n\u00e4r jag tittar n\u00e4ra s\u00e5 ser jag bara en v\u00e4rld fylld av nyanser. F\u00e4rgl\u00f6sa nyanser, som v\u00e4ntar p\u00e5 en pensel och en palett. Jag l\u00e5ter tiden fylla paletten, och n\u00e4r den fyllts med gult, bl\u00e5tt, r\u00f6tt och gr\u00f6nt &#8211; [&hellip;]","og_url":"https:\/\/www.arhammar.se\/blog\/nar-fargerna-forsvinner\/","og_site_name":"@Arhammar bokstavligen","article_published_time":"2009-12-27T23:46:41+00:00","article_modified_time":"2016-04-11T15:51:55+00:00","og_image":[{"width":640,"height":428,"url":"https:\/\/www.arhammar.se\/blog\/wp-content\/uploads\/2016\/01\/20091228-004849-1.jpg","type":"image\/jpeg"}],"author":"Anders Arhammar","twitter_card":"summary_large_image","twitter_misc":{"Written by":"Anders Arhammar"},"schema":{"@context":"https:\/\/schema.org","@graph":[{"@type":"Article","@id":"https:\/\/www.arhammar.se\/blog\/nar-fargerna-forsvinner\/#article","isPartOf":{"@id":"https:\/\/www.arhammar.se\/blog\/nar-fargerna-forsvinner\/"},"author":{"name":"Anders Arhammar","@id":"https:\/\/www.arhammar.se\/blog\/#\/schema\/person\/061984c1d884b363e2c91550f2e00d1d"},"headline":"N\u00e4r f\u00e4rgerna f\u00f6rsvinner","datePublished":"2009-12-27T23:46:41+00:00","dateModified":"2016-04-11T15:51:55+00:00","mainEntityOfPage":{"@id":"https:\/\/www.arhammar.se\/blog\/nar-fargerna-forsvinner\/"},"wordCount":80,"commentCount":0,"image":{"@id":"https:\/\/www.arhammar.se\/blog\/nar-fargerna-forsvinner\/#primaryimage"},"thumbnailUrl":"https:\/\/www.arhammar.se\/blog\/wp-content\/uploads\/2016\/01\/20091228-004849-1.jpg","keywords":["nyanser","Sn\u00f6","vinter"],"articleSection":["Mobil blogg 09"],"inLanguage":"en-US","potentialAction":[{"@type":"CommentAction","name":"Comment","target":["https:\/\/www.arhammar.se\/blog\/nar-fargerna-forsvinner\/#respond"]}]},{"@type":"WebPage","@id":"https:\/\/www.arhammar.se\/blog\/nar-fargerna-forsvinner\/","url":"https:\/\/www.arhammar.se\/blog\/nar-fargerna-forsvinner\/","name":"N\u00e4r f\u00e4rgerna f\u00f6rsvinner - @Arhammar bokstavligen","isPartOf":{"@id":"https:\/\/www.arhammar.se\/blog\/#website"},"primaryImageOfPage":{"@id":"https:\/\/www.arhammar.se\/blog\/nar-fargerna-forsvinner\/#primaryimage"},"image":{"@id":"https:\/\/www.arhammar.se\/blog\/nar-fargerna-forsvinner\/#primaryimage"},"thumbnailUrl":"https:\/\/www.arhammar.se\/blog\/wp-content\/uploads\/2016\/01\/20091228-004849-1.jpg","datePublished":"2009-12-27T23:46:41+00:00","dateModified":"2016-04-11T15:51:55+00:00","author":{"@id":"https:\/\/www.arhammar.se\/blog\/#\/schema\/person\/061984c1d884b363e2c91550f2e00d1d"},"breadcrumb":{"@id":"https:\/\/www.arhammar.se\/blog\/nar-fargerna-forsvinner\/#breadcrumb"},"inLanguage":"en-US","potentialAction":[{"@type":"ReadAction","target":["https:\/\/www.arhammar.se\/blog\/nar-fargerna-forsvinner\/"]}]},{"@type":"ImageObject","inLanguage":"en-US","@id":"https:\/\/www.arhammar.se\/blog\/nar-fargerna-forsvinner\/#primaryimage","url":"https:\/\/www.arhammar.se\/blog\/wp-content\/uploads\/2016\/01\/20091228-004849-1.jpg","contentUrl":"https:\/\/www.arhammar.se\/blog\/wp-content\/uploads\/2016\/01\/20091228-004849-1.jpg","width":640,"height":428},{"@type":"BreadcrumbList","@id":"https:\/\/www.arhammar.se\/blog\/nar-fargerna-forsvinner\/#breadcrumb","itemListElement":[{"@type":"ListItem","position":1,"name":"Home","item":"https:\/\/www.arhammar.se\/blog\/"},{"@type":"ListItem","position":2,"name":"N\u00e4r f\u00e4rgerna f\u00f6rsvinner"}]},{"@type":"WebSite","@id":"https:\/\/www.arhammar.se\/blog\/#website","url":"https:\/\/www.arhammar.se\/blog\/","name":"@Arhammar bokstavligen","description":"Fr\u00e5n min penna och panna","potentialAction":[{"@type":"SearchAction","target":{"@type":"EntryPoint","urlTemplate":"https:\/\/www.arhammar.se\/blog\/?s={search_term_string}"},"query-input":{"@type":"PropertyValueSpecification","valueRequired":true,"valueName":"search_term_string"}}],"inLanguage":"en-US"},{"@type":"Person","@id":"https:\/\/www.arhammar.se\/blog\/#\/schema\/person\/061984c1d884b363e2c91550f2e00d1d","name":"Anders Arhammar","image":{"@type":"ImageObject","inLanguage":"en-US","@id":"https:\/\/secure.gravatar.com\/avatar\/784b5b36cfe145ae19a52340f405285a939bcc08d4a21136b3a81f9e378ffae0?s=96&d=mm&r=g","url":"https:\/\/secure.gravatar.com\/avatar\/784b5b36cfe145ae19a52340f405285a939bcc08d4a21136b3a81f9e378ffae0?s=96&d=mm&r=g","contentUrl":"https:\/\/secure.gravatar.com\/avatar\/784b5b36cfe145ae19a52340f405285a939bcc08d4a21136b3a81f9e378ffae0?s=96&d=mm&r=g","caption":"Anders Arhammar"},"url":"https:\/\/www.arhammar.se\/blog\/author\/anders\/"}]}},"_links":{"self":[{"href":"https:\/\/www.arhammar.se\/blog\/wp-json\/wp\/v2\/posts\/4649","targetHints":{"allow":["GET"]}}],"collection":[{"href":"https:\/\/www.arhammar.se\/blog\/wp-json\/wp\/v2\/posts"}],"about":[{"href":"https:\/\/www.arhammar.se\/blog\/wp-json\/wp\/v2\/types\/post"}],"author":[{"embeddable":true,"href":"https:\/\/www.arhammar.se\/blog\/wp-json\/wp\/v2\/users\/2"}],"replies":[{"embeddable":true,"href":"https:\/\/www.arhammar.se\/blog\/wp-json\/wp\/v2\/comments?post=4649"}],"version-history":[{"count":0,"href":"https:\/\/www.arhammar.se\/blog\/wp-json\/wp\/v2\/posts\/4649\/revisions"}],"wp:featuredmedia":[{"embeddable":true,"href":"https:\/\/www.arhammar.se\/blog\/wp-json\/wp\/v2\/media\/9062"}],"wp:attachment":[{"href":"https:\/\/www.arhammar.se\/blog\/wp-json\/wp\/v2\/media?parent=4649"}],"wp:term":[{"taxonomy":"category","embeddable":true,"href":"https:\/\/www.arhammar.se\/blog\/wp-json\/wp\/v2\/categories?post=4649"},{"taxonomy":"post_tag","embeddable":true,"href":"https:\/\/www.arhammar.se\/blog\/wp-json\/wp\/v2\/tags?post=4649"}],"curies":[{"name":"wp","href":"https:\/\/api.w.org\/{rel}","templated":true}]}}