{"id":4160,"date":"2010-01-12T21:47:42","date_gmt":"2010-01-12T19:47:42","guid":{"rendered":"http:\/\/www.arhammar.se\/blog\/?p=4160"},"modified":"2016-03-04T19:57:45","modified_gmt":"2016-03-04T18:57:45","slug":"har-ar-det-som-inte-blev","status":"publish","type":"post","link":"https:\/\/www.arhammar.se\/blog\/har-ar-det-som-inte-blev\/","title":{"rendered":"H\u00e4r \u00e4r det som inte blev"},"content":{"rendered":"<p><img decoding=\"async\" src=\"http:\/\/www.arhammar.se\/blog\/wp-photos\/_DSC9439.jpg\"width=\"640\" height=\"420\" alt=\"EU flaggan\" \/><\/p>\n<p>Ett nytt \u00e5r, med nya f\u00f6resatser och nya f\u00f6ruts\u00e4ttningar. D\u00e5 ringer vi ut det gamla och in det nya. Eu flaggan t\u00e4nkte jag av n\u00e5gon anledning skriva om, men det blev inte mer \u00e4n s\u00e5 h\u00e4r.<\/p>\n<p><img decoding=\"async\" src=\"http:\/\/www.arhammar.se\/blog\/wp-photos\/_DSC4089.jpg\"width=\"640\" height=\"420\" alt=\"Fj\u00e4der\"  \/><\/p>\n<p>En vacker fj\u00e4der fick mig att lyfta kameran, men sedan blev det inte mer \u00e4n en fj\u00e4der av den h\u00f6nan.<\/p>\n<p><img decoding=\"async\" src=\"http:\/\/www.arhammar.se\/blog\/wp-photos\/IMG_1139.jpg\"width=\"640\" height=\"420\" alt=\"Hudiksvalls kyrka\"  \/><br \/>\n\u00d6ppen kyrka stod det p\u00e5 skylten utanf\u00f6r. Men den k\u00e4ndes allt annat \u00e4n \u00f6ppen, n\u00e4r man i somras byggde om i Hudiksvall.<\/p>\n<!-- AddThis Advanced Settings generic via filter on the_content --><!-- AddThis Share Buttons generic via filter on the_content -->","protected":false},"excerpt":{"rendered":"<p>Ett nytt \u00e5r, med nya f\u00f6resatser och nya f\u00f6ruts\u00e4ttningar. D\u00e5 ringer vi ut det gamla och in det nya. Eu flaggan t\u00e4nkte jag av n\u00e5gon anledning skriva om, men det blev inte mer \u00e4n s\u00e5 h\u00e4r. En vacker fj\u00e4der fick mig att lyfta kameran, men sedan blev det inte mer \u00e4n en fj\u00e4der av den [&hellip;]<!-- AddThis Advanced Settings generic via filter on wp_trim_excerpt --><!-- AddThis Share Buttons generic via filter on wp_trim_excerpt --><\/p>\n","protected":false},"author":2,"featured_media":8856,"comment_status":"open","ping_status":"open","sticky":false,"template":"","format":"standard","meta":{"footnotes":""},"categories":[466],"tags":[1075,1518,1517,108],"class_list":["post-4160","post","type-post","status-publish","format-standard","has-post-thumbnail","hentry","category-mobil-blogg-10","tag-eu","tag-fjader","tag-flaggan","tag-hudiksvall"],"yoast_head":"<!-- This site is optimized with the Yoast SEO plugin v27.4 - https:\/\/yoast.com\/product\/yoast-seo-wordpress\/ -->\n<title>H\u00e4r \u00e4r det som inte blev - @Arhammar bokstavligen<\/title>\n<meta name=\"robots\" content=\"index, follow, max-snippet:-1, max-image-preview:large, max-video-preview:-1\" \/>\n<link rel=\"canonical\" href=\"https:\/\/www.arhammar.se\/blog\/har-ar-det-som-inte-blev\/\" \/>\n<meta property=\"og:locale\" content=\"en_US\" \/>\n<meta property=\"og:type\" content=\"article\" \/>\n<meta property=\"og:title\" content=\"H\u00e4r \u00e4r det som inte blev - @Arhammar bokstavligen\" \/>\n<meta property=\"og:description\" content=\"Ett nytt \u00e5r, med nya f\u00f6resatser och nya f\u00f6ruts\u00e4ttningar. D\u00e5 ringer vi ut det gamla och in det nya. Eu flaggan t\u00e4nkte jag av n\u00e5gon anledning skriva om, men det blev inte mer \u00e4n s\u00e5 h\u00e4r. En vacker fj\u00e4der fick mig att lyfta kameran, men sedan blev det inte mer \u00e4n en fj\u00e4der av den [&hellip;]\" \/>\n<meta property=\"og:url\" content=\"https:\/\/www.arhammar.se\/blog\/har-ar-det-som-inte-blev\/\" \/>\n<meta property=\"og:site_name\" content=\"@Arhammar bokstavligen\" \/>\n<meta property=\"article:published_time\" content=\"2010-01-12T19:47:42+00:00\" \/>\n<meta property=\"article:modified_time\" content=\"2016-03-04T18:57:45+00:00\" \/>\n<meta property=\"og:image\" content=\"https:\/\/www.arhammar.se\/blog\/wp-content\/uploads\/2016\/01\/DSC9439.jpg\" \/>\n\t<meta property=\"og:image:width\" content=\"425\" \/>\n\t<meta property=\"og:image:height\" content=\"285\" \/>\n\t<meta property=\"og:image:type\" content=\"image\/jpeg\" \/>\n<meta name=\"author\" content=\"Anders Arhammar\" \/>\n<meta name=\"twitter:card\" content=\"summary_large_image\" \/>\n<meta name=\"twitter:label1\" content=\"Written by\" \/>\n\t<meta name=\"twitter:data1\" content=\"Anders Arhammar\" \/>\n<script type=\"application\/ld+json\" class=\"yoast-schema-graph\">{\"@context\":\"https:\\\/\\\/schema.org\",\"@graph\":[{\"@type\":\"Article\",\"@id\":\"https:\\\/\\\/www.arhammar.se\\\/blog\\\/har-ar-det-som-inte-blev\\\/#article\",\"isPartOf\":{\"@id\":\"https:\\\/\\\/www.arhammar.se\\\/blog\\\/har-ar-det-som-inte-blev\\\/\"},\"author\":{\"name\":\"Anders Arhammar\",\"@id\":\"https:\\\/\\\/www.arhammar.se\\\/blog\\\/#\\\/schema\\\/person\\\/061984c1d884b363e2c91550f2e00d1d\"},\"headline\":\"H\u00e4r \u00e4r det som inte blev\",\"datePublished\":\"2010-01-12T19:47:42+00:00\",\"dateModified\":\"2016-03-04T18:57:45+00:00\",\"mainEntityOfPage\":{\"@id\":\"https:\\\/\\\/www.arhammar.se\\\/blog\\\/har-ar-det-som-inte-blev\\\/\"},\"wordCount\":97,\"commentCount\":0,\"image\":{\"@id\":\"https:\\\/\\\/www.arhammar.se\\\/blog\\\/har-ar-det-som-inte-blev\\\/#primaryimage\"},\"thumbnailUrl\":\"https:\\\/\\\/www.arhammar.se\\\/blog\\\/wp-content\\\/uploads\\\/2016\\\/01\\\/DSC9439.jpg\",\"keywords\":[\"EU\",\"fj\u00e4der\",\"flaggan\",\"Hudiksvall\"],\"articleSection\":[\"Mobil blogg 10\"],\"inLanguage\":\"en-US\",\"potentialAction\":[{\"@type\":\"CommentAction\",\"name\":\"Comment\",\"target\":[\"https:\\\/\\\/www.arhammar.se\\\/blog\\\/har-ar-det-som-inte-blev\\\/#respond\"]}]},{\"@type\":\"WebPage\",\"@id\":\"https:\\\/\\\/www.arhammar.se\\\/blog\\\/har-ar-det-som-inte-blev\\\/\",\"url\":\"https:\\\/\\\/www.arhammar.se\\\/blog\\\/har-ar-det-som-inte-blev\\\/\",\"name\":\"H\u00e4r \u00e4r det som inte blev - @Arhammar bokstavligen\",\"isPartOf\":{\"@id\":\"https:\\\/\\\/www.arhammar.se\\\/blog\\\/#website\"},\"primaryImageOfPage\":{\"@id\":\"https:\\\/\\\/www.arhammar.se\\\/blog\\\/har-ar-det-som-inte-blev\\\/#primaryimage\"},\"image\":{\"@id\":\"https:\\\/\\\/www.arhammar.se\\\/blog\\\/har-ar-det-som-inte-blev\\\/#primaryimage\"},\"thumbnailUrl\":\"https:\\\/\\\/www.arhammar.se\\\/blog\\\/wp-content\\\/uploads\\\/2016\\\/01\\\/DSC9439.jpg\",\"datePublished\":\"2010-01-12T19:47:42+00:00\",\"dateModified\":\"2016-03-04T18:57:45+00:00\",\"author\":{\"@id\":\"https:\\\/\\\/www.arhammar.se\\\/blog\\\/#\\\/schema\\\/person\\\/061984c1d884b363e2c91550f2e00d1d\"},\"breadcrumb\":{\"@id\":\"https:\\\/\\\/www.arhammar.se\\\/blog\\\/har-ar-det-som-inte-blev\\\/#breadcrumb\"},\"inLanguage\":\"en-US\",\"potentialAction\":[{\"@type\":\"ReadAction\",\"target\":[\"https:\\\/\\\/www.arhammar.se\\\/blog\\\/har-ar-det-som-inte-blev\\\/\"]}]},{\"@type\":\"ImageObject\",\"inLanguage\":\"en-US\",\"@id\":\"https:\\\/\\\/www.arhammar.se\\\/blog\\\/har-ar-det-som-inte-blev\\\/#primaryimage\",\"url\":\"https:\\\/\\\/www.arhammar.se\\\/blog\\\/wp-content\\\/uploads\\\/2016\\\/01\\\/DSC9439.jpg\",\"contentUrl\":\"https:\\\/\\\/www.arhammar.se\\\/blog\\\/wp-content\\\/uploads\\\/2016\\\/01\\\/DSC9439.jpg\",\"width\":425,\"height\":285},{\"@type\":\"BreadcrumbList\",\"@id\":\"https:\\\/\\\/www.arhammar.se\\\/blog\\\/har-ar-det-som-inte-blev\\\/#breadcrumb\",\"itemListElement\":[{\"@type\":\"ListItem\",\"position\":1,\"name\":\"Home\",\"item\":\"https:\\\/\\\/www.arhammar.se\\\/blog\\\/\"},{\"@type\":\"ListItem\",\"position\":2,\"name\":\"H\u00e4r \u00e4r det som inte blev\"}]},{\"@type\":\"WebSite\",\"@id\":\"https:\\\/\\\/www.arhammar.se\\\/blog\\\/#website\",\"url\":\"https:\\\/\\\/www.arhammar.se\\\/blog\\\/\",\"name\":\"@Arhammar bokstavligen\",\"description\":\"Fr\u00e5n min penna och panna\",\"potentialAction\":[{\"@type\":\"SearchAction\",\"target\":{\"@type\":\"EntryPoint\",\"urlTemplate\":\"https:\\\/\\\/www.arhammar.se\\\/blog\\\/?s={search_term_string}\"},\"query-input\":{\"@type\":\"PropertyValueSpecification\",\"valueRequired\":true,\"valueName\":\"search_term_string\"}}],\"inLanguage\":\"en-US\"},{\"@type\":\"Person\",\"@id\":\"https:\\\/\\\/www.arhammar.se\\\/blog\\\/#\\\/schema\\\/person\\\/061984c1d884b363e2c91550f2e00d1d\",\"name\":\"Anders Arhammar\",\"image\":{\"@type\":\"ImageObject\",\"inLanguage\":\"en-US\",\"@id\":\"https:\\\/\\\/secure.gravatar.com\\\/avatar\\\/784b5b36cfe145ae19a52340f405285a939bcc08d4a21136b3a81f9e378ffae0?s=96&d=mm&r=g\",\"url\":\"https:\\\/\\\/secure.gravatar.com\\\/avatar\\\/784b5b36cfe145ae19a52340f405285a939bcc08d4a21136b3a81f9e378ffae0?s=96&d=mm&r=g\",\"contentUrl\":\"https:\\\/\\\/secure.gravatar.com\\\/avatar\\\/784b5b36cfe145ae19a52340f405285a939bcc08d4a21136b3a81f9e378ffae0?s=96&d=mm&r=g\",\"caption\":\"Anders Arhammar\"},\"url\":\"https:\\\/\\\/www.arhammar.se\\\/blog\\\/author\\\/anders\\\/\"}]}<\/script>\n<!-- \/ Yoast SEO plugin. -->","yoast_head_json":{"title":"H\u00e4r \u00e4r det som inte blev - @Arhammar bokstavligen","robots":{"index":"index","follow":"follow","max-snippet":"max-snippet:-1","max-image-preview":"max-image-preview:large","max-video-preview":"max-video-preview:-1"},"canonical":"https:\/\/www.arhammar.se\/blog\/har-ar-det-som-inte-blev\/","og_locale":"en_US","og_type":"article","og_title":"H\u00e4r \u00e4r det som inte blev - @Arhammar bokstavligen","og_description":"Ett nytt \u00e5r, med nya f\u00f6resatser och nya f\u00f6ruts\u00e4ttningar. D\u00e5 ringer vi ut det gamla och in det nya. Eu flaggan t\u00e4nkte jag av n\u00e5gon anledning skriva om, men det blev inte mer \u00e4n s\u00e5 h\u00e4r. En vacker fj\u00e4der fick mig att lyfta kameran, men sedan blev det inte mer \u00e4n en fj\u00e4der av den [&hellip;]","og_url":"https:\/\/www.arhammar.se\/blog\/har-ar-det-som-inte-blev\/","og_site_name":"@Arhammar bokstavligen","article_published_time":"2010-01-12T19:47:42+00:00","article_modified_time":"2016-03-04T18:57:45+00:00","og_image":[{"width":425,"height":285,"url":"https:\/\/www.arhammar.se\/blog\/wp-content\/uploads\/2016\/01\/DSC9439.jpg","type":"image\/jpeg"}],"author":"Anders Arhammar","twitter_card":"summary_large_image","twitter_misc":{"Written by":"Anders Arhammar"},"schema":{"@context":"https:\/\/schema.org","@graph":[{"@type":"Article","@id":"https:\/\/www.arhammar.se\/blog\/har-ar-det-som-inte-blev\/#article","isPartOf":{"@id":"https:\/\/www.arhammar.se\/blog\/har-ar-det-som-inte-blev\/"},"author":{"name":"Anders Arhammar","@id":"https:\/\/www.arhammar.se\/blog\/#\/schema\/person\/061984c1d884b363e2c91550f2e00d1d"},"headline":"H\u00e4r \u00e4r det som inte blev","datePublished":"2010-01-12T19:47:42+00:00","dateModified":"2016-03-04T18:57:45+00:00","mainEntityOfPage":{"@id":"https:\/\/www.arhammar.se\/blog\/har-ar-det-som-inte-blev\/"},"wordCount":97,"commentCount":0,"image":{"@id":"https:\/\/www.arhammar.se\/blog\/har-ar-det-som-inte-blev\/#primaryimage"},"thumbnailUrl":"https:\/\/www.arhammar.se\/blog\/wp-content\/uploads\/2016\/01\/DSC9439.jpg","keywords":["EU","fj\u00e4der","flaggan","Hudiksvall"],"articleSection":["Mobil blogg 10"],"inLanguage":"en-US","potentialAction":[{"@type":"CommentAction","name":"Comment","target":["https:\/\/www.arhammar.se\/blog\/har-ar-det-som-inte-blev\/#respond"]}]},{"@type":"WebPage","@id":"https:\/\/www.arhammar.se\/blog\/har-ar-det-som-inte-blev\/","url":"https:\/\/www.arhammar.se\/blog\/har-ar-det-som-inte-blev\/","name":"H\u00e4r \u00e4r det som inte blev - @Arhammar bokstavligen","isPartOf":{"@id":"https:\/\/www.arhammar.se\/blog\/#website"},"primaryImageOfPage":{"@id":"https:\/\/www.arhammar.se\/blog\/har-ar-det-som-inte-blev\/#primaryimage"},"image":{"@id":"https:\/\/www.arhammar.se\/blog\/har-ar-det-som-inte-blev\/#primaryimage"},"thumbnailUrl":"https:\/\/www.arhammar.se\/blog\/wp-content\/uploads\/2016\/01\/DSC9439.jpg","datePublished":"2010-01-12T19:47:42+00:00","dateModified":"2016-03-04T18:57:45+00:00","author":{"@id":"https:\/\/www.arhammar.se\/blog\/#\/schema\/person\/061984c1d884b363e2c91550f2e00d1d"},"breadcrumb":{"@id":"https:\/\/www.arhammar.se\/blog\/har-ar-det-som-inte-blev\/#breadcrumb"},"inLanguage":"en-US","potentialAction":[{"@type":"ReadAction","target":["https:\/\/www.arhammar.se\/blog\/har-ar-det-som-inte-blev\/"]}]},{"@type":"ImageObject","inLanguage":"en-US","@id":"https:\/\/www.arhammar.se\/blog\/har-ar-det-som-inte-blev\/#primaryimage","url":"https:\/\/www.arhammar.se\/blog\/wp-content\/uploads\/2016\/01\/DSC9439.jpg","contentUrl":"https:\/\/www.arhammar.se\/blog\/wp-content\/uploads\/2016\/01\/DSC9439.jpg","width":425,"height":285},{"@type":"BreadcrumbList","@id":"https:\/\/www.arhammar.se\/blog\/har-ar-det-som-inte-blev\/#breadcrumb","itemListElement":[{"@type":"ListItem","position":1,"name":"Home","item":"https:\/\/www.arhammar.se\/blog\/"},{"@type":"ListItem","position":2,"name":"H\u00e4r \u00e4r det som inte blev"}]},{"@type":"WebSite","@id":"https:\/\/www.arhammar.se\/blog\/#website","url":"https:\/\/www.arhammar.se\/blog\/","name":"@Arhammar bokstavligen","description":"Fr\u00e5n min penna och panna","potentialAction":[{"@type":"SearchAction","target":{"@type":"EntryPoint","urlTemplate":"https:\/\/www.arhammar.se\/blog\/?s={search_term_string}"},"query-input":{"@type":"PropertyValueSpecification","valueRequired":true,"valueName":"search_term_string"}}],"inLanguage":"en-US"},{"@type":"Person","@id":"https:\/\/www.arhammar.se\/blog\/#\/schema\/person\/061984c1d884b363e2c91550f2e00d1d","name":"Anders Arhammar","image":{"@type":"ImageObject","inLanguage":"en-US","@id":"https:\/\/secure.gravatar.com\/avatar\/784b5b36cfe145ae19a52340f405285a939bcc08d4a21136b3a81f9e378ffae0?s=96&d=mm&r=g","url":"https:\/\/secure.gravatar.com\/avatar\/784b5b36cfe145ae19a52340f405285a939bcc08d4a21136b3a81f9e378ffae0?s=96&d=mm&r=g","contentUrl":"https:\/\/secure.gravatar.com\/avatar\/784b5b36cfe145ae19a52340f405285a939bcc08d4a21136b3a81f9e378ffae0?s=96&d=mm&r=g","caption":"Anders Arhammar"},"url":"https:\/\/www.arhammar.se\/blog\/author\/anders\/"}]}},"_links":{"self":[{"href":"https:\/\/www.arhammar.se\/blog\/wp-json\/wp\/v2\/posts\/4160","targetHints":{"allow":["GET"]}}],"collection":[{"href":"https:\/\/www.arhammar.se\/blog\/wp-json\/wp\/v2\/posts"}],"about":[{"href":"https:\/\/www.arhammar.se\/blog\/wp-json\/wp\/v2\/types\/post"}],"author":[{"embeddable":true,"href":"https:\/\/www.arhammar.se\/blog\/wp-json\/wp\/v2\/users\/2"}],"replies":[{"embeddable":true,"href":"https:\/\/www.arhammar.se\/blog\/wp-json\/wp\/v2\/comments?post=4160"}],"version-history":[{"count":0,"href":"https:\/\/www.arhammar.se\/blog\/wp-json\/wp\/v2\/posts\/4160\/revisions"}],"wp:featuredmedia":[{"embeddable":true,"href":"https:\/\/www.arhammar.se\/blog\/wp-json\/wp\/v2\/media\/8856"}],"wp:attachment":[{"href":"https:\/\/www.arhammar.se\/blog\/wp-json\/wp\/v2\/media?parent=4160"}],"wp:term":[{"taxonomy":"category","embeddable":true,"href":"https:\/\/www.arhammar.se\/blog\/wp-json\/wp\/v2\/categories?post=4160"},{"taxonomy":"post_tag","embeddable":true,"href":"https:\/\/www.arhammar.se\/blog\/wp-json\/wp\/v2\/tags?post=4160"}],"curies":[{"name":"wp","href":"https:\/\/api.w.org\/{rel}","templated":true}]}}