{"id":29359,"date":"2020-03-03T00:50:36","date_gmt":"2020-03-02T23:50:36","guid":{"rendered":"https:\/\/www.arhammar.se\/blog\/?p=29359"},"modified":"2020-06-21T19:05:13","modified_gmt":"2020-06-21T18:05:13","slug":"fredag-den-27-juni-1913-jag-har-varit-mest-inomhus-och-ordnat","status":"publish","type":"post","link":"https:\/\/www.arhammar.se\/blog\/fredag-den-27-juni-1913-jag-har-varit-mest-inomhus-och-ordnat\/","title":{"rendered":"Fredag den 27 juni 1913. Jag har varit mest inomhus och ordnat."},"content":{"rendered":"<p>Idag har inte v\u00e4dret varit s\u00e5 str\u00e5lande som de f\u00f6reg\u00e5ende dagarna. D\u00e5 och d\u00e5 har det regnat och skv\u00e4tt. Jag har varit mest inomhus och ordnat. Till middag kokte jag vitling med sm\u00f6rs\u00e5s och ungarna tyckte det var mycket gott. <\/p>\n<p>Vi hade inte v\u00e4ntat att mamma skulle komma ikv\u00e4ll, men det gjorde hon och hade med sig en hel del saker f\u00f6rst\u00e5s. Elin hj\u00e4lpte Rut och henne att b\u00e4ra hem en korg och jag bj\u00f6d dem p\u00e5 kaffe d\u00e5 de kommo. Nu sitter jag vid mitt \u00f6ppna f\u00f6nster och skriver, regnet plaskar s\u00e5 melodiskt mot bladen p\u00e5 tr\u00e4den och vid g\u00e4rdsg\u00e5rden st\u00e5r den lille rare kalven med huvudet p\u00e5 sned och tittar s\u00e5 melankolisk p\u00e5 hur dropparna falla. Han vill ha solsken och vackert v\u00e4der, den lille \u201dkalvsingen\u201d. <\/p>\n<p>Nu m\u00e5ste jag tr\u00e5ckla ihop en kl\u00e4nning som jag klippt till idag, och sen skall det b\u00e4ddas s\u00e5 jag f\u00e5r nog inte tid att skriva mer idag.<\/p>\n<!-- AddThis Advanced Settings generic via filter on the_content --><!-- AddThis Share Buttons generic via filter on the_content -->","protected":false},"excerpt":{"rendered":"<p>Idag har inte v\u00e4dret varit s\u00e5 str\u00e5lande som de f\u00f6reg\u00e5ende dagarna. D\u00e5 och d\u00e5 har det regnat och skv\u00e4tt. Jag har varit mest inomhus och ordnat. Till middag kokte jag vitling med sm\u00f6rs\u00e5s och ungarna tyckte det var mycket gott. Vi hade inte v\u00e4ntat att mamma skulle komma ikv\u00e4ll, men det gjorde hon och hade [&hellip;]<!-- AddThis Advanced Settings generic via filter on wp_trim_excerpt --><!-- AddThis Share Buttons generic via filter on wp_trim_excerpt --><\/p>\n","protected":false},"author":2,"featured_media":26228,"comment_status":"open","ping_status":"open","sticky":false,"template":"","format":"standard","meta":{"footnotes":""},"categories":[3438,3425],"tags":[],"class_list":["post-29359","post","type-post","status-publish","format-standard","has-post-thumbnail","hentry","category-3438","category-mormors-dagbok"],"yoast_head":"<!-- This site is optimized with the Yoast SEO plugin v27.4 - https:\/\/yoast.com\/product\/yoast-seo-wordpress\/ -->\n<title>Fredag den 27 juni 1913. Jag har varit mest inomhus och ordnat. - @Arhammar bokstavligen<\/title>\n<meta name=\"robots\" content=\"index, follow, max-snippet:-1, max-image-preview:large, max-video-preview:-1\" \/>\n<link rel=\"canonical\" href=\"https:\/\/www.arhammar.se\/blog\/fredag-den-27-juni-1913-jag-har-varit-mest-inomhus-och-ordnat\/\" \/>\n<meta property=\"og:locale\" content=\"en_US\" \/>\n<meta property=\"og:type\" content=\"article\" \/>\n<meta property=\"og:title\" content=\"Fredag den 27 juni 1913. Jag har varit mest inomhus och ordnat. - @Arhammar bokstavligen\" \/>\n<meta property=\"og:description\" content=\"Idag har inte v\u00e4dret varit s\u00e5 str\u00e5lande som de f\u00f6reg\u00e5ende dagarna. D\u00e5 och d\u00e5 har det regnat och skv\u00e4tt. Jag har varit mest inomhus och ordnat. Till middag kokte jag vitling med sm\u00f6rs\u00e5s och ungarna tyckte det var mycket gott. Vi hade inte v\u00e4ntat att mamma skulle komma ikv\u00e4ll, men det gjorde hon och hade [&hellip;]\" \/>\n<meta property=\"og:url\" content=\"https:\/\/www.arhammar.se\/blog\/fredag-den-27-juni-1913-jag-har-varit-mest-inomhus-och-ordnat\/\" \/>\n<meta property=\"og:site_name\" content=\"@Arhammar bokstavligen\" \/>\n<meta property=\"article:published_time\" content=\"2020-03-02T23:50:36+00:00\" \/>\n<meta property=\"article:modified_time\" content=\"2020-06-21T18:05:13+00:00\" \/>\n<meta property=\"og:image\" content=\"https:\/\/www.arhammar.se\/blog\/wp-content\/uploads\/2020\/10\/juni1913.jpg\" \/>\n\t<meta property=\"og:image:width\" content=\"640\" \/>\n\t<meta property=\"og:image:height\" content=\"480\" \/>\n\t<meta property=\"og:image:type\" content=\"image\/jpeg\" \/>\n<meta name=\"author\" content=\"Anders Arhammar\" \/>\n<meta name=\"twitter:card\" content=\"summary_large_image\" \/>\n<meta name=\"twitter:label1\" content=\"Written by\" \/>\n\t<meta name=\"twitter:data1\" content=\"Anders Arhammar\" \/>\n\t<meta name=\"twitter:label2\" content=\"Est. reading time\" \/>\n\t<meta name=\"twitter:data2\" content=\"1 minute\" \/>\n<script type=\"application\/ld+json\" class=\"yoast-schema-graph\">{\"@context\":\"https:\\\/\\\/schema.org\",\"@graph\":[{\"@type\":\"Article\",\"@id\":\"https:\\\/\\\/www.arhammar.se\\\/blog\\\/fredag-den-27-juni-1913-jag-har-varit-mest-inomhus-och-ordnat\\\/#article\",\"isPartOf\":{\"@id\":\"https:\\\/\\\/www.arhammar.se\\\/blog\\\/fredag-den-27-juni-1913-jag-har-varit-mest-inomhus-och-ordnat\\\/\"},\"author\":{\"name\":\"Anders Arhammar\",\"@id\":\"https:\\\/\\\/www.arhammar.se\\\/blog\\\/#\\\/schema\\\/person\\\/061984c1d884b363e2c91550f2e00d1d\"},\"headline\":\"Fredag den 27 juni 1913. Jag har varit mest inomhus och ordnat.\",\"datePublished\":\"2020-03-02T23:50:36+00:00\",\"dateModified\":\"2020-06-21T18:05:13+00:00\",\"mainEntityOfPage\":{\"@id\":\"https:\\\/\\\/www.arhammar.se\\\/blog\\\/fredag-den-27-juni-1913-jag-har-varit-mest-inomhus-och-ordnat\\\/\"},\"wordCount\":190,\"commentCount\":0,\"image\":{\"@id\":\"https:\\\/\\\/www.arhammar.se\\\/blog\\\/fredag-den-27-juni-1913-jag-har-varit-mest-inomhus-och-ordnat\\\/#primaryimage\"},\"thumbnailUrl\":\"https:\\\/\\\/www.arhammar.se\\\/blog\\\/wp-content\\\/uploads\\\/2020\\\/10\\\/juni1913.jpg\",\"articleSection\":[\"1913\",\"mormors dagbok\"],\"inLanguage\":\"en-US\",\"potentialAction\":[{\"@type\":\"CommentAction\",\"name\":\"Comment\",\"target\":[\"https:\\\/\\\/www.arhammar.se\\\/blog\\\/fredag-den-27-juni-1913-jag-har-varit-mest-inomhus-och-ordnat\\\/#respond\"]}]},{\"@type\":\"WebPage\",\"@id\":\"https:\\\/\\\/www.arhammar.se\\\/blog\\\/fredag-den-27-juni-1913-jag-har-varit-mest-inomhus-och-ordnat\\\/\",\"url\":\"https:\\\/\\\/www.arhammar.se\\\/blog\\\/fredag-den-27-juni-1913-jag-har-varit-mest-inomhus-och-ordnat\\\/\",\"name\":\"Fredag den 27 juni 1913. Jag har varit mest inomhus och ordnat. - @Arhammar bokstavligen\",\"isPartOf\":{\"@id\":\"https:\\\/\\\/www.arhammar.se\\\/blog\\\/#website\"},\"primaryImageOfPage\":{\"@id\":\"https:\\\/\\\/www.arhammar.se\\\/blog\\\/fredag-den-27-juni-1913-jag-har-varit-mest-inomhus-och-ordnat\\\/#primaryimage\"},\"image\":{\"@id\":\"https:\\\/\\\/www.arhammar.se\\\/blog\\\/fredag-den-27-juni-1913-jag-har-varit-mest-inomhus-och-ordnat\\\/#primaryimage\"},\"thumbnailUrl\":\"https:\\\/\\\/www.arhammar.se\\\/blog\\\/wp-content\\\/uploads\\\/2020\\\/10\\\/juni1913.jpg\",\"datePublished\":\"2020-03-02T23:50:36+00:00\",\"dateModified\":\"2020-06-21T18:05:13+00:00\",\"author\":{\"@id\":\"https:\\\/\\\/www.arhammar.se\\\/blog\\\/#\\\/schema\\\/person\\\/061984c1d884b363e2c91550f2e00d1d\"},\"breadcrumb\":{\"@id\":\"https:\\\/\\\/www.arhammar.se\\\/blog\\\/fredag-den-27-juni-1913-jag-har-varit-mest-inomhus-och-ordnat\\\/#breadcrumb\"},\"inLanguage\":\"en-US\",\"potentialAction\":[{\"@type\":\"ReadAction\",\"target\":[\"https:\\\/\\\/www.arhammar.se\\\/blog\\\/fredag-den-27-juni-1913-jag-har-varit-mest-inomhus-och-ordnat\\\/\"]}]},{\"@type\":\"ImageObject\",\"inLanguage\":\"en-US\",\"@id\":\"https:\\\/\\\/www.arhammar.se\\\/blog\\\/fredag-den-27-juni-1913-jag-har-varit-mest-inomhus-och-ordnat\\\/#primaryimage\",\"url\":\"https:\\\/\\\/www.arhammar.se\\\/blog\\\/wp-content\\\/uploads\\\/2020\\\/10\\\/juni1913.jpg\",\"contentUrl\":\"https:\\\/\\\/www.arhammar.se\\\/blog\\\/wp-content\\\/uploads\\\/2020\\\/10\\\/juni1913.jpg\",\"width\":640,\"height\":480},{\"@type\":\"BreadcrumbList\",\"@id\":\"https:\\\/\\\/www.arhammar.se\\\/blog\\\/fredag-den-27-juni-1913-jag-har-varit-mest-inomhus-och-ordnat\\\/#breadcrumb\",\"itemListElement\":[{\"@type\":\"ListItem\",\"position\":1,\"name\":\"Home\",\"item\":\"https:\\\/\\\/www.arhammar.se\\\/blog\\\/\"},{\"@type\":\"ListItem\",\"position\":2,\"name\":\"Fredag den 27 juni 1913. Jag har varit mest inomhus och ordnat.\"}]},{\"@type\":\"WebSite\",\"@id\":\"https:\\\/\\\/www.arhammar.se\\\/blog\\\/#website\",\"url\":\"https:\\\/\\\/www.arhammar.se\\\/blog\\\/\",\"name\":\"@Arhammar bokstavligen\",\"description\":\"Fr\u00e5n min penna och panna\",\"potentialAction\":[{\"@type\":\"SearchAction\",\"target\":{\"@type\":\"EntryPoint\",\"urlTemplate\":\"https:\\\/\\\/www.arhammar.se\\\/blog\\\/?s={search_term_string}\"},\"query-input\":{\"@type\":\"PropertyValueSpecification\",\"valueRequired\":true,\"valueName\":\"search_term_string\"}}],\"inLanguage\":\"en-US\"},{\"@type\":\"Person\",\"@id\":\"https:\\\/\\\/www.arhammar.se\\\/blog\\\/#\\\/schema\\\/person\\\/061984c1d884b363e2c91550f2e00d1d\",\"name\":\"Anders Arhammar\",\"image\":{\"@type\":\"ImageObject\",\"inLanguage\":\"en-US\",\"@id\":\"https:\\\/\\\/secure.gravatar.com\\\/avatar\\\/784b5b36cfe145ae19a52340f405285a939bcc08d4a21136b3a81f9e378ffae0?s=96&d=mm&r=g\",\"url\":\"https:\\\/\\\/secure.gravatar.com\\\/avatar\\\/784b5b36cfe145ae19a52340f405285a939bcc08d4a21136b3a81f9e378ffae0?s=96&d=mm&r=g\",\"contentUrl\":\"https:\\\/\\\/secure.gravatar.com\\\/avatar\\\/784b5b36cfe145ae19a52340f405285a939bcc08d4a21136b3a81f9e378ffae0?s=96&d=mm&r=g\",\"caption\":\"Anders Arhammar\"},\"url\":\"https:\\\/\\\/www.arhammar.se\\\/blog\\\/author\\\/anders\\\/\"}]}<\/script>\n<!-- \/ Yoast SEO plugin. -->","yoast_head_json":{"title":"Fredag den 27 juni 1913. Jag har varit mest inomhus och ordnat. - @Arhammar bokstavligen","robots":{"index":"index","follow":"follow","max-snippet":"max-snippet:-1","max-image-preview":"max-image-preview:large","max-video-preview":"max-video-preview:-1"},"canonical":"https:\/\/www.arhammar.se\/blog\/fredag-den-27-juni-1913-jag-har-varit-mest-inomhus-och-ordnat\/","og_locale":"en_US","og_type":"article","og_title":"Fredag den 27 juni 1913. Jag har varit mest inomhus och ordnat. - @Arhammar bokstavligen","og_description":"Idag har inte v\u00e4dret varit s\u00e5 str\u00e5lande som de f\u00f6reg\u00e5ende dagarna. D\u00e5 och d\u00e5 har det regnat och skv\u00e4tt. Jag har varit mest inomhus och ordnat. Till middag kokte jag vitling med sm\u00f6rs\u00e5s och ungarna tyckte det var mycket gott. Vi hade inte v\u00e4ntat att mamma skulle komma ikv\u00e4ll, men det gjorde hon och hade [&hellip;]","og_url":"https:\/\/www.arhammar.se\/blog\/fredag-den-27-juni-1913-jag-har-varit-mest-inomhus-och-ordnat\/","og_site_name":"@Arhammar bokstavligen","article_published_time":"2020-03-02T23:50:36+00:00","article_modified_time":"2020-06-21T18:05:13+00:00","og_image":[{"width":640,"height":480,"url":"https:\/\/www.arhammar.se\/blog\/wp-content\/uploads\/2020\/10\/juni1913.jpg","type":"image\/jpeg"}],"author":"Anders Arhammar","twitter_card":"summary_large_image","twitter_misc":{"Written by":"Anders Arhammar","Est. reading time":"1 minute"},"schema":{"@context":"https:\/\/schema.org","@graph":[{"@type":"Article","@id":"https:\/\/www.arhammar.se\/blog\/fredag-den-27-juni-1913-jag-har-varit-mest-inomhus-och-ordnat\/#article","isPartOf":{"@id":"https:\/\/www.arhammar.se\/blog\/fredag-den-27-juni-1913-jag-har-varit-mest-inomhus-och-ordnat\/"},"author":{"name":"Anders Arhammar","@id":"https:\/\/www.arhammar.se\/blog\/#\/schema\/person\/061984c1d884b363e2c91550f2e00d1d"},"headline":"Fredag den 27 juni 1913. Jag har varit mest inomhus och ordnat.","datePublished":"2020-03-02T23:50:36+00:00","dateModified":"2020-06-21T18:05:13+00:00","mainEntityOfPage":{"@id":"https:\/\/www.arhammar.se\/blog\/fredag-den-27-juni-1913-jag-har-varit-mest-inomhus-och-ordnat\/"},"wordCount":190,"commentCount":0,"image":{"@id":"https:\/\/www.arhammar.se\/blog\/fredag-den-27-juni-1913-jag-har-varit-mest-inomhus-och-ordnat\/#primaryimage"},"thumbnailUrl":"https:\/\/www.arhammar.se\/blog\/wp-content\/uploads\/2020\/10\/juni1913.jpg","articleSection":["1913","mormors dagbok"],"inLanguage":"en-US","potentialAction":[{"@type":"CommentAction","name":"Comment","target":["https:\/\/www.arhammar.se\/blog\/fredag-den-27-juni-1913-jag-har-varit-mest-inomhus-och-ordnat\/#respond"]}]},{"@type":"WebPage","@id":"https:\/\/www.arhammar.se\/blog\/fredag-den-27-juni-1913-jag-har-varit-mest-inomhus-och-ordnat\/","url":"https:\/\/www.arhammar.se\/blog\/fredag-den-27-juni-1913-jag-har-varit-mest-inomhus-och-ordnat\/","name":"Fredag den 27 juni 1913. Jag har varit mest inomhus och ordnat. - @Arhammar bokstavligen","isPartOf":{"@id":"https:\/\/www.arhammar.se\/blog\/#website"},"primaryImageOfPage":{"@id":"https:\/\/www.arhammar.se\/blog\/fredag-den-27-juni-1913-jag-har-varit-mest-inomhus-och-ordnat\/#primaryimage"},"image":{"@id":"https:\/\/www.arhammar.se\/blog\/fredag-den-27-juni-1913-jag-har-varit-mest-inomhus-och-ordnat\/#primaryimage"},"thumbnailUrl":"https:\/\/www.arhammar.se\/blog\/wp-content\/uploads\/2020\/10\/juni1913.jpg","datePublished":"2020-03-02T23:50:36+00:00","dateModified":"2020-06-21T18:05:13+00:00","author":{"@id":"https:\/\/www.arhammar.se\/blog\/#\/schema\/person\/061984c1d884b363e2c91550f2e00d1d"},"breadcrumb":{"@id":"https:\/\/www.arhammar.se\/blog\/fredag-den-27-juni-1913-jag-har-varit-mest-inomhus-och-ordnat\/#breadcrumb"},"inLanguage":"en-US","potentialAction":[{"@type":"ReadAction","target":["https:\/\/www.arhammar.se\/blog\/fredag-den-27-juni-1913-jag-har-varit-mest-inomhus-och-ordnat\/"]}]},{"@type":"ImageObject","inLanguage":"en-US","@id":"https:\/\/www.arhammar.se\/blog\/fredag-den-27-juni-1913-jag-har-varit-mest-inomhus-och-ordnat\/#primaryimage","url":"https:\/\/www.arhammar.se\/blog\/wp-content\/uploads\/2020\/10\/juni1913.jpg","contentUrl":"https:\/\/www.arhammar.se\/blog\/wp-content\/uploads\/2020\/10\/juni1913.jpg","width":640,"height":480},{"@type":"BreadcrumbList","@id":"https:\/\/www.arhammar.se\/blog\/fredag-den-27-juni-1913-jag-har-varit-mest-inomhus-och-ordnat\/#breadcrumb","itemListElement":[{"@type":"ListItem","position":1,"name":"Home","item":"https:\/\/www.arhammar.se\/blog\/"},{"@type":"ListItem","position":2,"name":"Fredag den 27 juni 1913. Jag har varit mest inomhus och ordnat."}]},{"@type":"WebSite","@id":"https:\/\/www.arhammar.se\/blog\/#website","url":"https:\/\/www.arhammar.se\/blog\/","name":"@Arhammar bokstavligen","description":"Fr\u00e5n min penna och panna","potentialAction":[{"@type":"SearchAction","target":{"@type":"EntryPoint","urlTemplate":"https:\/\/www.arhammar.se\/blog\/?s={search_term_string}"},"query-input":{"@type":"PropertyValueSpecification","valueRequired":true,"valueName":"search_term_string"}}],"inLanguage":"en-US"},{"@type":"Person","@id":"https:\/\/www.arhammar.se\/blog\/#\/schema\/person\/061984c1d884b363e2c91550f2e00d1d","name":"Anders Arhammar","image":{"@type":"ImageObject","inLanguage":"en-US","@id":"https:\/\/secure.gravatar.com\/avatar\/784b5b36cfe145ae19a52340f405285a939bcc08d4a21136b3a81f9e378ffae0?s=96&d=mm&r=g","url":"https:\/\/secure.gravatar.com\/avatar\/784b5b36cfe145ae19a52340f405285a939bcc08d4a21136b3a81f9e378ffae0?s=96&d=mm&r=g","contentUrl":"https:\/\/secure.gravatar.com\/avatar\/784b5b36cfe145ae19a52340f405285a939bcc08d4a21136b3a81f9e378ffae0?s=96&d=mm&r=g","caption":"Anders Arhammar"},"url":"https:\/\/www.arhammar.se\/blog\/author\/anders\/"}]}},"_links":{"self":[{"href":"https:\/\/www.arhammar.se\/blog\/wp-json\/wp\/v2\/posts\/29359","targetHints":{"allow":["GET"]}}],"collection":[{"href":"https:\/\/www.arhammar.se\/blog\/wp-json\/wp\/v2\/posts"}],"about":[{"href":"https:\/\/www.arhammar.se\/blog\/wp-json\/wp\/v2\/types\/post"}],"author":[{"embeddable":true,"href":"https:\/\/www.arhammar.se\/blog\/wp-json\/wp\/v2\/users\/2"}],"replies":[{"embeddable":true,"href":"https:\/\/www.arhammar.se\/blog\/wp-json\/wp\/v2\/comments?post=29359"}],"version-history":[{"count":1,"href":"https:\/\/www.arhammar.se\/blog\/wp-json\/wp\/v2\/posts\/29359\/revisions"}],"predecessor-version":[{"id":29365,"href":"https:\/\/www.arhammar.se\/blog\/wp-json\/wp\/v2\/posts\/29359\/revisions\/29365"}],"wp:featuredmedia":[{"embeddable":true,"href":"https:\/\/www.arhammar.se\/blog\/wp-json\/wp\/v2\/media\/26228"}],"wp:attachment":[{"href":"https:\/\/www.arhammar.se\/blog\/wp-json\/wp\/v2\/media?parent=29359"}],"wp:term":[{"taxonomy":"category","embeddable":true,"href":"https:\/\/www.arhammar.se\/blog\/wp-json\/wp\/v2\/categories?post=29359"},{"taxonomy":"post_tag","embeddable":true,"href":"https:\/\/www.arhammar.se\/blog\/wp-json\/wp\/v2\/tags?post=29359"}],"curies":[{"name":"wp","href":"https:\/\/api.w.org\/{rel}","templated":true}]}}