{"id":29358,"date":"2020-03-03T00:40:50","date_gmt":"2020-03-02T23:40:50","guid":{"rendered":"https:\/\/www.arhammar.se\/blog\/?p=29358"},"modified":"2020-06-21T18:58:53","modified_gmt":"2020-06-21T17:58:53","slug":"torsdag-den-26-juni-1913-nu-ar-det-jag-som-ar-husmoran","status":"publish","type":"post","link":"https:\/\/www.arhammar.se\/blog\/torsdag-den-26-juni-1913-nu-ar-det-jag-som-ar-husmoran\/","title":{"rendered":"Torsdag den 26 juni 1913. Nu \u00e4r det jag som \u00e4r \u201dhusmoran\u201d."},"content":{"rendered":"<p>Dragspelet ljuder och ungdomen dansar. P\u00e5 H\u00f6viksn\u00e4s brygga virvla en student och en ljuskl\u00e4dd flicka om efter \u201dDen norske valsens\u201d sm\u00e4ktande toner. Och de andra flickorna skratta och jubla d\u00e5 de h\u00e5ller p\u00e5 att ta \u00f6verbalansen vid en uppst\u00e5ende planka. <\/p>\n<p>Hilding har varit v\u00e5r trogne f\u00f6ljeslagare under de sista dagarna. Ig\u00e5r kv\u00e4ll rodde vi ut till holmarna under det \u201dallest\u00e4des n\u00e4rvarandes\u201d glada melodier och sen blev det en sv\u00e4ng om p\u00e5 bryggan. Men idag har Hilding rest, vet ej n\u00e4r han kommer tillbaka, ville nog s\u00e5 g\u00e4rna stanna.<\/p>\n<p>\u00c4ven mamma har rest in till stan idag p\u00e5 obest\u00e4md tid. S\u00e5 nu \u00e4r det jag som \u00e4r \u201dhusmoran\u201d. Jag har lagat kl\u00e4der och kokat gr\u00f6t och varit nog s\u00e5 duktig. Nu sitter jag och l\u00e4ngtar efter honom, efter glada kamrater! Och tankar komma och tankar g\u00e5, men ingen vet vad jag t\u00e4nker p\u00e5!<\/p>\n<!-- AddThis Advanced Settings generic via filter on the_content --><!-- AddThis Share Buttons generic via filter on the_content -->","protected":false},"excerpt":{"rendered":"<p>Dragspelet ljuder och ungdomen dansar. P\u00e5 H\u00f6viksn\u00e4s brygga virvla en student och en ljuskl\u00e4dd flicka om efter \u201dDen norske valsens\u201d sm\u00e4ktande toner. Och de andra flickorna skratta och jubla d\u00e5 de h\u00e5ller p\u00e5 att ta \u00f6verbalansen vid en uppst\u00e5ende planka. Hilding har varit v\u00e5r trogne f\u00f6ljeslagare under de sista dagarna. Ig\u00e5r kv\u00e4ll rodde vi ut [&hellip;]<!-- AddThis Advanced Settings generic via filter on wp_trim_excerpt --><!-- AddThis Share Buttons generic via filter on wp_trim_excerpt --><\/p>\n","protected":false},"author":2,"featured_media":26228,"comment_status":"open","ping_status":"open","sticky":false,"template":"","format":"standard","meta":{"footnotes":""},"categories":[3438,3425],"tags":[],"class_list":["post-29358","post","type-post","status-publish","format-standard","has-post-thumbnail","hentry","category-3438","category-mormors-dagbok"],"yoast_head":"<!-- This site is optimized with the Yoast SEO plugin v27.4 - https:\/\/yoast.com\/product\/yoast-seo-wordpress\/ -->\n<title>Torsdag den 26 juni 1913. Nu \u00e4r det jag som \u00e4r \u201dhusmoran\u201d. - @Arhammar bokstavligen<\/title>\n<meta name=\"robots\" content=\"index, follow, max-snippet:-1, max-image-preview:large, max-video-preview:-1\" \/>\n<link rel=\"canonical\" href=\"https:\/\/www.arhammar.se\/blog\/torsdag-den-26-juni-1913-nu-ar-det-jag-som-ar-husmoran\/\" \/>\n<meta property=\"og:locale\" content=\"en_US\" \/>\n<meta property=\"og:type\" content=\"article\" \/>\n<meta property=\"og:title\" content=\"Torsdag den 26 juni 1913. Nu \u00e4r det jag som \u00e4r \u201dhusmoran\u201d. - @Arhammar bokstavligen\" \/>\n<meta property=\"og:description\" content=\"Dragspelet ljuder och ungdomen dansar. P\u00e5 H\u00f6viksn\u00e4s brygga virvla en student och en ljuskl\u00e4dd flicka om efter \u201dDen norske valsens\u201d sm\u00e4ktande toner. Och de andra flickorna skratta och jubla d\u00e5 de h\u00e5ller p\u00e5 att ta \u00f6verbalansen vid en uppst\u00e5ende planka. Hilding har varit v\u00e5r trogne f\u00f6ljeslagare under de sista dagarna. Ig\u00e5r kv\u00e4ll rodde vi ut [&hellip;]\" \/>\n<meta property=\"og:url\" content=\"https:\/\/www.arhammar.se\/blog\/torsdag-den-26-juni-1913-nu-ar-det-jag-som-ar-husmoran\/\" \/>\n<meta property=\"og:site_name\" content=\"@Arhammar bokstavligen\" \/>\n<meta property=\"article:published_time\" content=\"2020-03-02T23:40:50+00:00\" \/>\n<meta property=\"article:modified_time\" content=\"2020-06-21T17:58:53+00:00\" \/>\n<meta property=\"og:image\" content=\"https:\/\/www.arhammar.se\/blog\/wp-content\/uploads\/2020\/10\/juni1913.jpg\" \/>\n\t<meta property=\"og:image:width\" content=\"640\" \/>\n\t<meta property=\"og:image:height\" content=\"480\" \/>\n\t<meta property=\"og:image:type\" content=\"image\/jpeg\" \/>\n<meta name=\"author\" content=\"Anders Arhammar\" \/>\n<meta name=\"twitter:card\" content=\"summary_large_image\" \/>\n<meta name=\"twitter:label1\" content=\"Written by\" \/>\n\t<meta name=\"twitter:data1\" content=\"Anders Arhammar\" \/>\n\t<meta name=\"twitter:label2\" content=\"Est. reading time\" \/>\n\t<meta name=\"twitter:data2\" content=\"1 minute\" \/>\n<script type=\"application\/ld+json\" class=\"yoast-schema-graph\">{\"@context\":\"https:\\\/\\\/schema.org\",\"@graph\":[{\"@type\":\"Article\",\"@id\":\"https:\\\/\\\/www.arhammar.se\\\/blog\\\/torsdag-den-26-juni-1913-nu-ar-det-jag-som-ar-husmoran\\\/#article\",\"isPartOf\":{\"@id\":\"https:\\\/\\\/www.arhammar.se\\\/blog\\\/torsdag-den-26-juni-1913-nu-ar-det-jag-som-ar-husmoran\\\/\"},\"author\":{\"name\":\"Anders Arhammar\",\"@id\":\"https:\\\/\\\/www.arhammar.se\\\/blog\\\/#\\\/schema\\\/person\\\/061984c1d884b363e2c91550f2e00d1d\"},\"headline\":\"Torsdag den 26 juni 1913. Nu \u00e4r det jag som \u00e4r \u201dhusmoran\u201d.\",\"datePublished\":\"2020-03-02T23:40:50+00:00\",\"dateModified\":\"2020-06-21T17:58:53+00:00\",\"mainEntityOfPage\":{\"@id\":\"https:\\\/\\\/www.arhammar.se\\\/blog\\\/torsdag-den-26-juni-1913-nu-ar-det-jag-som-ar-husmoran\\\/\"},\"wordCount\":172,\"commentCount\":0,\"image\":{\"@id\":\"https:\\\/\\\/www.arhammar.se\\\/blog\\\/torsdag-den-26-juni-1913-nu-ar-det-jag-som-ar-husmoran\\\/#primaryimage\"},\"thumbnailUrl\":\"https:\\\/\\\/www.arhammar.se\\\/blog\\\/wp-content\\\/uploads\\\/2020\\\/10\\\/juni1913.jpg\",\"articleSection\":[\"1913\",\"mormors dagbok\"],\"inLanguage\":\"en-US\",\"potentialAction\":[{\"@type\":\"CommentAction\",\"name\":\"Comment\",\"target\":[\"https:\\\/\\\/www.arhammar.se\\\/blog\\\/torsdag-den-26-juni-1913-nu-ar-det-jag-som-ar-husmoran\\\/#respond\"]}]},{\"@type\":\"WebPage\",\"@id\":\"https:\\\/\\\/www.arhammar.se\\\/blog\\\/torsdag-den-26-juni-1913-nu-ar-det-jag-som-ar-husmoran\\\/\",\"url\":\"https:\\\/\\\/www.arhammar.se\\\/blog\\\/torsdag-den-26-juni-1913-nu-ar-det-jag-som-ar-husmoran\\\/\",\"name\":\"Torsdag den 26 juni 1913. Nu \u00e4r det jag som \u00e4r \u201dhusmoran\u201d. - @Arhammar bokstavligen\",\"isPartOf\":{\"@id\":\"https:\\\/\\\/www.arhammar.se\\\/blog\\\/#website\"},\"primaryImageOfPage\":{\"@id\":\"https:\\\/\\\/www.arhammar.se\\\/blog\\\/torsdag-den-26-juni-1913-nu-ar-det-jag-som-ar-husmoran\\\/#primaryimage\"},\"image\":{\"@id\":\"https:\\\/\\\/www.arhammar.se\\\/blog\\\/torsdag-den-26-juni-1913-nu-ar-det-jag-som-ar-husmoran\\\/#primaryimage\"},\"thumbnailUrl\":\"https:\\\/\\\/www.arhammar.se\\\/blog\\\/wp-content\\\/uploads\\\/2020\\\/10\\\/juni1913.jpg\",\"datePublished\":\"2020-03-02T23:40:50+00:00\",\"dateModified\":\"2020-06-21T17:58:53+00:00\",\"author\":{\"@id\":\"https:\\\/\\\/www.arhammar.se\\\/blog\\\/#\\\/schema\\\/person\\\/061984c1d884b363e2c91550f2e00d1d\"},\"breadcrumb\":{\"@id\":\"https:\\\/\\\/www.arhammar.se\\\/blog\\\/torsdag-den-26-juni-1913-nu-ar-det-jag-som-ar-husmoran\\\/#breadcrumb\"},\"inLanguage\":\"en-US\",\"potentialAction\":[{\"@type\":\"ReadAction\",\"target\":[\"https:\\\/\\\/www.arhammar.se\\\/blog\\\/torsdag-den-26-juni-1913-nu-ar-det-jag-som-ar-husmoran\\\/\"]}]},{\"@type\":\"ImageObject\",\"inLanguage\":\"en-US\",\"@id\":\"https:\\\/\\\/www.arhammar.se\\\/blog\\\/torsdag-den-26-juni-1913-nu-ar-det-jag-som-ar-husmoran\\\/#primaryimage\",\"url\":\"https:\\\/\\\/www.arhammar.se\\\/blog\\\/wp-content\\\/uploads\\\/2020\\\/10\\\/juni1913.jpg\",\"contentUrl\":\"https:\\\/\\\/www.arhammar.se\\\/blog\\\/wp-content\\\/uploads\\\/2020\\\/10\\\/juni1913.jpg\",\"width\":640,\"height\":480},{\"@type\":\"BreadcrumbList\",\"@id\":\"https:\\\/\\\/www.arhammar.se\\\/blog\\\/torsdag-den-26-juni-1913-nu-ar-det-jag-som-ar-husmoran\\\/#breadcrumb\",\"itemListElement\":[{\"@type\":\"ListItem\",\"position\":1,\"name\":\"Home\",\"item\":\"https:\\\/\\\/www.arhammar.se\\\/blog\\\/\"},{\"@type\":\"ListItem\",\"position\":2,\"name\":\"Torsdag den 26 juni 1913. Nu \u00e4r det jag som \u00e4r \u201dhusmoran\u201d.\"}]},{\"@type\":\"WebSite\",\"@id\":\"https:\\\/\\\/www.arhammar.se\\\/blog\\\/#website\",\"url\":\"https:\\\/\\\/www.arhammar.se\\\/blog\\\/\",\"name\":\"@Arhammar bokstavligen\",\"description\":\"Fr\u00e5n min penna och panna\",\"potentialAction\":[{\"@type\":\"SearchAction\",\"target\":{\"@type\":\"EntryPoint\",\"urlTemplate\":\"https:\\\/\\\/www.arhammar.se\\\/blog\\\/?s={search_term_string}\"},\"query-input\":{\"@type\":\"PropertyValueSpecification\",\"valueRequired\":true,\"valueName\":\"search_term_string\"}}],\"inLanguage\":\"en-US\"},{\"@type\":\"Person\",\"@id\":\"https:\\\/\\\/www.arhammar.se\\\/blog\\\/#\\\/schema\\\/person\\\/061984c1d884b363e2c91550f2e00d1d\",\"name\":\"Anders Arhammar\",\"image\":{\"@type\":\"ImageObject\",\"inLanguage\":\"en-US\",\"@id\":\"https:\\\/\\\/secure.gravatar.com\\\/avatar\\\/784b5b36cfe145ae19a52340f405285a939bcc08d4a21136b3a81f9e378ffae0?s=96&d=mm&r=g\",\"url\":\"https:\\\/\\\/secure.gravatar.com\\\/avatar\\\/784b5b36cfe145ae19a52340f405285a939bcc08d4a21136b3a81f9e378ffae0?s=96&d=mm&r=g\",\"contentUrl\":\"https:\\\/\\\/secure.gravatar.com\\\/avatar\\\/784b5b36cfe145ae19a52340f405285a939bcc08d4a21136b3a81f9e378ffae0?s=96&d=mm&r=g\",\"caption\":\"Anders Arhammar\"},\"url\":\"https:\\\/\\\/www.arhammar.se\\\/blog\\\/author\\\/anders\\\/\"}]}<\/script>\n<!-- \/ Yoast SEO plugin. -->","yoast_head_json":{"title":"Torsdag den 26 juni 1913. Nu \u00e4r det jag som \u00e4r \u201dhusmoran\u201d. - @Arhammar bokstavligen","robots":{"index":"index","follow":"follow","max-snippet":"max-snippet:-1","max-image-preview":"max-image-preview:large","max-video-preview":"max-video-preview:-1"},"canonical":"https:\/\/www.arhammar.se\/blog\/torsdag-den-26-juni-1913-nu-ar-det-jag-som-ar-husmoran\/","og_locale":"en_US","og_type":"article","og_title":"Torsdag den 26 juni 1913. Nu \u00e4r det jag som \u00e4r \u201dhusmoran\u201d. - @Arhammar bokstavligen","og_description":"Dragspelet ljuder och ungdomen dansar. P\u00e5 H\u00f6viksn\u00e4s brygga virvla en student och en ljuskl\u00e4dd flicka om efter \u201dDen norske valsens\u201d sm\u00e4ktande toner. Och de andra flickorna skratta och jubla d\u00e5 de h\u00e5ller p\u00e5 att ta \u00f6verbalansen vid en uppst\u00e5ende planka. Hilding har varit v\u00e5r trogne f\u00f6ljeslagare under de sista dagarna. Ig\u00e5r kv\u00e4ll rodde vi ut [&hellip;]","og_url":"https:\/\/www.arhammar.se\/blog\/torsdag-den-26-juni-1913-nu-ar-det-jag-som-ar-husmoran\/","og_site_name":"@Arhammar bokstavligen","article_published_time":"2020-03-02T23:40:50+00:00","article_modified_time":"2020-06-21T17:58:53+00:00","og_image":[{"width":640,"height":480,"url":"https:\/\/www.arhammar.se\/blog\/wp-content\/uploads\/2020\/10\/juni1913.jpg","type":"image\/jpeg"}],"author":"Anders Arhammar","twitter_card":"summary_large_image","twitter_misc":{"Written by":"Anders Arhammar","Est. reading time":"1 minute"},"schema":{"@context":"https:\/\/schema.org","@graph":[{"@type":"Article","@id":"https:\/\/www.arhammar.se\/blog\/torsdag-den-26-juni-1913-nu-ar-det-jag-som-ar-husmoran\/#article","isPartOf":{"@id":"https:\/\/www.arhammar.se\/blog\/torsdag-den-26-juni-1913-nu-ar-det-jag-som-ar-husmoran\/"},"author":{"name":"Anders Arhammar","@id":"https:\/\/www.arhammar.se\/blog\/#\/schema\/person\/061984c1d884b363e2c91550f2e00d1d"},"headline":"Torsdag den 26 juni 1913. Nu \u00e4r det jag som \u00e4r \u201dhusmoran\u201d.","datePublished":"2020-03-02T23:40:50+00:00","dateModified":"2020-06-21T17:58:53+00:00","mainEntityOfPage":{"@id":"https:\/\/www.arhammar.se\/blog\/torsdag-den-26-juni-1913-nu-ar-det-jag-som-ar-husmoran\/"},"wordCount":172,"commentCount":0,"image":{"@id":"https:\/\/www.arhammar.se\/blog\/torsdag-den-26-juni-1913-nu-ar-det-jag-som-ar-husmoran\/#primaryimage"},"thumbnailUrl":"https:\/\/www.arhammar.se\/blog\/wp-content\/uploads\/2020\/10\/juni1913.jpg","articleSection":["1913","mormors dagbok"],"inLanguage":"en-US","potentialAction":[{"@type":"CommentAction","name":"Comment","target":["https:\/\/www.arhammar.se\/blog\/torsdag-den-26-juni-1913-nu-ar-det-jag-som-ar-husmoran\/#respond"]}]},{"@type":"WebPage","@id":"https:\/\/www.arhammar.se\/blog\/torsdag-den-26-juni-1913-nu-ar-det-jag-som-ar-husmoran\/","url":"https:\/\/www.arhammar.se\/blog\/torsdag-den-26-juni-1913-nu-ar-det-jag-som-ar-husmoran\/","name":"Torsdag den 26 juni 1913. Nu \u00e4r det jag som \u00e4r \u201dhusmoran\u201d. - @Arhammar bokstavligen","isPartOf":{"@id":"https:\/\/www.arhammar.se\/blog\/#website"},"primaryImageOfPage":{"@id":"https:\/\/www.arhammar.se\/blog\/torsdag-den-26-juni-1913-nu-ar-det-jag-som-ar-husmoran\/#primaryimage"},"image":{"@id":"https:\/\/www.arhammar.se\/blog\/torsdag-den-26-juni-1913-nu-ar-det-jag-som-ar-husmoran\/#primaryimage"},"thumbnailUrl":"https:\/\/www.arhammar.se\/blog\/wp-content\/uploads\/2020\/10\/juni1913.jpg","datePublished":"2020-03-02T23:40:50+00:00","dateModified":"2020-06-21T17:58:53+00:00","author":{"@id":"https:\/\/www.arhammar.se\/blog\/#\/schema\/person\/061984c1d884b363e2c91550f2e00d1d"},"breadcrumb":{"@id":"https:\/\/www.arhammar.se\/blog\/torsdag-den-26-juni-1913-nu-ar-det-jag-som-ar-husmoran\/#breadcrumb"},"inLanguage":"en-US","potentialAction":[{"@type":"ReadAction","target":["https:\/\/www.arhammar.se\/blog\/torsdag-den-26-juni-1913-nu-ar-det-jag-som-ar-husmoran\/"]}]},{"@type":"ImageObject","inLanguage":"en-US","@id":"https:\/\/www.arhammar.se\/blog\/torsdag-den-26-juni-1913-nu-ar-det-jag-som-ar-husmoran\/#primaryimage","url":"https:\/\/www.arhammar.se\/blog\/wp-content\/uploads\/2020\/10\/juni1913.jpg","contentUrl":"https:\/\/www.arhammar.se\/blog\/wp-content\/uploads\/2020\/10\/juni1913.jpg","width":640,"height":480},{"@type":"BreadcrumbList","@id":"https:\/\/www.arhammar.se\/blog\/torsdag-den-26-juni-1913-nu-ar-det-jag-som-ar-husmoran\/#breadcrumb","itemListElement":[{"@type":"ListItem","position":1,"name":"Home","item":"https:\/\/www.arhammar.se\/blog\/"},{"@type":"ListItem","position":2,"name":"Torsdag den 26 juni 1913. Nu \u00e4r det jag som \u00e4r \u201dhusmoran\u201d."}]},{"@type":"WebSite","@id":"https:\/\/www.arhammar.se\/blog\/#website","url":"https:\/\/www.arhammar.se\/blog\/","name":"@Arhammar bokstavligen","description":"Fr\u00e5n min penna och panna","potentialAction":[{"@type":"SearchAction","target":{"@type":"EntryPoint","urlTemplate":"https:\/\/www.arhammar.se\/blog\/?s={search_term_string}"},"query-input":{"@type":"PropertyValueSpecification","valueRequired":true,"valueName":"search_term_string"}}],"inLanguage":"en-US"},{"@type":"Person","@id":"https:\/\/www.arhammar.se\/blog\/#\/schema\/person\/061984c1d884b363e2c91550f2e00d1d","name":"Anders Arhammar","image":{"@type":"ImageObject","inLanguage":"en-US","@id":"https:\/\/secure.gravatar.com\/avatar\/784b5b36cfe145ae19a52340f405285a939bcc08d4a21136b3a81f9e378ffae0?s=96&d=mm&r=g","url":"https:\/\/secure.gravatar.com\/avatar\/784b5b36cfe145ae19a52340f405285a939bcc08d4a21136b3a81f9e378ffae0?s=96&d=mm&r=g","contentUrl":"https:\/\/secure.gravatar.com\/avatar\/784b5b36cfe145ae19a52340f405285a939bcc08d4a21136b3a81f9e378ffae0?s=96&d=mm&r=g","caption":"Anders Arhammar"},"url":"https:\/\/www.arhammar.se\/blog\/author\/anders\/"}]}},"_links":{"self":[{"href":"https:\/\/www.arhammar.se\/blog\/wp-json\/wp\/v2\/posts\/29358","targetHints":{"allow":["GET"]}}],"collection":[{"href":"https:\/\/www.arhammar.se\/blog\/wp-json\/wp\/v2\/posts"}],"about":[{"href":"https:\/\/www.arhammar.se\/blog\/wp-json\/wp\/v2\/types\/post"}],"author":[{"embeddable":true,"href":"https:\/\/www.arhammar.se\/blog\/wp-json\/wp\/v2\/users\/2"}],"replies":[{"embeddable":true,"href":"https:\/\/www.arhammar.se\/blog\/wp-json\/wp\/v2\/comments?post=29358"}],"version-history":[{"count":1,"href":"https:\/\/www.arhammar.se\/blog\/wp-json\/wp\/v2\/posts\/29358\/revisions"}],"predecessor-version":[{"id":29362,"href":"https:\/\/www.arhammar.se\/blog\/wp-json\/wp\/v2\/posts\/29358\/revisions\/29362"}],"wp:featuredmedia":[{"embeddable":true,"href":"https:\/\/www.arhammar.se\/blog\/wp-json\/wp\/v2\/media\/26228"}],"wp:attachment":[{"href":"https:\/\/www.arhammar.se\/blog\/wp-json\/wp\/v2\/media?parent=29358"}],"wp:term":[{"taxonomy":"category","embeddable":true,"href":"https:\/\/www.arhammar.se\/blog\/wp-json\/wp\/v2\/categories?post=29358"},{"taxonomy":"post_tag","embeddable":true,"href":"https:\/\/www.arhammar.se\/blog\/wp-json\/wp\/v2\/tags?post=29358"}],"curies":[{"name":"wp","href":"https:\/\/api.w.org\/{rel}","templated":true}]}}