{"id":29357,"date":"2020-03-03T00:30:49","date_gmt":"2020-03-02T23:30:49","guid":{"rendered":"https:\/\/www.arhammar.se\/blog\/?p=29357"},"modified":"2020-06-21T19:18:47","modified_gmt":"2020-06-21T18:18:47","slug":"onsdag-den-25-juni-1913-det-var-ett-hemskt-flasande","status":"publish","type":"post","link":"https:\/\/www.arhammar.se\/blog\/onsdag-den-25-juni-1913-det-var-ett-hemskt-flasande\/","title":{"rendered":"Onsdag den 25 juni 1913. Det var ett hemskt fl\u00e5sande."},"content":{"rendered":"<p>Nu har jag en hel massa att skriva om hur trevligt vi hade det ig\u00e5r. Vid fyratiden beg\u00e5vo Hilding och vi oss iv\u00e4g till Sundsby, till en skyttefest d\u00e4rst\u00e4des. P\u00e5 v\u00e4g dit gingo vi f\u00f6rbi kyrkan. Den \u00e4r av den vanliga lantliga typen.<\/p>\n<p>S\u00e5 kommer vi till skolhuset och d\u00e4r skulle vi h\u00e4mta skoll\u00e4raren. Sedan han undf\u00e4gnat oss med saft och vatten, bar det \u00e4ntligen av till Sundsby. H\u00e4r var en massa folk, mest feminint, som vanligt. D\u00e4r sj\u00f6ngs och talades och delades ut skyttepris. Sen skulle det bli dans i skyttestugan. <\/p>\n<p>Elin och jag skulle f\u00f6rs\u00f6ka att \u201dbostona\u201d ett slag, men du milde v\u00e4rd en s\u00e5n tr\u00e4ngsel. Jag skrattade s\u00e5 jag m\u00e5ste stanna d\u00e5 jag s\u00e5g hur \u201db\u00f6nnera\u201d knuffades hit och dit av varandra. De fl\u00f6g som sm\u00e5 svalor \u00f6ver golvet och drabbade ihop som flodh\u00e4star. Och svetten rann. Och det var ett hemskt fl\u00e5sande. Snart nog tog vi v\u00e5r Mats ur skolan och gingo f\u00f6r att se Sundsby herrg\u00e5rd. <\/p>\n<p>N\u00e4r vi sett det gingo vi vidare f\u00f6r att f\u00e5 lite mat ty vi voro gr\u00e4sligt hungriga. Utanf\u00f6r en stuga sl\u00e4ngde vi oss till ett par ungars oerh\u00f6rda f\u00f6rv\u00e5ning ner i gr\u00e4set och pojkarna skickade vi in efter sm\u00f6rg\u00e5sar. Men n\u00e5gra s\u00e5dana stod det ej att uppbringa. Vi f\u00f6rklarade emellertid resolut att vi gingo ej d\u00e4rifr\u00e5n f\u00f6rr\u00e4n vi f\u00e5tt mat. De stackars pojkarna fick knoga iv\u00e4g till n\u00e4sta stuga. Efter en timmes tid kommo de tillbaka med en p\u00e5se skorpor. Dessa sl\u00f6ko vi som ett inte, och ett allm\u00e4nt jubeltjut utbr\u00f6t d\u00e5 Hilding drog fram ett paket med 6 oerh\u00f6rda sm\u00f6rg\u00e5sar. <\/p>\n<p>N\u00e4r vi \u00e4tit upp dem voro vi verkligen m\u00e4tta och drog iv\u00e4g hem\u00e5t. P\u00e5 Sundsby dansbana hamnade vi och dansade 1,5 timme. Men sen voro vi s\u00e5 tr\u00f6tta att vi m\u00e5ste ge oss hem. \u00c5 en s\u00e5n l\u00e5ng v\u00e4g! N\u00e4r jag kom hem v\u00e4rkte mina f\u00f6tter s\u00e5 att det var n\u00e5got till ljuvligt att f\u00e5 krypa ner i s\u00e4ngen. <\/p>\n<!-- AddThis Advanced Settings generic via filter on the_content --><!-- AddThis Share Buttons generic via filter on the_content -->","protected":false},"excerpt":{"rendered":"<p>Nu har jag en hel massa att skriva om hur trevligt vi hade det ig\u00e5r. Vid fyratiden beg\u00e5vo Hilding och vi oss iv\u00e4g till Sundsby, till en skyttefest d\u00e4rst\u00e4des. P\u00e5 v\u00e4g dit gingo vi f\u00f6rbi kyrkan. Den \u00e4r av den vanliga lantliga typen. S\u00e5 kommer vi till skolhuset och d\u00e4r skulle vi h\u00e4mta skoll\u00e4raren. Sedan [&hellip;]<!-- AddThis Advanced Settings generic via filter on wp_trim_excerpt --><!-- AddThis Share Buttons generic via filter on wp_trim_excerpt --><\/p>\n","protected":false},"author":2,"featured_media":29355,"comment_status":"open","ping_status":"open","sticky":false,"template":"","format":"standard","meta":{"footnotes":""},"categories":[3438,3425],"tags":[],"class_list":["post-29357","post","type-post","status-publish","format-standard","has-post-thumbnail","hentry","category-3438","category-mormors-dagbok"],"yoast_head":"<!-- This site is optimized with the Yoast SEO plugin v27.4 - https:\/\/yoast.com\/product\/yoast-seo-wordpress\/ -->\n<title>Onsdag den 25 juni 1913. Det var ett hemskt fl\u00e5sande. - @Arhammar bokstavligen<\/title>\n<meta name=\"robots\" content=\"index, follow, max-snippet:-1, max-image-preview:large, max-video-preview:-1\" \/>\n<link rel=\"canonical\" href=\"https:\/\/www.arhammar.se\/blog\/onsdag-den-25-juni-1913-det-var-ett-hemskt-flasande\/\" \/>\n<meta property=\"og:locale\" content=\"en_US\" \/>\n<meta property=\"og:type\" content=\"article\" \/>\n<meta property=\"og:title\" content=\"Onsdag den 25 juni 1913. Det var ett hemskt fl\u00e5sande. - @Arhammar bokstavligen\" \/>\n<meta property=\"og:description\" content=\"Nu har jag en hel massa att skriva om hur trevligt vi hade det ig\u00e5r. Vid fyratiden beg\u00e5vo Hilding och vi oss iv\u00e4g till Sundsby, till en skyttefest d\u00e4rst\u00e4des. P\u00e5 v\u00e4g dit gingo vi f\u00f6rbi kyrkan. Den \u00e4r av den vanliga lantliga typen. S\u00e5 kommer vi till skolhuset och d\u00e4r skulle vi h\u00e4mta skoll\u00e4raren. Sedan [&hellip;]\" \/>\n<meta property=\"og:url\" content=\"https:\/\/www.arhammar.se\/blog\/onsdag-den-25-juni-1913-det-var-ett-hemskt-flasande\/\" \/>\n<meta property=\"og:site_name\" content=\"@Arhammar bokstavligen\" \/>\n<meta property=\"article:published_time\" content=\"2020-03-02T23:30:49+00:00\" \/>\n<meta property=\"article:modified_time\" content=\"2020-06-21T18:18:47+00:00\" \/>\n<meta property=\"og:image\" content=\"https:\/\/www.arhammar.se\/blog\/wp-content\/uploads\/2020\/03\/dbha\u0308lso\u0308.jpg\" \/>\n\t<meta property=\"og:image:width\" content=\"640\" \/>\n\t<meta property=\"og:image:height\" content=\"480\" \/>\n\t<meta property=\"og:image:type\" content=\"image\/jpeg\" \/>\n<meta name=\"author\" content=\"Anders Arhammar\" \/>\n<meta name=\"twitter:card\" content=\"summary_large_image\" \/>\n<meta name=\"twitter:label1\" content=\"Written by\" \/>\n\t<meta name=\"twitter:data1\" content=\"Anders Arhammar\" \/>\n\t<meta name=\"twitter:label2\" content=\"Est. reading time\" \/>\n\t<meta name=\"twitter:data2\" content=\"2 minutes\" \/>\n<script type=\"application\/ld+json\" class=\"yoast-schema-graph\">{\"@context\":\"https:\\\/\\\/schema.org\",\"@graph\":[{\"@type\":\"Article\",\"@id\":\"https:\\\/\\\/www.arhammar.se\\\/blog\\\/onsdag-den-25-juni-1913-det-var-ett-hemskt-flasande\\\/#article\",\"isPartOf\":{\"@id\":\"https:\\\/\\\/www.arhammar.se\\\/blog\\\/onsdag-den-25-juni-1913-det-var-ett-hemskt-flasande\\\/\"},\"author\":{\"name\":\"Anders Arhammar\",\"@id\":\"https:\\\/\\\/www.arhammar.se\\\/blog\\\/#\\\/schema\\\/person\\\/061984c1d884b363e2c91550f2e00d1d\"},\"headline\":\"Onsdag den 25 juni 1913. Det var ett hemskt fl\u00e5sande.\",\"datePublished\":\"2020-03-02T23:30:49+00:00\",\"dateModified\":\"2020-06-21T18:18:47+00:00\",\"mainEntityOfPage\":{\"@id\":\"https:\\\/\\\/www.arhammar.se\\\/blog\\\/onsdag-den-25-juni-1913-det-var-ett-hemskt-flasande\\\/\"},\"wordCount\":397,\"commentCount\":0,\"image\":{\"@id\":\"https:\\\/\\\/www.arhammar.se\\\/blog\\\/onsdag-den-25-juni-1913-det-var-ett-hemskt-flasande\\\/#primaryimage\"},\"thumbnailUrl\":\"https:\\\/\\\/www.arhammar.se\\\/blog\\\/wp-content\\\/uploads\\\/2020\\\/03\\\/dbha\u0308lso\u0308.jpg\",\"articleSection\":[\"1913\",\"mormors dagbok\"],\"inLanguage\":\"en-US\",\"potentialAction\":[{\"@type\":\"CommentAction\",\"name\":\"Comment\",\"target\":[\"https:\\\/\\\/www.arhammar.se\\\/blog\\\/onsdag-den-25-juni-1913-det-var-ett-hemskt-flasande\\\/#respond\"]}]},{\"@type\":\"WebPage\",\"@id\":\"https:\\\/\\\/www.arhammar.se\\\/blog\\\/onsdag-den-25-juni-1913-det-var-ett-hemskt-flasande\\\/\",\"url\":\"https:\\\/\\\/www.arhammar.se\\\/blog\\\/onsdag-den-25-juni-1913-det-var-ett-hemskt-flasande\\\/\",\"name\":\"Onsdag den 25 juni 1913. Det var ett hemskt fl\u00e5sande. - @Arhammar bokstavligen\",\"isPartOf\":{\"@id\":\"https:\\\/\\\/www.arhammar.se\\\/blog\\\/#website\"},\"primaryImageOfPage\":{\"@id\":\"https:\\\/\\\/www.arhammar.se\\\/blog\\\/onsdag-den-25-juni-1913-det-var-ett-hemskt-flasande\\\/#primaryimage\"},\"image\":{\"@id\":\"https:\\\/\\\/www.arhammar.se\\\/blog\\\/onsdag-den-25-juni-1913-det-var-ett-hemskt-flasande\\\/#primaryimage\"},\"thumbnailUrl\":\"https:\\\/\\\/www.arhammar.se\\\/blog\\\/wp-content\\\/uploads\\\/2020\\\/03\\\/dbha\u0308lso\u0308.jpg\",\"datePublished\":\"2020-03-02T23:30:49+00:00\",\"dateModified\":\"2020-06-21T18:18:47+00:00\",\"author\":{\"@id\":\"https:\\\/\\\/www.arhammar.se\\\/blog\\\/#\\\/schema\\\/person\\\/061984c1d884b363e2c91550f2e00d1d\"},\"breadcrumb\":{\"@id\":\"https:\\\/\\\/www.arhammar.se\\\/blog\\\/onsdag-den-25-juni-1913-det-var-ett-hemskt-flasande\\\/#breadcrumb\"},\"inLanguage\":\"en-US\",\"potentialAction\":[{\"@type\":\"ReadAction\",\"target\":[\"https:\\\/\\\/www.arhammar.se\\\/blog\\\/onsdag-den-25-juni-1913-det-var-ett-hemskt-flasande\\\/\"]}]},{\"@type\":\"ImageObject\",\"inLanguage\":\"en-US\",\"@id\":\"https:\\\/\\\/www.arhammar.se\\\/blog\\\/onsdag-den-25-juni-1913-det-var-ett-hemskt-flasande\\\/#primaryimage\",\"url\":\"https:\\\/\\\/www.arhammar.se\\\/blog\\\/wp-content\\\/uploads\\\/2020\\\/03\\\/dbha\u0308lso\u0308.jpg\",\"contentUrl\":\"https:\\\/\\\/www.arhammar.se\\\/blog\\\/wp-content\\\/uploads\\\/2020\\\/03\\\/dbha\u0308lso\u0308.jpg\",\"width\":640,\"height\":480},{\"@type\":\"BreadcrumbList\",\"@id\":\"https:\\\/\\\/www.arhammar.se\\\/blog\\\/onsdag-den-25-juni-1913-det-var-ett-hemskt-flasande\\\/#breadcrumb\",\"itemListElement\":[{\"@type\":\"ListItem\",\"position\":1,\"name\":\"Home\",\"item\":\"https:\\\/\\\/www.arhammar.se\\\/blog\\\/\"},{\"@type\":\"ListItem\",\"position\":2,\"name\":\"Onsdag den 25 juni 1913. Det var ett hemskt fl\u00e5sande.\"}]},{\"@type\":\"WebSite\",\"@id\":\"https:\\\/\\\/www.arhammar.se\\\/blog\\\/#website\",\"url\":\"https:\\\/\\\/www.arhammar.se\\\/blog\\\/\",\"name\":\"@Arhammar bokstavligen\",\"description\":\"Fr\u00e5n min penna och panna\",\"potentialAction\":[{\"@type\":\"SearchAction\",\"target\":{\"@type\":\"EntryPoint\",\"urlTemplate\":\"https:\\\/\\\/www.arhammar.se\\\/blog\\\/?s={search_term_string}\"},\"query-input\":{\"@type\":\"PropertyValueSpecification\",\"valueRequired\":true,\"valueName\":\"search_term_string\"}}],\"inLanguage\":\"en-US\"},{\"@type\":\"Person\",\"@id\":\"https:\\\/\\\/www.arhammar.se\\\/blog\\\/#\\\/schema\\\/person\\\/061984c1d884b363e2c91550f2e00d1d\",\"name\":\"Anders Arhammar\",\"image\":{\"@type\":\"ImageObject\",\"inLanguage\":\"en-US\",\"@id\":\"https:\\\/\\\/secure.gravatar.com\\\/avatar\\\/784b5b36cfe145ae19a52340f405285a939bcc08d4a21136b3a81f9e378ffae0?s=96&d=mm&r=g\",\"url\":\"https:\\\/\\\/secure.gravatar.com\\\/avatar\\\/784b5b36cfe145ae19a52340f405285a939bcc08d4a21136b3a81f9e378ffae0?s=96&d=mm&r=g\",\"contentUrl\":\"https:\\\/\\\/secure.gravatar.com\\\/avatar\\\/784b5b36cfe145ae19a52340f405285a939bcc08d4a21136b3a81f9e378ffae0?s=96&d=mm&r=g\",\"caption\":\"Anders Arhammar\"},\"url\":\"https:\\\/\\\/www.arhammar.se\\\/blog\\\/author\\\/anders\\\/\"}]}<\/script>\n<!-- \/ Yoast SEO plugin. -->","yoast_head_json":{"title":"Onsdag den 25 juni 1913. Det var ett hemskt fl\u00e5sande. - @Arhammar bokstavligen","robots":{"index":"index","follow":"follow","max-snippet":"max-snippet:-1","max-image-preview":"max-image-preview:large","max-video-preview":"max-video-preview:-1"},"canonical":"https:\/\/www.arhammar.se\/blog\/onsdag-den-25-juni-1913-det-var-ett-hemskt-flasande\/","og_locale":"en_US","og_type":"article","og_title":"Onsdag den 25 juni 1913. Det var ett hemskt fl\u00e5sande. - @Arhammar bokstavligen","og_description":"Nu har jag en hel massa att skriva om hur trevligt vi hade det ig\u00e5r. Vid fyratiden beg\u00e5vo Hilding och vi oss iv\u00e4g till Sundsby, till en skyttefest d\u00e4rst\u00e4des. P\u00e5 v\u00e4g dit gingo vi f\u00f6rbi kyrkan. Den \u00e4r av den vanliga lantliga typen. S\u00e5 kommer vi till skolhuset och d\u00e4r skulle vi h\u00e4mta skoll\u00e4raren. Sedan [&hellip;]","og_url":"https:\/\/www.arhammar.se\/blog\/onsdag-den-25-juni-1913-det-var-ett-hemskt-flasande\/","og_site_name":"@Arhammar bokstavligen","article_published_time":"2020-03-02T23:30:49+00:00","article_modified_time":"2020-06-21T18:18:47+00:00","og_image":[{"width":640,"height":480,"url":"https:\/\/www.arhammar.se\/blog\/wp-content\/uploads\/2020\/03\/dbha\u0308lso\u0308.jpg","type":"image\/jpeg"}],"author":"Anders Arhammar","twitter_card":"summary_large_image","twitter_misc":{"Written by":"Anders Arhammar","Est. reading time":"2 minutes"},"schema":{"@context":"https:\/\/schema.org","@graph":[{"@type":"Article","@id":"https:\/\/www.arhammar.se\/blog\/onsdag-den-25-juni-1913-det-var-ett-hemskt-flasande\/#article","isPartOf":{"@id":"https:\/\/www.arhammar.se\/blog\/onsdag-den-25-juni-1913-det-var-ett-hemskt-flasande\/"},"author":{"name":"Anders Arhammar","@id":"https:\/\/www.arhammar.se\/blog\/#\/schema\/person\/061984c1d884b363e2c91550f2e00d1d"},"headline":"Onsdag den 25 juni 1913. Det var ett hemskt fl\u00e5sande.","datePublished":"2020-03-02T23:30:49+00:00","dateModified":"2020-06-21T18:18:47+00:00","mainEntityOfPage":{"@id":"https:\/\/www.arhammar.se\/blog\/onsdag-den-25-juni-1913-det-var-ett-hemskt-flasande\/"},"wordCount":397,"commentCount":0,"image":{"@id":"https:\/\/www.arhammar.se\/blog\/onsdag-den-25-juni-1913-det-var-ett-hemskt-flasande\/#primaryimage"},"thumbnailUrl":"https:\/\/www.arhammar.se\/blog\/wp-content\/uploads\/2020\/03\/dbha\u0308lso\u0308.jpg","articleSection":["1913","mormors dagbok"],"inLanguage":"en-US","potentialAction":[{"@type":"CommentAction","name":"Comment","target":["https:\/\/www.arhammar.se\/blog\/onsdag-den-25-juni-1913-det-var-ett-hemskt-flasande\/#respond"]}]},{"@type":"WebPage","@id":"https:\/\/www.arhammar.se\/blog\/onsdag-den-25-juni-1913-det-var-ett-hemskt-flasande\/","url":"https:\/\/www.arhammar.se\/blog\/onsdag-den-25-juni-1913-det-var-ett-hemskt-flasande\/","name":"Onsdag den 25 juni 1913. Det var ett hemskt fl\u00e5sande. - @Arhammar bokstavligen","isPartOf":{"@id":"https:\/\/www.arhammar.se\/blog\/#website"},"primaryImageOfPage":{"@id":"https:\/\/www.arhammar.se\/blog\/onsdag-den-25-juni-1913-det-var-ett-hemskt-flasande\/#primaryimage"},"image":{"@id":"https:\/\/www.arhammar.se\/blog\/onsdag-den-25-juni-1913-det-var-ett-hemskt-flasande\/#primaryimage"},"thumbnailUrl":"https:\/\/www.arhammar.se\/blog\/wp-content\/uploads\/2020\/03\/dbha\u0308lso\u0308.jpg","datePublished":"2020-03-02T23:30:49+00:00","dateModified":"2020-06-21T18:18:47+00:00","author":{"@id":"https:\/\/www.arhammar.se\/blog\/#\/schema\/person\/061984c1d884b363e2c91550f2e00d1d"},"breadcrumb":{"@id":"https:\/\/www.arhammar.se\/blog\/onsdag-den-25-juni-1913-det-var-ett-hemskt-flasande\/#breadcrumb"},"inLanguage":"en-US","potentialAction":[{"@type":"ReadAction","target":["https:\/\/www.arhammar.se\/blog\/onsdag-den-25-juni-1913-det-var-ett-hemskt-flasande\/"]}]},{"@type":"ImageObject","inLanguage":"en-US","@id":"https:\/\/www.arhammar.se\/blog\/onsdag-den-25-juni-1913-det-var-ett-hemskt-flasande\/#primaryimage","url":"https:\/\/www.arhammar.se\/blog\/wp-content\/uploads\/2020\/03\/dbha\u0308lso\u0308.jpg","contentUrl":"https:\/\/www.arhammar.se\/blog\/wp-content\/uploads\/2020\/03\/dbha\u0308lso\u0308.jpg","width":640,"height":480},{"@type":"BreadcrumbList","@id":"https:\/\/www.arhammar.se\/blog\/onsdag-den-25-juni-1913-det-var-ett-hemskt-flasande\/#breadcrumb","itemListElement":[{"@type":"ListItem","position":1,"name":"Home","item":"https:\/\/www.arhammar.se\/blog\/"},{"@type":"ListItem","position":2,"name":"Onsdag den 25 juni 1913. Det var ett hemskt fl\u00e5sande."}]},{"@type":"WebSite","@id":"https:\/\/www.arhammar.se\/blog\/#website","url":"https:\/\/www.arhammar.se\/blog\/","name":"@Arhammar bokstavligen","description":"Fr\u00e5n min penna och panna","potentialAction":[{"@type":"SearchAction","target":{"@type":"EntryPoint","urlTemplate":"https:\/\/www.arhammar.se\/blog\/?s={search_term_string}"},"query-input":{"@type":"PropertyValueSpecification","valueRequired":true,"valueName":"search_term_string"}}],"inLanguage":"en-US"},{"@type":"Person","@id":"https:\/\/www.arhammar.se\/blog\/#\/schema\/person\/061984c1d884b363e2c91550f2e00d1d","name":"Anders Arhammar","image":{"@type":"ImageObject","inLanguage":"en-US","@id":"https:\/\/secure.gravatar.com\/avatar\/784b5b36cfe145ae19a52340f405285a939bcc08d4a21136b3a81f9e378ffae0?s=96&d=mm&r=g","url":"https:\/\/secure.gravatar.com\/avatar\/784b5b36cfe145ae19a52340f405285a939bcc08d4a21136b3a81f9e378ffae0?s=96&d=mm&r=g","contentUrl":"https:\/\/secure.gravatar.com\/avatar\/784b5b36cfe145ae19a52340f405285a939bcc08d4a21136b3a81f9e378ffae0?s=96&d=mm&r=g","caption":"Anders Arhammar"},"url":"https:\/\/www.arhammar.se\/blog\/author\/anders\/"}]}},"_links":{"self":[{"href":"https:\/\/www.arhammar.se\/blog\/wp-json\/wp\/v2\/posts\/29357","targetHints":{"allow":["GET"]}}],"collection":[{"href":"https:\/\/www.arhammar.se\/blog\/wp-json\/wp\/v2\/posts"}],"about":[{"href":"https:\/\/www.arhammar.se\/blog\/wp-json\/wp\/v2\/types\/post"}],"author":[{"embeddable":true,"href":"https:\/\/www.arhammar.se\/blog\/wp-json\/wp\/v2\/users\/2"}],"replies":[{"embeddable":true,"href":"https:\/\/www.arhammar.se\/blog\/wp-json\/wp\/v2\/comments?post=29357"}],"version-history":[{"count":3,"href":"https:\/\/www.arhammar.se\/blog\/wp-json\/wp\/v2\/posts\/29357\/revisions"}],"predecessor-version":[{"id":29369,"href":"https:\/\/www.arhammar.se\/blog\/wp-json\/wp\/v2\/posts\/29357\/revisions\/29369"}],"wp:featuredmedia":[{"embeddable":true,"href":"https:\/\/www.arhammar.se\/blog\/wp-json\/wp\/v2\/media\/29355"}],"wp:attachment":[{"href":"https:\/\/www.arhammar.se\/blog\/wp-json\/wp\/v2\/media?parent=29357"}],"wp:term":[{"taxonomy":"category","embeddable":true,"href":"https:\/\/www.arhammar.se\/blog\/wp-json\/wp\/v2\/categories?post=29357"},{"taxonomy":"post_tag","embeddable":true,"href":"https:\/\/www.arhammar.se\/blog\/wp-json\/wp\/v2\/tags?post=29357"}],"curies":[{"name":"wp","href":"https:\/\/api.w.org\/{rel}","templated":true}]}}