{"id":29338,"date":"2020-02-25T22:50:22","date_gmt":"2020-02-25T21:50:22","guid":{"rendered":"https:\/\/www.arhammar.se\/blog\/?p=29338"},"modified":"2020-06-24T13:37:32","modified_gmt":"2020-06-24T12:37:32","slug":"sondag-den-16-juni-1912-efter-en-kvart-smeto-vi-ut-till-ynglingarna","status":"publish","type":"post","link":"https:\/\/www.arhammar.se\/blog\/sondag-den-16-juni-1912-efter-en-kvart-smeto-vi-ut-till-ynglingarna\/","title":{"rendered":"S\u00f6ndag den 16 juni 1912. Efter en kvart smeto vi ut till ynglingarna."},"content":{"rendered":"<p>N\u00e4r vi frukosterat vid halv tiotiden fingo vi frihet till klockan 4 att g\u00e5 vart vi ville. Vi klevo iv\u00e4g till \u201dK\u00e4ringberget\u201d, Tora, Greta, Laban och jag och d\u00e4ruppe p\u00e5 toppen drucko vi sockerdricka och \u00e5to kakor. P\u00e5 nedv\u00e4gen tr\u00e4ffade vi Bertil och Nyqvist,( en kamrat till Bertil,) och  vi f\u00f6ljde med dem till Lugnet, en f\u00f6rtjusande plats med h\u00f6ga t\u00e4ta tallar, och sen ner till Siljan. D\u00e4r var f\u00f6rtjusande. Sen m\u00e5ste vi hem och \u00e4ta middag, sedan vi lovat att \u00e5ter tr\u00e4ffas klockan halv sex. Middagen var charmant. <\/p>\n<p>Sm\u00f6rg\u00e5sbord, spenatsoppa, h\u00e4rlig kalvstek med lingonsylt, stuvade mor\u00f6tter och gr\u00f6nsaker, och till efterr\u00e4tt f\u00f6rtjusande sylt med gr\u00e4ddskum och charmanta mar\u00e4ngbakelser med vaniljs\u00e5s. Det va\u00b4 godis. Och allt detta f\u00f6r en krona. <\/p>\n<p>Efter middag skulle vi ligga en halv timma p\u00e5 v\u00e5ra s\u00e4ngar och vila oss, men efter en kvart smeto de f\u00f6rut n\u00e4mnda flickorna iv\u00e4g och tr\u00e4ffade de f\u00f6rut n\u00e4mnda ynglingarna. Vi gingo \u00f6ver \u00e4lven eller sj\u00f6n (jag vet inte vad det \u00e4r) p\u00e5 en skojig bro och sen gingo vi h\u00f6gt upp p\u00e5 en h\u00f6g sandstrand ytterst p\u00e5 bredden. D\u00e5 och d\u00e5 kom det en regnskur och vi slogo oss ner under en bj\u00f6rk, men snart fortsatte vi, och kom om en stund hem till \u201dG\u00e4stis\u201d igen. <\/p>\n<p>Sedan vi vilat oss \u00e5to vi kv\u00e4llsmat (bussig kv\u00e4llsmat ocks\u00e5)  och d\u00e4refter gingo vi till dansbanan. D\u00e4r var en f\u00f6rf\u00e4rlig massa folk och oerh\u00f6rt tr\u00e5ngt. Jag hade ont i benet s\u00e5 jag kunde inte dansa n\u00e5got. Vi tr\u00e4ffade om en stund Bertil och han fr\u00e5gade om jag inte tyckte, att det skulle vara roligare att g\u00e5 ut och g\u00e5 lite. Han var s\u00e4rdeles entr\u00e4gen, och d\u00e5 bad jag honom att f\u00f6lja mig till \u201dG\u00e4stis\u201d, ty jag ville hellre g\u00e5 hem ist\u00e4llet f\u00f6r att se p\u00e5 hur de andra roade sig. Sagt och gjort. Vi tv\u00e5 gingo, till de \u00f6vriga flickornas f\u00f6rundran, bort fr\u00e5n dansbanan, och p\u00e5 en f\u00f6rtjusande vacker stig till \u201dG\u00e4stis\u201d. Medan vi stodo d\u00e4r och tog adj\u00f6, kom Palm borta ifr\u00e5n dansbanan. Jag bad Bertil att g\u00e5 vilket han \u00e4ven gjorde. <\/p>\n<p>Jag var n\u00e4stan r\u00e4dd f\u00f6r Palm, men hon var s\u00e5 rar som vanligt och sade att hon tyckte det var roligt att vi hade s\u00e4llskap, och att vi nog f\u00f6rstod att v\u00e4lja s\u00e5dant. Sedan sprungo vi omkring d\u00e4r utanf\u00f6r f\u00f6r att s\u00f6ka komma in, ty d\u00f6rren var l\u00e5st. Men vi funno ingen. Ja, d\u00e4r stod vi! \u00c4ntligen lyckades jag snoka reda p\u00e5 ett f\u00f6nster som inte var krokat, och jag kr\u00e4lade in genom det och dunsade ner i golvet med v\u00e4ldig kl\u00e4m. S\u00e5 gick jag och \u00f6ppnade d\u00f6rren f\u00f6r Palm, som skulle in och se till Karin Berg, som blivit d\u00e5lig och g\u00e5tt hem. Karin sov och Palm gick snart till dansbanan igen. <\/p>\n<p>Jag gick och lade mig strax, men m\u00e5ste om en stund upp f\u00f6r att \u00f6ppna f\u00f6r de andra n\u00e4r de kommo. N\u00e4r de lagt sig drog Tora ihop Greta och min s\u00e4ng, och vi l\u00e5g och pratade och fnittrade. Greta talade om f\u00f6r mig om sin f\u00f6r\u00e4lskelse i den d\u00e4r trevliga kaptenen p\u00e5 \u201dEngelbrekt\u201d och s\u00e5 fr\u00e5gade hon naturligtvis var Bertil och jag hade varit. Ja, ja men. Det var skojigt. <\/p>\n<!-- AddThis Advanced Settings generic via filter on the_content --><!-- AddThis Share Buttons generic via filter on the_content -->","protected":false},"excerpt":{"rendered":"<p>N\u00e4r vi frukosterat vid halv tiotiden fingo vi frihet till klockan 4 att g\u00e5 vart vi ville. Vi klevo iv\u00e4g till \u201dK\u00e4ringberget\u201d, Tora, Greta, Laban och jag och d\u00e4ruppe p\u00e5 toppen drucko vi sockerdricka och \u00e5to kakor. P\u00e5 nedv\u00e4gen tr\u00e4ffade vi Bertil och Nyqvist,( en kamrat till Bertil,) och vi f\u00f6ljde med dem till Lugnet, [&hellip;]<!-- AddThis Advanced Settings generic via filter on wp_trim_excerpt --><!-- AddThis Share Buttons generic via filter on wp_trim_excerpt --><\/p>\n","protected":false},"author":2,"featured_media":29472,"comment_status":"open","ping_status":"open","sticky":false,"template":"","format":"standard","meta":{"footnotes":""},"categories":[3437,3425],"tags":[],"class_list":["post-29338","post","type-post","status-publish","format-standard","has-post-thumbnail","hentry","category-3437","category-mormors-dagbok"],"yoast_head":"<!-- This site is optimized with the Yoast SEO plugin v27.4 - https:\/\/yoast.com\/product\/yoast-seo-wordpress\/ -->\n<title>S\u00f6ndag den 16 juni 1912. Efter en kvart smeto vi ut till ynglingarna. - @Arhammar bokstavligen<\/title>\n<meta name=\"robots\" content=\"index, follow, max-snippet:-1, max-image-preview:large, max-video-preview:-1\" \/>\n<link rel=\"canonical\" href=\"https:\/\/www.arhammar.se\/blog\/sondag-den-16-juni-1912-efter-en-kvart-smeto-vi-ut-till-ynglingarna\/\" \/>\n<meta property=\"og:locale\" content=\"en_US\" \/>\n<meta property=\"og:type\" content=\"article\" \/>\n<meta property=\"og:title\" content=\"S\u00f6ndag den 16 juni 1912. Efter en kvart smeto vi ut till ynglingarna. - @Arhammar bokstavligen\" \/>\n<meta property=\"og:description\" content=\"N\u00e4r vi frukosterat vid halv tiotiden fingo vi frihet till klockan 4 att g\u00e5 vart vi ville. Vi klevo iv\u00e4g till \u201dK\u00e4ringberget\u201d, Tora, Greta, Laban och jag och d\u00e4ruppe p\u00e5 toppen drucko vi sockerdricka och \u00e5to kakor. P\u00e5 nedv\u00e4gen tr\u00e4ffade vi Bertil och Nyqvist,( en kamrat till Bertil,) och vi f\u00f6ljde med dem till Lugnet, [&hellip;]\" \/>\n<meta property=\"og:url\" content=\"https:\/\/www.arhammar.se\/blog\/sondag-den-16-juni-1912-efter-en-kvart-smeto-vi-ut-till-ynglingarna\/\" \/>\n<meta property=\"og:site_name\" content=\"@Arhammar bokstavligen\" \/>\n<meta property=\"article:published_time\" content=\"2020-02-25T21:50:22+00:00\" \/>\n<meta property=\"article:modified_time\" content=\"2020-06-24T12:37:32+00:00\" \/>\n<meta property=\"og:image\" content=\"https:\/\/www.arhammar.se\/blog\/wp-content\/uploads\/2020\/02\/dbdalarna.jpg\" \/>\n\t<meta property=\"og:image:width\" content=\"640\" \/>\n\t<meta property=\"og:image:height\" content=\"480\" \/>\n\t<meta property=\"og:image:type\" content=\"image\/jpeg\" \/>\n<meta name=\"author\" content=\"Anders Arhammar\" \/>\n<meta name=\"twitter:card\" content=\"summary_large_image\" \/>\n<meta name=\"twitter:label1\" content=\"Written by\" \/>\n\t<meta name=\"twitter:data1\" content=\"Anders Arhammar\" \/>\n\t<meta name=\"twitter:label2\" content=\"Est. reading time\" \/>\n\t<meta name=\"twitter:data2\" content=\"3 minutes\" \/>\n<script type=\"application\/ld+json\" class=\"yoast-schema-graph\">{\"@context\":\"https:\\\/\\\/schema.org\",\"@graph\":[{\"@type\":\"Article\",\"@id\":\"https:\\\/\\\/www.arhammar.se\\\/blog\\\/sondag-den-16-juni-1912-efter-en-kvart-smeto-vi-ut-till-ynglingarna\\\/#article\",\"isPartOf\":{\"@id\":\"https:\\\/\\\/www.arhammar.se\\\/blog\\\/sondag-den-16-juni-1912-efter-en-kvart-smeto-vi-ut-till-ynglingarna\\\/\"},\"author\":{\"name\":\"Anders Arhammar\",\"@id\":\"https:\\\/\\\/www.arhammar.se\\\/blog\\\/#\\\/schema\\\/person\\\/061984c1d884b363e2c91550f2e00d1d\"},\"headline\":\"S\u00f6ndag den 16 juni 1912. Efter en kvart smeto vi ut till ynglingarna.\",\"datePublished\":\"2020-02-25T21:50:22+00:00\",\"dateModified\":\"2020-06-24T12:37:32+00:00\",\"mainEntityOfPage\":{\"@id\":\"https:\\\/\\\/www.arhammar.se\\\/blog\\\/sondag-den-16-juni-1912-efter-en-kvart-smeto-vi-ut-till-ynglingarna\\\/\"},\"wordCount\":630,\"commentCount\":0,\"image\":{\"@id\":\"https:\\\/\\\/www.arhammar.se\\\/blog\\\/sondag-den-16-juni-1912-efter-en-kvart-smeto-vi-ut-till-ynglingarna\\\/#primaryimage\"},\"thumbnailUrl\":\"https:\\\/\\\/www.arhammar.se\\\/blog\\\/wp-content\\\/uploads\\\/2020\\\/02\\\/dbdalarna.jpg\",\"articleSection\":[\"1912\",\"mormors dagbok\"],\"inLanguage\":\"en-US\",\"potentialAction\":[{\"@type\":\"CommentAction\",\"name\":\"Comment\",\"target\":[\"https:\\\/\\\/www.arhammar.se\\\/blog\\\/sondag-den-16-juni-1912-efter-en-kvart-smeto-vi-ut-till-ynglingarna\\\/#respond\"]}]},{\"@type\":\"WebPage\",\"@id\":\"https:\\\/\\\/www.arhammar.se\\\/blog\\\/sondag-den-16-juni-1912-efter-en-kvart-smeto-vi-ut-till-ynglingarna\\\/\",\"url\":\"https:\\\/\\\/www.arhammar.se\\\/blog\\\/sondag-den-16-juni-1912-efter-en-kvart-smeto-vi-ut-till-ynglingarna\\\/\",\"name\":\"S\u00f6ndag den 16 juni 1912. Efter en kvart smeto vi ut till ynglingarna. - @Arhammar bokstavligen\",\"isPartOf\":{\"@id\":\"https:\\\/\\\/www.arhammar.se\\\/blog\\\/#website\"},\"primaryImageOfPage\":{\"@id\":\"https:\\\/\\\/www.arhammar.se\\\/blog\\\/sondag-den-16-juni-1912-efter-en-kvart-smeto-vi-ut-till-ynglingarna\\\/#primaryimage\"},\"image\":{\"@id\":\"https:\\\/\\\/www.arhammar.se\\\/blog\\\/sondag-den-16-juni-1912-efter-en-kvart-smeto-vi-ut-till-ynglingarna\\\/#primaryimage\"},\"thumbnailUrl\":\"https:\\\/\\\/www.arhammar.se\\\/blog\\\/wp-content\\\/uploads\\\/2020\\\/02\\\/dbdalarna.jpg\",\"datePublished\":\"2020-02-25T21:50:22+00:00\",\"dateModified\":\"2020-06-24T12:37:32+00:00\",\"author\":{\"@id\":\"https:\\\/\\\/www.arhammar.se\\\/blog\\\/#\\\/schema\\\/person\\\/061984c1d884b363e2c91550f2e00d1d\"},\"breadcrumb\":{\"@id\":\"https:\\\/\\\/www.arhammar.se\\\/blog\\\/sondag-den-16-juni-1912-efter-en-kvart-smeto-vi-ut-till-ynglingarna\\\/#breadcrumb\"},\"inLanguage\":\"en-US\",\"potentialAction\":[{\"@type\":\"ReadAction\",\"target\":[\"https:\\\/\\\/www.arhammar.se\\\/blog\\\/sondag-den-16-juni-1912-efter-en-kvart-smeto-vi-ut-till-ynglingarna\\\/\"]}]},{\"@type\":\"ImageObject\",\"inLanguage\":\"en-US\",\"@id\":\"https:\\\/\\\/www.arhammar.se\\\/blog\\\/sondag-den-16-juni-1912-efter-en-kvart-smeto-vi-ut-till-ynglingarna\\\/#primaryimage\",\"url\":\"https:\\\/\\\/www.arhammar.se\\\/blog\\\/wp-content\\\/uploads\\\/2020\\\/02\\\/dbdalarna.jpg\",\"contentUrl\":\"https:\\\/\\\/www.arhammar.se\\\/blog\\\/wp-content\\\/uploads\\\/2020\\\/02\\\/dbdalarna.jpg\",\"width\":640,\"height\":480},{\"@type\":\"BreadcrumbList\",\"@id\":\"https:\\\/\\\/www.arhammar.se\\\/blog\\\/sondag-den-16-juni-1912-efter-en-kvart-smeto-vi-ut-till-ynglingarna\\\/#breadcrumb\",\"itemListElement\":[{\"@type\":\"ListItem\",\"position\":1,\"name\":\"Home\",\"item\":\"https:\\\/\\\/www.arhammar.se\\\/blog\\\/\"},{\"@type\":\"ListItem\",\"position\":2,\"name\":\"S\u00f6ndag den 16 juni 1912. Efter en kvart smeto vi ut till ynglingarna.\"}]},{\"@type\":\"WebSite\",\"@id\":\"https:\\\/\\\/www.arhammar.se\\\/blog\\\/#website\",\"url\":\"https:\\\/\\\/www.arhammar.se\\\/blog\\\/\",\"name\":\"@Arhammar bokstavligen\",\"description\":\"Fr\u00e5n min penna och panna\",\"potentialAction\":[{\"@type\":\"SearchAction\",\"target\":{\"@type\":\"EntryPoint\",\"urlTemplate\":\"https:\\\/\\\/www.arhammar.se\\\/blog\\\/?s={search_term_string}\"},\"query-input\":{\"@type\":\"PropertyValueSpecification\",\"valueRequired\":true,\"valueName\":\"search_term_string\"}}],\"inLanguage\":\"en-US\"},{\"@type\":\"Person\",\"@id\":\"https:\\\/\\\/www.arhammar.se\\\/blog\\\/#\\\/schema\\\/person\\\/061984c1d884b363e2c91550f2e00d1d\",\"name\":\"Anders Arhammar\",\"image\":{\"@type\":\"ImageObject\",\"inLanguage\":\"en-US\",\"@id\":\"https:\\\/\\\/secure.gravatar.com\\\/avatar\\\/784b5b36cfe145ae19a52340f405285a939bcc08d4a21136b3a81f9e378ffae0?s=96&d=mm&r=g\",\"url\":\"https:\\\/\\\/secure.gravatar.com\\\/avatar\\\/784b5b36cfe145ae19a52340f405285a939bcc08d4a21136b3a81f9e378ffae0?s=96&d=mm&r=g\",\"contentUrl\":\"https:\\\/\\\/secure.gravatar.com\\\/avatar\\\/784b5b36cfe145ae19a52340f405285a939bcc08d4a21136b3a81f9e378ffae0?s=96&d=mm&r=g\",\"caption\":\"Anders Arhammar\"},\"url\":\"https:\\\/\\\/www.arhammar.se\\\/blog\\\/author\\\/anders\\\/\"}]}<\/script>\n<!-- \/ Yoast SEO plugin. -->","yoast_head_json":{"title":"S\u00f6ndag den 16 juni 1912. Efter en kvart smeto vi ut till ynglingarna. - @Arhammar bokstavligen","robots":{"index":"index","follow":"follow","max-snippet":"max-snippet:-1","max-image-preview":"max-image-preview:large","max-video-preview":"max-video-preview:-1"},"canonical":"https:\/\/www.arhammar.se\/blog\/sondag-den-16-juni-1912-efter-en-kvart-smeto-vi-ut-till-ynglingarna\/","og_locale":"en_US","og_type":"article","og_title":"S\u00f6ndag den 16 juni 1912. Efter en kvart smeto vi ut till ynglingarna. - @Arhammar bokstavligen","og_description":"N\u00e4r vi frukosterat vid halv tiotiden fingo vi frihet till klockan 4 att g\u00e5 vart vi ville. Vi klevo iv\u00e4g till \u201dK\u00e4ringberget\u201d, Tora, Greta, Laban och jag och d\u00e4ruppe p\u00e5 toppen drucko vi sockerdricka och \u00e5to kakor. P\u00e5 nedv\u00e4gen tr\u00e4ffade vi Bertil och Nyqvist,( en kamrat till Bertil,) och vi f\u00f6ljde med dem till Lugnet, [&hellip;]","og_url":"https:\/\/www.arhammar.se\/blog\/sondag-den-16-juni-1912-efter-en-kvart-smeto-vi-ut-till-ynglingarna\/","og_site_name":"@Arhammar bokstavligen","article_published_time":"2020-02-25T21:50:22+00:00","article_modified_time":"2020-06-24T12:37:32+00:00","og_image":[{"width":640,"height":480,"url":"https:\/\/www.arhammar.se\/blog\/wp-content\/uploads\/2020\/02\/dbdalarna.jpg","type":"image\/jpeg"}],"author":"Anders Arhammar","twitter_card":"summary_large_image","twitter_misc":{"Written by":"Anders Arhammar","Est. reading time":"3 minutes"},"schema":{"@context":"https:\/\/schema.org","@graph":[{"@type":"Article","@id":"https:\/\/www.arhammar.se\/blog\/sondag-den-16-juni-1912-efter-en-kvart-smeto-vi-ut-till-ynglingarna\/#article","isPartOf":{"@id":"https:\/\/www.arhammar.se\/blog\/sondag-den-16-juni-1912-efter-en-kvart-smeto-vi-ut-till-ynglingarna\/"},"author":{"name":"Anders Arhammar","@id":"https:\/\/www.arhammar.se\/blog\/#\/schema\/person\/061984c1d884b363e2c91550f2e00d1d"},"headline":"S\u00f6ndag den 16 juni 1912. Efter en kvart smeto vi ut till ynglingarna.","datePublished":"2020-02-25T21:50:22+00:00","dateModified":"2020-06-24T12:37:32+00:00","mainEntityOfPage":{"@id":"https:\/\/www.arhammar.se\/blog\/sondag-den-16-juni-1912-efter-en-kvart-smeto-vi-ut-till-ynglingarna\/"},"wordCount":630,"commentCount":0,"image":{"@id":"https:\/\/www.arhammar.se\/blog\/sondag-den-16-juni-1912-efter-en-kvart-smeto-vi-ut-till-ynglingarna\/#primaryimage"},"thumbnailUrl":"https:\/\/www.arhammar.se\/blog\/wp-content\/uploads\/2020\/02\/dbdalarna.jpg","articleSection":["1912","mormors dagbok"],"inLanguage":"en-US","potentialAction":[{"@type":"CommentAction","name":"Comment","target":["https:\/\/www.arhammar.se\/blog\/sondag-den-16-juni-1912-efter-en-kvart-smeto-vi-ut-till-ynglingarna\/#respond"]}]},{"@type":"WebPage","@id":"https:\/\/www.arhammar.se\/blog\/sondag-den-16-juni-1912-efter-en-kvart-smeto-vi-ut-till-ynglingarna\/","url":"https:\/\/www.arhammar.se\/blog\/sondag-den-16-juni-1912-efter-en-kvart-smeto-vi-ut-till-ynglingarna\/","name":"S\u00f6ndag den 16 juni 1912. Efter en kvart smeto vi ut till ynglingarna. - @Arhammar bokstavligen","isPartOf":{"@id":"https:\/\/www.arhammar.se\/blog\/#website"},"primaryImageOfPage":{"@id":"https:\/\/www.arhammar.se\/blog\/sondag-den-16-juni-1912-efter-en-kvart-smeto-vi-ut-till-ynglingarna\/#primaryimage"},"image":{"@id":"https:\/\/www.arhammar.se\/blog\/sondag-den-16-juni-1912-efter-en-kvart-smeto-vi-ut-till-ynglingarna\/#primaryimage"},"thumbnailUrl":"https:\/\/www.arhammar.se\/blog\/wp-content\/uploads\/2020\/02\/dbdalarna.jpg","datePublished":"2020-02-25T21:50:22+00:00","dateModified":"2020-06-24T12:37:32+00:00","author":{"@id":"https:\/\/www.arhammar.se\/blog\/#\/schema\/person\/061984c1d884b363e2c91550f2e00d1d"},"breadcrumb":{"@id":"https:\/\/www.arhammar.se\/blog\/sondag-den-16-juni-1912-efter-en-kvart-smeto-vi-ut-till-ynglingarna\/#breadcrumb"},"inLanguage":"en-US","potentialAction":[{"@type":"ReadAction","target":["https:\/\/www.arhammar.se\/blog\/sondag-den-16-juni-1912-efter-en-kvart-smeto-vi-ut-till-ynglingarna\/"]}]},{"@type":"ImageObject","inLanguage":"en-US","@id":"https:\/\/www.arhammar.se\/blog\/sondag-den-16-juni-1912-efter-en-kvart-smeto-vi-ut-till-ynglingarna\/#primaryimage","url":"https:\/\/www.arhammar.se\/blog\/wp-content\/uploads\/2020\/02\/dbdalarna.jpg","contentUrl":"https:\/\/www.arhammar.se\/blog\/wp-content\/uploads\/2020\/02\/dbdalarna.jpg","width":640,"height":480},{"@type":"BreadcrumbList","@id":"https:\/\/www.arhammar.se\/blog\/sondag-den-16-juni-1912-efter-en-kvart-smeto-vi-ut-till-ynglingarna\/#breadcrumb","itemListElement":[{"@type":"ListItem","position":1,"name":"Home","item":"https:\/\/www.arhammar.se\/blog\/"},{"@type":"ListItem","position":2,"name":"S\u00f6ndag den 16 juni 1912. Efter en kvart smeto vi ut till ynglingarna."}]},{"@type":"WebSite","@id":"https:\/\/www.arhammar.se\/blog\/#website","url":"https:\/\/www.arhammar.se\/blog\/","name":"@Arhammar bokstavligen","description":"Fr\u00e5n min penna och panna","potentialAction":[{"@type":"SearchAction","target":{"@type":"EntryPoint","urlTemplate":"https:\/\/www.arhammar.se\/blog\/?s={search_term_string}"},"query-input":{"@type":"PropertyValueSpecification","valueRequired":true,"valueName":"search_term_string"}}],"inLanguage":"en-US"},{"@type":"Person","@id":"https:\/\/www.arhammar.se\/blog\/#\/schema\/person\/061984c1d884b363e2c91550f2e00d1d","name":"Anders Arhammar","image":{"@type":"ImageObject","inLanguage":"en-US","@id":"https:\/\/secure.gravatar.com\/avatar\/784b5b36cfe145ae19a52340f405285a939bcc08d4a21136b3a81f9e378ffae0?s=96&d=mm&r=g","url":"https:\/\/secure.gravatar.com\/avatar\/784b5b36cfe145ae19a52340f405285a939bcc08d4a21136b3a81f9e378ffae0?s=96&d=mm&r=g","contentUrl":"https:\/\/secure.gravatar.com\/avatar\/784b5b36cfe145ae19a52340f405285a939bcc08d4a21136b3a81f9e378ffae0?s=96&d=mm&r=g","caption":"Anders Arhammar"},"url":"https:\/\/www.arhammar.se\/blog\/author\/anders\/"}]}},"_links":{"self":[{"href":"https:\/\/www.arhammar.se\/blog\/wp-json\/wp\/v2\/posts\/29338","targetHints":{"allow":["GET"]}}],"collection":[{"href":"https:\/\/www.arhammar.se\/blog\/wp-json\/wp\/v2\/posts"}],"about":[{"href":"https:\/\/www.arhammar.se\/blog\/wp-json\/wp\/v2\/types\/post"}],"author":[{"embeddable":true,"href":"https:\/\/www.arhammar.se\/blog\/wp-json\/wp\/v2\/users\/2"}],"replies":[{"embeddable":true,"href":"https:\/\/www.arhammar.se\/blog\/wp-json\/wp\/v2\/comments?post=29338"}],"version-history":[{"count":2,"href":"https:\/\/www.arhammar.se\/blog\/wp-json\/wp\/v2\/posts\/29338\/revisions"}],"predecessor-version":[{"id":29352,"href":"https:\/\/www.arhammar.se\/blog\/wp-json\/wp\/v2\/posts\/29338\/revisions\/29352"}],"wp:featuredmedia":[{"embeddable":true,"href":"https:\/\/www.arhammar.se\/blog\/wp-json\/wp\/v2\/media\/29472"}],"wp:attachment":[{"href":"https:\/\/www.arhammar.se\/blog\/wp-json\/wp\/v2\/media?parent=29338"}],"wp:term":[{"taxonomy":"category","embeddable":true,"href":"https:\/\/www.arhammar.se\/blog\/wp-json\/wp\/v2\/categories?post=29338"},{"taxonomy":"post_tag","embeddable":true,"href":"https:\/\/www.arhammar.se\/blog\/wp-json\/wp\/v2\/tags?post=29338"}],"curies":[{"name":"wp","href":"https:\/\/api.w.org\/{rel}","templated":true}]}}