{"id":29337,"date":"2020-02-25T22:45:21","date_gmt":"2020-02-25T21:45:21","guid":{"rendered":"https:\/\/www.arhammar.se\/blog\/?p=29337"},"modified":"2020-08-10T10:20:37","modified_gmt":"2020-08-10T09:20:37","slug":"lordag-den-15-juni-1912-jag-i-sallskap-med-bertil-realaren","status":"publish","type":"post","link":"https:\/\/www.arhammar.se\/blog\/lordag-den-15-juni-1912-jag-i-sallskap-med-bertil-realaren\/","title":{"rendered":"L\u00f6rdag den 15 juni 1912. jag i s\u00e4llskap med Bertil, realaren."},"content":{"rendered":"<p>Den 15:e steg och vi upp vid 10 tiden och efter att ha \u00e4tit frukost och packat ihop v\u00e5ra r\u00e4nslar, gjingo vi till stationen och s\u00e5 steg och vi p\u00e5 t\u00e5get till R\u00e4ttvik. Dit anl\u00e4nde vi klockan halv 2 och gingo direkt fr\u00e5n stationen f\u00f6r att bese kyrkan. Det var en mycket gammal kyrka sedan 11 &#8211; 1300 talet. I sakristian fingo vi se en kalk och ett sv\u00e4rd fr\u00e5n Gustav Vasas tid samt en gammal, i ett katolskt kloster, broderad munkk\u00e5pa. Sedan vi varit uppe i tornet och besett Vasastenen, varifr\u00e5n vi hade en f\u00f6rtjusande utsikt \u00f6ver Siljan och R\u00e4ttviksstranden mitt emot, upps\u00f6kte vi ett kondis d\u00e4r vi fick h\u00e4rligt choklad med gr\u00e4ddskum och goda bakelser. Och d\u00e4rifr\u00e5n gingo vi direkt att \u00e4ta middag. h\u00e4r sammantr\u00e4ffade vi med \u201dA-arna\u201d! Efter h\u00e4lsningsutbytet slog vi oss ned vid sm\u00e5 bord i en mycket trevlig matsal och fingo mat. Men jag orkade inte \u00e4ta n\u00e5got mer \u00e4n en sm\u00f6rg\u00e5s, lite soppa och drack sockerdricka. Hela dagen idag har det regnat utan uppeh\u00e5ll. <\/p>\n<p>\u00d6verskrivet\u2014\u2014<em>(Desserten blev fin musik av Greta Weibull. Sedan h\u00e4rlig boston och twostep i salen.<br \/>\nDet var n\u00e4r vi sutto i Fryks\u00e5s och lekte lekar. Tavlor och deviser hade g\u00e5tt av stapeln och tagit slut. Det var \u201dbr\u00e5kena\u201d som var p\u00e5 tapeten s\u00e5 blev det s\u00e5 h\u00e4r: &#8211;<br \/>\nOm du skulle skriva en bok om Judit, vad skulle den heta? Den \u00f6vergivna. Var inte det bra?)<\/em><\/p>\n<p>Men nu till middagen. Efter den fingo vi dansa i den stora matsalen d\u00e4r vi \u00e4tit. Efter dansen gingo vi till \u00e5ngb\u00e5ten och reste \u00f6ver till Leksand. Hela \u00e5ngb\u00e5tsresan dansade vi p\u00e5 akterd\u00e4ck. D\u00e4r voro tv\u00e5 2 pojkar, en chalmerist fr\u00e5n G\u00f6teborg och en fr\u00e5n \u00d6rebro. De spelade dragspel och dansade \u00f6msevis. Och \u00e4ven kaptenen, som var mycket trevlig och rar, tog sig n\u00e5gra \u201dsv\u00e4ngom\u201d. Med stor saknad l\u00e4mnade vi den trevliga b\u00e5ten och mottogs av en realare fr\u00e5n G\u00f6teborg, som sedan blev en trogen f\u00f6ljeslagare f\u00f6r n\u00e5gra av oss. <\/p>\n<p>N\u00e4r vi varit vid g\u00e4stgivareg\u00e5rden, d\u00e4r vi alla skulle ligga i en stor sal, och lagt ner v\u00e5ra r\u00e4nslar, \u00e5to vi kv\u00e4llsvard och gick sen till dansbanan vid K\u00e4ringberget. Tora, Greta och jag i s\u00e4llskap med Bertil, realaren. P\u00e5 dansbanan var det mycket v\u00e5tt och glatt, men trots det dansade vi gladeligt med dalmasarna. Men vid tolvtiden kom fr\u00f6ken Palm och tog oss obevekligt hem till hotellet. Vi klevo snart i s\u00e4ng och l\u00e5g och pratade och levde rullan, d\u00e5 vi fingo h\u00f6ra en r\u00f6st upph\u00e4vas: \u201dwe are yet to go to bed\u201d. Vi b\u00f6rjade att gapa: \u201d Go there, as fast as you can\u201d, och snart avl\u00e4gsnade sig r\u00f6stens upph\u00e4vare. Och snart sovo vi alla gott.<\/p>\n<!-- AddThis Advanced Settings generic via filter on the_content --><!-- AddThis Share Buttons generic via filter on the_content -->","protected":false},"excerpt":{"rendered":"<p>Den 15:e steg och vi upp vid 10 tiden och efter att ha \u00e4tit frukost och packat ihop v\u00e5ra r\u00e4nslar, gjingo vi till stationen och s\u00e5 steg och vi p\u00e5 t\u00e5get till R\u00e4ttvik. Dit anl\u00e4nde vi klockan halv 2 och gingo direkt fr\u00e5n stationen f\u00f6r att bese kyrkan. Det var en mycket gammal kyrka sedan [&hellip;]<!-- AddThis Advanced Settings generic via filter on wp_trim_excerpt --><!-- AddThis Share Buttons generic via filter on wp_trim_excerpt --><\/p>\n","protected":false},"author":2,"featured_media":29475,"comment_status":"open","ping_status":"open","sticky":false,"template":"","format":"standard","meta":{"footnotes":""},"categories":[3437,3425],"tags":[],"class_list":["post-29337","post","type-post","status-publish","format-standard","has-post-thumbnail","hentry","category-3437","category-mormors-dagbok"],"yoast_head":"<!-- This site is optimized with the Yoast SEO plugin v27.4 - https:\/\/yoast.com\/product\/yoast-seo-wordpress\/ -->\n<title>L\u00f6rdag den 15 juni 1912. jag i s\u00e4llskap med Bertil, realaren. - @Arhammar bokstavligen<\/title>\n<meta name=\"robots\" content=\"index, follow, max-snippet:-1, max-image-preview:large, max-video-preview:-1\" \/>\n<link rel=\"canonical\" href=\"https:\/\/www.arhammar.se\/blog\/lordag-den-15-juni-1912-jag-i-sallskap-med-bertil-realaren\/\" \/>\n<meta property=\"og:locale\" content=\"en_US\" \/>\n<meta property=\"og:type\" content=\"article\" \/>\n<meta property=\"og:title\" content=\"L\u00f6rdag den 15 juni 1912. jag i s\u00e4llskap med Bertil, realaren. - @Arhammar bokstavligen\" \/>\n<meta property=\"og:description\" content=\"Den 15:e steg och vi upp vid 10 tiden och efter att ha \u00e4tit frukost och packat ihop v\u00e5ra r\u00e4nslar, gjingo vi till stationen och s\u00e5 steg och vi p\u00e5 t\u00e5get till R\u00e4ttvik. Dit anl\u00e4nde vi klockan halv 2 och gingo direkt fr\u00e5n stationen f\u00f6r att bese kyrkan. Det var en mycket gammal kyrka sedan [&hellip;]\" \/>\n<meta property=\"og:url\" content=\"https:\/\/www.arhammar.se\/blog\/lordag-den-15-juni-1912-jag-i-sallskap-med-bertil-realaren\/\" \/>\n<meta property=\"og:site_name\" content=\"@Arhammar bokstavligen\" \/>\n<meta property=\"article:published_time\" content=\"2020-02-25T21:45:21+00:00\" \/>\n<meta property=\"article:modified_time\" content=\"2020-08-10T09:20:37+00:00\" \/>\n<meta property=\"og:image\" content=\"https:\/\/www.arhammar.se\/blog\/wp-content\/uploads\/2020\/02\/dbdalarna3.jpg\" \/>\n\t<meta property=\"og:image:width\" content=\"640\" \/>\n\t<meta property=\"og:image:height\" content=\"480\" \/>\n\t<meta property=\"og:image:type\" content=\"image\/jpeg\" \/>\n<meta name=\"author\" content=\"Anders Arhammar\" \/>\n<meta name=\"twitter:card\" content=\"summary_large_image\" \/>\n<meta name=\"twitter:label1\" content=\"Written by\" \/>\n\t<meta name=\"twitter:data1\" content=\"Anders Arhammar\" \/>\n\t<meta name=\"twitter:label2\" content=\"Est. reading time\" \/>\n\t<meta name=\"twitter:data2\" content=\"3 minutes\" \/>\n<script type=\"application\/ld+json\" class=\"yoast-schema-graph\">{\"@context\":\"https:\\\/\\\/schema.org\",\"@graph\":[{\"@type\":\"Article\",\"@id\":\"https:\\\/\\\/www.arhammar.se\\\/blog\\\/lordag-den-15-juni-1912-jag-i-sallskap-med-bertil-realaren\\\/#article\",\"isPartOf\":{\"@id\":\"https:\\\/\\\/www.arhammar.se\\\/blog\\\/lordag-den-15-juni-1912-jag-i-sallskap-med-bertil-realaren\\\/\"},\"author\":{\"name\":\"Anders Arhammar\",\"@id\":\"https:\\\/\\\/www.arhammar.se\\\/blog\\\/#\\\/schema\\\/person\\\/061984c1d884b363e2c91550f2e00d1d\"},\"headline\":\"L\u00f6rdag den 15 juni 1912. jag i s\u00e4llskap med Bertil, realaren.\",\"datePublished\":\"2020-02-25T21:45:21+00:00\",\"dateModified\":\"2020-08-10T09:20:37+00:00\",\"mainEntityOfPage\":{\"@id\":\"https:\\\/\\\/www.arhammar.se\\\/blog\\\/lordag-den-15-juni-1912-jag-i-sallskap-med-bertil-realaren\\\/\"},\"wordCount\":517,\"commentCount\":0,\"image\":{\"@id\":\"https:\\\/\\\/www.arhammar.se\\\/blog\\\/lordag-den-15-juni-1912-jag-i-sallskap-med-bertil-realaren\\\/#primaryimage\"},\"thumbnailUrl\":\"https:\\\/\\\/www.arhammar.se\\\/blog\\\/wp-content\\\/uploads\\\/2020\\\/02\\\/dbdalarna3.jpg\",\"articleSection\":[\"1912\",\"mormors dagbok\"],\"inLanguage\":\"en-US\",\"potentialAction\":[{\"@type\":\"CommentAction\",\"name\":\"Comment\",\"target\":[\"https:\\\/\\\/www.arhammar.se\\\/blog\\\/lordag-den-15-juni-1912-jag-i-sallskap-med-bertil-realaren\\\/#respond\"]}]},{\"@type\":\"WebPage\",\"@id\":\"https:\\\/\\\/www.arhammar.se\\\/blog\\\/lordag-den-15-juni-1912-jag-i-sallskap-med-bertil-realaren\\\/\",\"url\":\"https:\\\/\\\/www.arhammar.se\\\/blog\\\/lordag-den-15-juni-1912-jag-i-sallskap-med-bertil-realaren\\\/\",\"name\":\"L\u00f6rdag den 15 juni 1912. jag i s\u00e4llskap med Bertil, realaren. - @Arhammar bokstavligen\",\"isPartOf\":{\"@id\":\"https:\\\/\\\/www.arhammar.se\\\/blog\\\/#website\"},\"primaryImageOfPage\":{\"@id\":\"https:\\\/\\\/www.arhammar.se\\\/blog\\\/lordag-den-15-juni-1912-jag-i-sallskap-med-bertil-realaren\\\/#primaryimage\"},\"image\":{\"@id\":\"https:\\\/\\\/www.arhammar.se\\\/blog\\\/lordag-den-15-juni-1912-jag-i-sallskap-med-bertil-realaren\\\/#primaryimage\"},\"thumbnailUrl\":\"https:\\\/\\\/www.arhammar.se\\\/blog\\\/wp-content\\\/uploads\\\/2020\\\/02\\\/dbdalarna3.jpg\",\"datePublished\":\"2020-02-25T21:45:21+00:00\",\"dateModified\":\"2020-08-10T09:20:37+00:00\",\"author\":{\"@id\":\"https:\\\/\\\/www.arhammar.se\\\/blog\\\/#\\\/schema\\\/person\\\/061984c1d884b363e2c91550f2e00d1d\"},\"breadcrumb\":{\"@id\":\"https:\\\/\\\/www.arhammar.se\\\/blog\\\/lordag-den-15-juni-1912-jag-i-sallskap-med-bertil-realaren\\\/#breadcrumb\"},\"inLanguage\":\"en-US\",\"potentialAction\":[{\"@type\":\"ReadAction\",\"target\":[\"https:\\\/\\\/www.arhammar.se\\\/blog\\\/lordag-den-15-juni-1912-jag-i-sallskap-med-bertil-realaren\\\/\"]}]},{\"@type\":\"ImageObject\",\"inLanguage\":\"en-US\",\"@id\":\"https:\\\/\\\/www.arhammar.se\\\/blog\\\/lordag-den-15-juni-1912-jag-i-sallskap-med-bertil-realaren\\\/#primaryimage\",\"url\":\"https:\\\/\\\/www.arhammar.se\\\/blog\\\/wp-content\\\/uploads\\\/2020\\\/02\\\/dbdalarna3.jpg\",\"contentUrl\":\"https:\\\/\\\/www.arhammar.se\\\/blog\\\/wp-content\\\/uploads\\\/2020\\\/02\\\/dbdalarna3.jpg\",\"width\":640,\"height\":480},{\"@type\":\"BreadcrumbList\",\"@id\":\"https:\\\/\\\/www.arhammar.se\\\/blog\\\/lordag-den-15-juni-1912-jag-i-sallskap-med-bertil-realaren\\\/#breadcrumb\",\"itemListElement\":[{\"@type\":\"ListItem\",\"position\":1,\"name\":\"Home\",\"item\":\"https:\\\/\\\/www.arhammar.se\\\/blog\\\/\"},{\"@type\":\"ListItem\",\"position\":2,\"name\":\"L\u00f6rdag den 15 juni 1912. jag i s\u00e4llskap med Bertil, realaren.\"}]},{\"@type\":\"WebSite\",\"@id\":\"https:\\\/\\\/www.arhammar.se\\\/blog\\\/#website\",\"url\":\"https:\\\/\\\/www.arhammar.se\\\/blog\\\/\",\"name\":\"@Arhammar bokstavligen\",\"description\":\"Fr\u00e5n min penna och panna\",\"potentialAction\":[{\"@type\":\"SearchAction\",\"target\":{\"@type\":\"EntryPoint\",\"urlTemplate\":\"https:\\\/\\\/www.arhammar.se\\\/blog\\\/?s={search_term_string}\"},\"query-input\":{\"@type\":\"PropertyValueSpecification\",\"valueRequired\":true,\"valueName\":\"search_term_string\"}}],\"inLanguage\":\"en-US\"},{\"@type\":\"Person\",\"@id\":\"https:\\\/\\\/www.arhammar.se\\\/blog\\\/#\\\/schema\\\/person\\\/061984c1d884b363e2c91550f2e00d1d\",\"name\":\"Anders Arhammar\",\"image\":{\"@type\":\"ImageObject\",\"inLanguage\":\"en-US\",\"@id\":\"https:\\\/\\\/secure.gravatar.com\\\/avatar\\\/784b5b36cfe145ae19a52340f405285a939bcc08d4a21136b3a81f9e378ffae0?s=96&d=mm&r=g\",\"url\":\"https:\\\/\\\/secure.gravatar.com\\\/avatar\\\/784b5b36cfe145ae19a52340f405285a939bcc08d4a21136b3a81f9e378ffae0?s=96&d=mm&r=g\",\"contentUrl\":\"https:\\\/\\\/secure.gravatar.com\\\/avatar\\\/784b5b36cfe145ae19a52340f405285a939bcc08d4a21136b3a81f9e378ffae0?s=96&d=mm&r=g\",\"caption\":\"Anders Arhammar\"},\"url\":\"https:\\\/\\\/www.arhammar.se\\\/blog\\\/author\\\/anders\\\/\"}]}<\/script>\n<!-- \/ Yoast SEO plugin. -->","yoast_head_json":{"title":"L\u00f6rdag den 15 juni 1912. jag i s\u00e4llskap med Bertil, realaren. - @Arhammar bokstavligen","robots":{"index":"index","follow":"follow","max-snippet":"max-snippet:-1","max-image-preview":"max-image-preview:large","max-video-preview":"max-video-preview:-1"},"canonical":"https:\/\/www.arhammar.se\/blog\/lordag-den-15-juni-1912-jag-i-sallskap-med-bertil-realaren\/","og_locale":"en_US","og_type":"article","og_title":"L\u00f6rdag den 15 juni 1912. jag i s\u00e4llskap med Bertil, realaren. - @Arhammar bokstavligen","og_description":"Den 15:e steg och vi upp vid 10 tiden och efter att ha \u00e4tit frukost och packat ihop v\u00e5ra r\u00e4nslar, gjingo vi till stationen och s\u00e5 steg och vi p\u00e5 t\u00e5get till R\u00e4ttvik. Dit anl\u00e4nde vi klockan halv 2 och gingo direkt fr\u00e5n stationen f\u00f6r att bese kyrkan. Det var en mycket gammal kyrka sedan [&hellip;]","og_url":"https:\/\/www.arhammar.se\/blog\/lordag-den-15-juni-1912-jag-i-sallskap-med-bertil-realaren\/","og_site_name":"@Arhammar bokstavligen","article_published_time":"2020-02-25T21:45:21+00:00","article_modified_time":"2020-08-10T09:20:37+00:00","og_image":[{"width":640,"height":480,"url":"https:\/\/www.arhammar.se\/blog\/wp-content\/uploads\/2020\/02\/dbdalarna3.jpg","type":"image\/jpeg"}],"author":"Anders Arhammar","twitter_card":"summary_large_image","twitter_misc":{"Written by":"Anders Arhammar","Est. reading time":"3 minutes"},"schema":{"@context":"https:\/\/schema.org","@graph":[{"@type":"Article","@id":"https:\/\/www.arhammar.se\/blog\/lordag-den-15-juni-1912-jag-i-sallskap-med-bertil-realaren\/#article","isPartOf":{"@id":"https:\/\/www.arhammar.se\/blog\/lordag-den-15-juni-1912-jag-i-sallskap-med-bertil-realaren\/"},"author":{"name":"Anders Arhammar","@id":"https:\/\/www.arhammar.se\/blog\/#\/schema\/person\/061984c1d884b363e2c91550f2e00d1d"},"headline":"L\u00f6rdag den 15 juni 1912. jag i s\u00e4llskap med Bertil, realaren.","datePublished":"2020-02-25T21:45:21+00:00","dateModified":"2020-08-10T09:20:37+00:00","mainEntityOfPage":{"@id":"https:\/\/www.arhammar.se\/blog\/lordag-den-15-juni-1912-jag-i-sallskap-med-bertil-realaren\/"},"wordCount":517,"commentCount":0,"image":{"@id":"https:\/\/www.arhammar.se\/blog\/lordag-den-15-juni-1912-jag-i-sallskap-med-bertil-realaren\/#primaryimage"},"thumbnailUrl":"https:\/\/www.arhammar.se\/blog\/wp-content\/uploads\/2020\/02\/dbdalarna3.jpg","articleSection":["1912","mormors dagbok"],"inLanguage":"en-US","potentialAction":[{"@type":"CommentAction","name":"Comment","target":["https:\/\/www.arhammar.se\/blog\/lordag-den-15-juni-1912-jag-i-sallskap-med-bertil-realaren\/#respond"]}]},{"@type":"WebPage","@id":"https:\/\/www.arhammar.se\/blog\/lordag-den-15-juni-1912-jag-i-sallskap-med-bertil-realaren\/","url":"https:\/\/www.arhammar.se\/blog\/lordag-den-15-juni-1912-jag-i-sallskap-med-bertil-realaren\/","name":"L\u00f6rdag den 15 juni 1912. jag i s\u00e4llskap med Bertil, realaren. - @Arhammar bokstavligen","isPartOf":{"@id":"https:\/\/www.arhammar.se\/blog\/#website"},"primaryImageOfPage":{"@id":"https:\/\/www.arhammar.se\/blog\/lordag-den-15-juni-1912-jag-i-sallskap-med-bertil-realaren\/#primaryimage"},"image":{"@id":"https:\/\/www.arhammar.se\/blog\/lordag-den-15-juni-1912-jag-i-sallskap-med-bertil-realaren\/#primaryimage"},"thumbnailUrl":"https:\/\/www.arhammar.se\/blog\/wp-content\/uploads\/2020\/02\/dbdalarna3.jpg","datePublished":"2020-02-25T21:45:21+00:00","dateModified":"2020-08-10T09:20:37+00:00","author":{"@id":"https:\/\/www.arhammar.se\/blog\/#\/schema\/person\/061984c1d884b363e2c91550f2e00d1d"},"breadcrumb":{"@id":"https:\/\/www.arhammar.se\/blog\/lordag-den-15-juni-1912-jag-i-sallskap-med-bertil-realaren\/#breadcrumb"},"inLanguage":"en-US","potentialAction":[{"@type":"ReadAction","target":["https:\/\/www.arhammar.se\/blog\/lordag-den-15-juni-1912-jag-i-sallskap-med-bertil-realaren\/"]}]},{"@type":"ImageObject","inLanguage":"en-US","@id":"https:\/\/www.arhammar.se\/blog\/lordag-den-15-juni-1912-jag-i-sallskap-med-bertil-realaren\/#primaryimage","url":"https:\/\/www.arhammar.se\/blog\/wp-content\/uploads\/2020\/02\/dbdalarna3.jpg","contentUrl":"https:\/\/www.arhammar.se\/blog\/wp-content\/uploads\/2020\/02\/dbdalarna3.jpg","width":640,"height":480},{"@type":"BreadcrumbList","@id":"https:\/\/www.arhammar.se\/blog\/lordag-den-15-juni-1912-jag-i-sallskap-med-bertil-realaren\/#breadcrumb","itemListElement":[{"@type":"ListItem","position":1,"name":"Home","item":"https:\/\/www.arhammar.se\/blog\/"},{"@type":"ListItem","position":2,"name":"L\u00f6rdag den 15 juni 1912. jag i s\u00e4llskap med Bertil, realaren."}]},{"@type":"WebSite","@id":"https:\/\/www.arhammar.se\/blog\/#website","url":"https:\/\/www.arhammar.se\/blog\/","name":"@Arhammar bokstavligen","description":"Fr\u00e5n min penna och panna","potentialAction":[{"@type":"SearchAction","target":{"@type":"EntryPoint","urlTemplate":"https:\/\/www.arhammar.se\/blog\/?s={search_term_string}"},"query-input":{"@type":"PropertyValueSpecification","valueRequired":true,"valueName":"search_term_string"}}],"inLanguage":"en-US"},{"@type":"Person","@id":"https:\/\/www.arhammar.se\/blog\/#\/schema\/person\/061984c1d884b363e2c91550f2e00d1d","name":"Anders Arhammar","image":{"@type":"ImageObject","inLanguage":"en-US","@id":"https:\/\/secure.gravatar.com\/avatar\/784b5b36cfe145ae19a52340f405285a939bcc08d4a21136b3a81f9e378ffae0?s=96&d=mm&r=g","url":"https:\/\/secure.gravatar.com\/avatar\/784b5b36cfe145ae19a52340f405285a939bcc08d4a21136b3a81f9e378ffae0?s=96&d=mm&r=g","contentUrl":"https:\/\/secure.gravatar.com\/avatar\/784b5b36cfe145ae19a52340f405285a939bcc08d4a21136b3a81f9e378ffae0?s=96&d=mm&r=g","caption":"Anders Arhammar"},"url":"https:\/\/www.arhammar.se\/blog\/author\/anders\/"}]}},"_links":{"self":[{"href":"https:\/\/www.arhammar.se\/blog\/wp-json\/wp\/v2\/posts\/29337","targetHints":{"allow":["GET"]}}],"collection":[{"href":"https:\/\/www.arhammar.se\/blog\/wp-json\/wp\/v2\/posts"}],"about":[{"href":"https:\/\/www.arhammar.se\/blog\/wp-json\/wp\/v2\/types\/post"}],"author":[{"embeddable":true,"href":"https:\/\/www.arhammar.se\/blog\/wp-json\/wp\/v2\/users\/2"}],"replies":[{"embeddable":true,"href":"https:\/\/www.arhammar.se\/blog\/wp-json\/wp\/v2\/comments?post=29337"}],"version-history":[{"count":3,"href":"https:\/\/www.arhammar.se\/blog\/wp-json\/wp\/v2\/posts\/29337\/revisions"}],"predecessor-version":[{"id":29981,"href":"https:\/\/www.arhammar.se\/blog\/wp-json\/wp\/v2\/posts\/29337\/revisions\/29981"}],"wp:featuredmedia":[{"embeddable":true,"href":"https:\/\/www.arhammar.se\/blog\/wp-json\/wp\/v2\/media\/29475"}],"wp:attachment":[{"href":"https:\/\/www.arhammar.se\/blog\/wp-json\/wp\/v2\/media?parent=29337"}],"wp:term":[{"taxonomy":"category","embeddable":true,"href":"https:\/\/www.arhammar.se\/blog\/wp-json\/wp\/v2\/categories?post=29337"},{"taxonomy":"post_tag","embeddable":true,"href":"https:\/\/www.arhammar.se\/blog\/wp-json\/wp\/v2\/tags?post=29337"}],"curies":[{"name":"wp","href":"https:\/\/api.w.org\/{rel}","templated":true}]}}