{"id":28914,"date":"2020-03-14T00:10:17","date_gmt":"2020-03-13T23:10:17","guid":{"rendered":"https:\/\/www.arhammar.se\/blog\/?p=28914"},"modified":"2026-01-15T19:26:20","modified_gmt":"2026-01-15T18:26:20","slug":"lordagen-den-26-januari-1924-toa-poa-och-svea","status":"publish","type":"post","link":"https:\/\/www.arhammar.se\/blog\/lordagen-den-26-januari-1924-toa-poa-och-svea\/","title":{"rendered":"L\u00f6rdagen den 26 januari 1924. Toa, Poa och Svea."},"content":{"rendered":"<div class=\"et_pb_section_0 et_pb_section et_section_regular et_block_section\"><div class=\"et_pb_row_0 et_pb_row et_block_row\"><div class=\"et_pb_column_0 et_pb_column et_pb_column_4_4 et-last-child et_block_column et_pb_css_mix_blend_mode_passthrough\"><div class=\"et_pb_text_0 et_pb_text et_pb_bg_layout_light et_pb_module et_block_module\"><div class=\"et_pb_text_inner\"><p>Jag skulle leta i min sekret\u00e4rl\u00e5da efter en anteckningsbok och fick d\u00e5 tag p\u00e5 min stora dagbokssamling, som jag n\u00e4stan gl\u00f6mt bort. Och n\u00e4r jag nu bl\u00e4ddrar tillbaka i denna boken, ser jag till min f\u00f6rskr\u00e4ckelse att under hela 1923 har jag skrivit en g\u00e5ng h\u00e4ri. Ben\u00e4mningar \u00e5rsbok skulle allts\u00e5 nu passa. Men jag skall verkligen f\u00f6rs\u00f6ka, att skriva litet flitigare i \u00e5r.<\/p>\n<p>Allt, som r\u00f6r barnen, inf\u00f6rs mycket ordentligt i deras resp. b\u00f6cker. De \u00e4ro s\u00e5 krya och duktiga de sm\u00e5 \u00e4lsklingarna. Toto pratar nu r\u00e4tt mycket och \u00e4r rysligt s\u00f6t och n\u00e4pen. Han har ocks\u00e5 b\u00f6rjat s\u00e4ga till, n\u00e4r han vill sitta p\u00e5 pottan, och det \u00e4r ju ett kolossalt framsteg, mycket underl\u00e4ttande f\u00f6r den, som sk\u00f6ter honom.<br \/>\nPer Olof, som av Toto d\u00f6pts till Poa, kan nu g\u00e5 och spatsera r\u00e4tt stadigt omkring i rummet. Han \u00e4r s\u00e5 pigg och morsk, den lille krabaten, s\u00e5 Toto brukar f\u00f6r det mesta f\u00e5 ge vika, d\u00e5 de drabba samman om en eller annan beg\u00e4rlig leksak. Poa \u00e4r inte alls s\u00e5 s\u00f6t som Toto, men ser s\u00e5 innerligt putslustig ut. Hans h\u00e5r \u00e4r \u00e4nnu minimalt, men jag tror det blir lockigt. Ja, t\u00e4nk, han fyllde ett \u00e5r den 5 ds -- tiden g\u00e5r fort.<\/p>\n<p>F\u00f6rh\u00e5llandet mellan min \u00e4lskade Kalle och mig \u00e4r alltj\u00e4mt lika idealiskt. Jag undrar, om det finns maken till \u00e4ktenskap - tre \u00e5r utan den allra minsta lilla missh\u00e4llighet!!<\/p>\n<p>Den 1 okt f\u00f6rra \u00e5ret bytte vi \u00e5ter v\u00e5ning. Denna g\u00e5ng hamnade vi p\u00e5 Olivedalsgatan, d\u00e4r jag v\u00e4xt upp. I nr 8, 5 tr. upp ha vi inrett v\u00e5r bostad, nu ut\u00f6kad till 3 rum och k\u00f6k. Rummen ligga alla i en rad mot gatan, med var sin ing\u00e5ng fr\u00e5n tamburen. L\u00e4ngst till v\u00e4nster \u00e4r Kalles rum med balkong. S\u00e5 kommer matsalen, det nya rummet, till vilken vi skaffat oss en riktig trevlig allmogem\u00f6bel. Jag har broderat dukar till buffe, mat och serveringsbord, samt f\u00f6rf\u00e4rdigat en stilenlig lampa med handm\u00e5lade V, blomstermotiv. N\u00e4r jag s\u00e5 f\u00e5r nya gardiner, draperier uppsatta och vackra trasmattor p\u00e5 golvet, s\u00e5 blir d\u00e4r sannerligen riktigt fint.<\/p>\n<p>S\u00e5 ha vi mitt och barnens rum, och mitt emot, tv\u00e4rs \u00f6ver tamburen, k\u00f6ket, d\u00e4r Svea residerar. Svea \u00e4r en skatt, en I7 \u00e5rig flicka fr\u00e5n landet, vilken jag f\u00f6rste augusti f\u00f6rra \u00e5ret fick genom tant Enander. (Ingegerd flyttade, gudskelov, den 1 juni. Sedan var Lillan hos mig \u00f6ver sommaren). Svea har sk\u00f6tt hush\u00e5llet f\u00f6r sin fosterfar sedan hon var 12 \u00e5r gammal, och \u00e4r s\u00e5 enast\u00e5ende duktig, flitig och omt\u00e4nksam. Snabb uppfattningsf\u00f6rm\u00e5ga och ett utm\u00e4rkt handlag med barnen, hurtig och glad. Hon \u00e4r det fullkomliga idealet f\u00f6r en bra jungfru.<\/p>\n<p>Sedan h\u00f6sten f\u00f6rra \u00e5ret har Kalle varit medarbetare i Aftonbladet. D\u00e4rigenom f\u00e5 vi fribiljetter till de b\u00e4sta platserna p\u00e5 teatrar och biografer, s\u00e5 nu se vi varje pj\u00e4s, som spelas i stan och s\u00e5 m\u00e5nga filmer vi hinna med. Detta g\u00f6r ju att vi ibland \u00e4ro borta varje kv\u00e4ll i veckan, utom den Svea har fri och s\u00f6ndag, d\u00e5 hon \u00e4ven f\u00f6r det mesta \u00e4r ledig, och d\u00e5 tar hon alltid hand om barnen. P\u00e5 morgnarna g\u00f6r hon dem i ordning, innan jag stigit upp. Det \u00e4r ett h\u00e4rligt sakernas tillst\u00e5nd.<\/p>\n<p>All matlagning sk\u00f6ter hon, \u00e4ven all tv\u00e4tt, strumpstoppning o.s.v. Jag syssels\u00e4tter mig mest med s\u00f6mnad och handarbeten. I och med december f\u00f6rra \u00e5ret var Kalles anst\u00e4llning vid utst\u00e4llningen slut. Som sj\u00f6fartsmus\u00e9et, dit han t\u00e4nkt komma efter utst\u00e4llningen, \u00e4nnu blott h\u00e4grar i en framtid, var han litet bekymrad f\u00f6r hur vi nu skulle ordna budgeten. 350 i m\u00e5naden, fr\u00e5n Aftonbladet var inte mycket att lita till, n\u00e4r han f\u00f6rut tj\u00e4nat omkring 1000 p\u00e5 sommartid.<\/p>\n<p>Emellertid klarade den fr\u00e5gan - liksom allt annat i v\u00e5rt lyckliga \u00e4ktenskap - upp sig p\u00e5 ett h\u00e4rligt s\u00e4tt. En av de f\u00f6rsta dagarna i januari blev Kalle anmodad att infinna sig hos landsh\u00f6vdingen och utn\u00e4mnd till sekreterare i stadsfullm\u00e4ktiges utskott f\u00f6r museiberedning. Detta inneb\u00e4r att han nu har alla samlingarna fr\u00e5n utst\u00e4llningen om hand och skall utarbeta f\u00f6rslag till deras placerande i olika museer.<\/p>\n<p>Den k\u00e4nsla av l\u00e4ttnad och gl\u00e4dje jag vid denna underr\u00e4ttelse erfor, var i sanning o\u00e4ndligt behaglig. Vi avfirade h\u00e4ndelsen p\u00e5 Vollmers The-salong. Brunanders \u00e4ro sedan september f\u00f6rra \u00e5ret i Stockholm, och nu skola \u00e4ven Althins och Lenck dit. V\u00e5ra n\u00e4rmare bekanta bland utst\u00e4llningsfolket skingras som agnar f\u00f6r vinden. Det \u00e4r bara vi och Bergs, som stanna i G\u00f6teborg.<\/p>\n<p>Senare tiden av utst\u00e4llningstiden regnade det s\u00e5 mycket, att det l\u00e5g nog en viss sanning i Adelsohns yttrande att \"det regnade bort 2 miljoner f\u00f6r oss.\"<\/p>\n<p>Ungef\u00e4r en vecka, innan den st\u00e4ngdes, var det s\u00e5dan storm, att en hel del bl\u00e5ste s\u00f6nder d\u00e4ruppe och minareten var n\u00e4ra att ramla. Det skulle allt ha varit en dramatisk avslutning, om alltihopa bl\u00e5st i spillror.<\/p>\n<p>Emellertid st\u00e4ngdes utst\u00e4llningen den 15 oktober under en enkel, men v\u00e4rdig avslutningsh\u00f6gtidlighet. Stadsfullm\u00e4ktiges ordf\u00f6rande, Carlander och Landsh\u00f6vding von Sydow l\u00e5ste minneshallens d\u00f6rr efter att ha inskrivit datum f\u00f6r st\u00e4ngningsdagen i den stora minnesboken, d\u00e4r tusenden och \u00e5ter tusenden av bes\u00f6kande f\u00f6rut skrivit sina namn. Vi hade f\u00e5tt plats uppe vid Minneshallen och det var verkligen imponerande att se ned \u00f6ver folkmassan p\u00e5 Stora g\u00e5rden, belyst av de fladdrande j\u00e4ttefacklorna. - S\u00e5 var den lysande sagan all -----.<\/p>\n<p>Nu ser det ut som Jerusalems f\u00f6rst\u00f6ring d\u00e4r uppe. Halvrivna byggnader och \u00f6verallt massor av plankrester, murbruk och skrot. Jag blir riktigt vemodig till sinnes, n\u00e4r jag t\u00e4nker p\u00e5 hur vackert och storslaget det i somras var d\u00e4r, och hur m\u00e5nga angen\u00e4ma stunder vi d\u00e4r tillbragt.<\/p>\n<\/div><\/div><\/div><\/div><\/div><!-- AddThis Advanced Settings generic via filter on the_content --><!-- AddThis Share Buttons generic via filter on the_content -->","protected":false},"excerpt":{"rendered":"<p><!-- AddThis Advanced Settings generic via filter on wp_trim_excerpt --><!-- AddThis Share Buttons generic via filter on wp_trim_excerpt --><\/p>\n","protected":false},"author":2,"featured_media":30564,"comment_status":"closed","ping_status":"closed","sticky":false,"template":"","format":"standard","meta":{"footnotes":""},"categories":[3470,3425],"tags":[],"class_list":["post-28914","post","type-post","status-publish","format-standard","has-post-thumbnail","hentry","category-3470","category-mormors-dagbok"],"yoast_head":"<!-- This site is optimized with the Yoast SEO plugin v28.4 - https:\/\/yoast.com\/product\/yoast-seo-wordpress\/ -->\n<title>L\u00f6rdagen den 26 januari 1924. Toa, Poa och Svea. - @Arhammar bokstavligen<\/title>\n<meta name=\"robots\" content=\"index, follow, max-snippet:-1, max-image-preview:large, max-video-preview:-1\" \/>\n<link rel=\"canonical\" href=\"https:\/\/www.arhammar.se\/blog\/lordagen-den-26-januari-1924-toa-poa-och-svea\/\" \/>\n<meta property=\"og:locale\" content=\"en_US\" \/>\n<meta property=\"og:type\" content=\"article\" \/>\n<meta property=\"og:title\" content=\"L\u00f6rdagen den 26 januari 1924. Toa, Poa och Svea. - @Arhammar bokstavligen\" \/>\n<meta property=\"og:url\" content=\"https:\/\/www.arhammar.se\/blog\/lordagen-den-26-januari-1924-toa-poa-och-svea\/\" \/>\n<meta property=\"og:site_name\" content=\"@Arhammar bokstavligen\" \/>\n<meta property=\"article:published_time\" content=\"2020-03-13T23:10:17+00:00\" \/>\n<meta property=\"article:modified_time\" content=\"2026-01-15T18:26:20+00:00\" \/>\n<meta property=\"og:image\" content=\"https:\/\/www.arhammar.se\/blog\/wp-content\/uploads\/2020\/03\/dbpeobok.jpg\" \/>\n\t<meta property=\"og:image:width\" content=\"640\" \/>\n\t<meta property=\"og:image:height\" content=\"480\" \/>\n\t<meta property=\"og:image:type\" content=\"image\/jpeg\" \/>\n<meta name=\"author\" content=\"Anders Arhammar\" \/>\n<meta name=\"twitter:card\" content=\"summary_large_image\" \/>\n<meta name=\"twitter:label1\" content=\"Written by\" \/>\n\t<meta name=\"twitter:data1\" content=\"Anders Arhammar\" \/>\n\t<meta name=\"twitter:label2\" content=\"Est. reading time\" \/>\n\t<meta name=\"twitter:data2\" content=\"5 minutes\" \/>\n<script type=\"application\/ld+json\" class=\"yoast-schema-graph\">{\"@context\":\"https:\\\/\\\/schema.org\",\"@graph\":[{\"@type\":\"Article\",\"@id\":\"https:\\\/\\\/www.arhammar.se\\\/blog\\\/lordagen-den-26-januari-1924-toa-poa-och-svea\\\/#article\",\"isPartOf\":{\"@id\":\"https:\\\/\\\/www.arhammar.se\\\/blog\\\/lordagen-den-26-januari-1924-toa-poa-och-svea\\\/\"},\"author\":{\"name\":\"Anders Arhammar\",\"@id\":\"https:\\\/\\\/www.arhammar.se\\\/blog\\\/#\\\/schema\\\/person\\\/061984c1d884b363e2c91550f2e00d1d\"},\"headline\":\"L\u00f6rdagen den 26 januari 1924. Toa, Poa och Svea.\",\"datePublished\":\"2020-03-13T23:10:17+00:00\",\"dateModified\":\"2026-01-15T18:26:20+00:00\",\"mainEntityOfPage\":{\"@id\":\"https:\\\/\\\/www.arhammar.se\\\/blog\\\/lordagen-den-26-januari-1924-toa-poa-och-svea\\\/\"},\"wordCount\":8,\"image\":{\"@id\":\"https:\\\/\\\/www.arhammar.se\\\/blog\\\/lordagen-den-26-januari-1924-toa-poa-och-svea\\\/#primaryimage\"},\"thumbnailUrl\":\"https:\\\/\\\/www.arhammar.se\\\/blog\\\/wp-content\\\/uploads\\\/2020\\\/03\\\/dbpeobok.jpg\",\"articleSection\":[\"1924\",\"mormors dagbok\"],\"inLanguage\":\"en-US\"},{\"@type\":\"WebPage\",\"@id\":\"https:\\\/\\\/www.arhammar.se\\\/blog\\\/lordagen-den-26-januari-1924-toa-poa-och-svea\\\/\",\"url\":\"https:\\\/\\\/www.arhammar.se\\\/blog\\\/lordagen-den-26-januari-1924-toa-poa-och-svea\\\/\",\"name\":\"L\u00f6rdagen den 26 januari 1924. Toa, Poa och Svea. - @Arhammar bokstavligen\",\"isPartOf\":{\"@id\":\"https:\\\/\\\/www.arhammar.se\\\/blog\\\/#website\"},\"primaryImageOfPage\":{\"@id\":\"https:\\\/\\\/www.arhammar.se\\\/blog\\\/lordagen-den-26-januari-1924-toa-poa-och-svea\\\/#primaryimage\"},\"image\":{\"@id\":\"https:\\\/\\\/www.arhammar.se\\\/blog\\\/lordagen-den-26-januari-1924-toa-poa-och-svea\\\/#primaryimage\"},\"thumbnailUrl\":\"https:\\\/\\\/www.arhammar.se\\\/blog\\\/wp-content\\\/uploads\\\/2020\\\/03\\\/dbpeobok.jpg\",\"datePublished\":\"2020-03-13T23:10:17+00:00\",\"dateModified\":\"2026-01-15T18:26:20+00:00\",\"author\":{\"@id\":\"https:\\\/\\\/www.arhammar.se\\\/blog\\\/#\\\/schema\\\/person\\\/061984c1d884b363e2c91550f2e00d1d\"},\"breadcrumb\":{\"@id\":\"https:\\\/\\\/www.arhammar.se\\\/blog\\\/lordagen-den-26-januari-1924-toa-poa-och-svea\\\/#breadcrumb\"},\"inLanguage\":\"en-US\",\"potentialAction\":[{\"@type\":\"ReadAction\",\"target\":[\"https:\\\/\\\/www.arhammar.se\\\/blog\\\/lordagen-den-26-januari-1924-toa-poa-och-svea\\\/\"]}]},{\"@type\":\"ImageObject\",\"inLanguage\":\"en-US\",\"@id\":\"https:\\\/\\\/www.arhammar.se\\\/blog\\\/lordagen-den-26-januari-1924-toa-poa-och-svea\\\/#primaryimage\",\"url\":\"https:\\\/\\\/www.arhammar.se\\\/blog\\\/wp-content\\\/uploads\\\/2020\\\/03\\\/dbpeobok.jpg\",\"contentUrl\":\"https:\\\/\\\/www.arhammar.se\\\/blog\\\/wp-content\\\/uploads\\\/2020\\\/03\\\/dbpeobok.jpg\",\"width\":640,\"height\":480},{\"@type\":\"BreadcrumbList\",\"@id\":\"https:\\\/\\\/www.arhammar.se\\\/blog\\\/lordagen-den-26-januari-1924-toa-poa-och-svea\\\/#breadcrumb\",\"itemListElement\":[{\"@type\":\"ListItem\",\"position\":1,\"name\":\"Home\",\"item\":\"https:\\\/\\\/www.arhammar.se\\\/blog\\\/\"},{\"@type\":\"ListItem\",\"position\":2,\"name\":\"L\u00f6rdagen den 26 januari 1924. Toa, Poa och Svea.\"}]},{\"@type\":\"WebSite\",\"@id\":\"https:\\\/\\\/www.arhammar.se\\\/blog\\\/#website\",\"url\":\"https:\\\/\\\/www.arhammar.se\\\/blog\\\/\",\"name\":\"@Arhammar bokstavligen\",\"description\":\"Fr\u00e5n min penna och panna\",\"potentialAction\":[{\"@type\":\"SearchAction\",\"target\":{\"@type\":\"EntryPoint\",\"urlTemplate\":\"https:\\\/\\\/www.arhammar.se\\\/blog\\\/?s={search_term_string}\"},\"query-input\":{\"@type\":\"PropertyValueSpecification\",\"valueRequired\":true,\"valueName\":\"search_term_string\"}}],\"inLanguage\":\"en-US\"},{\"@type\":\"Person\",\"@id\":\"https:\\\/\\\/www.arhammar.se\\\/blog\\\/#\\\/schema\\\/person\\\/061984c1d884b363e2c91550f2e00d1d\",\"name\":\"Anders Arhammar\",\"image\":{\"@type\":\"ImageObject\",\"inLanguage\":\"en-US\",\"@id\":\"https:\\\/\\\/secure.gravatar.com\\\/avatar\\\/784b5b36cfe145ae19a52340f405285a939bcc08d4a21136b3a81f9e378ffae0?s=96&d=mm&r=g\",\"url\":\"https:\\\/\\\/secure.gravatar.com\\\/avatar\\\/784b5b36cfe145ae19a52340f405285a939bcc08d4a21136b3a81f9e378ffae0?s=96&d=mm&r=g\",\"contentUrl\":\"https:\\\/\\\/secure.gravatar.com\\\/avatar\\\/784b5b36cfe145ae19a52340f405285a939bcc08d4a21136b3a81f9e378ffae0?s=96&d=mm&r=g\",\"caption\":\"Anders Arhammar\"},\"url\":\"https:\\\/\\\/www.arhammar.se\\\/blog\\\/author\\\/anders\\\/\"}]}<\/script>\n<!-- \/ Yoast SEO plugin. -->","yoast_head_json":{"title":"L\u00f6rdagen den 26 januari 1924. Toa, Poa och Svea. - @Arhammar bokstavligen","robots":{"index":"index","follow":"follow","max-snippet":"max-snippet:-1","max-image-preview":"max-image-preview:large","max-video-preview":"max-video-preview:-1"},"canonical":"https:\/\/www.arhammar.se\/blog\/lordagen-den-26-januari-1924-toa-poa-och-svea\/","og_locale":"en_US","og_type":"article","og_title":"L\u00f6rdagen den 26 januari 1924. Toa, Poa och Svea. - @Arhammar bokstavligen","og_url":"https:\/\/www.arhammar.se\/blog\/lordagen-den-26-januari-1924-toa-poa-och-svea\/","og_site_name":"@Arhammar bokstavligen","article_published_time":"2020-03-13T23:10:17+00:00","article_modified_time":"2026-01-15T18:26:20+00:00","og_image":[{"width":640,"height":480,"url":"https:\/\/www.arhammar.se\/blog\/wp-content\/uploads\/2020\/03\/dbpeobok.jpg","type":"image\/jpeg"}],"author":"Anders Arhammar","twitter_card":"summary_large_image","twitter_misc":{"Written by":"Anders Arhammar","Est. reading time":"5 minutes"},"schema":{"@context":"https:\/\/schema.org","@graph":[{"@type":"Article","@id":"https:\/\/www.arhammar.se\/blog\/lordagen-den-26-januari-1924-toa-poa-och-svea\/#article","isPartOf":{"@id":"https:\/\/www.arhammar.se\/blog\/lordagen-den-26-januari-1924-toa-poa-och-svea\/"},"author":{"name":"Anders Arhammar","@id":"https:\/\/www.arhammar.se\/blog\/#\/schema\/person\/061984c1d884b363e2c91550f2e00d1d"},"headline":"L\u00f6rdagen den 26 januari 1924. Toa, Poa och Svea.","datePublished":"2020-03-13T23:10:17+00:00","dateModified":"2026-01-15T18:26:20+00:00","mainEntityOfPage":{"@id":"https:\/\/www.arhammar.se\/blog\/lordagen-den-26-januari-1924-toa-poa-och-svea\/"},"wordCount":8,"image":{"@id":"https:\/\/www.arhammar.se\/blog\/lordagen-den-26-januari-1924-toa-poa-och-svea\/#primaryimage"},"thumbnailUrl":"https:\/\/www.arhammar.se\/blog\/wp-content\/uploads\/2020\/03\/dbpeobok.jpg","articleSection":["1924","mormors dagbok"],"inLanguage":"en-US"},{"@type":"WebPage","@id":"https:\/\/www.arhammar.se\/blog\/lordagen-den-26-januari-1924-toa-poa-och-svea\/","url":"https:\/\/www.arhammar.se\/blog\/lordagen-den-26-januari-1924-toa-poa-och-svea\/","name":"L\u00f6rdagen den 26 januari 1924. Toa, Poa och Svea. - @Arhammar bokstavligen","isPartOf":{"@id":"https:\/\/www.arhammar.se\/blog\/#website"},"primaryImageOfPage":{"@id":"https:\/\/www.arhammar.se\/blog\/lordagen-den-26-januari-1924-toa-poa-och-svea\/#primaryimage"},"image":{"@id":"https:\/\/www.arhammar.se\/blog\/lordagen-den-26-januari-1924-toa-poa-och-svea\/#primaryimage"},"thumbnailUrl":"https:\/\/www.arhammar.se\/blog\/wp-content\/uploads\/2020\/03\/dbpeobok.jpg","datePublished":"2020-03-13T23:10:17+00:00","dateModified":"2026-01-15T18:26:20+00:00","author":{"@id":"https:\/\/www.arhammar.se\/blog\/#\/schema\/person\/061984c1d884b363e2c91550f2e00d1d"},"breadcrumb":{"@id":"https:\/\/www.arhammar.se\/blog\/lordagen-den-26-januari-1924-toa-poa-och-svea\/#breadcrumb"},"inLanguage":"en-US","potentialAction":[{"@type":"ReadAction","target":["https:\/\/www.arhammar.se\/blog\/lordagen-den-26-januari-1924-toa-poa-och-svea\/"]}]},{"@type":"ImageObject","inLanguage":"en-US","@id":"https:\/\/www.arhammar.se\/blog\/lordagen-den-26-januari-1924-toa-poa-och-svea\/#primaryimage","url":"https:\/\/www.arhammar.se\/blog\/wp-content\/uploads\/2020\/03\/dbpeobok.jpg","contentUrl":"https:\/\/www.arhammar.se\/blog\/wp-content\/uploads\/2020\/03\/dbpeobok.jpg","width":640,"height":480},{"@type":"BreadcrumbList","@id":"https:\/\/www.arhammar.se\/blog\/lordagen-den-26-januari-1924-toa-poa-och-svea\/#breadcrumb","itemListElement":[{"@type":"ListItem","position":1,"name":"Home","item":"https:\/\/www.arhammar.se\/blog\/"},{"@type":"ListItem","position":2,"name":"L\u00f6rdagen den 26 januari 1924. Toa, Poa och Svea."}]},{"@type":"WebSite","@id":"https:\/\/www.arhammar.se\/blog\/#website","url":"https:\/\/www.arhammar.se\/blog\/","name":"@Arhammar bokstavligen","description":"Fr\u00e5n min penna och panna","potentialAction":[{"@type":"SearchAction","target":{"@type":"EntryPoint","urlTemplate":"https:\/\/www.arhammar.se\/blog\/?s={search_term_string}"},"query-input":{"@type":"PropertyValueSpecification","valueRequired":true,"valueName":"search_term_string"}}],"inLanguage":"en-US"},{"@type":"Person","@id":"https:\/\/www.arhammar.se\/blog\/#\/schema\/person\/061984c1d884b363e2c91550f2e00d1d","name":"Anders Arhammar","image":{"@type":"ImageObject","inLanguage":"en-US","@id":"https:\/\/secure.gravatar.com\/avatar\/784b5b36cfe145ae19a52340f405285a939bcc08d4a21136b3a81f9e378ffae0?s=96&d=mm&r=g","url":"https:\/\/secure.gravatar.com\/avatar\/784b5b36cfe145ae19a52340f405285a939bcc08d4a21136b3a81f9e378ffae0?s=96&d=mm&r=g","contentUrl":"https:\/\/secure.gravatar.com\/avatar\/784b5b36cfe145ae19a52340f405285a939bcc08d4a21136b3a81f9e378ffae0?s=96&d=mm&r=g","caption":"Anders Arhammar"},"url":"https:\/\/www.arhammar.se\/blog\/author\/anders\/"}]}},"_links":{"self":[{"href":"https:\/\/www.arhammar.se\/blog\/wp-json\/wp\/v2\/posts\/28914","targetHints":{"allow":["GET"]}}],"collection":[{"href":"https:\/\/www.arhammar.se\/blog\/wp-json\/wp\/v2\/posts"}],"about":[{"href":"https:\/\/www.arhammar.se\/blog\/wp-json\/wp\/v2\/types\/post"}],"author":[{"embeddable":true,"href":"https:\/\/www.arhammar.se\/blog\/wp-json\/wp\/v2\/users\/2"}],"replies":[{"embeddable":true,"href":"https:\/\/www.arhammar.se\/blog\/wp-json\/wp\/v2\/comments?post=28914"}],"version-history":[{"count":8,"href":"https:\/\/www.arhammar.se\/blog\/wp-json\/wp\/v2\/posts\/28914\/revisions"}],"predecessor-version":[{"id":30845,"href":"https:\/\/www.arhammar.se\/blog\/wp-json\/wp\/v2\/posts\/28914\/revisions\/30845"}],"wp:featuredmedia":[{"embeddable":true,"href":"https:\/\/www.arhammar.se\/blog\/wp-json\/wp\/v2\/media\/30564"}],"wp:attachment":[{"href":"https:\/\/www.arhammar.se\/blog\/wp-json\/wp\/v2\/media?parent=28914"}],"wp:term":[{"taxonomy":"category","embeddable":true,"href":"https:\/\/www.arhammar.se\/blog\/wp-json\/wp\/v2\/categories?post=28914"},{"taxonomy":"post_tag","embeddable":true,"href":"https:\/\/www.arhammar.se\/blog\/wp-json\/wp\/v2\/tags?post=28914"}],"curies":[{"name":"wp","href":"https:\/\/api.w.org\/{rel}","templated":true}]}}