{"id":28910,"date":"2020-03-13T00:10:12","date_gmt":"2020-03-12T23:10:12","guid":{"rendered":"https:\/\/www.arhammar.se\/blog\/?p=28910"},"modified":"2026-01-15T19:26:20","modified_gmt":"2026-01-15T18:26:20","slug":"torsdagen-den-10-maj-1923-succe-for-goteborgsutstallningen","status":"publish","type":"post","link":"https:\/\/www.arhammar.se\/blog\/torsdagen-den-10-maj-1923-succe-for-goteborgsutstallningen\/","title":{"rendered":"Torsdagen den 10 maj 1923. Succ\u00e9 f\u00f6r G\u00f6teborgsutst\u00e4llningen."},"content":{"rendered":"<div class=\"et_pb_section_0 et_pb_section et_section_regular et_block_section\"><div class=\"et_pb_row_0 et_pb_row et_block_row\"><div class=\"et_pb_column_0 et_pb_column et_pb_column_4_4 et-last-child et_block_column et_pb_css_mix_blend_mode_passthrough\"><div class=\"et_pb_text_0 et_pb_text et_pb_bg_layout_light et_pb_module et_block_module\"><div class=\"et_pb_text_inner\"><p>Nu f\u00e5r jag b\u00f6rja p\u00e5 att kalla boken f\u00f6r \"ungef\u00e4r-halv-\u00e5rs-bok.\" Jag kan just undra om jag n\u00e5gonsin mer kommer att skriva regelbundet i den.<\/p>\n<p>Stora h\u00e4ndelser ha timat i \u00e5r. Den 5 januari, trettondagsafton, f\u00f6ddes v\u00e5r lille Per Olof. Jag skulle g\u00e4rna velat ha en liten flicka denna g\u00e5ngen, men nu \u00e4r jag allt mycket stolt \u00f6ver mina tv\u00e5 pojkar. S\u00e4rskilt som varken Naemi eller Rut har n\u00e5gon. Naemis lilla Britta f\u00f6ddes den 11 oktober f\u00f6rra \u00e5ret och Ruts Anna-Marie den 6 februari, s\u00e5ledes en m\u00e5nad efter Per Olof.<\/p>\n<p>D\u00e5 Per Olof f\u00f6ddes gick allt s\u00e5 mycket l\u00e4ttare \u00e4n f\u00f6rsta g\u00e5ngen. Jag b\u00f6rjade k\u00e4nna svaga aningar till v\u00e4rkar vid 3 tiden p\u00e5 natten, men f\u00e4ste mig knappast vid dem. Framemot morgonen b\u00f6rjade de dock komma mera regelbundet, s\u00e5 jag v\u00e4ckte Kalle, och vid 6-tiden beg\u00e5vo vi oss till Ahlstr\u00f6ms d\u00e4r jag best\u00e4llt rum. Jag gick och lade mig med detsamma och hade sm\u00e5 v\u00e4rkar precis varje kvart. F\u00f6rst framemot middagen blev det starkare sm\u00e4rtor, vid 1-tiden flyttades jag till f\u00f6rlossningssalen och sen hade jag en sv\u00e5r timme tills doktorn kom och jag blev s\u00f6vd. <\/p>\n<p>Jag hade beg\u00e4rt att bli s\u00f6vd, ty varf\u00f6r skall man pinas i on\u00f6dan, n\u00e4r man kan slippa!! Klockan 2.40 f\u00f6ddes Per Olof. Och strax efter\u00e5t kom den lycklige fadern med en vacker liten kruka, fylld av h\u00e4rliga tulpaner.<\/p>\n<p>Genast efter\u00e5t k\u00e4nde jag mig s\u00e5 kry, hur olika var det inte mot f\u00f6rra g\u00e5ngen, och hur tacksam var jag inte \u00f6ver att allt g\u00e5tt s\u00e5 fort och bra! Redan p\u00e5 tionde dagen fick jag komma hem.<\/p>\n<p>Lille Per Olof var vid f\u00f6delsen inte s\u00e5 tung som sin \u00e4ldre broder. P.O. v\u00e4gde 4.2 kg. Han var alls inte fager. Mycket tjock i ansiktet, fullkomligt skallig och med en kraftig uppn\u00e4sa. Nu \u00e4r han \u00f6ver 4 m\u00e5nader gammal och har blivit betydligt s\u00f6tare. Han blir v\u00e4l lika s\u00f6t, som sin broder, vad det lider.<\/p>\n<p>Det var den f\u00f6rsta viktiga tilldragelsen. Den andra var jubileumsutst\u00e4llningens h\u00f6gtidliga \u00f6ppnande den \u00e5ttonde maj. Det var verkligen en klang och jubeldag f\u00f6rutan like i G\u00f6teborgs historia. Jag kan inte skildra alla festligheter h\u00e4r. Vi ha g\u00f6mt tidningarna fr\u00e5n de senaste dagarna.<\/p>\n<p>Klockan 8 p\u00e5 kv\u00e4llen var det emellertid bankett p\u00e5 Huvudrestaurangen f\u00f6r ca 2 000 personer och Kalle och jag j\u00e4mte \u00f6vriga utst\u00e4llningstj\u00e4nstem\u00e4n med fruar voro med f\u00f6rst\u00e5s. Det var verkligen festligt. Denna massa av ordensprydda herrar och eleganta damer - allt vad G\u00f6teborg kan uppvisa i societetsv\u00e4g var naturligtvis d\u00e4r. <\/p>\n<p>Men trots den elegans som utvecklades, k\u00e4nde jag mig ingalunda imponerad, ty min kl\u00e4nning kunde gott t\u00e4vla med de andras.<\/p>\n<p>Naemi och jag hade f\u00f6rf\u00e4rdigat den av silverspets och lilaf\u00e4rgad cr\u00eape de chino (brudkl\u00e4nningen). P\u00e5 ena h\u00f6ften en kolossal kokard med l\u00e5ngt sl\u00e4p och \u00f6ver axlarna endast smala band. Verkligen chic och kl\u00e4dsam.<\/p>\n<p>Maten var mycket bra, uppassningen fungerade till allm\u00e4n bel\u00e5tenhet, och tal h\u00f6lls av kungen, Carlander i egenskap av stadsfullm\u00e4ktiges ordf\u00f6rande samt av landsh\u00f6vding von Sydow.<\/p>\n<p>Vid halv 11-tiden h\u00e4vdes taffeln (som det s\u00e5 fint heter) och sedan kaffe intagits i \"roseng\u00e5rden\" och matsalen b\u00f6rjade dansen, som p\u00e5gick till klockan 2 p\u00e5 natten. Det hela var mycket festligt och roligt. <\/p>\n<p>Huvudrestaurangen har ett h\u00e4rligt dansgolv, kolossalt stort, och utm\u00e4rkt musik.<\/p>\n<p>Tiden fr\u00e5n ny\u00e5r till utst\u00e4llningens \u00f6ppnande har varit en enda forcerad j\u00e4kt f\u00f6r tj\u00e4nstem\u00e4nnen. De allra flesta m\u00e4nniskor trodde v\u00e4l inte att det skulle bli s\u00e5 f\u00e4rdigt och s\u00e5 storslaget som det blev till \u00f6ppnandet.<\/p>\n<p>Att utst\u00e4llningen kommer att bli en dundrande succ\u00e9, det \u00e4r jag fullkomligt \u00f6vertygad om.<\/p>\n<p>Vi har nu m\u00f6blerat om h\u00e4r, har flyttat mina m\u00f6bler till Kalles rum och vice versa. Jag blev n\u00e4mligen s\u00e5 utledsen p\u00e5 m\u00f6rkret inne i mitt rum. H\u00e4rinne har barnen och jag det s\u00e5 mycket ljusare och sk\u00f6nare, och Kalle trivs bra inne hos sig, de stunder han \u00e4r hemma. Det \u00e4r besynnerligt att vi inte t\u00e4nkt p\u00e5 denna omm\u00f6blering f\u00f6rut.<\/p>\n<\/div><\/div><\/div><\/div><\/div><!-- AddThis Advanced Settings generic via filter on the_content --><!-- AddThis Share Buttons generic via filter on the_content -->","protected":false},"excerpt":{"rendered":"<p><!-- AddThis Advanced Settings generic via filter on wp_trim_excerpt --><!-- AddThis Share Buttons generic via filter on wp_trim_excerpt --><\/p>\n","protected":false},"author":2,"featured_media":30384,"comment_status":"closed","ping_status":"closed","sticky":false,"template":"","format":"standard","meta":{"footnotes":""},"categories":[3469,3425],"tags":[],"class_list":["post-28910","post","type-post","status-publish","format-standard","has-post-thumbnail","hentry","category-3469","category-mormors-dagbok"],"yoast_head":"<!-- This site is optimized with the Yoast SEO plugin v28.4 - https:\/\/yoast.com\/product\/yoast-seo-wordpress\/ -->\n<title>Torsdagen den 10 maj 1923. Succ\u00e9 f\u00f6r G\u00f6teborgsutst\u00e4llningen. - @Arhammar bokstavligen<\/title>\n<meta name=\"robots\" content=\"index, follow, max-snippet:-1, max-image-preview:large, max-video-preview:-1\" \/>\n<link rel=\"canonical\" href=\"https:\/\/www.arhammar.se\/blog\/torsdagen-den-10-maj-1923-succe-for-goteborgsutstallningen\/\" \/>\n<meta property=\"og:locale\" content=\"en_US\" \/>\n<meta property=\"og:type\" content=\"article\" \/>\n<meta property=\"og:title\" content=\"Torsdagen den 10 maj 1923. Succ\u00e9 f\u00f6r G\u00f6teborgsutst\u00e4llningen. - @Arhammar bokstavligen\" \/>\n<meta property=\"og:url\" content=\"https:\/\/www.arhammar.se\/blog\/torsdagen-den-10-maj-1923-succe-for-goteborgsutstallningen\/\" \/>\n<meta property=\"og:site_name\" content=\"@Arhammar bokstavligen\" \/>\n<meta property=\"article:published_time\" content=\"2020-03-12T23:10:12+00:00\" \/>\n<meta property=\"article:modified_time\" content=\"2026-01-15T18:26:20+00:00\" \/>\n<meta property=\"og:image\" content=\"https:\/\/www.arhammar.se\/blog\/wp-content\/uploads\/2020\/03\/dbmaj2013.jpg\" \/>\n\t<meta property=\"og:image:width\" content=\"640\" \/>\n\t<meta property=\"og:image:height\" content=\"480\" \/>\n\t<meta property=\"og:image:type\" content=\"image\/jpeg\" \/>\n<meta name=\"author\" content=\"Anders Arhammar\" \/>\n<meta name=\"twitter:card\" content=\"summary_large_image\" \/>\n<meta name=\"twitter:label1\" content=\"Written by\" \/>\n\t<meta name=\"twitter:data1\" content=\"Anders Arhammar\" \/>\n\t<meta name=\"twitter:label2\" content=\"Est. reading time\" \/>\n\t<meta name=\"twitter:data2\" content=\"3 minutes\" \/>\n<script type=\"application\/ld+json\" class=\"yoast-schema-graph\">{\"@context\":\"https:\\\/\\\/schema.org\",\"@graph\":[{\"@type\":\"Article\",\"@id\":\"https:\\\/\\\/www.arhammar.se\\\/blog\\\/torsdagen-den-10-maj-1923-succe-for-goteborgsutstallningen\\\/#article\",\"isPartOf\":{\"@id\":\"https:\\\/\\\/www.arhammar.se\\\/blog\\\/torsdagen-den-10-maj-1923-succe-for-goteborgsutstallningen\\\/\"},\"author\":{\"name\":\"Anders Arhammar\",\"@id\":\"https:\\\/\\\/www.arhammar.se\\\/blog\\\/#\\\/schema\\\/person\\\/061984c1d884b363e2c91550f2e00d1d\"},\"headline\":\"Torsdagen den 10 maj 1923. Succ\u00e9 f\u00f6r G\u00f6teborgsutst\u00e4llningen.\",\"datePublished\":\"2020-03-12T23:10:12+00:00\",\"dateModified\":\"2026-01-15T18:26:20+00:00\",\"mainEntityOfPage\":{\"@id\":\"https:\\\/\\\/www.arhammar.se\\\/blog\\\/torsdagen-den-10-maj-1923-succe-for-goteborgsutstallningen\\\/\"},\"wordCount\":9,\"image\":{\"@id\":\"https:\\\/\\\/www.arhammar.se\\\/blog\\\/torsdagen-den-10-maj-1923-succe-for-goteborgsutstallningen\\\/#primaryimage\"},\"thumbnailUrl\":\"https:\\\/\\\/www.arhammar.se\\\/blog\\\/wp-content\\\/uploads\\\/2020\\\/03\\\/dbmaj2013.jpg\",\"articleSection\":[\"1923\",\"mormors dagbok\"],\"inLanguage\":\"en-US\"},{\"@type\":\"WebPage\",\"@id\":\"https:\\\/\\\/www.arhammar.se\\\/blog\\\/torsdagen-den-10-maj-1923-succe-for-goteborgsutstallningen\\\/\",\"url\":\"https:\\\/\\\/www.arhammar.se\\\/blog\\\/torsdagen-den-10-maj-1923-succe-for-goteborgsutstallningen\\\/\",\"name\":\"Torsdagen den 10 maj 1923. Succ\u00e9 f\u00f6r G\u00f6teborgsutst\u00e4llningen. - @Arhammar bokstavligen\",\"isPartOf\":{\"@id\":\"https:\\\/\\\/www.arhammar.se\\\/blog\\\/#website\"},\"primaryImageOfPage\":{\"@id\":\"https:\\\/\\\/www.arhammar.se\\\/blog\\\/torsdagen-den-10-maj-1923-succe-for-goteborgsutstallningen\\\/#primaryimage\"},\"image\":{\"@id\":\"https:\\\/\\\/www.arhammar.se\\\/blog\\\/torsdagen-den-10-maj-1923-succe-for-goteborgsutstallningen\\\/#primaryimage\"},\"thumbnailUrl\":\"https:\\\/\\\/www.arhammar.se\\\/blog\\\/wp-content\\\/uploads\\\/2020\\\/03\\\/dbmaj2013.jpg\",\"datePublished\":\"2020-03-12T23:10:12+00:00\",\"dateModified\":\"2026-01-15T18:26:20+00:00\",\"author\":{\"@id\":\"https:\\\/\\\/www.arhammar.se\\\/blog\\\/#\\\/schema\\\/person\\\/061984c1d884b363e2c91550f2e00d1d\"},\"breadcrumb\":{\"@id\":\"https:\\\/\\\/www.arhammar.se\\\/blog\\\/torsdagen-den-10-maj-1923-succe-for-goteborgsutstallningen\\\/#breadcrumb\"},\"inLanguage\":\"en-US\",\"potentialAction\":[{\"@type\":\"ReadAction\",\"target\":[\"https:\\\/\\\/www.arhammar.se\\\/blog\\\/torsdagen-den-10-maj-1923-succe-for-goteborgsutstallningen\\\/\"]}]},{\"@type\":\"ImageObject\",\"inLanguage\":\"en-US\",\"@id\":\"https:\\\/\\\/www.arhammar.se\\\/blog\\\/torsdagen-den-10-maj-1923-succe-for-goteborgsutstallningen\\\/#primaryimage\",\"url\":\"https:\\\/\\\/www.arhammar.se\\\/blog\\\/wp-content\\\/uploads\\\/2020\\\/03\\\/dbmaj2013.jpg\",\"contentUrl\":\"https:\\\/\\\/www.arhammar.se\\\/blog\\\/wp-content\\\/uploads\\\/2020\\\/03\\\/dbmaj2013.jpg\",\"width\":640,\"height\":480},{\"@type\":\"BreadcrumbList\",\"@id\":\"https:\\\/\\\/www.arhammar.se\\\/blog\\\/torsdagen-den-10-maj-1923-succe-for-goteborgsutstallningen\\\/#breadcrumb\",\"itemListElement\":[{\"@type\":\"ListItem\",\"position\":1,\"name\":\"Home\",\"item\":\"https:\\\/\\\/www.arhammar.se\\\/blog\\\/\"},{\"@type\":\"ListItem\",\"position\":2,\"name\":\"Torsdagen den 10 maj 1923. Succ\u00e9 f\u00f6r G\u00f6teborgsutst\u00e4llningen.\"}]},{\"@type\":\"WebSite\",\"@id\":\"https:\\\/\\\/www.arhammar.se\\\/blog\\\/#website\",\"url\":\"https:\\\/\\\/www.arhammar.se\\\/blog\\\/\",\"name\":\"@Arhammar bokstavligen\",\"description\":\"Fr\u00e5n min penna och panna\",\"potentialAction\":[{\"@type\":\"SearchAction\",\"target\":{\"@type\":\"EntryPoint\",\"urlTemplate\":\"https:\\\/\\\/www.arhammar.se\\\/blog\\\/?s={search_term_string}\"},\"query-input\":{\"@type\":\"PropertyValueSpecification\",\"valueRequired\":true,\"valueName\":\"search_term_string\"}}],\"inLanguage\":\"en-US\"},{\"@type\":\"Person\",\"@id\":\"https:\\\/\\\/www.arhammar.se\\\/blog\\\/#\\\/schema\\\/person\\\/061984c1d884b363e2c91550f2e00d1d\",\"name\":\"Anders Arhammar\",\"image\":{\"@type\":\"ImageObject\",\"inLanguage\":\"en-US\",\"@id\":\"https:\\\/\\\/secure.gravatar.com\\\/avatar\\\/784b5b36cfe145ae19a52340f405285a939bcc08d4a21136b3a81f9e378ffae0?s=96&d=mm&r=g\",\"url\":\"https:\\\/\\\/secure.gravatar.com\\\/avatar\\\/784b5b36cfe145ae19a52340f405285a939bcc08d4a21136b3a81f9e378ffae0?s=96&d=mm&r=g\",\"contentUrl\":\"https:\\\/\\\/secure.gravatar.com\\\/avatar\\\/784b5b36cfe145ae19a52340f405285a939bcc08d4a21136b3a81f9e378ffae0?s=96&d=mm&r=g\",\"caption\":\"Anders Arhammar\"},\"url\":\"https:\\\/\\\/www.arhammar.se\\\/blog\\\/author\\\/anders\\\/\"}]}<\/script>\n<!-- \/ Yoast SEO plugin. -->","yoast_head_json":{"title":"Torsdagen den 10 maj 1923. Succ\u00e9 f\u00f6r G\u00f6teborgsutst\u00e4llningen. - @Arhammar bokstavligen","robots":{"index":"index","follow":"follow","max-snippet":"max-snippet:-1","max-image-preview":"max-image-preview:large","max-video-preview":"max-video-preview:-1"},"canonical":"https:\/\/www.arhammar.se\/blog\/torsdagen-den-10-maj-1923-succe-for-goteborgsutstallningen\/","og_locale":"en_US","og_type":"article","og_title":"Torsdagen den 10 maj 1923. Succ\u00e9 f\u00f6r G\u00f6teborgsutst\u00e4llningen. - @Arhammar bokstavligen","og_url":"https:\/\/www.arhammar.se\/blog\/torsdagen-den-10-maj-1923-succe-for-goteborgsutstallningen\/","og_site_name":"@Arhammar bokstavligen","article_published_time":"2020-03-12T23:10:12+00:00","article_modified_time":"2026-01-15T18:26:20+00:00","og_image":[{"width":640,"height":480,"url":"https:\/\/www.arhammar.se\/blog\/wp-content\/uploads\/2020\/03\/dbmaj2013.jpg","type":"image\/jpeg"}],"author":"Anders Arhammar","twitter_card":"summary_large_image","twitter_misc":{"Written by":"Anders Arhammar","Est. reading time":"3 minutes"},"schema":{"@context":"https:\/\/schema.org","@graph":[{"@type":"Article","@id":"https:\/\/www.arhammar.se\/blog\/torsdagen-den-10-maj-1923-succe-for-goteborgsutstallningen\/#article","isPartOf":{"@id":"https:\/\/www.arhammar.se\/blog\/torsdagen-den-10-maj-1923-succe-for-goteborgsutstallningen\/"},"author":{"name":"Anders Arhammar","@id":"https:\/\/www.arhammar.se\/blog\/#\/schema\/person\/061984c1d884b363e2c91550f2e00d1d"},"headline":"Torsdagen den 10 maj 1923. Succ\u00e9 f\u00f6r G\u00f6teborgsutst\u00e4llningen.","datePublished":"2020-03-12T23:10:12+00:00","dateModified":"2026-01-15T18:26:20+00:00","mainEntityOfPage":{"@id":"https:\/\/www.arhammar.se\/blog\/torsdagen-den-10-maj-1923-succe-for-goteborgsutstallningen\/"},"wordCount":9,"image":{"@id":"https:\/\/www.arhammar.se\/blog\/torsdagen-den-10-maj-1923-succe-for-goteborgsutstallningen\/#primaryimage"},"thumbnailUrl":"https:\/\/www.arhammar.se\/blog\/wp-content\/uploads\/2020\/03\/dbmaj2013.jpg","articleSection":["1923","mormors dagbok"],"inLanguage":"en-US"},{"@type":"WebPage","@id":"https:\/\/www.arhammar.se\/blog\/torsdagen-den-10-maj-1923-succe-for-goteborgsutstallningen\/","url":"https:\/\/www.arhammar.se\/blog\/torsdagen-den-10-maj-1923-succe-for-goteborgsutstallningen\/","name":"Torsdagen den 10 maj 1923. Succ\u00e9 f\u00f6r G\u00f6teborgsutst\u00e4llningen. - @Arhammar bokstavligen","isPartOf":{"@id":"https:\/\/www.arhammar.se\/blog\/#website"},"primaryImageOfPage":{"@id":"https:\/\/www.arhammar.se\/blog\/torsdagen-den-10-maj-1923-succe-for-goteborgsutstallningen\/#primaryimage"},"image":{"@id":"https:\/\/www.arhammar.se\/blog\/torsdagen-den-10-maj-1923-succe-for-goteborgsutstallningen\/#primaryimage"},"thumbnailUrl":"https:\/\/www.arhammar.se\/blog\/wp-content\/uploads\/2020\/03\/dbmaj2013.jpg","datePublished":"2020-03-12T23:10:12+00:00","dateModified":"2026-01-15T18:26:20+00:00","author":{"@id":"https:\/\/www.arhammar.se\/blog\/#\/schema\/person\/061984c1d884b363e2c91550f2e00d1d"},"breadcrumb":{"@id":"https:\/\/www.arhammar.se\/blog\/torsdagen-den-10-maj-1923-succe-for-goteborgsutstallningen\/#breadcrumb"},"inLanguage":"en-US","potentialAction":[{"@type":"ReadAction","target":["https:\/\/www.arhammar.se\/blog\/torsdagen-den-10-maj-1923-succe-for-goteborgsutstallningen\/"]}]},{"@type":"ImageObject","inLanguage":"en-US","@id":"https:\/\/www.arhammar.se\/blog\/torsdagen-den-10-maj-1923-succe-for-goteborgsutstallningen\/#primaryimage","url":"https:\/\/www.arhammar.se\/blog\/wp-content\/uploads\/2020\/03\/dbmaj2013.jpg","contentUrl":"https:\/\/www.arhammar.se\/blog\/wp-content\/uploads\/2020\/03\/dbmaj2013.jpg","width":640,"height":480},{"@type":"BreadcrumbList","@id":"https:\/\/www.arhammar.se\/blog\/torsdagen-den-10-maj-1923-succe-for-goteborgsutstallningen\/#breadcrumb","itemListElement":[{"@type":"ListItem","position":1,"name":"Home","item":"https:\/\/www.arhammar.se\/blog\/"},{"@type":"ListItem","position":2,"name":"Torsdagen den 10 maj 1923. Succ\u00e9 f\u00f6r G\u00f6teborgsutst\u00e4llningen."}]},{"@type":"WebSite","@id":"https:\/\/www.arhammar.se\/blog\/#website","url":"https:\/\/www.arhammar.se\/blog\/","name":"@Arhammar bokstavligen","description":"Fr\u00e5n min penna och panna","potentialAction":[{"@type":"SearchAction","target":{"@type":"EntryPoint","urlTemplate":"https:\/\/www.arhammar.se\/blog\/?s={search_term_string}"},"query-input":{"@type":"PropertyValueSpecification","valueRequired":true,"valueName":"search_term_string"}}],"inLanguage":"en-US"},{"@type":"Person","@id":"https:\/\/www.arhammar.se\/blog\/#\/schema\/person\/061984c1d884b363e2c91550f2e00d1d","name":"Anders Arhammar","image":{"@type":"ImageObject","inLanguage":"en-US","@id":"https:\/\/secure.gravatar.com\/avatar\/784b5b36cfe145ae19a52340f405285a939bcc08d4a21136b3a81f9e378ffae0?s=96&d=mm&r=g","url":"https:\/\/secure.gravatar.com\/avatar\/784b5b36cfe145ae19a52340f405285a939bcc08d4a21136b3a81f9e378ffae0?s=96&d=mm&r=g","contentUrl":"https:\/\/secure.gravatar.com\/avatar\/784b5b36cfe145ae19a52340f405285a939bcc08d4a21136b3a81f9e378ffae0?s=96&d=mm&r=g","caption":"Anders Arhammar"},"url":"https:\/\/www.arhammar.se\/blog\/author\/anders\/"}]}},"_links":{"self":[{"href":"https:\/\/www.arhammar.se\/blog\/wp-json\/wp\/v2\/posts\/28910","targetHints":{"allow":["GET"]}}],"collection":[{"href":"https:\/\/www.arhammar.se\/blog\/wp-json\/wp\/v2\/posts"}],"about":[{"href":"https:\/\/www.arhammar.se\/blog\/wp-json\/wp\/v2\/types\/post"}],"author":[{"embeddable":true,"href":"https:\/\/www.arhammar.se\/blog\/wp-json\/wp\/v2\/users\/2"}],"replies":[{"embeddable":true,"href":"https:\/\/www.arhammar.se\/blog\/wp-json\/wp\/v2\/comments?post=28910"}],"version-history":[{"count":11,"href":"https:\/\/www.arhammar.se\/blog\/wp-json\/wp\/v2\/posts\/28910\/revisions"}],"predecessor-version":[{"id":30844,"href":"https:\/\/www.arhammar.se\/blog\/wp-json\/wp\/v2\/posts\/28910\/revisions\/30844"}],"wp:featuredmedia":[{"embeddable":true,"href":"https:\/\/www.arhammar.se\/blog\/wp-json\/wp\/v2\/media\/30384"}],"wp:attachment":[{"href":"https:\/\/www.arhammar.se\/blog\/wp-json\/wp\/v2\/media?parent=28910"}],"wp:term":[{"taxonomy":"category","embeddable":true,"href":"https:\/\/www.arhammar.se\/blog\/wp-json\/wp\/v2\/categories?post=28910"},{"taxonomy":"post_tag","embeddable":true,"href":"https:\/\/www.arhammar.se\/blog\/wp-json\/wp\/v2\/tags?post=28910"}],"curies":[{"name":"wp","href":"https:\/\/api.w.org\/{rel}","templated":true}]}}