{"id":28909,"date":"2020-03-12T13:20:11","date_gmt":"2020-03-12T12:20:11","guid":{"rendered":"https:\/\/www.arhammar.se\/blog\/?p=28909"},"modified":"2026-01-15T19:26:20","modified_gmt":"2026-01-15T18:26:20","slug":"mandag-den-27-oktober-1922-hyresvarden-ar-en-riktig-rackargubbe","status":"publish","type":"post","link":"https:\/\/www.arhammar.se\/blog\/mandag-den-27-oktober-1922-hyresvarden-ar-en-riktig-rackargubbe\/","title":{"rendered":"M\u00e5ndag den 27 oktober 1922. Hyresv\u00e4rden \u00e4r en riktig rackargubbe!"},"content":{"rendered":"<div class=\"et_pb_section_0 et_pb_section et_section_regular et_block_section\"><div class=\"et_pb_row_0 et_pb_row et_block_row\"><div class=\"et_pb_column_0 et_pb_column et_pb_column_4_4 et-last-child et_block_column et_pb_css_mix_blend_mode_passthrough\"><div class=\"et_pb_text_0 et_pb_text et_pb_bg_layout_light et_pb_module et_block_module\"><div class=\"et_pb_text_inner\"><p>Stackars dagbok! Du f\u00e5r inte reda p\u00e5 vidare mycket nu f\u00f6r tiden! Nog skulle jag kunnat fylla m\u00e5nga sidor om sista tiden p\u00e5 Lerum, inflyttningen till stan, hur vi h\u00e4r ha haft det o.s.v. Men....<br \/>\nF\u00f6r att \u00e5terg\u00e5 s\u00e5 l\u00e5ngt i tiden som till slutet av augusti, h\u00e4nde det sig d\u00e5, att Ingegerd kom tillbaka till oss. Hon skrev och bad s\u00e5 vackert att f\u00e5 komma, ville g\u00e4rna g\u00e5 f\u00f6r 25 kronor i m\u00e5naden. Jag t\u00e4nkte nog p\u00e5 hennes forna mj\u00e4kighet, som gjort mig s\u00e5 utledsen m\u00e5nga g\u00e5nger, men s\u00e5 \u00f6verv\u00e4gde jag ocks\u00e5 att nu m\u00e5ste jag ju ha n\u00e5gon hj\u00e4lp, d\u00e5 jag kom till stan och inte hade mamma och Lillan l\u00e4ngre.<\/p>\n<p>Och de historier jag h\u00f6rt om alla jungfrur, st\u00e4mde mig s\u00e5 pass till Ingegerds f\u00f6rdel att jag l\u00e4t henne f\u00e5 komma tillbaka.<\/p>\n<p>S\u00e5 hoppades jag ocks\u00e5 att nu d\u00e5 vi inte l\u00e4ngre skulle beh\u00f6va ha henne s\u00e5 t\u00e4tt inp\u00e5 oss, vid matbordet etc kanske det skulle bli dr\u00e4gligare. Och det har det onekligen ocks\u00e5 blivit.<\/p>\n<p>Visserligen l\u00f6pte v\u00e5rt kontrakt p\u00e5 Lerum inte ut f\u00f6rr\u00e4n 1 oktober men som v\u00e4dret var f\u00f6ga vackert besl\u00f6to vi att flytta till stan i b\u00f6rjan av september. S\u00e5 den 2 september kom en lastbil och h\u00e4mtade hela bohaget och det blev ett v\u00e4ldigt lass. S\u00e4llan har jag sk\u00e5dat n\u00e5got dylikt. Toto hade jag j\u00e4mte Ingegerd skickat in till mamma de sista, dagarna, innan vi flyttade in, jag ans\u00e5g mig n\u00e4mligen kunna arbeta med inpackning, emballage etc b\u00e4ttre p\u00e5 egen hand.<\/p>\n<p>Mitt rum hade ju ljusnat n\u00e5got, sedan taket vitstrukits och vi f\u00e5tt upp nya tapeter. Men m\u00f6rkt \u00e4r det i alla fall, f\u00f6r det f\u00f6rsta ligger det ju \u00e5t g\u00e5rden med h\u00f6ga husv\u00e4ggar runt omkring, och s\u00e5 sitter f\u00f6nstret placerat i en vr\u00e5 av rummet. Om det bara vore ljusare, skulle det vara mycket trevligare.<\/p>\n<p>Kalles rum d\u00e4remot \u00e4r f\u00f6rtjusande. Det \u00e4r den forna matsalen, som vi apterat till kombinerat herr och matrum. Tv\u00e5 stora f\u00f6nster v\u00e4tta \u00e5t Vasaplatsen och p\u00e5 morgonen \u00e4r d\u00e4r t.o.m. en smula sol. Vi ha lyckats placera m\u00f6blerna mycket trevligt. H\u00e4r kommer den stora mattan fullt till sin r\u00e4tt p\u00e5 parkettgolvet. Till matvr\u00e5n ha vi helt enkelt tagit k\u00f6ksm\u00f6beln och kl\u00e4tt sofflocket med ett \u00f6verblivet stycke av ottoman\u00f6verkast. Det g\u00f6r sig alldeles utm\u00e4rkt. S\u00e5 har Naemi hj\u00e4lpt mig att g\u00f6ra en stor, mycket vacker lampsk\u00e4rm.<\/p>\n<p>F\u00f6rsta tiden vi bodde h\u00e4r, kommo vi i den livligaste kontrovers med v\u00e4rden, och det var f\u00f6ga angen\u00e4mt. Han sade helt enkelt upp oss till omedelbar avflyttning, emedan \"det kommit till hans k\u00e4nnedom att Brunanders satt upp en primitiv v\u00e4gg i tamburen f\u00f6r att avskilja v\u00e5ra resp. omr\u00e5den och emedan de lagade mat i ett av rummen.\" Han v\u00e4nde sig t.o.m. till en advokat och d\u00e5 gjorde vi sammaledes. Emellertid drog han vid n\u00e4rmare eftertanke \u00f6ronen \u00e5t sig och det blev gudskelov inget av med den st\u00e4mning han hotade med, utan det hela rann ut i sanden.<\/p>\n<p>Givetvis inbringade honom dock detta tilltag v\u00e5r livligaste avsky. Enligt \u00f6vriga hyresg\u00e4sters utsago \u00e4r han ocks\u00e5 en riktig rackargubbe.<\/p>\n<p>Brunanders och vi komma utm\u00e4rkt bra \u00f6verens. De \u00e4ro s\u00e4llsynt pr\u00e4ktiga och f\u00f6rdomsfria m\u00e4nniskor. Vi ha haft ett par bjudningar, som varit mycket trevliga, trots sin enkelhet. Genom Brunanders ha vi blivit bekanta med ett \u00e4kta par Bange, vilka \u00e4ro mycket \u00e4lskv\u00e4rda och trevliga m\u00e4nniskor, s\u00e4rskilt han, som \u00e4r mycket musikalisk och spelar balalajka alldeles bed\u00e5rande. Jag accompangerar honom r\u00e4tt s\u00e5 bra p\u00e5 Mabel Brunanders guitarr, var\u00f6ver han uttalat sin stora f\u00f6rtjusning.<\/p>\n<\/div><\/div><\/div><\/div><\/div><!-- AddThis Advanced Settings generic via filter on the_content --><!-- AddThis Share Buttons generic via filter on the_content -->","protected":false},"excerpt":{"rendered":"<p><!-- AddThis Advanced Settings generic via filter on wp_trim_excerpt --><!-- AddThis Share Buttons generic via filter on wp_trim_excerpt --><\/p>\n","protected":false},"author":2,"featured_media":30565,"comment_status":"closed","ping_status":"closed","sticky":false,"template":"","format":"standard","meta":{"footnotes":""},"categories":[3447,3425],"tags":[],"class_list":["post-28909","post","type-post","status-publish","format-standard","has-post-thumbnail","hentry","category-3447","category-mormors-dagbok"],"yoast_head":"<!-- This site is optimized with the Yoast SEO plugin v28.4 - https:\/\/yoast.com\/product\/yoast-seo-wordpress\/ -->\n<title>M\u00e5ndag den 27 oktober 1922. Hyresv\u00e4rden \u00e4r en riktig rackargubbe! - @Arhammar bokstavligen<\/title>\n<meta name=\"robots\" content=\"index, follow, max-snippet:-1, max-image-preview:large, max-video-preview:-1\" \/>\n<link rel=\"canonical\" href=\"https:\/\/www.arhammar.se\/blog\/mandag-den-27-oktober-1922-hyresvarden-ar-en-riktig-rackargubbe\/\" \/>\n<meta property=\"og:locale\" content=\"en_US\" \/>\n<meta property=\"og:type\" content=\"article\" \/>\n<meta property=\"og:title\" content=\"M\u00e5ndag den 27 oktober 1922. Hyresv\u00e4rden \u00e4r en riktig rackargubbe! - @Arhammar bokstavligen\" \/>\n<meta property=\"og:url\" content=\"https:\/\/www.arhammar.se\/blog\/mandag-den-27-oktober-1922-hyresvarden-ar-en-riktig-rackargubbe\/\" \/>\n<meta property=\"og:site_name\" content=\"@Arhammar bokstavligen\" \/>\n<meta property=\"article:published_time\" content=\"2020-03-12T12:20:11+00:00\" \/>\n<meta property=\"article:modified_time\" content=\"2026-01-15T18:26:20+00:00\" \/>\n<meta property=\"og:image\" content=\"https:\/\/www.arhammar.se\/blog\/wp-content\/uploads\/2020\/03\/dbvasaplatsen.jpg\" \/>\n\t<meta property=\"og:image:width\" content=\"640\" \/>\n\t<meta property=\"og:image:height\" content=\"480\" \/>\n\t<meta property=\"og:image:type\" content=\"image\/jpeg\" \/>\n<meta name=\"author\" content=\"Anders Arhammar\" \/>\n<meta name=\"twitter:card\" content=\"summary_large_image\" \/>\n<meta name=\"twitter:label1\" content=\"Written by\" \/>\n\t<meta name=\"twitter:data1\" content=\"Anders Arhammar\" \/>\n\t<meta name=\"twitter:label2\" content=\"Est. reading time\" \/>\n\t<meta name=\"twitter:data2\" content=\"3 minutes\" \/>\n<script type=\"application\/ld+json\" class=\"yoast-schema-graph\">{\"@context\":\"https:\\\/\\\/schema.org\",\"@graph\":[{\"@type\":\"Article\",\"@id\":\"https:\\\/\\\/www.arhammar.se\\\/blog\\\/mandag-den-27-oktober-1922-hyresvarden-ar-en-riktig-rackargubbe\\\/#article\",\"isPartOf\":{\"@id\":\"https:\\\/\\\/www.arhammar.se\\\/blog\\\/mandag-den-27-oktober-1922-hyresvarden-ar-en-riktig-rackargubbe\\\/\"},\"author\":{\"name\":\"Anders Arhammar\",\"@id\":\"https:\\\/\\\/www.arhammar.se\\\/blog\\\/#\\\/schema\\\/person\\\/061984c1d884b363e2c91550f2e00d1d\"},\"headline\":\"M\u00e5ndag den 27 oktober 1922. Hyresv\u00e4rden \u00e4r en riktig rackargubbe!\",\"datePublished\":\"2020-03-12T12:20:11+00:00\",\"dateModified\":\"2026-01-15T18:26:20+00:00\",\"mainEntityOfPage\":{\"@id\":\"https:\\\/\\\/www.arhammar.se\\\/blog\\\/mandag-den-27-oktober-1922-hyresvarden-ar-en-riktig-rackargubbe\\\/\"},\"wordCount\":10,\"image\":{\"@id\":\"https:\\\/\\\/www.arhammar.se\\\/blog\\\/mandag-den-27-oktober-1922-hyresvarden-ar-en-riktig-rackargubbe\\\/#primaryimage\"},\"thumbnailUrl\":\"https:\\\/\\\/www.arhammar.se\\\/blog\\\/wp-content\\\/uploads\\\/2020\\\/03\\\/dbvasaplatsen.jpg\",\"articleSection\":[\"1922\",\"mormors dagbok\"],\"inLanguage\":\"en-US\"},{\"@type\":\"WebPage\",\"@id\":\"https:\\\/\\\/www.arhammar.se\\\/blog\\\/mandag-den-27-oktober-1922-hyresvarden-ar-en-riktig-rackargubbe\\\/\",\"url\":\"https:\\\/\\\/www.arhammar.se\\\/blog\\\/mandag-den-27-oktober-1922-hyresvarden-ar-en-riktig-rackargubbe\\\/\",\"name\":\"M\u00e5ndag den 27 oktober 1922. Hyresv\u00e4rden \u00e4r en riktig rackargubbe! - @Arhammar bokstavligen\",\"isPartOf\":{\"@id\":\"https:\\\/\\\/www.arhammar.se\\\/blog\\\/#website\"},\"primaryImageOfPage\":{\"@id\":\"https:\\\/\\\/www.arhammar.se\\\/blog\\\/mandag-den-27-oktober-1922-hyresvarden-ar-en-riktig-rackargubbe\\\/#primaryimage\"},\"image\":{\"@id\":\"https:\\\/\\\/www.arhammar.se\\\/blog\\\/mandag-den-27-oktober-1922-hyresvarden-ar-en-riktig-rackargubbe\\\/#primaryimage\"},\"thumbnailUrl\":\"https:\\\/\\\/www.arhammar.se\\\/blog\\\/wp-content\\\/uploads\\\/2020\\\/03\\\/dbvasaplatsen.jpg\",\"datePublished\":\"2020-03-12T12:20:11+00:00\",\"dateModified\":\"2026-01-15T18:26:20+00:00\",\"author\":{\"@id\":\"https:\\\/\\\/www.arhammar.se\\\/blog\\\/#\\\/schema\\\/person\\\/061984c1d884b363e2c91550f2e00d1d\"},\"breadcrumb\":{\"@id\":\"https:\\\/\\\/www.arhammar.se\\\/blog\\\/mandag-den-27-oktober-1922-hyresvarden-ar-en-riktig-rackargubbe\\\/#breadcrumb\"},\"inLanguage\":\"en-US\",\"potentialAction\":[{\"@type\":\"ReadAction\",\"target\":[\"https:\\\/\\\/www.arhammar.se\\\/blog\\\/mandag-den-27-oktober-1922-hyresvarden-ar-en-riktig-rackargubbe\\\/\"]}]},{\"@type\":\"ImageObject\",\"inLanguage\":\"en-US\",\"@id\":\"https:\\\/\\\/www.arhammar.se\\\/blog\\\/mandag-den-27-oktober-1922-hyresvarden-ar-en-riktig-rackargubbe\\\/#primaryimage\",\"url\":\"https:\\\/\\\/www.arhammar.se\\\/blog\\\/wp-content\\\/uploads\\\/2020\\\/03\\\/dbvasaplatsen.jpg\",\"contentUrl\":\"https:\\\/\\\/www.arhammar.se\\\/blog\\\/wp-content\\\/uploads\\\/2020\\\/03\\\/dbvasaplatsen.jpg\",\"width\":640,\"height\":480},{\"@type\":\"BreadcrumbList\",\"@id\":\"https:\\\/\\\/www.arhammar.se\\\/blog\\\/mandag-den-27-oktober-1922-hyresvarden-ar-en-riktig-rackargubbe\\\/#breadcrumb\",\"itemListElement\":[{\"@type\":\"ListItem\",\"position\":1,\"name\":\"Home\",\"item\":\"https:\\\/\\\/www.arhammar.se\\\/blog\\\/\"},{\"@type\":\"ListItem\",\"position\":2,\"name\":\"M\u00e5ndag den 27 oktober 1922. Hyresv\u00e4rden \u00e4r en riktig rackargubbe!\"}]},{\"@type\":\"WebSite\",\"@id\":\"https:\\\/\\\/www.arhammar.se\\\/blog\\\/#website\",\"url\":\"https:\\\/\\\/www.arhammar.se\\\/blog\\\/\",\"name\":\"@Arhammar bokstavligen\",\"description\":\"Fr\u00e5n min penna och panna\",\"potentialAction\":[{\"@type\":\"SearchAction\",\"target\":{\"@type\":\"EntryPoint\",\"urlTemplate\":\"https:\\\/\\\/www.arhammar.se\\\/blog\\\/?s={search_term_string}\"},\"query-input\":{\"@type\":\"PropertyValueSpecification\",\"valueRequired\":true,\"valueName\":\"search_term_string\"}}],\"inLanguage\":\"en-US\"},{\"@type\":\"Person\",\"@id\":\"https:\\\/\\\/www.arhammar.se\\\/blog\\\/#\\\/schema\\\/person\\\/061984c1d884b363e2c91550f2e00d1d\",\"name\":\"Anders Arhammar\",\"image\":{\"@type\":\"ImageObject\",\"inLanguage\":\"en-US\",\"@id\":\"https:\\\/\\\/secure.gravatar.com\\\/avatar\\\/784b5b36cfe145ae19a52340f405285a939bcc08d4a21136b3a81f9e378ffae0?s=96&d=mm&r=g\",\"url\":\"https:\\\/\\\/secure.gravatar.com\\\/avatar\\\/784b5b36cfe145ae19a52340f405285a939bcc08d4a21136b3a81f9e378ffae0?s=96&d=mm&r=g\",\"contentUrl\":\"https:\\\/\\\/secure.gravatar.com\\\/avatar\\\/784b5b36cfe145ae19a52340f405285a939bcc08d4a21136b3a81f9e378ffae0?s=96&d=mm&r=g\",\"caption\":\"Anders Arhammar\"},\"url\":\"https:\\\/\\\/www.arhammar.se\\\/blog\\\/author\\\/anders\\\/\"}]}<\/script>\n<!-- \/ Yoast SEO plugin. -->","yoast_head_json":{"title":"M\u00e5ndag den 27 oktober 1922. Hyresv\u00e4rden \u00e4r en riktig rackargubbe! - @Arhammar bokstavligen","robots":{"index":"index","follow":"follow","max-snippet":"max-snippet:-1","max-image-preview":"max-image-preview:large","max-video-preview":"max-video-preview:-1"},"canonical":"https:\/\/www.arhammar.se\/blog\/mandag-den-27-oktober-1922-hyresvarden-ar-en-riktig-rackargubbe\/","og_locale":"en_US","og_type":"article","og_title":"M\u00e5ndag den 27 oktober 1922. Hyresv\u00e4rden \u00e4r en riktig rackargubbe! - @Arhammar bokstavligen","og_url":"https:\/\/www.arhammar.se\/blog\/mandag-den-27-oktober-1922-hyresvarden-ar-en-riktig-rackargubbe\/","og_site_name":"@Arhammar bokstavligen","article_published_time":"2020-03-12T12:20:11+00:00","article_modified_time":"2026-01-15T18:26:20+00:00","og_image":[{"width":640,"height":480,"url":"https:\/\/www.arhammar.se\/blog\/wp-content\/uploads\/2020\/03\/dbvasaplatsen.jpg","type":"image\/jpeg"}],"author":"Anders Arhammar","twitter_card":"summary_large_image","twitter_misc":{"Written by":"Anders Arhammar","Est. reading time":"3 minutes"},"schema":{"@context":"https:\/\/schema.org","@graph":[{"@type":"Article","@id":"https:\/\/www.arhammar.se\/blog\/mandag-den-27-oktober-1922-hyresvarden-ar-en-riktig-rackargubbe\/#article","isPartOf":{"@id":"https:\/\/www.arhammar.se\/blog\/mandag-den-27-oktober-1922-hyresvarden-ar-en-riktig-rackargubbe\/"},"author":{"name":"Anders Arhammar","@id":"https:\/\/www.arhammar.se\/blog\/#\/schema\/person\/061984c1d884b363e2c91550f2e00d1d"},"headline":"M\u00e5ndag den 27 oktober 1922. Hyresv\u00e4rden \u00e4r en riktig rackargubbe!","datePublished":"2020-03-12T12:20:11+00:00","dateModified":"2026-01-15T18:26:20+00:00","mainEntityOfPage":{"@id":"https:\/\/www.arhammar.se\/blog\/mandag-den-27-oktober-1922-hyresvarden-ar-en-riktig-rackargubbe\/"},"wordCount":10,"image":{"@id":"https:\/\/www.arhammar.se\/blog\/mandag-den-27-oktober-1922-hyresvarden-ar-en-riktig-rackargubbe\/#primaryimage"},"thumbnailUrl":"https:\/\/www.arhammar.se\/blog\/wp-content\/uploads\/2020\/03\/dbvasaplatsen.jpg","articleSection":["1922","mormors dagbok"],"inLanguage":"en-US"},{"@type":"WebPage","@id":"https:\/\/www.arhammar.se\/blog\/mandag-den-27-oktober-1922-hyresvarden-ar-en-riktig-rackargubbe\/","url":"https:\/\/www.arhammar.se\/blog\/mandag-den-27-oktober-1922-hyresvarden-ar-en-riktig-rackargubbe\/","name":"M\u00e5ndag den 27 oktober 1922. Hyresv\u00e4rden \u00e4r en riktig rackargubbe! - @Arhammar bokstavligen","isPartOf":{"@id":"https:\/\/www.arhammar.se\/blog\/#website"},"primaryImageOfPage":{"@id":"https:\/\/www.arhammar.se\/blog\/mandag-den-27-oktober-1922-hyresvarden-ar-en-riktig-rackargubbe\/#primaryimage"},"image":{"@id":"https:\/\/www.arhammar.se\/blog\/mandag-den-27-oktober-1922-hyresvarden-ar-en-riktig-rackargubbe\/#primaryimage"},"thumbnailUrl":"https:\/\/www.arhammar.se\/blog\/wp-content\/uploads\/2020\/03\/dbvasaplatsen.jpg","datePublished":"2020-03-12T12:20:11+00:00","dateModified":"2026-01-15T18:26:20+00:00","author":{"@id":"https:\/\/www.arhammar.se\/blog\/#\/schema\/person\/061984c1d884b363e2c91550f2e00d1d"},"breadcrumb":{"@id":"https:\/\/www.arhammar.se\/blog\/mandag-den-27-oktober-1922-hyresvarden-ar-en-riktig-rackargubbe\/#breadcrumb"},"inLanguage":"en-US","potentialAction":[{"@type":"ReadAction","target":["https:\/\/www.arhammar.se\/blog\/mandag-den-27-oktober-1922-hyresvarden-ar-en-riktig-rackargubbe\/"]}]},{"@type":"ImageObject","inLanguage":"en-US","@id":"https:\/\/www.arhammar.se\/blog\/mandag-den-27-oktober-1922-hyresvarden-ar-en-riktig-rackargubbe\/#primaryimage","url":"https:\/\/www.arhammar.se\/blog\/wp-content\/uploads\/2020\/03\/dbvasaplatsen.jpg","contentUrl":"https:\/\/www.arhammar.se\/blog\/wp-content\/uploads\/2020\/03\/dbvasaplatsen.jpg","width":640,"height":480},{"@type":"BreadcrumbList","@id":"https:\/\/www.arhammar.se\/blog\/mandag-den-27-oktober-1922-hyresvarden-ar-en-riktig-rackargubbe\/#breadcrumb","itemListElement":[{"@type":"ListItem","position":1,"name":"Home","item":"https:\/\/www.arhammar.se\/blog\/"},{"@type":"ListItem","position":2,"name":"M\u00e5ndag den 27 oktober 1922. Hyresv\u00e4rden \u00e4r en riktig rackargubbe!"}]},{"@type":"WebSite","@id":"https:\/\/www.arhammar.se\/blog\/#website","url":"https:\/\/www.arhammar.se\/blog\/","name":"@Arhammar bokstavligen","description":"Fr\u00e5n min penna och panna","potentialAction":[{"@type":"SearchAction","target":{"@type":"EntryPoint","urlTemplate":"https:\/\/www.arhammar.se\/blog\/?s={search_term_string}"},"query-input":{"@type":"PropertyValueSpecification","valueRequired":true,"valueName":"search_term_string"}}],"inLanguage":"en-US"},{"@type":"Person","@id":"https:\/\/www.arhammar.se\/blog\/#\/schema\/person\/061984c1d884b363e2c91550f2e00d1d","name":"Anders Arhammar","image":{"@type":"ImageObject","inLanguage":"en-US","@id":"https:\/\/secure.gravatar.com\/avatar\/784b5b36cfe145ae19a52340f405285a939bcc08d4a21136b3a81f9e378ffae0?s=96&d=mm&r=g","url":"https:\/\/secure.gravatar.com\/avatar\/784b5b36cfe145ae19a52340f405285a939bcc08d4a21136b3a81f9e378ffae0?s=96&d=mm&r=g","contentUrl":"https:\/\/secure.gravatar.com\/avatar\/784b5b36cfe145ae19a52340f405285a939bcc08d4a21136b3a81f9e378ffae0?s=96&d=mm&r=g","caption":"Anders Arhammar"},"url":"https:\/\/www.arhammar.se\/blog\/author\/anders\/"}]}},"_links":{"self":[{"href":"https:\/\/www.arhammar.se\/blog\/wp-json\/wp\/v2\/posts\/28909","targetHints":{"allow":["GET"]}}],"collection":[{"href":"https:\/\/www.arhammar.se\/blog\/wp-json\/wp\/v2\/posts"}],"about":[{"href":"https:\/\/www.arhammar.se\/blog\/wp-json\/wp\/v2\/types\/post"}],"author":[{"embeddable":true,"href":"https:\/\/www.arhammar.se\/blog\/wp-json\/wp\/v2\/users\/2"}],"replies":[{"embeddable":true,"href":"https:\/\/www.arhammar.se\/blog\/wp-json\/wp\/v2\/comments?post=28909"}],"version-history":[{"count":10,"href":"https:\/\/www.arhammar.se\/blog\/wp-json\/wp\/v2\/posts\/28909\/revisions"}],"predecessor-version":[{"id":30843,"href":"https:\/\/www.arhammar.se\/blog\/wp-json\/wp\/v2\/posts\/28909\/revisions\/30843"}],"wp:featuredmedia":[{"embeddable":true,"href":"https:\/\/www.arhammar.se\/blog\/wp-json\/wp\/v2\/media\/30565"}],"wp:attachment":[{"href":"https:\/\/www.arhammar.se\/blog\/wp-json\/wp\/v2\/media?parent=28909"}],"wp:term":[{"taxonomy":"category","embeddable":true,"href":"https:\/\/www.arhammar.se\/blog\/wp-json\/wp\/v2\/categories?post=28909"},{"taxonomy":"post_tag","embeddable":true,"href":"https:\/\/www.arhammar.se\/blog\/wp-json\/wp\/v2\/tags?post=28909"}],"curies":[{"name":"wp","href":"https:\/\/api.w.org\/{rel}","templated":true}]}}