{"id":2858,"date":"2008-12-14T20:05:37","date_gmt":"2008-12-14T19:05:37","guid":{"rendered":"http:\/\/www.arhammar.se\/blog\/?p=2858"},"modified":"2016-04-11T17:36:56","modified_gmt":"2016-04-11T15:36:56","slug":"framtiden-ar-1989","status":"publish","type":"post","link":"https:\/\/www.arhammar.se\/blog\/framtiden-ar-1989\/","title":{"rendered":"Framtiden \u00e5r 1989"},"content":{"rendered":"<p><img decoding=\"async\" src=\"http:\/\/www.arhammar.se\/blog\/wp-photos\/julboll.jpg\"width=\"640\" height=\"420\" alt=\"\"  \/><\/p>\n<p>F\u00f6r 20 \u00e5r sedan var det ocks\u00e5 jul. D\u00e5 skrev jag en text om hur viktigt det \u00e4r med ins\u00e4ndarsidor, speciellt i den tidning jag d\u00e5 arbetade p\u00e5. Och jag uppmanade alla att ta sina pennor, riva ut en f\u00e4rdigfrankerad sida, fylla den med lite text och skicka in sin ins\u00e4ndare till tidningen. Vi stod f\u00f6r portot.<\/p>\n<p><em>T\u00e4nk vilken intressant tidning det kommer att bli! Kanske ett litet steg mot framtidens tidning, en aktiv tidning d\u00e4r l\u00e4sarna \u00e4r med p\u00e5 ett helt annat s\u00e4tt \u00e4n vad som \u00e4r fallet idag<\/em>, skrev jag.<\/p>\n<p>Och nog k\u00e4nns det som om jag prickade r\u00e4tt. \u00c4ven om Internet kommit emellan, och man inte beh\u00f6ver riva ut n\u00e5gon f\u00f6rfrankerad gratissida l\u00e4ngre.<br \/>\nOch s\u00e5 f\u00f6ljde en bild av julen 1988. D\u00e4r har inte mycket \u00e4ndrat sig.<\/p>\n<p><em>Det \u00e4r ju tradition p\u00e5 g\u00e5ng &#8211; med julgran, trevnad, klappar, ljus, paket, kalender, mistel och gammal tant i h\u00f6rnet f\u00f6r trevnadens skull.<br \/>\nOch platt gran s\u00e5 mor gr\u00e5ter, och ljus som brinner snett i adventstaken och en Alladin-ask p\u00e5 julaftons morgon till kusin Stina som inte skulle komma men kommer \u00e4nd\u00e5 f\u00f6r Kurt har \u00e5kt till sin f\u00f6rra fru och barnen \u00e4r hos nya sambon.<br \/>\nOch ungar som sliter i fel paket och undrar bakom ett berg av presenter om det inte var mer. Och alla som letar efter det lilla men dyra paketet till farmor, och v\u00e4lter granen och gr\u00f6ten och gl\u00f6ggen \u00e4r kall och julen varm och sv\u00e5ger som rodnande s\u00e4ger att det \u00e4r tanken som r\u00e4knas n\u00e4r syster plockar upp ett par sexiga trosor framf\u00f6r \u00f6gonen p\u00e5 sv\u00e4rmor.<br \/>\nOch alla tomma toarullar i garderoben som ingen ville julpyssla med och lugnet efter Kalle Anka, vansinniga pippin och pepparkakssmulorna i soffan som tr\u00e4nger djupt in i ryggen n\u00e4r du ligger och kn\u00e4pper mellan alla 60 satellitkanaler p\u00e5 TV, livr\u00e4dd f\u00f6r att det \u00e4r n\u00e5got b\u00e4ttre p\u00e5 en annan kanal.<br \/>\nOch det avl\u00e4gsna molandet n\u00e4r lillgrabben anv\u00e4nder mammas nya apelsinpressare f\u00f6r att blanda storasysters slime med mellansysterns lakritskonfekt, bara f\u00f6r att se om gr\u00f6nt ~ svart verkligen blir brunt och om det g\u00e5r att lura lillsystern att smaka av.<br \/>\nVisst \u00e4r det h\u00e4rligt med jul, och visst \u00e4r det sk\u00f6nt att det finns ett liv efter!<\/em><\/p>\n<p><img decoding=\"async\" src=\"http:\/\/www.arhammar.se\/blog\/wp-photos\/julen1.jpg\"width=\"640\" height=\"420\" alt=\"\"  \/><\/p>\n<!-- AddThis Advanced Settings generic via filter on the_content --><!-- AddThis Share Buttons generic via filter on the_content -->","protected":false},"excerpt":{"rendered":"<p>F\u00f6r 20 \u00e5r sedan var det ocks\u00e5 jul. D\u00e5 skrev jag en text om hur viktigt det \u00e4r med ins\u00e4ndarsidor, speciellt i den tidning jag d\u00e5 arbetade p\u00e5. Och jag uppmanade alla att ta sina pennor, riva ut en f\u00e4rdigfrankerad sida, fylla den med lite text och skicka in sin ins\u00e4ndare till tidningen. Vi stod [&hellip;]<!-- AddThis Advanced Settings generic via filter on wp_trim_excerpt --><!-- AddThis Share Buttons generic via filter on wp_trim_excerpt --><\/p>\n","protected":false},"author":2,"featured_media":8653,"comment_status":"open","ping_status":"open","sticky":false,"template":"","format":"standard","meta":{"footnotes":""},"categories":[17],"tags":[884,3016,3015],"class_list":["post-2858","post","type-post","status-publish","format-standard","has-post-thumbnail","hentry","category-mobilt08","tag-framtiden","tag-interaktivitet","tag-julen"],"yoast_head":"<!-- This site is optimized with the Yoast SEO plugin v27.5 - https:\/\/yoast.com\/product\/yoast-seo-wordpress\/ -->\n<title>Framtiden \u00e5r 1989 - @Arhammar bokstavligen<\/title>\n<meta name=\"robots\" content=\"index, follow, max-snippet:-1, max-image-preview:large, max-video-preview:-1\" \/>\n<link rel=\"canonical\" href=\"https:\/\/www.arhammar.se\/blog\/framtiden-ar-1989\/\" \/>\n<meta property=\"og:locale\" content=\"en_US\" \/>\n<meta property=\"og:type\" content=\"article\" \/>\n<meta property=\"og:title\" content=\"Framtiden \u00e5r 1989 - @Arhammar bokstavligen\" \/>\n<meta property=\"og:description\" content=\"F\u00f6r 20 \u00e5r sedan var det ocks\u00e5 jul. D\u00e5 skrev jag en text om hur viktigt det \u00e4r med ins\u00e4ndarsidor, speciellt i den tidning jag d\u00e5 arbetade p\u00e5. Och jag uppmanade alla att ta sina pennor, riva ut en f\u00e4rdigfrankerad sida, fylla den med lite text och skicka in sin ins\u00e4ndare till tidningen. Vi stod [&hellip;]\" \/>\n<meta property=\"og:url\" content=\"https:\/\/www.arhammar.se\/blog\/framtiden-ar-1989\/\" \/>\n<meta property=\"og:site_name\" content=\"@Arhammar bokstavligen\" \/>\n<meta property=\"article:published_time\" content=\"2008-12-14T19:05:37+00:00\" \/>\n<meta property=\"article:modified_time\" content=\"2016-04-11T15:36:56+00:00\" \/>\n<meta property=\"og:image\" content=\"https:\/\/www.arhammar.se\/blog\/wp-content\/uploads\/2016\/01\/julboll.jpg\" \/>\n\t<meta property=\"og:image:width\" content=\"640\" \/>\n\t<meta property=\"og:image:height\" content=\"426\" \/>\n\t<meta property=\"og:image:type\" content=\"image\/jpeg\" \/>\n<meta name=\"author\" content=\"Anders Arhammar\" \/>\n<meta name=\"twitter:card\" content=\"summary_large_image\" \/>\n<meta name=\"twitter:label1\" content=\"Written by\" \/>\n\t<meta name=\"twitter:data1\" content=\"Anders Arhammar\" \/>\n\t<meta name=\"twitter:label2\" content=\"Est. reading time\" \/>\n\t<meta name=\"twitter:data2\" content=\"2 minutes\" \/>\n<script type=\"application\/ld+json\" class=\"yoast-schema-graph\">{\"@context\":\"https:\\\/\\\/schema.org\",\"@graph\":[{\"@type\":\"Article\",\"@id\":\"https:\\\/\\\/www.arhammar.se\\\/blog\\\/framtiden-ar-1989\\\/#article\",\"isPartOf\":{\"@id\":\"https:\\\/\\\/www.arhammar.se\\\/blog\\\/framtiden-ar-1989\\\/\"},\"author\":{\"name\":\"Anders Arhammar\",\"@id\":\"https:\\\/\\\/www.arhammar.se\\\/blog\\\/#\\\/schema\\\/person\\\/061984c1d884b363e2c91550f2e00d1d\"},\"headline\":\"Framtiden \u00e5r 1989\",\"datePublished\":\"2008-12-14T19:05:37+00:00\",\"dateModified\":\"2016-04-11T15:36:56+00:00\",\"mainEntityOfPage\":{\"@id\":\"https:\\\/\\\/www.arhammar.se\\\/blog\\\/framtiden-ar-1989\\\/\"},\"wordCount\":414,\"commentCount\":0,\"image\":{\"@id\":\"https:\\\/\\\/www.arhammar.se\\\/blog\\\/framtiden-ar-1989\\\/#primaryimage\"},\"thumbnailUrl\":\"https:\\\/\\\/www.arhammar.se\\\/blog\\\/wp-content\\\/uploads\\\/2016\\\/01\\\/julboll.jpg\",\"keywords\":[\"framtiden\",\"interaktivitet\",\"Julen\"],\"articleSection\":[\"Mobil blogg 08\"],\"inLanguage\":\"en-US\",\"potentialAction\":[{\"@type\":\"CommentAction\",\"name\":\"Comment\",\"target\":[\"https:\\\/\\\/www.arhammar.se\\\/blog\\\/framtiden-ar-1989\\\/#respond\"]}]},{\"@type\":\"WebPage\",\"@id\":\"https:\\\/\\\/www.arhammar.se\\\/blog\\\/framtiden-ar-1989\\\/\",\"url\":\"https:\\\/\\\/www.arhammar.se\\\/blog\\\/framtiden-ar-1989\\\/\",\"name\":\"Framtiden \u00e5r 1989 - @Arhammar bokstavligen\",\"isPartOf\":{\"@id\":\"https:\\\/\\\/www.arhammar.se\\\/blog\\\/#website\"},\"primaryImageOfPage\":{\"@id\":\"https:\\\/\\\/www.arhammar.se\\\/blog\\\/framtiden-ar-1989\\\/#primaryimage\"},\"image\":{\"@id\":\"https:\\\/\\\/www.arhammar.se\\\/blog\\\/framtiden-ar-1989\\\/#primaryimage\"},\"thumbnailUrl\":\"https:\\\/\\\/www.arhammar.se\\\/blog\\\/wp-content\\\/uploads\\\/2016\\\/01\\\/julboll.jpg\",\"datePublished\":\"2008-12-14T19:05:37+00:00\",\"dateModified\":\"2016-04-11T15:36:56+00:00\",\"author\":{\"@id\":\"https:\\\/\\\/www.arhammar.se\\\/blog\\\/#\\\/schema\\\/person\\\/061984c1d884b363e2c91550f2e00d1d\"},\"breadcrumb\":{\"@id\":\"https:\\\/\\\/www.arhammar.se\\\/blog\\\/framtiden-ar-1989\\\/#breadcrumb\"},\"inLanguage\":\"en-US\",\"potentialAction\":[{\"@type\":\"ReadAction\",\"target\":[\"https:\\\/\\\/www.arhammar.se\\\/blog\\\/framtiden-ar-1989\\\/\"]}]},{\"@type\":\"ImageObject\",\"inLanguage\":\"en-US\",\"@id\":\"https:\\\/\\\/www.arhammar.se\\\/blog\\\/framtiden-ar-1989\\\/#primaryimage\",\"url\":\"https:\\\/\\\/www.arhammar.se\\\/blog\\\/wp-content\\\/uploads\\\/2016\\\/01\\\/julboll.jpg\",\"contentUrl\":\"https:\\\/\\\/www.arhammar.se\\\/blog\\\/wp-content\\\/uploads\\\/2016\\\/01\\\/julboll.jpg\",\"width\":640,\"height\":426},{\"@type\":\"BreadcrumbList\",\"@id\":\"https:\\\/\\\/www.arhammar.se\\\/blog\\\/framtiden-ar-1989\\\/#breadcrumb\",\"itemListElement\":[{\"@type\":\"ListItem\",\"position\":1,\"name\":\"Home\",\"item\":\"https:\\\/\\\/www.arhammar.se\\\/blog\\\/\"},{\"@type\":\"ListItem\",\"position\":2,\"name\":\"Framtiden \u00e5r 1989\"}]},{\"@type\":\"WebSite\",\"@id\":\"https:\\\/\\\/www.arhammar.se\\\/blog\\\/#website\",\"url\":\"https:\\\/\\\/www.arhammar.se\\\/blog\\\/\",\"name\":\"@Arhammar bokstavligen\",\"description\":\"Fr\u00e5n min penna och panna\",\"potentialAction\":[{\"@type\":\"SearchAction\",\"target\":{\"@type\":\"EntryPoint\",\"urlTemplate\":\"https:\\\/\\\/www.arhammar.se\\\/blog\\\/?s={search_term_string}\"},\"query-input\":{\"@type\":\"PropertyValueSpecification\",\"valueRequired\":true,\"valueName\":\"search_term_string\"}}],\"inLanguage\":\"en-US\"},{\"@type\":\"Person\",\"@id\":\"https:\\\/\\\/www.arhammar.se\\\/blog\\\/#\\\/schema\\\/person\\\/061984c1d884b363e2c91550f2e00d1d\",\"name\":\"Anders Arhammar\",\"image\":{\"@type\":\"ImageObject\",\"inLanguage\":\"en-US\",\"@id\":\"https:\\\/\\\/secure.gravatar.com\\\/avatar\\\/784b5b36cfe145ae19a52340f405285a939bcc08d4a21136b3a81f9e378ffae0?s=96&d=mm&r=g\",\"url\":\"https:\\\/\\\/secure.gravatar.com\\\/avatar\\\/784b5b36cfe145ae19a52340f405285a939bcc08d4a21136b3a81f9e378ffae0?s=96&d=mm&r=g\",\"contentUrl\":\"https:\\\/\\\/secure.gravatar.com\\\/avatar\\\/784b5b36cfe145ae19a52340f405285a939bcc08d4a21136b3a81f9e378ffae0?s=96&d=mm&r=g\",\"caption\":\"Anders Arhammar\"},\"url\":\"https:\\\/\\\/www.arhammar.se\\\/blog\\\/author\\\/anders\\\/\"}]}<\/script>\n<!-- \/ Yoast SEO plugin. -->","yoast_head_json":{"title":"Framtiden \u00e5r 1989 - @Arhammar bokstavligen","robots":{"index":"index","follow":"follow","max-snippet":"max-snippet:-1","max-image-preview":"max-image-preview:large","max-video-preview":"max-video-preview:-1"},"canonical":"https:\/\/www.arhammar.se\/blog\/framtiden-ar-1989\/","og_locale":"en_US","og_type":"article","og_title":"Framtiden \u00e5r 1989 - @Arhammar bokstavligen","og_description":"F\u00f6r 20 \u00e5r sedan var det ocks\u00e5 jul. D\u00e5 skrev jag en text om hur viktigt det \u00e4r med ins\u00e4ndarsidor, speciellt i den tidning jag d\u00e5 arbetade p\u00e5. Och jag uppmanade alla att ta sina pennor, riva ut en f\u00e4rdigfrankerad sida, fylla den med lite text och skicka in sin ins\u00e4ndare till tidningen. Vi stod [&hellip;]","og_url":"https:\/\/www.arhammar.se\/blog\/framtiden-ar-1989\/","og_site_name":"@Arhammar bokstavligen","article_published_time":"2008-12-14T19:05:37+00:00","article_modified_time":"2016-04-11T15:36:56+00:00","og_image":[{"width":640,"height":426,"url":"https:\/\/www.arhammar.se\/blog\/wp-content\/uploads\/2016\/01\/julboll.jpg","type":"image\/jpeg"}],"author":"Anders Arhammar","twitter_card":"summary_large_image","twitter_misc":{"Written by":"Anders Arhammar","Est. reading time":"2 minutes"},"schema":{"@context":"https:\/\/schema.org","@graph":[{"@type":"Article","@id":"https:\/\/www.arhammar.se\/blog\/framtiden-ar-1989\/#article","isPartOf":{"@id":"https:\/\/www.arhammar.se\/blog\/framtiden-ar-1989\/"},"author":{"name":"Anders Arhammar","@id":"https:\/\/www.arhammar.se\/blog\/#\/schema\/person\/061984c1d884b363e2c91550f2e00d1d"},"headline":"Framtiden \u00e5r 1989","datePublished":"2008-12-14T19:05:37+00:00","dateModified":"2016-04-11T15:36:56+00:00","mainEntityOfPage":{"@id":"https:\/\/www.arhammar.se\/blog\/framtiden-ar-1989\/"},"wordCount":414,"commentCount":0,"image":{"@id":"https:\/\/www.arhammar.se\/blog\/framtiden-ar-1989\/#primaryimage"},"thumbnailUrl":"https:\/\/www.arhammar.se\/blog\/wp-content\/uploads\/2016\/01\/julboll.jpg","keywords":["framtiden","interaktivitet","Julen"],"articleSection":["Mobil blogg 08"],"inLanguage":"en-US","potentialAction":[{"@type":"CommentAction","name":"Comment","target":["https:\/\/www.arhammar.se\/blog\/framtiden-ar-1989\/#respond"]}]},{"@type":"WebPage","@id":"https:\/\/www.arhammar.se\/blog\/framtiden-ar-1989\/","url":"https:\/\/www.arhammar.se\/blog\/framtiden-ar-1989\/","name":"Framtiden \u00e5r 1989 - @Arhammar bokstavligen","isPartOf":{"@id":"https:\/\/www.arhammar.se\/blog\/#website"},"primaryImageOfPage":{"@id":"https:\/\/www.arhammar.se\/blog\/framtiden-ar-1989\/#primaryimage"},"image":{"@id":"https:\/\/www.arhammar.se\/blog\/framtiden-ar-1989\/#primaryimage"},"thumbnailUrl":"https:\/\/www.arhammar.se\/blog\/wp-content\/uploads\/2016\/01\/julboll.jpg","datePublished":"2008-12-14T19:05:37+00:00","dateModified":"2016-04-11T15:36:56+00:00","author":{"@id":"https:\/\/www.arhammar.se\/blog\/#\/schema\/person\/061984c1d884b363e2c91550f2e00d1d"},"breadcrumb":{"@id":"https:\/\/www.arhammar.se\/blog\/framtiden-ar-1989\/#breadcrumb"},"inLanguage":"en-US","potentialAction":[{"@type":"ReadAction","target":["https:\/\/www.arhammar.se\/blog\/framtiden-ar-1989\/"]}]},{"@type":"ImageObject","inLanguage":"en-US","@id":"https:\/\/www.arhammar.se\/blog\/framtiden-ar-1989\/#primaryimage","url":"https:\/\/www.arhammar.se\/blog\/wp-content\/uploads\/2016\/01\/julboll.jpg","contentUrl":"https:\/\/www.arhammar.se\/blog\/wp-content\/uploads\/2016\/01\/julboll.jpg","width":640,"height":426},{"@type":"BreadcrumbList","@id":"https:\/\/www.arhammar.se\/blog\/framtiden-ar-1989\/#breadcrumb","itemListElement":[{"@type":"ListItem","position":1,"name":"Home","item":"https:\/\/www.arhammar.se\/blog\/"},{"@type":"ListItem","position":2,"name":"Framtiden \u00e5r 1989"}]},{"@type":"WebSite","@id":"https:\/\/www.arhammar.se\/blog\/#website","url":"https:\/\/www.arhammar.se\/blog\/","name":"@Arhammar bokstavligen","description":"Fr\u00e5n min penna och panna","potentialAction":[{"@type":"SearchAction","target":{"@type":"EntryPoint","urlTemplate":"https:\/\/www.arhammar.se\/blog\/?s={search_term_string}"},"query-input":{"@type":"PropertyValueSpecification","valueRequired":true,"valueName":"search_term_string"}}],"inLanguage":"en-US"},{"@type":"Person","@id":"https:\/\/www.arhammar.se\/blog\/#\/schema\/person\/061984c1d884b363e2c91550f2e00d1d","name":"Anders Arhammar","image":{"@type":"ImageObject","inLanguage":"en-US","@id":"https:\/\/secure.gravatar.com\/avatar\/784b5b36cfe145ae19a52340f405285a939bcc08d4a21136b3a81f9e378ffae0?s=96&d=mm&r=g","url":"https:\/\/secure.gravatar.com\/avatar\/784b5b36cfe145ae19a52340f405285a939bcc08d4a21136b3a81f9e378ffae0?s=96&d=mm&r=g","contentUrl":"https:\/\/secure.gravatar.com\/avatar\/784b5b36cfe145ae19a52340f405285a939bcc08d4a21136b3a81f9e378ffae0?s=96&d=mm&r=g","caption":"Anders Arhammar"},"url":"https:\/\/www.arhammar.se\/blog\/author\/anders\/"}]}},"_links":{"self":[{"href":"https:\/\/www.arhammar.se\/blog\/wp-json\/wp\/v2\/posts\/2858","targetHints":{"allow":["GET"]}}],"collection":[{"href":"https:\/\/www.arhammar.se\/blog\/wp-json\/wp\/v2\/posts"}],"about":[{"href":"https:\/\/www.arhammar.se\/blog\/wp-json\/wp\/v2\/types\/post"}],"author":[{"embeddable":true,"href":"https:\/\/www.arhammar.se\/blog\/wp-json\/wp\/v2\/users\/2"}],"replies":[{"embeddable":true,"href":"https:\/\/www.arhammar.se\/blog\/wp-json\/wp\/v2\/comments?post=2858"}],"version-history":[{"count":0,"href":"https:\/\/www.arhammar.se\/blog\/wp-json\/wp\/v2\/posts\/2858\/revisions"}],"wp:featuredmedia":[{"embeddable":true,"href":"https:\/\/www.arhammar.se\/blog\/wp-json\/wp\/v2\/media\/8653"}],"wp:attachment":[{"href":"https:\/\/www.arhammar.se\/blog\/wp-json\/wp\/v2\/media?parent=2858"}],"wp:term":[{"taxonomy":"category","embeddable":true,"href":"https:\/\/www.arhammar.se\/blog\/wp-json\/wp\/v2\/categories?post=2858"},{"taxonomy":"post_tag","embeddable":true,"href":"https:\/\/www.arhammar.se\/blog\/wp-json\/wp\/v2\/tags?post=2858"}],"curies":[{"name":"wp","href":"https:\/\/api.w.org\/{rel}","templated":true}]}}