{"id":2833,"date":"2016-06-25T21:39:07","date_gmt":"2016-06-25T19:39:07","guid":{"rendered":"http:\/\/www.arhammar.se\/blog\/?p=2833"},"modified":"2016-05-01T10:14:23","modified_gmt":"2016-05-01T08:14:23","slug":"en-halsning-fran-vatikanen","status":"publish","type":"post","link":"https:\/\/www.arhammar.se\/blog\/en-halsning-fran-vatikanen\/","title":{"rendered":"En h\u00e4lsning fr\u00e5n Vatikanen"},"content":{"rendered":"<p><img decoding=\"async\" src=\"http:\/\/www.arhammar.se\/blog\/wp-photos\/vykort91.jpg\"width=\"640\" height=\"420\" alt=\"\" \/><\/p>\n<p>Som liten fyra\u00e5ring fick jag det h\u00e4r kortet av mamma och pappa. Undrar om det \u00e4r d\u00e4rf\u00f6r jag alltid varit s\u00e5 fascinerad av Peterskyrkan?<\/p>\n<p><em>Hej<br \/>\nNu \u00e4r pappa i Rom och har m\u00f6tt mamma. Mamma har talat om allt som du gjort och att du varit sn\u00e4ll n\u00e4stan j\u00e4mt. Snart kommer vi hem b\u00e4gge tv\u00e5. Kram fr\u00e5n pappa och mamma. ( krama lillan ocks\u00e5) <\/em>.<\/p>\n<p><img decoding=\"async\" src=\"http:\/\/www.arhammar.se\/blog\/wp-photos\/vykort91a.jpg\"width=\"640\" height=\"420\" alt=\"\" \/><\/p>\n<!-- AddThis Advanced Settings generic via filter on the_content --><!-- AddThis Share Buttons generic via filter on the_content -->","protected":false},"excerpt":{"rendered":"<p>Som liten fyra\u00e5ring fick jag det h\u00e4r kortet av mamma och pappa. Undrar om det \u00e4r d\u00e4rf\u00f6r jag alltid varit s\u00e5 fascinerad av Peterskyrkan? Hej Nu \u00e4r pappa i Rom och har m\u00f6tt mamma. Mamma har talat om allt som du gjort och att du varit sn\u00e4ll n\u00e4stan j\u00e4mt. Snart kommer vi hem b\u00e4gge tv\u00e5. [&hellip;]<!-- AddThis Advanced Settings generic via filter on wp_trim_excerpt --><!-- AddThis Share Buttons generic via filter on wp_trim_excerpt --><\/p>\n","protected":false},"author":2,"featured_media":8649,"comment_status":"open","ping_status":"open","sticky":false,"template":"","format":"standard","meta":{"footnotes":""},"categories":[524,71],"tags":[425,1249],"class_list":["post-2833","post","type-post","status-publish","format-standard","has-post-thumbnail","hentry","category-blogg100-2","category-dagens-vykort","tag-peterskyrkan","tag-rom"],"yoast_head":"<!-- This site is optimized with the Yoast SEO plugin v27.5 - https:\/\/yoast.com\/product\/yoast-seo-wordpress\/ -->\n<title>En h\u00e4lsning fr\u00e5n Vatikanen - @Arhammar bokstavligen<\/title>\n<meta name=\"robots\" content=\"index, follow, max-snippet:-1, max-image-preview:large, max-video-preview:-1\" \/>\n<link rel=\"canonical\" href=\"https:\/\/www.arhammar.se\/blog\/en-halsning-fran-vatikanen\/\" \/>\n<meta property=\"og:locale\" content=\"en_US\" \/>\n<meta property=\"og:type\" content=\"article\" \/>\n<meta property=\"og:title\" content=\"En h\u00e4lsning fr\u00e5n Vatikanen - @Arhammar bokstavligen\" \/>\n<meta property=\"og:description\" content=\"Som liten fyra\u00e5ring fick jag det h\u00e4r kortet av mamma och pappa. Undrar om det \u00e4r d\u00e4rf\u00f6r jag alltid varit s\u00e5 fascinerad av Peterskyrkan? Hej Nu \u00e4r pappa i Rom och har m\u00f6tt mamma. Mamma har talat om allt som du gjort och att du varit sn\u00e4ll n\u00e4stan j\u00e4mt. Snart kommer vi hem b\u00e4gge tv\u00e5. [&hellip;]\" \/>\n<meta property=\"og:url\" content=\"https:\/\/www.arhammar.se\/blog\/en-halsning-fran-vatikanen\/\" \/>\n<meta property=\"og:site_name\" content=\"@Arhammar bokstavligen\" \/>\n<meta property=\"article:published_time\" content=\"2016-06-25T19:39:07+00:00\" \/>\n<meta property=\"og:image\" content=\"https:\/\/www.arhammar.se\/blog\/wp-content\/uploads\/2016\/01\/vykort91.jpg\" \/>\n\t<meta property=\"og:image:width\" content=\"640\" \/>\n\t<meta property=\"og:image:height\" content=\"455\" \/>\n\t<meta property=\"og:image:type\" content=\"image\/jpeg\" \/>\n<meta name=\"author\" content=\"Anders Arhammar\" \/>\n<meta name=\"twitter:card\" content=\"summary_large_image\" \/>\n<meta name=\"twitter:label1\" content=\"Written by\" \/>\n\t<meta name=\"twitter:data1\" content=\"Anders Arhammar\" \/>\n<script type=\"application\/ld+json\" class=\"yoast-schema-graph\">{\"@context\":\"https:\\\/\\\/schema.org\",\"@graph\":[{\"@type\":\"Article\",\"@id\":\"https:\\\/\\\/www.arhammar.se\\\/blog\\\/en-halsning-fran-vatikanen\\\/#article\",\"isPartOf\":{\"@id\":\"https:\\\/\\\/www.arhammar.se\\\/blog\\\/en-halsning-fran-vatikanen\\\/\"},\"author\":{\"name\":\"Anders Arhammar\",\"@id\":\"https:\\\/\\\/www.arhammar.se\\\/blog\\\/#\\\/schema\\\/person\\\/061984c1d884b363e2c91550f2e00d1d\"},\"headline\":\"En h\u00e4lsning fr\u00e5n Vatikanen\",\"datePublished\":\"2016-06-25T19:39:07+00:00\",\"mainEntityOfPage\":{\"@id\":\"https:\\\/\\\/www.arhammar.se\\\/blog\\\/en-halsning-fran-vatikanen\\\/\"},\"wordCount\":79,\"commentCount\":0,\"image\":{\"@id\":\"https:\\\/\\\/www.arhammar.se\\\/blog\\\/en-halsning-fran-vatikanen\\\/#primaryimage\"},\"thumbnailUrl\":\"https:\\\/\\\/www.arhammar.se\\\/blog\\\/wp-content\\\/uploads\\\/2016\\\/01\\\/vykort91.jpg\",\"keywords\":[\"Peterskyrkan\",\"Rom\"],\"articleSection\":[\"blogg100\",\"Dagens vykort\"],\"inLanguage\":\"en-US\",\"potentialAction\":[{\"@type\":\"CommentAction\",\"name\":\"Comment\",\"target\":[\"https:\\\/\\\/www.arhammar.se\\\/blog\\\/en-halsning-fran-vatikanen\\\/#respond\"]}]},{\"@type\":\"WebPage\",\"@id\":\"https:\\\/\\\/www.arhammar.se\\\/blog\\\/en-halsning-fran-vatikanen\\\/\",\"url\":\"https:\\\/\\\/www.arhammar.se\\\/blog\\\/en-halsning-fran-vatikanen\\\/\",\"name\":\"En h\u00e4lsning fr\u00e5n Vatikanen - @Arhammar bokstavligen\",\"isPartOf\":{\"@id\":\"https:\\\/\\\/www.arhammar.se\\\/blog\\\/#website\"},\"primaryImageOfPage\":{\"@id\":\"https:\\\/\\\/www.arhammar.se\\\/blog\\\/en-halsning-fran-vatikanen\\\/#primaryimage\"},\"image\":{\"@id\":\"https:\\\/\\\/www.arhammar.se\\\/blog\\\/en-halsning-fran-vatikanen\\\/#primaryimage\"},\"thumbnailUrl\":\"https:\\\/\\\/www.arhammar.se\\\/blog\\\/wp-content\\\/uploads\\\/2016\\\/01\\\/vykort91.jpg\",\"datePublished\":\"2016-06-25T19:39:07+00:00\",\"author\":{\"@id\":\"https:\\\/\\\/www.arhammar.se\\\/blog\\\/#\\\/schema\\\/person\\\/061984c1d884b363e2c91550f2e00d1d\"},\"breadcrumb\":{\"@id\":\"https:\\\/\\\/www.arhammar.se\\\/blog\\\/en-halsning-fran-vatikanen\\\/#breadcrumb\"},\"inLanguage\":\"en-US\",\"potentialAction\":[{\"@type\":\"ReadAction\",\"target\":[\"https:\\\/\\\/www.arhammar.se\\\/blog\\\/en-halsning-fran-vatikanen\\\/\"]}]},{\"@type\":\"ImageObject\",\"inLanguage\":\"en-US\",\"@id\":\"https:\\\/\\\/www.arhammar.se\\\/blog\\\/en-halsning-fran-vatikanen\\\/#primaryimage\",\"url\":\"https:\\\/\\\/www.arhammar.se\\\/blog\\\/wp-content\\\/uploads\\\/2016\\\/01\\\/vykort91.jpg\",\"contentUrl\":\"https:\\\/\\\/www.arhammar.se\\\/blog\\\/wp-content\\\/uploads\\\/2016\\\/01\\\/vykort91.jpg\",\"width\":640,\"height\":455},{\"@type\":\"BreadcrumbList\",\"@id\":\"https:\\\/\\\/www.arhammar.se\\\/blog\\\/en-halsning-fran-vatikanen\\\/#breadcrumb\",\"itemListElement\":[{\"@type\":\"ListItem\",\"position\":1,\"name\":\"Home\",\"item\":\"https:\\\/\\\/www.arhammar.se\\\/blog\\\/\"},{\"@type\":\"ListItem\",\"position\":2,\"name\":\"En h\u00e4lsning fr\u00e5n Vatikanen\"}]},{\"@type\":\"WebSite\",\"@id\":\"https:\\\/\\\/www.arhammar.se\\\/blog\\\/#website\",\"url\":\"https:\\\/\\\/www.arhammar.se\\\/blog\\\/\",\"name\":\"@Arhammar bokstavligen\",\"description\":\"Fr\u00e5n min penna och panna\",\"potentialAction\":[{\"@type\":\"SearchAction\",\"target\":{\"@type\":\"EntryPoint\",\"urlTemplate\":\"https:\\\/\\\/www.arhammar.se\\\/blog\\\/?s={search_term_string}\"},\"query-input\":{\"@type\":\"PropertyValueSpecification\",\"valueRequired\":true,\"valueName\":\"search_term_string\"}}],\"inLanguage\":\"en-US\"},{\"@type\":\"Person\",\"@id\":\"https:\\\/\\\/www.arhammar.se\\\/blog\\\/#\\\/schema\\\/person\\\/061984c1d884b363e2c91550f2e00d1d\",\"name\":\"Anders Arhammar\",\"image\":{\"@type\":\"ImageObject\",\"inLanguage\":\"en-US\",\"@id\":\"https:\\\/\\\/secure.gravatar.com\\\/avatar\\\/784b5b36cfe145ae19a52340f405285a939bcc08d4a21136b3a81f9e378ffae0?s=96&d=mm&r=g\",\"url\":\"https:\\\/\\\/secure.gravatar.com\\\/avatar\\\/784b5b36cfe145ae19a52340f405285a939bcc08d4a21136b3a81f9e378ffae0?s=96&d=mm&r=g\",\"contentUrl\":\"https:\\\/\\\/secure.gravatar.com\\\/avatar\\\/784b5b36cfe145ae19a52340f405285a939bcc08d4a21136b3a81f9e378ffae0?s=96&d=mm&r=g\",\"caption\":\"Anders Arhammar\"},\"url\":\"https:\\\/\\\/www.arhammar.se\\\/blog\\\/author\\\/anders\\\/\"}]}<\/script>\n<!-- \/ Yoast SEO plugin. -->","yoast_head_json":{"title":"En h\u00e4lsning fr\u00e5n Vatikanen - @Arhammar bokstavligen","robots":{"index":"index","follow":"follow","max-snippet":"max-snippet:-1","max-image-preview":"max-image-preview:large","max-video-preview":"max-video-preview:-1"},"canonical":"https:\/\/www.arhammar.se\/blog\/en-halsning-fran-vatikanen\/","og_locale":"en_US","og_type":"article","og_title":"En h\u00e4lsning fr\u00e5n Vatikanen - @Arhammar bokstavligen","og_description":"Som liten fyra\u00e5ring fick jag det h\u00e4r kortet av mamma och pappa. Undrar om det \u00e4r d\u00e4rf\u00f6r jag alltid varit s\u00e5 fascinerad av Peterskyrkan? Hej Nu \u00e4r pappa i Rom och har m\u00f6tt mamma. Mamma har talat om allt som du gjort och att du varit sn\u00e4ll n\u00e4stan j\u00e4mt. Snart kommer vi hem b\u00e4gge tv\u00e5. [&hellip;]","og_url":"https:\/\/www.arhammar.se\/blog\/en-halsning-fran-vatikanen\/","og_site_name":"@Arhammar bokstavligen","article_published_time":"2016-06-25T19:39:07+00:00","og_image":[{"width":640,"height":455,"url":"https:\/\/www.arhammar.se\/blog\/wp-content\/uploads\/2016\/01\/vykort91.jpg","type":"image\/jpeg"}],"author":"Anders Arhammar","twitter_card":"summary_large_image","twitter_misc":{"Written by":"Anders Arhammar"},"schema":{"@context":"https:\/\/schema.org","@graph":[{"@type":"Article","@id":"https:\/\/www.arhammar.se\/blog\/en-halsning-fran-vatikanen\/#article","isPartOf":{"@id":"https:\/\/www.arhammar.se\/blog\/en-halsning-fran-vatikanen\/"},"author":{"name":"Anders Arhammar","@id":"https:\/\/www.arhammar.se\/blog\/#\/schema\/person\/061984c1d884b363e2c91550f2e00d1d"},"headline":"En h\u00e4lsning fr\u00e5n Vatikanen","datePublished":"2016-06-25T19:39:07+00:00","mainEntityOfPage":{"@id":"https:\/\/www.arhammar.se\/blog\/en-halsning-fran-vatikanen\/"},"wordCount":79,"commentCount":0,"image":{"@id":"https:\/\/www.arhammar.se\/blog\/en-halsning-fran-vatikanen\/#primaryimage"},"thumbnailUrl":"https:\/\/www.arhammar.se\/blog\/wp-content\/uploads\/2016\/01\/vykort91.jpg","keywords":["Peterskyrkan","Rom"],"articleSection":["blogg100","Dagens vykort"],"inLanguage":"en-US","potentialAction":[{"@type":"CommentAction","name":"Comment","target":["https:\/\/www.arhammar.se\/blog\/en-halsning-fran-vatikanen\/#respond"]}]},{"@type":"WebPage","@id":"https:\/\/www.arhammar.se\/blog\/en-halsning-fran-vatikanen\/","url":"https:\/\/www.arhammar.se\/blog\/en-halsning-fran-vatikanen\/","name":"En h\u00e4lsning fr\u00e5n Vatikanen - @Arhammar bokstavligen","isPartOf":{"@id":"https:\/\/www.arhammar.se\/blog\/#website"},"primaryImageOfPage":{"@id":"https:\/\/www.arhammar.se\/blog\/en-halsning-fran-vatikanen\/#primaryimage"},"image":{"@id":"https:\/\/www.arhammar.se\/blog\/en-halsning-fran-vatikanen\/#primaryimage"},"thumbnailUrl":"https:\/\/www.arhammar.se\/blog\/wp-content\/uploads\/2016\/01\/vykort91.jpg","datePublished":"2016-06-25T19:39:07+00:00","author":{"@id":"https:\/\/www.arhammar.se\/blog\/#\/schema\/person\/061984c1d884b363e2c91550f2e00d1d"},"breadcrumb":{"@id":"https:\/\/www.arhammar.se\/blog\/en-halsning-fran-vatikanen\/#breadcrumb"},"inLanguage":"en-US","potentialAction":[{"@type":"ReadAction","target":["https:\/\/www.arhammar.se\/blog\/en-halsning-fran-vatikanen\/"]}]},{"@type":"ImageObject","inLanguage":"en-US","@id":"https:\/\/www.arhammar.se\/blog\/en-halsning-fran-vatikanen\/#primaryimage","url":"https:\/\/www.arhammar.se\/blog\/wp-content\/uploads\/2016\/01\/vykort91.jpg","contentUrl":"https:\/\/www.arhammar.se\/blog\/wp-content\/uploads\/2016\/01\/vykort91.jpg","width":640,"height":455},{"@type":"BreadcrumbList","@id":"https:\/\/www.arhammar.se\/blog\/en-halsning-fran-vatikanen\/#breadcrumb","itemListElement":[{"@type":"ListItem","position":1,"name":"Home","item":"https:\/\/www.arhammar.se\/blog\/"},{"@type":"ListItem","position":2,"name":"En h\u00e4lsning fr\u00e5n Vatikanen"}]},{"@type":"WebSite","@id":"https:\/\/www.arhammar.se\/blog\/#website","url":"https:\/\/www.arhammar.se\/blog\/","name":"@Arhammar bokstavligen","description":"Fr\u00e5n min penna och panna","potentialAction":[{"@type":"SearchAction","target":{"@type":"EntryPoint","urlTemplate":"https:\/\/www.arhammar.se\/blog\/?s={search_term_string}"},"query-input":{"@type":"PropertyValueSpecification","valueRequired":true,"valueName":"search_term_string"}}],"inLanguage":"en-US"},{"@type":"Person","@id":"https:\/\/www.arhammar.se\/blog\/#\/schema\/person\/061984c1d884b363e2c91550f2e00d1d","name":"Anders Arhammar","image":{"@type":"ImageObject","inLanguage":"en-US","@id":"https:\/\/secure.gravatar.com\/avatar\/784b5b36cfe145ae19a52340f405285a939bcc08d4a21136b3a81f9e378ffae0?s=96&d=mm&r=g","url":"https:\/\/secure.gravatar.com\/avatar\/784b5b36cfe145ae19a52340f405285a939bcc08d4a21136b3a81f9e378ffae0?s=96&d=mm&r=g","contentUrl":"https:\/\/secure.gravatar.com\/avatar\/784b5b36cfe145ae19a52340f405285a939bcc08d4a21136b3a81f9e378ffae0?s=96&d=mm&r=g","caption":"Anders Arhammar"},"url":"https:\/\/www.arhammar.se\/blog\/author\/anders\/"}]}},"_links":{"self":[{"href":"https:\/\/www.arhammar.se\/blog\/wp-json\/wp\/v2\/posts\/2833","targetHints":{"allow":["GET"]}}],"collection":[{"href":"https:\/\/www.arhammar.se\/blog\/wp-json\/wp\/v2\/posts"}],"about":[{"href":"https:\/\/www.arhammar.se\/blog\/wp-json\/wp\/v2\/types\/post"}],"author":[{"embeddable":true,"href":"https:\/\/www.arhammar.se\/blog\/wp-json\/wp\/v2\/users\/2"}],"replies":[{"embeddable":true,"href":"https:\/\/www.arhammar.se\/blog\/wp-json\/wp\/v2\/comments?post=2833"}],"version-history":[{"count":0,"href":"https:\/\/www.arhammar.se\/blog\/wp-json\/wp\/v2\/posts\/2833\/revisions"}],"wp:featuredmedia":[{"embeddable":true,"href":"https:\/\/www.arhammar.se\/blog\/wp-json\/wp\/v2\/media\/8649"}],"wp:attachment":[{"href":"https:\/\/www.arhammar.se\/blog\/wp-json\/wp\/v2\/media?parent=2833"}],"wp:term":[{"taxonomy":"category","embeddable":true,"href":"https:\/\/www.arhammar.se\/blog\/wp-json\/wp\/v2\/categories?post=2833"},{"taxonomy":"post_tag","embeddable":true,"href":"https:\/\/www.arhammar.se\/blog\/wp-json\/wp\/v2\/tags?post=2833"}],"curies":[{"name":"wp","href":"https:\/\/api.w.org\/{rel}","templated":true}]}}