{"id":28228,"date":"2020-03-06T04:40:08","date_gmt":"2020-03-06T03:40:08","guid":{"rendered":"https:\/\/www.arhammar.se\/blog\/?p=28228"},"modified":"2020-04-28T15:10:02","modified_gmt":"2020-04-28T14:10:02","slug":"lordag-den-13-maj-1916-i-hoppen-fick-jag-mest-bifall-forstas","status":"publish","type":"post","link":"https:\/\/www.arhammar.se\/blog\/lordag-den-13-maj-1916-i-hoppen-fick-jag-mest-bifall-forstas\/","title":{"rendered":"L\u00f6rdag den 13 maj 1916. I hoppen fick jag mest bifall, f\u00f6rst\u00e5s."},"content":{"rendered":"<p>Ja, uppvisningen avl\u00f6pte utan n\u00e5gra v\u00e4rst st\u00f6rande moment. Visst var det n\u00e5gra, som stod och &#8220;velade&#8221; lite emellan\u00e5t, men det spelar ju ej s\u00e5 stor roll. Ingen damp ner i balansg\u00e5ngen. <\/p>\n<p>Det var f\u00f6rresten mycket trevligt att g\u00e5 slag\u00e4ntring under &#8220;valse pleurantes\u201d ljuva toner och balansg\u00e5ng under &#8220;My Beautiful Doll\u201ds sprittande. Det var alldeles fullpackat med folk och det appl\u00e5derades flitigt. <\/p>\n<p>I hoppen fick jag mest bifall, f\u00f6rst\u00e5s. S\u00e5 fort l\u00f6jtnanten fick syn p\u00e5 mig f\u00f6re uppvisningen, kom han f\u00f6rst\u00e5s fram, tog mig i hand och tackade f\u00f6r senast, under f\u00f6rv\u00e5nade blickar fr\u00e5n de omkringst\u00e5ende flickorna. <\/p>\n<p>Efter uppvisningen blev det dans, &#8220;min&#8221; ingenj\u00f6r-flottist fr\u00e5n gymnastikbalen d\u00f6k genast ner p\u00e5 mig. Men det var rakt inget roligt, utan jag \u00e5kte snart hem under h\u00e4llande regn. <\/p>\n<p>P\u00e5 torsdag kv\u00e4ll kom lilla farsan till stan. Jag var och m\u00f6tte honom tillsammans med Naemi. Egentligen skulle jag vara tillsammans med honom p\u00e5 fredag f\u00f6rmiddag, men d\u00e5 kom tant Hulda till stan, och jag hade lovat att m\u00f6ta henne. Och sen f\u00f6ljde jag henne omkring i aff\u00e4rerna och s\u00e5 var vi p\u00e5 &#8220;kondis&#8221; och idag p\u00e5 f\u00f6rmiddagen har jag ocks\u00e5 r\u00e4nt omkring med henne, bjudit henne p\u00e5 frukost p\u00e5 Feith\u00b4s o.s.v. <\/p>\n<p>Vi tr\u00e4ffades i aff\u00e4ren hos Naemi, och medan jag v\u00e4ntade p\u00e5 henne, sp\u00e5dde Naemi mig allt m\u00f6jligt trevligt. Det var pengar och resor, traktering av en hj\u00e4rtlig herre, som ofta t\u00e4nker p\u00e5 mig, ett trevligt bes\u00f6k, och pengar och den &#8220;hj\u00e4rtliga herrn&#8221; igen. <\/p>\n<p>Det lustiga var, att det var precis detsamma, som fru P. sp\u00e5dde mig h\u00e4romdagen. En m\u00f6rk efterh\u00e4ngsen herre var ocks\u00e5 med hela tiden, och denna g\u00e5ngen kulminerade det i &#8220;f\u00f6rlovning i min kammare&#8221; med &#8220;den hj\u00e4rtliga herrn&#8221;. Jo-jo!! <\/p>\n<p>Det var f\u00f6rresten rysligt roligt alltihop, utom att jag skulle f\u00e5 gr\u00e5ta, f\u00f6r en dams skull, f\u00e5 ett tr\u00e5kigt brev e.d. Oj, oj!<\/p>\n<!-- AddThis Advanced Settings generic via filter on the_content --><!-- AddThis Share Buttons generic via filter on the_content -->","protected":false},"excerpt":{"rendered":"<p>Ja, uppvisningen avl\u00f6pte utan n\u00e5gra v\u00e4rst st\u00f6rande moment. Visst var det n\u00e5gra, som stod och &#8220;velade&#8221; lite emellan\u00e5t, men det spelar ju ej s\u00e5 stor roll. Ingen damp ner i balansg\u00e5ngen. Det var f\u00f6rresten mycket trevligt att g\u00e5 slag\u00e4ntring under &#8220;valse pleurantes\u201d ljuva toner och balansg\u00e5ng under &#8220;My Beautiful Doll\u201ds sprittande. Det var alldeles fullpackat [&hellip;]<!-- AddThis Advanced Settings generic via filter on wp_trim_excerpt --><!-- AddThis Share Buttons generic via filter on wp_trim_excerpt --><\/p>\n","protected":false},"author":2,"featured_media":28394,"comment_status":"open","ping_status":"open","sticky":false,"template":"","format":"standard","meta":{"footnotes":""},"categories":[3441,3425],"tags":[],"class_list":["post-28228","post","type-post","status-publish","format-standard","has-post-thumbnail","hentry","category-3441","category-mormors-dagbok"],"yoast_head":"<!-- This site is optimized with the Yoast SEO plugin v27.4 - https:\/\/yoast.com\/product\/yoast-seo-wordpress\/ -->\n<title>L\u00f6rdag den 13 maj 1916. I hoppen fick jag mest bifall, f\u00f6rst\u00e5s. - @Arhammar bokstavligen<\/title>\n<meta name=\"robots\" content=\"index, follow, max-snippet:-1, max-image-preview:large, max-video-preview:-1\" \/>\n<link rel=\"canonical\" href=\"https:\/\/www.arhammar.se\/blog\/lordag-den-13-maj-1916-i-hoppen-fick-jag-mest-bifall-forstas\/\" \/>\n<meta property=\"og:locale\" content=\"en_US\" \/>\n<meta property=\"og:type\" content=\"article\" \/>\n<meta property=\"og:title\" content=\"L\u00f6rdag den 13 maj 1916. I hoppen fick jag mest bifall, f\u00f6rst\u00e5s. - @Arhammar bokstavligen\" \/>\n<meta property=\"og:description\" content=\"Ja, uppvisningen avl\u00f6pte utan n\u00e5gra v\u00e4rst st\u00f6rande moment. Visst var det n\u00e5gra, som stod och &#8220;velade&#8221; lite emellan\u00e5t, men det spelar ju ej s\u00e5 stor roll. Ingen damp ner i balansg\u00e5ngen. Det var f\u00f6rresten mycket trevligt att g\u00e5 slag\u00e4ntring under &#8220;valse pleurantes\u201d ljuva toner och balansg\u00e5ng under &#8220;My Beautiful Doll\u201ds sprittande. Det var alldeles fullpackat [&hellip;]\" \/>\n<meta property=\"og:url\" content=\"https:\/\/www.arhammar.se\/blog\/lordag-den-13-maj-1916-i-hoppen-fick-jag-mest-bifall-forstas\/\" \/>\n<meta property=\"og:site_name\" content=\"@Arhammar bokstavligen\" \/>\n<meta property=\"article:published_time\" content=\"2020-03-06T03:40:08+00:00\" \/>\n<meta property=\"article:modified_time\" content=\"2020-04-28T14:10:02+00:00\" \/>\n<meta property=\"og:image\" content=\"https:\/\/www.arhammar.se\/blog\/wp-content\/uploads\/2020\/03\/dbfikapriser.jpg\" \/>\n\t<meta property=\"og:image:width\" content=\"640\" \/>\n\t<meta property=\"og:image:height\" content=\"480\" \/>\n\t<meta property=\"og:image:type\" content=\"image\/jpeg\" \/>\n<meta name=\"author\" content=\"Anders Arhammar\" \/>\n<meta name=\"twitter:card\" content=\"summary_large_image\" \/>\n<meta name=\"twitter:label1\" content=\"Written by\" \/>\n\t<meta name=\"twitter:data1\" content=\"Anders Arhammar\" \/>\n\t<meta name=\"twitter:label2\" content=\"Est. reading time\" \/>\n\t<meta name=\"twitter:data2\" content=\"2 minutes\" \/>\n<script type=\"application\/ld+json\" class=\"yoast-schema-graph\">{\"@context\":\"https:\\\/\\\/schema.org\",\"@graph\":[{\"@type\":\"Article\",\"@id\":\"https:\\\/\\\/www.arhammar.se\\\/blog\\\/lordag-den-13-maj-1916-i-hoppen-fick-jag-mest-bifall-forstas\\\/#article\",\"isPartOf\":{\"@id\":\"https:\\\/\\\/www.arhammar.se\\\/blog\\\/lordag-den-13-maj-1916-i-hoppen-fick-jag-mest-bifall-forstas\\\/\"},\"author\":{\"name\":\"Anders Arhammar\",\"@id\":\"https:\\\/\\\/www.arhammar.se\\\/blog\\\/#\\\/schema\\\/person\\\/061984c1d884b363e2c91550f2e00d1d\"},\"headline\":\"L\u00f6rdag den 13 maj 1916. I hoppen fick jag mest bifall, f\u00f6rst\u00e5s.\",\"datePublished\":\"2020-03-06T03:40:08+00:00\",\"dateModified\":\"2020-04-28T14:10:02+00:00\",\"mainEntityOfPage\":{\"@id\":\"https:\\\/\\\/www.arhammar.se\\\/blog\\\/lordag-den-13-maj-1916-i-hoppen-fick-jag-mest-bifall-forstas\\\/\"},\"wordCount\":372,\"commentCount\":0,\"image\":{\"@id\":\"https:\\\/\\\/www.arhammar.se\\\/blog\\\/lordag-den-13-maj-1916-i-hoppen-fick-jag-mest-bifall-forstas\\\/#primaryimage\"},\"thumbnailUrl\":\"https:\\\/\\\/www.arhammar.se\\\/blog\\\/wp-content\\\/uploads\\\/2020\\\/03\\\/dbfikapriser.jpg\",\"articleSection\":[\"1916\",\"mormors dagbok\"],\"inLanguage\":\"en-US\",\"potentialAction\":[{\"@type\":\"CommentAction\",\"name\":\"Comment\",\"target\":[\"https:\\\/\\\/www.arhammar.se\\\/blog\\\/lordag-den-13-maj-1916-i-hoppen-fick-jag-mest-bifall-forstas\\\/#respond\"]}]},{\"@type\":\"WebPage\",\"@id\":\"https:\\\/\\\/www.arhammar.se\\\/blog\\\/lordag-den-13-maj-1916-i-hoppen-fick-jag-mest-bifall-forstas\\\/\",\"url\":\"https:\\\/\\\/www.arhammar.se\\\/blog\\\/lordag-den-13-maj-1916-i-hoppen-fick-jag-mest-bifall-forstas\\\/\",\"name\":\"L\u00f6rdag den 13 maj 1916. I hoppen fick jag mest bifall, f\u00f6rst\u00e5s. - @Arhammar bokstavligen\",\"isPartOf\":{\"@id\":\"https:\\\/\\\/www.arhammar.se\\\/blog\\\/#website\"},\"primaryImageOfPage\":{\"@id\":\"https:\\\/\\\/www.arhammar.se\\\/blog\\\/lordag-den-13-maj-1916-i-hoppen-fick-jag-mest-bifall-forstas\\\/#primaryimage\"},\"image\":{\"@id\":\"https:\\\/\\\/www.arhammar.se\\\/blog\\\/lordag-den-13-maj-1916-i-hoppen-fick-jag-mest-bifall-forstas\\\/#primaryimage\"},\"thumbnailUrl\":\"https:\\\/\\\/www.arhammar.se\\\/blog\\\/wp-content\\\/uploads\\\/2020\\\/03\\\/dbfikapriser.jpg\",\"datePublished\":\"2020-03-06T03:40:08+00:00\",\"dateModified\":\"2020-04-28T14:10:02+00:00\",\"author\":{\"@id\":\"https:\\\/\\\/www.arhammar.se\\\/blog\\\/#\\\/schema\\\/person\\\/061984c1d884b363e2c91550f2e00d1d\"},\"breadcrumb\":{\"@id\":\"https:\\\/\\\/www.arhammar.se\\\/blog\\\/lordag-den-13-maj-1916-i-hoppen-fick-jag-mest-bifall-forstas\\\/#breadcrumb\"},\"inLanguage\":\"en-US\",\"potentialAction\":[{\"@type\":\"ReadAction\",\"target\":[\"https:\\\/\\\/www.arhammar.se\\\/blog\\\/lordag-den-13-maj-1916-i-hoppen-fick-jag-mest-bifall-forstas\\\/\"]}]},{\"@type\":\"ImageObject\",\"inLanguage\":\"en-US\",\"@id\":\"https:\\\/\\\/www.arhammar.se\\\/blog\\\/lordag-den-13-maj-1916-i-hoppen-fick-jag-mest-bifall-forstas\\\/#primaryimage\",\"url\":\"https:\\\/\\\/www.arhammar.se\\\/blog\\\/wp-content\\\/uploads\\\/2020\\\/03\\\/dbfikapriser.jpg\",\"contentUrl\":\"https:\\\/\\\/www.arhammar.se\\\/blog\\\/wp-content\\\/uploads\\\/2020\\\/03\\\/dbfikapriser.jpg\",\"width\":640,\"height\":480},{\"@type\":\"BreadcrumbList\",\"@id\":\"https:\\\/\\\/www.arhammar.se\\\/blog\\\/lordag-den-13-maj-1916-i-hoppen-fick-jag-mest-bifall-forstas\\\/#breadcrumb\",\"itemListElement\":[{\"@type\":\"ListItem\",\"position\":1,\"name\":\"Home\",\"item\":\"https:\\\/\\\/www.arhammar.se\\\/blog\\\/\"},{\"@type\":\"ListItem\",\"position\":2,\"name\":\"L\u00f6rdag den 13 maj 1916. I hoppen fick jag mest bifall, f\u00f6rst\u00e5s.\"}]},{\"@type\":\"WebSite\",\"@id\":\"https:\\\/\\\/www.arhammar.se\\\/blog\\\/#website\",\"url\":\"https:\\\/\\\/www.arhammar.se\\\/blog\\\/\",\"name\":\"@Arhammar bokstavligen\",\"description\":\"Fr\u00e5n min penna och panna\",\"potentialAction\":[{\"@type\":\"SearchAction\",\"target\":{\"@type\":\"EntryPoint\",\"urlTemplate\":\"https:\\\/\\\/www.arhammar.se\\\/blog\\\/?s={search_term_string}\"},\"query-input\":{\"@type\":\"PropertyValueSpecification\",\"valueRequired\":true,\"valueName\":\"search_term_string\"}}],\"inLanguage\":\"en-US\"},{\"@type\":\"Person\",\"@id\":\"https:\\\/\\\/www.arhammar.se\\\/blog\\\/#\\\/schema\\\/person\\\/061984c1d884b363e2c91550f2e00d1d\",\"name\":\"Anders Arhammar\",\"image\":{\"@type\":\"ImageObject\",\"inLanguage\":\"en-US\",\"@id\":\"https:\\\/\\\/secure.gravatar.com\\\/avatar\\\/784b5b36cfe145ae19a52340f405285a939bcc08d4a21136b3a81f9e378ffae0?s=96&d=mm&r=g\",\"url\":\"https:\\\/\\\/secure.gravatar.com\\\/avatar\\\/784b5b36cfe145ae19a52340f405285a939bcc08d4a21136b3a81f9e378ffae0?s=96&d=mm&r=g\",\"contentUrl\":\"https:\\\/\\\/secure.gravatar.com\\\/avatar\\\/784b5b36cfe145ae19a52340f405285a939bcc08d4a21136b3a81f9e378ffae0?s=96&d=mm&r=g\",\"caption\":\"Anders Arhammar\"},\"url\":\"https:\\\/\\\/www.arhammar.se\\\/blog\\\/author\\\/anders\\\/\"}]}<\/script>\n<!-- \/ Yoast SEO plugin. -->","yoast_head_json":{"title":"L\u00f6rdag den 13 maj 1916. I hoppen fick jag mest bifall, f\u00f6rst\u00e5s. - @Arhammar bokstavligen","robots":{"index":"index","follow":"follow","max-snippet":"max-snippet:-1","max-image-preview":"max-image-preview:large","max-video-preview":"max-video-preview:-1"},"canonical":"https:\/\/www.arhammar.se\/blog\/lordag-den-13-maj-1916-i-hoppen-fick-jag-mest-bifall-forstas\/","og_locale":"en_US","og_type":"article","og_title":"L\u00f6rdag den 13 maj 1916. I hoppen fick jag mest bifall, f\u00f6rst\u00e5s. - @Arhammar bokstavligen","og_description":"Ja, uppvisningen avl\u00f6pte utan n\u00e5gra v\u00e4rst st\u00f6rande moment. Visst var det n\u00e5gra, som stod och &#8220;velade&#8221; lite emellan\u00e5t, men det spelar ju ej s\u00e5 stor roll. Ingen damp ner i balansg\u00e5ngen. Det var f\u00f6rresten mycket trevligt att g\u00e5 slag\u00e4ntring under &#8220;valse pleurantes\u201d ljuva toner och balansg\u00e5ng under &#8220;My Beautiful Doll\u201ds sprittande. Det var alldeles fullpackat [&hellip;]","og_url":"https:\/\/www.arhammar.se\/blog\/lordag-den-13-maj-1916-i-hoppen-fick-jag-mest-bifall-forstas\/","og_site_name":"@Arhammar bokstavligen","article_published_time":"2020-03-06T03:40:08+00:00","article_modified_time":"2020-04-28T14:10:02+00:00","og_image":[{"width":640,"height":480,"url":"https:\/\/www.arhammar.se\/blog\/wp-content\/uploads\/2020\/03\/dbfikapriser.jpg","type":"image\/jpeg"}],"author":"Anders Arhammar","twitter_card":"summary_large_image","twitter_misc":{"Written by":"Anders Arhammar","Est. reading time":"2 minutes"},"schema":{"@context":"https:\/\/schema.org","@graph":[{"@type":"Article","@id":"https:\/\/www.arhammar.se\/blog\/lordag-den-13-maj-1916-i-hoppen-fick-jag-mest-bifall-forstas\/#article","isPartOf":{"@id":"https:\/\/www.arhammar.se\/blog\/lordag-den-13-maj-1916-i-hoppen-fick-jag-mest-bifall-forstas\/"},"author":{"name":"Anders Arhammar","@id":"https:\/\/www.arhammar.se\/blog\/#\/schema\/person\/061984c1d884b363e2c91550f2e00d1d"},"headline":"L\u00f6rdag den 13 maj 1916. I hoppen fick jag mest bifall, f\u00f6rst\u00e5s.","datePublished":"2020-03-06T03:40:08+00:00","dateModified":"2020-04-28T14:10:02+00:00","mainEntityOfPage":{"@id":"https:\/\/www.arhammar.se\/blog\/lordag-den-13-maj-1916-i-hoppen-fick-jag-mest-bifall-forstas\/"},"wordCount":372,"commentCount":0,"image":{"@id":"https:\/\/www.arhammar.se\/blog\/lordag-den-13-maj-1916-i-hoppen-fick-jag-mest-bifall-forstas\/#primaryimage"},"thumbnailUrl":"https:\/\/www.arhammar.se\/blog\/wp-content\/uploads\/2020\/03\/dbfikapriser.jpg","articleSection":["1916","mormors dagbok"],"inLanguage":"en-US","potentialAction":[{"@type":"CommentAction","name":"Comment","target":["https:\/\/www.arhammar.se\/blog\/lordag-den-13-maj-1916-i-hoppen-fick-jag-mest-bifall-forstas\/#respond"]}]},{"@type":"WebPage","@id":"https:\/\/www.arhammar.se\/blog\/lordag-den-13-maj-1916-i-hoppen-fick-jag-mest-bifall-forstas\/","url":"https:\/\/www.arhammar.se\/blog\/lordag-den-13-maj-1916-i-hoppen-fick-jag-mest-bifall-forstas\/","name":"L\u00f6rdag den 13 maj 1916. I hoppen fick jag mest bifall, f\u00f6rst\u00e5s. - @Arhammar bokstavligen","isPartOf":{"@id":"https:\/\/www.arhammar.se\/blog\/#website"},"primaryImageOfPage":{"@id":"https:\/\/www.arhammar.se\/blog\/lordag-den-13-maj-1916-i-hoppen-fick-jag-mest-bifall-forstas\/#primaryimage"},"image":{"@id":"https:\/\/www.arhammar.se\/blog\/lordag-den-13-maj-1916-i-hoppen-fick-jag-mest-bifall-forstas\/#primaryimage"},"thumbnailUrl":"https:\/\/www.arhammar.se\/blog\/wp-content\/uploads\/2020\/03\/dbfikapriser.jpg","datePublished":"2020-03-06T03:40:08+00:00","dateModified":"2020-04-28T14:10:02+00:00","author":{"@id":"https:\/\/www.arhammar.se\/blog\/#\/schema\/person\/061984c1d884b363e2c91550f2e00d1d"},"breadcrumb":{"@id":"https:\/\/www.arhammar.se\/blog\/lordag-den-13-maj-1916-i-hoppen-fick-jag-mest-bifall-forstas\/#breadcrumb"},"inLanguage":"en-US","potentialAction":[{"@type":"ReadAction","target":["https:\/\/www.arhammar.se\/blog\/lordag-den-13-maj-1916-i-hoppen-fick-jag-mest-bifall-forstas\/"]}]},{"@type":"ImageObject","inLanguage":"en-US","@id":"https:\/\/www.arhammar.se\/blog\/lordag-den-13-maj-1916-i-hoppen-fick-jag-mest-bifall-forstas\/#primaryimage","url":"https:\/\/www.arhammar.se\/blog\/wp-content\/uploads\/2020\/03\/dbfikapriser.jpg","contentUrl":"https:\/\/www.arhammar.se\/blog\/wp-content\/uploads\/2020\/03\/dbfikapriser.jpg","width":640,"height":480},{"@type":"BreadcrumbList","@id":"https:\/\/www.arhammar.se\/blog\/lordag-den-13-maj-1916-i-hoppen-fick-jag-mest-bifall-forstas\/#breadcrumb","itemListElement":[{"@type":"ListItem","position":1,"name":"Home","item":"https:\/\/www.arhammar.se\/blog\/"},{"@type":"ListItem","position":2,"name":"L\u00f6rdag den 13 maj 1916. I hoppen fick jag mest bifall, f\u00f6rst\u00e5s."}]},{"@type":"WebSite","@id":"https:\/\/www.arhammar.se\/blog\/#website","url":"https:\/\/www.arhammar.se\/blog\/","name":"@Arhammar bokstavligen","description":"Fr\u00e5n min penna och panna","potentialAction":[{"@type":"SearchAction","target":{"@type":"EntryPoint","urlTemplate":"https:\/\/www.arhammar.se\/blog\/?s={search_term_string}"},"query-input":{"@type":"PropertyValueSpecification","valueRequired":true,"valueName":"search_term_string"}}],"inLanguage":"en-US"},{"@type":"Person","@id":"https:\/\/www.arhammar.se\/blog\/#\/schema\/person\/061984c1d884b363e2c91550f2e00d1d","name":"Anders Arhammar","image":{"@type":"ImageObject","inLanguage":"en-US","@id":"https:\/\/secure.gravatar.com\/avatar\/784b5b36cfe145ae19a52340f405285a939bcc08d4a21136b3a81f9e378ffae0?s=96&d=mm&r=g","url":"https:\/\/secure.gravatar.com\/avatar\/784b5b36cfe145ae19a52340f405285a939bcc08d4a21136b3a81f9e378ffae0?s=96&d=mm&r=g","contentUrl":"https:\/\/secure.gravatar.com\/avatar\/784b5b36cfe145ae19a52340f405285a939bcc08d4a21136b3a81f9e378ffae0?s=96&d=mm&r=g","caption":"Anders Arhammar"},"url":"https:\/\/www.arhammar.se\/blog\/author\/anders\/"}]}},"_links":{"self":[{"href":"https:\/\/www.arhammar.se\/blog\/wp-json\/wp\/v2\/posts\/28228","targetHints":{"allow":["GET"]}}],"collection":[{"href":"https:\/\/www.arhammar.se\/blog\/wp-json\/wp\/v2\/posts"}],"about":[{"href":"https:\/\/www.arhammar.se\/blog\/wp-json\/wp\/v2\/types\/post"}],"author":[{"embeddable":true,"href":"https:\/\/www.arhammar.se\/blog\/wp-json\/wp\/v2\/users\/2"}],"replies":[{"embeddable":true,"href":"https:\/\/www.arhammar.se\/blog\/wp-json\/wp\/v2\/comments?post=28228"}],"version-history":[{"count":3,"href":"https:\/\/www.arhammar.se\/blog\/wp-json\/wp\/v2\/posts\/28228\/revisions"}],"predecessor-version":[{"id":28396,"href":"https:\/\/www.arhammar.se\/blog\/wp-json\/wp\/v2\/posts\/28228\/revisions\/28396"}],"wp:featuredmedia":[{"embeddable":true,"href":"https:\/\/www.arhammar.se\/blog\/wp-json\/wp\/v2\/media\/28394"}],"wp:attachment":[{"href":"https:\/\/www.arhammar.se\/blog\/wp-json\/wp\/v2\/media?parent=28228"}],"wp:term":[{"taxonomy":"category","embeddable":true,"href":"https:\/\/www.arhammar.se\/blog\/wp-json\/wp\/v2\/categories?post=28228"},{"taxonomy":"post_tag","embeddable":true,"href":"https:\/\/www.arhammar.se\/blog\/wp-json\/wp\/v2\/tags?post=28228"}],"curies":[{"name":"wp","href":"https:\/\/api.w.org\/{rel}","templated":true}]}}