{"id":28227,"date":"2020-03-06T04:35:08","date_gmt":"2020-03-06T03:35:08","guid":{"rendered":"https:\/\/www.arhammar.se\/blog\/?p=28227"},"modified":"2020-04-28T14:56:12","modified_gmt":"2020-04-28T13:56:12","slug":"tisdag-den-9-maj-1916","status":"publish","type":"post","link":"https:\/\/www.arhammar.se\/blog\/tisdag-den-9-maj-1916\/","title":{"rendered":"Tisdag den 9 maj 1916. Och sen hade vi alldeles f\u00f6rtjusande trevligt."},"content":{"rendered":"<p>Oh, s\u00e5 skojigt vi hade h\u00e4r p\u00e5 s\u00f6ndag f\u00f6rmiddag. F\u00f6rst var jag och \u00f6vade gymnastik. Till klockan 1 hade jag bjudit ihop ett par stycken p\u00e5 kafferep, ist\u00e4llet f\u00f6r p\u00e5 min f\u00f6delsedag. <\/p>\n<p>Jag hade f\u00e5tt 5 kronor av doktorn att k\u00f6pa bakelser och konfekt f\u00f6r. De bjudna voro Maja, Karin B., Israelsson och l-\u00f6-j-t-n-a-n-t- G-r-a-n-f-e-l-t. Hur den sista kom med, \u00e4r verkligen lustigt. D\u00e5 jag gick fr\u00e5n gymnastiken fingo vi s\u00e4llskap till sp\u00e5rvagnen, och medan vi stod d\u00e4r och v\u00e4ntade fr\u00e5gade han varf\u00f6r jag hade haft s\u00e5 br\u00e5ttom fr\u00e5n gymnastiken. Och jag talade om, att jag skulle ha kaffebjudning klockan 1 och m\u00e5ste skynda mig hem och ta emot g\u00e4sterna. Och s\u00e5 stod vi d\u00e4r och &#8220;menade&#8221; och jag sl\u00e4ngde fram, mest p\u00e5 skoj: &#8220;Skall l\u00f6jtnanten komma med&#8221;? &#8220;Jo tack, mycket g\u00e4rna jag skall bara g\u00e5 och raka mig f\u00f6rst&#8221;. &#8220;Ja, det beh\u00f6vs&#8221;, tyckte jag och bad honom vara v\u00e4lkommen. <\/p>\n<p>Och han kom mycket riktigt och Naemi Och Israelsson h\u00f6ll p\u00e5 att svimma av \u00f6verraskning f\u00f6rst\u00e5s. Och sen hade vi alldeles f\u00f6rtjusande trevligt, drack kaffe, \u00e5t konfekt, satt p\u00e5 balkongen och r\u00f6kte cigaretter. De tyckte f\u00f6rst\u00e5s alla, l\u00f6jtnanten n\u00e4stan mest, att jag har det alldeles h\u00e4rligt. Och ikv\u00e4ll skall gymnastikuppvisningen g\u00e5 av stapeln.<\/p>\n<!-- AddThis Advanced Settings generic via filter on the_content --><!-- AddThis Share Buttons generic via filter on the_content -->","protected":false},"excerpt":{"rendered":"<p>Oh, s\u00e5 skojigt vi hade h\u00e4r p\u00e5 s\u00f6ndag f\u00f6rmiddag. F\u00f6rst var jag och \u00f6vade gymnastik. Till klockan 1 hade jag bjudit ihop ett par stycken p\u00e5 kafferep, ist\u00e4llet f\u00f6r p\u00e5 min f\u00f6delsedag. Jag hade f\u00e5tt 5 kronor av doktorn att k\u00f6pa bakelser och konfekt f\u00f6r. De bjudna voro Maja, Karin B., Israelsson och l-\u00f6-j-t-n-a-n-t- G-r-a-n-f-e-l-t. [&hellip;]<!-- AddThis Advanced Settings generic via filter on wp_trim_excerpt --><!-- AddThis Share Buttons generic via filter on wp_trim_excerpt --><\/p>\n","protected":false},"author":2,"featured_media":28391,"comment_status":"open","ping_status":"open","sticky":false,"template":"","format":"standard","meta":{"footnotes":""},"categories":[3441,3425],"tags":[],"class_list":["post-28227","post","type-post","status-publish","format-standard","has-post-thumbnail","hentry","category-3441","category-mormors-dagbok"],"yoast_head":"<!-- This site is optimized with the Yoast SEO plugin v27.4 - https:\/\/yoast.com\/product\/yoast-seo-wordpress\/ -->\n<title>Tisdag den 9 maj 1916. Och sen hade vi alldeles f\u00f6rtjusande trevligt. - @Arhammar bokstavligen<\/title>\n<meta name=\"robots\" content=\"index, follow, max-snippet:-1, max-image-preview:large, max-video-preview:-1\" \/>\n<link rel=\"canonical\" href=\"https:\/\/www.arhammar.se\/blog\/tisdag-den-9-maj-1916\/\" \/>\n<meta property=\"og:locale\" content=\"en_US\" \/>\n<meta property=\"og:type\" content=\"article\" \/>\n<meta property=\"og:title\" content=\"Tisdag den 9 maj 1916. Och sen hade vi alldeles f\u00f6rtjusande trevligt. - @Arhammar bokstavligen\" \/>\n<meta property=\"og:description\" content=\"Oh, s\u00e5 skojigt vi hade h\u00e4r p\u00e5 s\u00f6ndag f\u00f6rmiddag. F\u00f6rst var jag och \u00f6vade gymnastik. Till klockan 1 hade jag bjudit ihop ett par stycken p\u00e5 kafferep, ist\u00e4llet f\u00f6r p\u00e5 min f\u00f6delsedag. Jag hade f\u00e5tt 5 kronor av doktorn att k\u00f6pa bakelser och konfekt f\u00f6r. De bjudna voro Maja, Karin B., Israelsson och l-\u00f6-j-t-n-a-n-t- G-r-a-n-f-e-l-t. [&hellip;]\" \/>\n<meta property=\"og:url\" content=\"https:\/\/www.arhammar.se\/blog\/tisdag-den-9-maj-1916\/\" \/>\n<meta property=\"og:site_name\" content=\"@Arhammar bokstavligen\" \/>\n<meta property=\"article:published_time\" content=\"2020-03-06T03:35:08+00:00\" \/>\n<meta property=\"article:modified_time\" content=\"2020-04-28T13:56:12+00:00\" \/>\n<meta property=\"og:image\" content=\"https:\/\/www.arhammar.se\/blog\/wp-content\/uploads\/2020\/03\/dbgranfeldt.jpg\" \/>\n\t<meta property=\"og:image:width\" content=\"640\" \/>\n\t<meta property=\"og:image:height\" content=\"480\" \/>\n\t<meta property=\"og:image:type\" content=\"image\/jpeg\" \/>\n<meta name=\"author\" content=\"Anders Arhammar\" \/>\n<meta name=\"twitter:card\" content=\"summary_large_image\" \/>\n<meta name=\"twitter:label1\" content=\"Written by\" \/>\n\t<meta name=\"twitter:data1\" content=\"Anders Arhammar\" \/>\n\t<meta name=\"twitter:label2\" content=\"Est. reading time\" \/>\n\t<meta name=\"twitter:data2\" content=\"1 minute\" \/>\n<script type=\"application\/ld+json\" class=\"yoast-schema-graph\">{\"@context\":\"https:\\\/\\\/schema.org\",\"@graph\":[{\"@type\":\"Article\",\"@id\":\"https:\\\/\\\/www.arhammar.se\\\/blog\\\/tisdag-den-9-maj-1916\\\/#article\",\"isPartOf\":{\"@id\":\"https:\\\/\\\/www.arhammar.se\\\/blog\\\/tisdag-den-9-maj-1916\\\/\"},\"author\":{\"name\":\"Anders Arhammar\",\"@id\":\"https:\\\/\\\/www.arhammar.se\\\/blog\\\/#\\\/schema\\\/person\\\/061984c1d884b363e2c91550f2e00d1d\"},\"headline\":\"Tisdag den 9 maj 1916. Och sen hade vi alldeles f\u00f6rtjusande trevligt.\",\"datePublished\":\"2020-03-06T03:35:08+00:00\",\"dateModified\":\"2020-04-28T13:56:12+00:00\",\"mainEntityOfPage\":{\"@id\":\"https:\\\/\\\/www.arhammar.se\\\/blog\\\/tisdag-den-9-maj-1916\\\/\"},\"wordCount\":251,\"commentCount\":0,\"image\":{\"@id\":\"https:\\\/\\\/www.arhammar.se\\\/blog\\\/tisdag-den-9-maj-1916\\\/#primaryimage\"},\"thumbnailUrl\":\"https:\\\/\\\/www.arhammar.se\\\/blog\\\/wp-content\\\/uploads\\\/2020\\\/03\\\/dbgranfeldt.jpg\",\"articleSection\":[\"1916\",\"mormors dagbok\"],\"inLanguage\":\"en-US\",\"potentialAction\":[{\"@type\":\"CommentAction\",\"name\":\"Comment\",\"target\":[\"https:\\\/\\\/www.arhammar.se\\\/blog\\\/tisdag-den-9-maj-1916\\\/#respond\"]}]},{\"@type\":\"WebPage\",\"@id\":\"https:\\\/\\\/www.arhammar.se\\\/blog\\\/tisdag-den-9-maj-1916\\\/\",\"url\":\"https:\\\/\\\/www.arhammar.se\\\/blog\\\/tisdag-den-9-maj-1916\\\/\",\"name\":\"Tisdag den 9 maj 1916. Och sen hade vi alldeles f\u00f6rtjusande trevligt. - @Arhammar bokstavligen\",\"isPartOf\":{\"@id\":\"https:\\\/\\\/www.arhammar.se\\\/blog\\\/#website\"},\"primaryImageOfPage\":{\"@id\":\"https:\\\/\\\/www.arhammar.se\\\/blog\\\/tisdag-den-9-maj-1916\\\/#primaryimage\"},\"image\":{\"@id\":\"https:\\\/\\\/www.arhammar.se\\\/blog\\\/tisdag-den-9-maj-1916\\\/#primaryimage\"},\"thumbnailUrl\":\"https:\\\/\\\/www.arhammar.se\\\/blog\\\/wp-content\\\/uploads\\\/2020\\\/03\\\/dbgranfeldt.jpg\",\"datePublished\":\"2020-03-06T03:35:08+00:00\",\"dateModified\":\"2020-04-28T13:56:12+00:00\",\"author\":{\"@id\":\"https:\\\/\\\/www.arhammar.se\\\/blog\\\/#\\\/schema\\\/person\\\/061984c1d884b363e2c91550f2e00d1d\"},\"breadcrumb\":{\"@id\":\"https:\\\/\\\/www.arhammar.se\\\/blog\\\/tisdag-den-9-maj-1916\\\/#breadcrumb\"},\"inLanguage\":\"en-US\",\"potentialAction\":[{\"@type\":\"ReadAction\",\"target\":[\"https:\\\/\\\/www.arhammar.se\\\/blog\\\/tisdag-den-9-maj-1916\\\/\"]}]},{\"@type\":\"ImageObject\",\"inLanguage\":\"en-US\",\"@id\":\"https:\\\/\\\/www.arhammar.se\\\/blog\\\/tisdag-den-9-maj-1916\\\/#primaryimage\",\"url\":\"https:\\\/\\\/www.arhammar.se\\\/blog\\\/wp-content\\\/uploads\\\/2020\\\/03\\\/dbgranfeldt.jpg\",\"contentUrl\":\"https:\\\/\\\/www.arhammar.se\\\/blog\\\/wp-content\\\/uploads\\\/2020\\\/03\\\/dbgranfeldt.jpg\",\"width\":640,\"height\":480},{\"@type\":\"BreadcrumbList\",\"@id\":\"https:\\\/\\\/www.arhammar.se\\\/blog\\\/tisdag-den-9-maj-1916\\\/#breadcrumb\",\"itemListElement\":[{\"@type\":\"ListItem\",\"position\":1,\"name\":\"Home\",\"item\":\"https:\\\/\\\/www.arhammar.se\\\/blog\\\/\"},{\"@type\":\"ListItem\",\"position\":2,\"name\":\"Tisdag den 9 maj 1916. Och sen hade vi alldeles f\u00f6rtjusande trevligt.\"}]},{\"@type\":\"WebSite\",\"@id\":\"https:\\\/\\\/www.arhammar.se\\\/blog\\\/#website\",\"url\":\"https:\\\/\\\/www.arhammar.se\\\/blog\\\/\",\"name\":\"@Arhammar bokstavligen\",\"description\":\"Fr\u00e5n min penna och panna\",\"potentialAction\":[{\"@type\":\"SearchAction\",\"target\":{\"@type\":\"EntryPoint\",\"urlTemplate\":\"https:\\\/\\\/www.arhammar.se\\\/blog\\\/?s={search_term_string}\"},\"query-input\":{\"@type\":\"PropertyValueSpecification\",\"valueRequired\":true,\"valueName\":\"search_term_string\"}}],\"inLanguage\":\"en-US\"},{\"@type\":\"Person\",\"@id\":\"https:\\\/\\\/www.arhammar.se\\\/blog\\\/#\\\/schema\\\/person\\\/061984c1d884b363e2c91550f2e00d1d\",\"name\":\"Anders Arhammar\",\"image\":{\"@type\":\"ImageObject\",\"inLanguage\":\"en-US\",\"@id\":\"https:\\\/\\\/secure.gravatar.com\\\/avatar\\\/784b5b36cfe145ae19a52340f405285a939bcc08d4a21136b3a81f9e378ffae0?s=96&d=mm&r=g\",\"url\":\"https:\\\/\\\/secure.gravatar.com\\\/avatar\\\/784b5b36cfe145ae19a52340f405285a939bcc08d4a21136b3a81f9e378ffae0?s=96&d=mm&r=g\",\"contentUrl\":\"https:\\\/\\\/secure.gravatar.com\\\/avatar\\\/784b5b36cfe145ae19a52340f405285a939bcc08d4a21136b3a81f9e378ffae0?s=96&d=mm&r=g\",\"caption\":\"Anders Arhammar\"},\"url\":\"https:\\\/\\\/www.arhammar.se\\\/blog\\\/author\\\/anders\\\/\"}]}<\/script>\n<!-- \/ Yoast SEO plugin. -->","yoast_head_json":{"title":"Tisdag den 9 maj 1916. Och sen hade vi alldeles f\u00f6rtjusande trevligt. - @Arhammar bokstavligen","robots":{"index":"index","follow":"follow","max-snippet":"max-snippet:-1","max-image-preview":"max-image-preview:large","max-video-preview":"max-video-preview:-1"},"canonical":"https:\/\/www.arhammar.se\/blog\/tisdag-den-9-maj-1916\/","og_locale":"en_US","og_type":"article","og_title":"Tisdag den 9 maj 1916. Och sen hade vi alldeles f\u00f6rtjusande trevligt. - @Arhammar bokstavligen","og_description":"Oh, s\u00e5 skojigt vi hade h\u00e4r p\u00e5 s\u00f6ndag f\u00f6rmiddag. F\u00f6rst var jag och \u00f6vade gymnastik. Till klockan 1 hade jag bjudit ihop ett par stycken p\u00e5 kafferep, ist\u00e4llet f\u00f6r p\u00e5 min f\u00f6delsedag. Jag hade f\u00e5tt 5 kronor av doktorn att k\u00f6pa bakelser och konfekt f\u00f6r. De bjudna voro Maja, Karin B., Israelsson och l-\u00f6-j-t-n-a-n-t- G-r-a-n-f-e-l-t. [&hellip;]","og_url":"https:\/\/www.arhammar.se\/blog\/tisdag-den-9-maj-1916\/","og_site_name":"@Arhammar bokstavligen","article_published_time":"2020-03-06T03:35:08+00:00","article_modified_time":"2020-04-28T13:56:12+00:00","og_image":[{"width":640,"height":480,"url":"https:\/\/www.arhammar.se\/blog\/wp-content\/uploads\/2020\/03\/dbgranfeldt.jpg","type":"image\/jpeg"}],"author":"Anders Arhammar","twitter_card":"summary_large_image","twitter_misc":{"Written by":"Anders Arhammar","Est. reading time":"1 minute"},"schema":{"@context":"https:\/\/schema.org","@graph":[{"@type":"Article","@id":"https:\/\/www.arhammar.se\/blog\/tisdag-den-9-maj-1916\/#article","isPartOf":{"@id":"https:\/\/www.arhammar.se\/blog\/tisdag-den-9-maj-1916\/"},"author":{"name":"Anders Arhammar","@id":"https:\/\/www.arhammar.se\/blog\/#\/schema\/person\/061984c1d884b363e2c91550f2e00d1d"},"headline":"Tisdag den 9 maj 1916. Och sen hade vi alldeles f\u00f6rtjusande trevligt.","datePublished":"2020-03-06T03:35:08+00:00","dateModified":"2020-04-28T13:56:12+00:00","mainEntityOfPage":{"@id":"https:\/\/www.arhammar.se\/blog\/tisdag-den-9-maj-1916\/"},"wordCount":251,"commentCount":0,"image":{"@id":"https:\/\/www.arhammar.se\/blog\/tisdag-den-9-maj-1916\/#primaryimage"},"thumbnailUrl":"https:\/\/www.arhammar.se\/blog\/wp-content\/uploads\/2020\/03\/dbgranfeldt.jpg","articleSection":["1916","mormors dagbok"],"inLanguage":"en-US","potentialAction":[{"@type":"CommentAction","name":"Comment","target":["https:\/\/www.arhammar.se\/blog\/tisdag-den-9-maj-1916\/#respond"]}]},{"@type":"WebPage","@id":"https:\/\/www.arhammar.se\/blog\/tisdag-den-9-maj-1916\/","url":"https:\/\/www.arhammar.se\/blog\/tisdag-den-9-maj-1916\/","name":"Tisdag den 9 maj 1916. Och sen hade vi alldeles f\u00f6rtjusande trevligt. - @Arhammar bokstavligen","isPartOf":{"@id":"https:\/\/www.arhammar.se\/blog\/#website"},"primaryImageOfPage":{"@id":"https:\/\/www.arhammar.se\/blog\/tisdag-den-9-maj-1916\/#primaryimage"},"image":{"@id":"https:\/\/www.arhammar.se\/blog\/tisdag-den-9-maj-1916\/#primaryimage"},"thumbnailUrl":"https:\/\/www.arhammar.se\/blog\/wp-content\/uploads\/2020\/03\/dbgranfeldt.jpg","datePublished":"2020-03-06T03:35:08+00:00","dateModified":"2020-04-28T13:56:12+00:00","author":{"@id":"https:\/\/www.arhammar.se\/blog\/#\/schema\/person\/061984c1d884b363e2c91550f2e00d1d"},"breadcrumb":{"@id":"https:\/\/www.arhammar.se\/blog\/tisdag-den-9-maj-1916\/#breadcrumb"},"inLanguage":"en-US","potentialAction":[{"@type":"ReadAction","target":["https:\/\/www.arhammar.se\/blog\/tisdag-den-9-maj-1916\/"]}]},{"@type":"ImageObject","inLanguage":"en-US","@id":"https:\/\/www.arhammar.se\/blog\/tisdag-den-9-maj-1916\/#primaryimage","url":"https:\/\/www.arhammar.se\/blog\/wp-content\/uploads\/2020\/03\/dbgranfeldt.jpg","contentUrl":"https:\/\/www.arhammar.se\/blog\/wp-content\/uploads\/2020\/03\/dbgranfeldt.jpg","width":640,"height":480},{"@type":"BreadcrumbList","@id":"https:\/\/www.arhammar.se\/blog\/tisdag-den-9-maj-1916\/#breadcrumb","itemListElement":[{"@type":"ListItem","position":1,"name":"Home","item":"https:\/\/www.arhammar.se\/blog\/"},{"@type":"ListItem","position":2,"name":"Tisdag den 9 maj 1916. Och sen hade vi alldeles f\u00f6rtjusande trevligt."}]},{"@type":"WebSite","@id":"https:\/\/www.arhammar.se\/blog\/#website","url":"https:\/\/www.arhammar.se\/blog\/","name":"@Arhammar bokstavligen","description":"Fr\u00e5n min penna och panna","potentialAction":[{"@type":"SearchAction","target":{"@type":"EntryPoint","urlTemplate":"https:\/\/www.arhammar.se\/blog\/?s={search_term_string}"},"query-input":{"@type":"PropertyValueSpecification","valueRequired":true,"valueName":"search_term_string"}}],"inLanguage":"en-US"},{"@type":"Person","@id":"https:\/\/www.arhammar.se\/blog\/#\/schema\/person\/061984c1d884b363e2c91550f2e00d1d","name":"Anders Arhammar","image":{"@type":"ImageObject","inLanguage":"en-US","@id":"https:\/\/secure.gravatar.com\/avatar\/784b5b36cfe145ae19a52340f405285a939bcc08d4a21136b3a81f9e378ffae0?s=96&d=mm&r=g","url":"https:\/\/secure.gravatar.com\/avatar\/784b5b36cfe145ae19a52340f405285a939bcc08d4a21136b3a81f9e378ffae0?s=96&d=mm&r=g","contentUrl":"https:\/\/secure.gravatar.com\/avatar\/784b5b36cfe145ae19a52340f405285a939bcc08d4a21136b3a81f9e378ffae0?s=96&d=mm&r=g","caption":"Anders Arhammar"},"url":"https:\/\/www.arhammar.se\/blog\/author\/anders\/"}]}},"_links":{"self":[{"href":"https:\/\/www.arhammar.se\/blog\/wp-json\/wp\/v2\/posts\/28227","targetHints":{"allow":["GET"]}}],"collection":[{"href":"https:\/\/www.arhammar.se\/blog\/wp-json\/wp\/v2\/posts"}],"about":[{"href":"https:\/\/www.arhammar.se\/blog\/wp-json\/wp\/v2\/types\/post"}],"author":[{"embeddable":true,"href":"https:\/\/www.arhammar.se\/blog\/wp-json\/wp\/v2\/users\/2"}],"replies":[{"embeddable":true,"href":"https:\/\/www.arhammar.se\/blog\/wp-json\/wp\/v2\/comments?post=28227"}],"version-history":[{"count":3,"href":"https:\/\/www.arhammar.se\/blog\/wp-json\/wp\/v2\/posts\/28227\/revisions"}],"predecessor-version":[{"id":28393,"href":"https:\/\/www.arhammar.se\/blog\/wp-json\/wp\/v2\/posts\/28227\/revisions\/28393"}],"wp:featuredmedia":[{"embeddable":true,"href":"https:\/\/www.arhammar.se\/blog\/wp-json\/wp\/v2\/media\/28391"}],"wp:attachment":[{"href":"https:\/\/www.arhammar.se\/blog\/wp-json\/wp\/v2\/media?parent=28227"}],"wp:term":[{"taxonomy":"category","embeddable":true,"href":"https:\/\/www.arhammar.se\/blog\/wp-json\/wp\/v2\/categories?post=28227"},{"taxonomy":"post_tag","embeddable":true,"href":"https:\/\/www.arhammar.se\/blog\/wp-json\/wp\/v2\/tags?post=28227"}],"curies":[{"name":"wp","href":"https:\/\/api.w.org\/{rel}","templated":true}]}}