{"id":28225,"date":"2020-03-06T04:25:06","date_gmt":"2020-03-06T03:25:06","guid":{"rendered":"https:\/\/www.arhammar.se\/blog\/?p=28225"},"modified":"2020-04-28T13:33:39","modified_gmt":"2020-04-28T12:33:39","slug":"mandag-den-1-maj-1916-idag-skall-jag-borja-sy-sommarklader","status":"publish","type":"post","link":"https:\/\/www.arhammar.se\/blog\/mandag-den-1-maj-1916-idag-skall-jag-borja-sy-sommarklader\/","title":{"rendered":"M\u00e5ndag den 1 maj 1916. Idag skall jag b\u00f6rja sy sommarkl\u00e4der."},"content":{"rendered":"<p>Ja, idag \u00e4r det f\u00f6rsta maj. Och str\u00e5lande v\u00e5rv\u00e4der, som de f\u00f6reg\u00e5ende dagarna. Ig\u00e5r fick jag brev hemifr\u00e5n med 20 kronor, och s\u00e5 fick jag ett par eleganta k\u00e4ngor med Naemi d\u00e5 hon kom hemifr\u00e5n. Och s\u00e5 fick jag telegram fr\u00e5n Niels och Anna-Lisa. <\/p>\n<p>P\u00e5 f\u00f6rmiddagen var jag f\u00f6rst och \u00f6vade gymnastik under l\u00f6jtnant Granfelts ledning. Och sen voro Naemi och jag ute och spatserade, och var p\u00e5 T\u00f6rnblads och tog oss en &#8220;Lemon-squash\u201d. Till middagen var notarie Forsberg h\u00e4r. Och p\u00e5 kv\u00e4llen bj\u00f6d jag Naemi p\u00e5 &#8220;Annonsera&#8221; p\u00e5 Vasateatern. Det var roligt, men inte s\u00e5 roligt, som jag f\u00f6rest\u00e4llt mig. Idag skall jag b\u00f6rja sy sommarkl\u00e4der. Har just nu l\u00e5nat in Hannas maskin.<\/p>\n<!-- AddThis Advanced Settings generic via filter on the_content --><!-- AddThis Share Buttons generic via filter on the_content -->","protected":false},"excerpt":{"rendered":"<p>Ja, idag \u00e4r det f\u00f6rsta maj. Och str\u00e5lande v\u00e5rv\u00e4der, som de f\u00f6reg\u00e5ende dagarna. Ig\u00e5r fick jag brev hemifr\u00e5n med 20 kronor, och s\u00e5 fick jag ett par eleganta k\u00e4ngor med Naemi d\u00e5 hon kom hemifr\u00e5n. Och s\u00e5 fick jag telegram fr\u00e5n Niels och Anna-Lisa. P\u00e5 f\u00f6rmiddagen var jag f\u00f6rst och \u00f6vade gymnastik under l\u00f6jtnant Granfelts [&hellip;]<!-- AddThis Advanced Settings generic via filter on wp_trim_excerpt --><!-- AddThis Share Buttons generic via filter on wp_trim_excerpt --><\/p>\n","protected":false},"author":2,"featured_media":28387,"comment_status":"open","ping_status":"open","sticky":false,"template":"","format":"standard","meta":{"footnotes":""},"categories":[3441,3425],"tags":[],"class_list":["post-28225","post","type-post","status-publish","format-standard","has-post-thumbnail","hentry","category-3441","category-mormors-dagbok"],"yoast_head":"<!-- This site is optimized with the Yoast SEO plugin v27.4 - https:\/\/yoast.com\/product\/yoast-seo-wordpress\/ -->\n<title>M\u00e5ndag den 1 maj 1916. Idag skall jag b\u00f6rja sy sommarkl\u00e4der. - @Arhammar bokstavligen<\/title>\n<meta name=\"robots\" content=\"index, follow, max-snippet:-1, max-image-preview:large, max-video-preview:-1\" \/>\n<link rel=\"canonical\" href=\"https:\/\/www.arhammar.se\/blog\/mandag-den-1-maj-1916-idag-skall-jag-borja-sy-sommarklader\/\" \/>\n<meta property=\"og:locale\" content=\"en_US\" \/>\n<meta property=\"og:type\" content=\"article\" \/>\n<meta property=\"og:title\" content=\"M\u00e5ndag den 1 maj 1916. Idag skall jag b\u00f6rja sy sommarkl\u00e4der. - @Arhammar bokstavligen\" \/>\n<meta property=\"og:description\" content=\"Ja, idag \u00e4r det f\u00f6rsta maj. Och str\u00e5lande v\u00e5rv\u00e4der, som de f\u00f6reg\u00e5ende dagarna. Ig\u00e5r fick jag brev hemifr\u00e5n med 20 kronor, och s\u00e5 fick jag ett par eleganta k\u00e4ngor med Naemi d\u00e5 hon kom hemifr\u00e5n. Och s\u00e5 fick jag telegram fr\u00e5n Niels och Anna-Lisa. P\u00e5 f\u00f6rmiddagen var jag f\u00f6rst och \u00f6vade gymnastik under l\u00f6jtnant Granfelts [&hellip;]\" \/>\n<meta property=\"og:url\" content=\"https:\/\/www.arhammar.se\/blog\/mandag-den-1-maj-1916-idag-skall-jag-borja-sy-sommarklader\/\" \/>\n<meta property=\"og:site_name\" content=\"@Arhammar bokstavligen\" \/>\n<meta property=\"article:published_time\" content=\"2020-03-06T03:25:06+00:00\" \/>\n<meta property=\"article:modified_time\" content=\"2020-04-28T12:33:39+00:00\" \/>\n<meta property=\"og:image\" content=\"https:\/\/www.arhammar.se\/blog\/wp-content\/uploads\/2020\/03\/dbannonsera.jpg\" \/>\n\t<meta property=\"og:image:width\" content=\"640\" \/>\n\t<meta property=\"og:image:height\" content=\"480\" \/>\n\t<meta property=\"og:image:type\" content=\"image\/jpeg\" \/>\n<meta name=\"author\" content=\"Anders Arhammar\" \/>\n<meta name=\"twitter:card\" content=\"summary_large_image\" \/>\n<meta name=\"twitter:label1\" content=\"Written by\" \/>\n\t<meta name=\"twitter:data1\" content=\"Anders Arhammar\" \/>\n\t<meta name=\"twitter:label2\" content=\"Est. reading time\" \/>\n\t<meta name=\"twitter:data2\" content=\"1 minute\" \/>\n<script type=\"application\/ld+json\" class=\"yoast-schema-graph\">{\"@context\":\"https:\\\/\\\/schema.org\",\"@graph\":[{\"@type\":\"Article\",\"@id\":\"https:\\\/\\\/www.arhammar.se\\\/blog\\\/mandag-den-1-maj-1916-idag-skall-jag-borja-sy-sommarklader\\\/#article\",\"isPartOf\":{\"@id\":\"https:\\\/\\\/www.arhammar.se\\\/blog\\\/mandag-den-1-maj-1916-idag-skall-jag-borja-sy-sommarklader\\\/\"},\"author\":{\"name\":\"Anders Arhammar\",\"@id\":\"https:\\\/\\\/www.arhammar.se\\\/blog\\\/#\\\/schema\\\/person\\\/061984c1d884b363e2c91550f2e00d1d\"},\"headline\":\"M\u00e5ndag den 1 maj 1916. Idag skall jag b\u00f6rja sy sommarkl\u00e4der.\",\"datePublished\":\"2020-03-06T03:25:06+00:00\",\"dateModified\":\"2020-04-28T12:33:39+00:00\",\"mainEntityOfPage\":{\"@id\":\"https:\\\/\\\/www.arhammar.se\\\/blog\\\/mandag-den-1-maj-1916-idag-skall-jag-borja-sy-sommarklader\\\/\"},\"wordCount\":148,\"commentCount\":0,\"image\":{\"@id\":\"https:\\\/\\\/www.arhammar.se\\\/blog\\\/mandag-den-1-maj-1916-idag-skall-jag-borja-sy-sommarklader\\\/#primaryimage\"},\"thumbnailUrl\":\"https:\\\/\\\/www.arhammar.se\\\/blog\\\/wp-content\\\/uploads\\\/2020\\\/03\\\/dbannonsera.jpg\",\"articleSection\":[\"1916\",\"mormors dagbok\"],\"inLanguage\":\"en-US\",\"potentialAction\":[{\"@type\":\"CommentAction\",\"name\":\"Comment\",\"target\":[\"https:\\\/\\\/www.arhammar.se\\\/blog\\\/mandag-den-1-maj-1916-idag-skall-jag-borja-sy-sommarklader\\\/#respond\"]}]},{\"@type\":\"WebPage\",\"@id\":\"https:\\\/\\\/www.arhammar.se\\\/blog\\\/mandag-den-1-maj-1916-idag-skall-jag-borja-sy-sommarklader\\\/\",\"url\":\"https:\\\/\\\/www.arhammar.se\\\/blog\\\/mandag-den-1-maj-1916-idag-skall-jag-borja-sy-sommarklader\\\/\",\"name\":\"M\u00e5ndag den 1 maj 1916. Idag skall jag b\u00f6rja sy sommarkl\u00e4der. - @Arhammar bokstavligen\",\"isPartOf\":{\"@id\":\"https:\\\/\\\/www.arhammar.se\\\/blog\\\/#website\"},\"primaryImageOfPage\":{\"@id\":\"https:\\\/\\\/www.arhammar.se\\\/blog\\\/mandag-den-1-maj-1916-idag-skall-jag-borja-sy-sommarklader\\\/#primaryimage\"},\"image\":{\"@id\":\"https:\\\/\\\/www.arhammar.se\\\/blog\\\/mandag-den-1-maj-1916-idag-skall-jag-borja-sy-sommarklader\\\/#primaryimage\"},\"thumbnailUrl\":\"https:\\\/\\\/www.arhammar.se\\\/blog\\\/wp-content\\\/uploads\\\/2020\\\/03\\\/dbannonsera.jpg\",\"datePublished\":\"2020-03-06T03:25:06+00:00\",\"dateModified\":\"2020-04-28T12:33:39+00:00\",\"author\":{\"@id\":\"https:\\\/\\\/www.arhammar.se\\\/blog\\\/#\\\/schema\\\/person\\\/061984c1d884b363e2c91550f2e00d1d\"},\"breadcrumb\":{\"@id\":\"https:\\\/\\\/www.arhammar.se\\\/blog\\\/mandag-den-1-maj-1916-idag-skall-jag-borja-sy-sommarklader\\\/#breadcrumb\"},\"inLanguage\":\"en-US\",\"potentialAction\":[{\"@type\":\"ReadAction\",\"target\":[\"https:\\\/\\\/www.arhammar.se\\\/blog\\\/mandag-den-1-maj-1916-idag-skall-jag-borja-sy-sommarklader\\\/\"]}]},{\"@type\":\"ImageObject\",\"inLanguage\":\"en-US\",\"@id\":\"https:\\\/\\\/www.arhammar.se\\\/blog\\\/mandag-den-1-maj-1916-idag-skall-jag-borja-sy-sommarklader\\\/#primaryimage\",\"url\":\"https:\\\/\\\/www.arhammar.se\\\/blog\\\/wp-content\\\/uploads\\\/2020\\\/03\\\/dbannonsera.jpg\",\"contentUrl\":\"https:\\\/\\\/www.arhammar.se\\\/blog\\\/wp-content\\\/uploads\\\/2020\\\/03\\\/dbannonsera.jpg\",\"width\":640,\"height\":480},{\"@type\":\"BreadcrumbList\",\"@id\":\"https:\\\/\\\/www.arhammar.se\\\/blog\\\/mandag-den-1-maj-1916-idag-skall-jag-borja-sy-sommarklader\\\/#breadcrumb\",\"itemListElement\":[{\"@type\":\"ListItem\",\"position\":1,\"name\":\"Home\",\"item\":\"https:\\\/\\\/www.arhammar.se\\\/blog\\\/\"},{\"@type\":\"ListItem\",\"position\":2,\"name\":\"M\u00e5ndag den 1 maj 1916. Idag skall jag b\u00f6rja sy sommarkl\u00e4der.\"}]},{\"@type\":\"WebSite\",\"@id\":\"https:\\\/\\\/www.arhammar.se\\\/blog\\\/#website\",\"url\":\"https:\\\/\\\/www.arhammar.se\\\/blog\\\/\",\"name\":\"@Arhammar bokstavligen\",\"description\":\"Fr\u00e5n min penna och panna\",\"potentialAction\":[{\"@type\":\"SearchAction\",\"target\":{\"@type\":\"EntryPoint\",\"urlTemplate\":\"https:\\\/\\\/www.arhammar.se\\\/blog\\\/?s={search_term_string}\"},\"query-input\":{\"@type\":\"PropertyValueSpecification\",\"valueRequired\":true,\"valueName\":\"search_term_string\"}}],\"inLanguage\":\"en-US\"},{\"@type\":\"Person\",\"@id\":\"https:\\\/\\\/www.arhammar.se\\\/blog\\\/#\\\/schema\\\/person\\\/061984c1d884b363e2c91550f2e00d1d\",\"name\":\"Anders Arhammar\",\"image\":{\"@type\":\"ImageObject\",\"inLanguage\":\"en-US\",\"@id\":\"https:\\\/\\\/secure.gravatar.com\\\/avatar\\\/784b5b36cfe145ae19a52340f405285a939bcc08d4a21136b3a81f9e378ffae0?s=96&d=mm&r=g\",\"url\":\"https:\\\/\\\/secure.gravatar.com\\\/avatar\\\/784b5b36cfe145ae19a52340f405285a939bcc08d4a21136b3a81f9e378ffae0?s=96&d=mm&r=g\",\"contentUrl\":\"https:\\\/\\\/secure.gravatar.com\\\/avatar\\\/784b5b36cfe145ae19a52340f405285a939bcc08d4a21136b3a81f9e378ffae0?s=96&d=mm&r=g\",\"caption\":\"Anders Arhammar\"},\"url\":\"https:\\\/\\\/www.arhammar.se\\\/blog\\\/author\\\/anders\\\/\"}]}<\/script>\n<!-- \/ Yoast SEO plugin. -->","yoast_head_json":{"title":"M\u00e5ndag den 1 maj 1916. Idag skall jag b\u00f6rja sy sommarkl\u00e4der. - @Arhammar bokstavligen","robots":{"index":"index","follow":"follow","max-snippet":"max-snippet:-1","max-image-preview":"max-image-preview:large","max-video-preview":"max-video-preview:-1"},"canonical":"https:\/\/www.arhammar.se\/blog\/mandag-den-1-maj-1916-idag-skall-jag-borja-sy-sommarklader\/","og_locale":"en_US","og_type":"article","og_title":"M\u00e5ndag den 1 maj 1916. Idag skall jag b\u00f6rja sy sommarkl\u00e4der. - @Arhammar bokstavligen","og_description":"Ja, idag \u00e4r det f\u00f6rsta maj. Och str\u00e5lande v\u00e5rv\u00e4der, som de f\u00f6reg\u00e5ende dagarna. Ig\u00e5r fick jag brev hemifr\u00e5n med 20 kronor, och s\u00e5 fick jag ett par eleganta k\u00e4ngor med Naemi d\u00e5 hon kom hemifr\u00e5n. Och s\u00e5 fick jag telegram fr\u00e5n Niels och Anna-Lisa. P\u00e5 f\u00f6rmiddagen var jag f\u00f6rst och \u00f6vade gymnastik under l\u00f6jtnant Granfelts [&hellip;]","og_url":"https:\/\/www.arhammar.se\/blog\/mandag-den-1-maj-1916-idag-skall-jag-borja-sy-sommarklader\/","og_site_name":"@Arhammar bokstavligen","article_published_time":"2020-03-06T03:25:06+00:00","article_modified_time":"2020-04-28T12:33:39+00:00","og_image":[{"width":640,"height":480,"url":"https:\/\/www.arhammar.se\/blog\/wp-content\/uploads\/2020\/03\/dbannonsera.jpg","type":"image\/jpeg"}],"author":"Anders Arhammar","twitter_card":"summary_large_image","twitter_misc":{"Written by":"Anders Arhammar","Est. reading time":"1 minute"},"schema":{"@context":"https:\/\/schema.org","@graph":[{"@type":"Article","@id":"https:\/\/www.arhammar.se\/blog\/mandag-den-1-maj-1916-idag-skall-jag-borja-sy-sommarklader\/#article","isPartOf":{"@id":"https:\/\/www.arhammar.se\/blog\/mandag-den-1-maj-1916-idag-skall-jag-borja-sy-sommarklader\/"},"author":{"name":"Anders Arhammar","@id":"https:\/\/www.arhammar.se\/blog\/#\/schema\/person\/061984c1d884b363e2c91550f2e00d1d"},"headline":"M\u00e5ndag den 1 maj 1916. Idag skall jag b\u00f6rja sy sommarkl\u00e4der.","datePublished":"2020-03-06T03:25:06+00:00","dateModified":"2020-04-28T12:33:39+00:00","mainEntityOfPage":{"@id":"https:\/\/www.arhammar.se\/blog\/mandag-den-1-maj-1916-idag-skall-jag-borja-sy-sommarklader\/"},"wordCount":148,"commentCount":0,"image":{"@id":"https:\/\/www.arhammar.se\/blog\/mandag-den-1-maj-1916-idag-skall-jag-borja-sy-sommarklader\/#primaryimage"},"thumbnailUrl":"https:\/\/www.arhammar.se\/blog\/wp-content\/uploads\/2020\/03\/dbannonsera.jpg","articleSection":["1916","mormors dagbok"],"inLanguage":"en-US","potentialAction":[{"@type":"CommentAction","name":"Comment","target":["https:\/\/www.arhammar.se\/blog\/mandag-den-1-maj-1916-idag-skall-jag-borja-sy-sommarklader\/#respond"]}]},{"@type":"WebPage","@id":"https:\/\/www.arhammar.se\/blog\/mandag-den-1-maj-1916-idag-skall-jag-borja-sy-sommarklader\/","url":"https:\/\/www.arhammar.se\/blog\/mandag-den-1-maj-1916-idag-skall-jag-borja-sy-sommarklader\/","name":"M\u00e5ndag den 1 maj 1916. Idag skall jag b\u00f6rja sy sommarkl\u00e4der. - @Arhammar bokstavligen","isPartOf":{"@id":"https:\/\/www.arhammar.se\/blog\/#website"},"primaryImageOfPage":{"@id":"https:\/\/www.arhammar.se\/blog\/mandag-den-1-maj-1916-idag-skall-jag-borja-sy-sommarklader\/#primaryimage"},"image":{"@id":"https:\/\/www.arhammar.se\/blog\/mandag-den-1-maj-1916-idag-skall-jag-borja-sy-sommarklader\/#primaryimage"},"thumbnailUrl":"https:\/\/www.arhammar.se\/blog\/wp-content\/uploads\/2020\/03\/dbannonsera.jpg","datePublished":"2020-03-06T03:25:06+00:00","dateModified":"2020-04-28T12:33:39+00:00","author":{"@id":"https:\/\/www.arhammar.se\/blog\/#\/schema\/person\/061984c1d884b363e2c91550f2e00d1d"},"breadcrumb":{"@id":"https:\/\/www.arhammar.se\/blog\/mandag-den-1-maj-1916-idag-skall-jag-borja-sy-sommarklader\/#breadcrumb"},"inLanguage":"en-US","potentialAction":[{"@type":"ReadAction","target":["https:\/\/www.arhammar.se\/blog\/mandag-den-1-maj-1916-idag-skall-jag-borja-sy-sommarklader\/"]}]},{"@type":"ImageObject","inLanguage":"en-US","@id":"https:\/\/www.arhammar.se\/blog\/mandag-den-1-maj-1916-idag-skall-jag-borja-sy-sommarklader\/#primaryimage","url":"https:\/\/www.arhammar.se\/blog\/wp-content\/uploads\/2020\/03\/dbannonsera.jpg","contentUrl":"https:\/\/www.arhammar.se\/blog\/wp-content\/uploads\/2020\/03\/dbannonsera.jpg","width":640,"height":480},{"@type":"BreadcrumbList","@id":"https:\/\/www.arhammar.se\/blog\/mandag-den-1-maj-1916-idag-skall-jag-borja-sy-sommarklader\/#breadcrumb","itemListElement":[{"@type":"ListItem","position":1,"name":"Home","item":"https:\/\/www.arhammar.se\/blog\/"},{"@type":"ListItem","position":2,"name":"M\u00e5ndag den 1 maj 1916. Idag skall jag b\u00f6rja sy sommarkl\u00e4der."}]},{"@type":"WebSite","@id":"https:\/\/www.arhammar.se\/blog\/#website","url":"https:\/\/www.arhammar.se\/blog\/","name":"@Arhammar bokstavligen","description":"Fr\u00e5n min penna och panna","potentialAction":[{"@type":"SearchAction","target":{"@type":"EntryPoint","urlTemplate":"https:\/\/www.arhammar.se\/blog\/?s={search_term_string}"},"query-input":{"@type":"PropertyValueSpecification","valueRequired":true,"valueName":"search_term_string"}}],"inLanguage":"en-US"},{"@type":"Person","@id":"https:\/\/www.arhammar.se\/blog\/#\/schema\/person\/061984c1d884b363e2c91550f2e00d1d","name":"Anders Arhammar","image":{"@type":"ImageObject","inLanguage":"en-US","@id":"https:\/\/secure.gravatar.com\/avatar\/784b5b36cfe145ae19a52340f405285a939bcc08d4a21136b3a81f9e378ffae0?s=96&d=mm&r=g","url":"https:\/\/secure.gravatar.com\/avatar\/784b5b36cfe145ae19a52340f405285a939bcc08d4a21136b3a81f9e378ffae0?s=96&d=mm&r=g","contentUrl":"https:\/\/secure.gravatar.com\/avatar\/784b5b36cfe145ae19a52340f405285a939bcc08d4a21136b3a81f9e378ffae0?s=96&d=mm&r=g","caption":"Anders Arhammar"},"url":"https:\/\/www.arhammar.se\/blog\/author\/anders\/"}]}},"_links":{"self":[{"href":"https:\/\/www.arhammar.se\/blog\/wp-json\/wp\/v2\/posts\/28225","targetHints":{"allow":["GET"]}}],"collection":[{"href":"https:\/\/www.arhammar.se\/blog\/wp-json\/wp\/v2\/posts"}],"about":[{"href":"https:\/\/www.arhammar.se\/blog\/wp-json\/wp\/v2\/types\/post"}],"author":[{"embeddable":true,"href":"https:\/\/www.arhammar.se\/blog\/wp-json\/wp\/v2\/users\/2"}],"replies":[{"embeddable":true,"href":"https:\/\/www.arhammar.se\/blog\/wp-json\/wp\/v2\/comments?post=28225"}],"version-history":[{"count":2,"href":"https:\/\/www.arhammar.se\/blog\/wp-json\/wp\/v2\/posts\/28225\/revisions"}],"predecessor-version":[{"id":28373,"href":"https:\/\/www.arhammar.se\/blog\/wp-json\/wp\/v2\/posts\/28225\/revisions\/28373"}],"wp:featuredmedia":[{"embeddable":true,"href":"https:\/\/www.arhammar.se\/blog\/wp-json\/wp\/v2\/media\/28387"}],"wp:attachment":[{"href":"https:\/\/www.arhammar.se\/blog\/wp-json\/wp\/v2\/media?parent=28225"}],"wp:term":[{"taxonomy":"category","embeddable":true,"href":"https:\/\/www.arhammar.se\/blog\/wp-json\/wp\/v2\/categories?post=28225"},{"taxonomy":"post_tag","embeddable":true,"href":"https:\/\/www.arhammar.se\/blog\/wp-json\/wp\/v2\/tags?post=28225"}],"curies":[{"name":"wp","href":"https:\/\/api.w.org\/{rel}","templated":true}]}}