{"id":28224,"date":"2020-03-06T04:20:05","date_gmt":"2020-03-06T03:20:05","guid":{"rendered":"https:\/\/www.arhammar.se\/blog\/?p=28224"},"modified":"2020-04-28T16:52:18","modified_gmt":"2020-04-28T15:52:18","slug":"lordag-den-29-april-1916-du-milde-hur-drommar-kunna-vara","status":"publish","type":"post","link":"https:\/\/www.arhammar.se\/blog\/lordag-den-29-april-1916-du-milde-hur-drommar-kunna-vara\/","title":{"rendered":"L\u00f6rdag den 29 april 1916. Du milde hur dr\u00f6mmar kunna vara."},"content":{"rendered":"<p>Ett s\u00e5dant gudomligt v\u00e4der! Solen str\u00e5lar, s\u00e5 det riktigt br\u00e4nner, och en ljuvlig bris fl\u00e4ktar. Nu ha utom alla crocus \u00e4ven buskarna uppe i kyrkbacken b\u00f6rjat sl\u00e5 ut. Ett par \u00e4ro alldeles gr\u00f6na och kastanjeknopparna sv\u00e4ller, s\u00e5 man n\u00e4stan kan se det. <\/p>\n<p>Idag har jag f\u00e5tt brev fr\u00e5n Josef, vari han skickade all de fotografier han tog, n\u00e4r han var h\u00e4r. Av hela hopen var det bara tre, som var bra. De andra voro mer eller mindre misslyckade. Ig\u00e5r kv\u00e4ll l\u00e5g jag och l\u00e4ste en l\u00e5ng stund sen jag lagt mig, f\u00f6r att l\u00e4sa ut Hjalmar S\u00f6derbergs &#8220;F\u00f6rvillelser&#8221;. Ja, det var verkligen f\u00f6rvillelse och av k\u00e4rlek f\u00f6rst\u00e5s, f\u00f6rresten var boken bra och l\u00e5ter mycket lik verkligheten. <\/p>\n<p>Fast n\u00e4r jag l\u00e4ser om s\u00e5dana d\u00e4r historier, kan jag knappast l\u00e5ta bli att tacka Gud f\u00f6r min sunda och f\u00f6rst\u00e5ndiga syn p\u00e5 saker och ting. P\u00e5 natten dr\u00f6mde jag en hel massa, bl.a. om H\u00e5kan. Och en s\u00e5dan dr\u00f6m! Du milde hur dr\u00f6mmar kunna vara. Bevare mig v\u00e4l. Ikv\u00e4ll \u00e4r Naemi och jag bjudna ut till Liding\u00f6n. Men jag vet knappt, om jag reser, \u00e4ven om jag kan komma ifr\u00e5n. Ja, och imorgon fyller jag 21 \u00e5r.<\/p>\n<!-- AddThis Advanced Settings generic via filter on the_content --><!-- AddThis Share Buttons generic via filter on the_content -->","protected":false},"excerpt":{"rendered":"<p>Ett s\u00e5dant gudomligt v\u00e4der! Solen str\u00e5lar, s\u00e5 det riktigt br\u00e4nner, och en ljuvlig bris fl\u00e4ktar. Nu ha utom alla crocus \u00e4ven buskarna uppe i kyrkbacken b\u00f6rjat sl\u00e5 ut. Ett par \u00e4ro alldeles gr\u00f6na och kastanjeknopparna sv\u00e4ller, s\u00e5 man n\u00e4stan kan se det. Idag har jag f\u00e5tt brev fr\u00e5n Josef, vari han skickade all de fotografier [&hellip;]<!-- AddThis Advanced Settings generic via filter on wp_trim_excerpt --><!-- AddThis Share Buttons generic via filter on wp_trim_excerpt --><\/p>\n","protected":false},"author":2,"featured_media":28385,"comment_status":"open","ping_status":"open","sticky":false,"template":"","format":"standard","meta":{"footnotes":""},"categories":[3441,3425],"tags":[],"class_list":["post-28224","post","type-post","status-publish","format-standard","has-post-thumbnail","hentry","category-3441","category-mormors-dagbok"],"yoast_head":"<!-- This site is optimized with the Yoast SEO plugin v27.4 - https:\/\/yoast.com\/product\/yoast-seo-wordpress\/ -->\n<title>L\u00f6rdag den 29 april 1916. Du milde hur dr\u00f6mmar kunna vara. - @Arhammar bokstavligen<\/title>\n<meta name=\"robots\" content=\"index, follow, max-snippet:-1, max-image-preview:large, max-video-preview:-1\" \/>\n<link rel=\"canonical\" href=\"https:\/\/www.arhammar.se\/blog\/lordag-den-29-april-1916-du-milde-hur-drommar-kunna-vara\/\" \/>\n<meta property=\"og:locale\" content=\"en_US\" \/>\n<meta property=\"og:type\" content=\"article\" \/>\n<meta property=\"og:title\" content=\"L\u00f6rdag den 29 april 1916. Du milde hur dr\u00f6mmar kunna vara. - @Arhammar bokstavligen\" \/>\n<meta property=\"og:description\" content=\"Ett s\u00e5dant gudomligt v\u00e4der! Solen str\u00e5lar, s\u00e5 det riktigt br\u00e4nner, och en ljuvlig bris fl\u00e4ktar. Nu ha utom alla crocus \u00e4ven buskarna uppe i kyrkbacken b\u00f6rjat sl\u00e5 ut. Ett par \u00e4ro alldeles gr\u00f6na och kastanjeknopparna sv\u00e4ller, s\u00e5 man n\u00e4stan kan se det. Idag har jag f\u00e5tt brev fr\u00e5n Josef, vari han skickade all de fotografier [&hellip;]\" \/>\n<meta property=\"og:url\" content=\"https:\/\/www.arhammar.se\/blog\/lordag-den-29-april-1916-du-milde-hur-drommar-kunna-vara\/\" \/>\n<meta property=\"og:site_name\" content=\"@Arhammar bokstavligen\" \/>\n<meta property=\"article:published_time\" content=\"2020-03-06T03:20:05+00:00\" \/>\n<meta property=\"article:modified_time\" content=\"2020-04-28T15:52:18+00:00\" \/>\n<meta property=\"og:image\" content=\"https:\/\/www.arhammar.se\/blog\/wp-content\/uploads\/2020\/03\/dbhjalmars.jpg\" \/>\n\t<meta property=\"og:image:width\" content=\"640\" \/>\n\t<meta property=\"og:image:height\" content=\"480\" \/>\n\t<meta property=\"og:image:type\" content=\"image\/jpeg\" \/>\n<meta name=\"author\" content=\"Anders Arhammar\" \/>\n<meta name=\"twitter:card\" content=\"summary_large_image\" \/>\n<meta name=\"twitter:label1\" content=\"Written by\" \/>\n\t<meta name=\"twitter:data1\" content=\"Anders Arhammar\" \/>\n\t<meta name=\"twitter:label2\" content=\"Est. reading time\" \/>\n\t<meta name=\"twitter:data2\" content=\"1 minute\" \/>\n<script type=\"application\/ld+json\" class=\"yoast-schema-graph\">{\"@context\":\"https:\\\/\\\/schema.org\",\"@graph\":[{\"@type\":\"Article\",\"@id\":\"https:\\\/\\\/www.arhammar.se\\\/blog\\\/lordag-den-29-april-1916-du-milde-hur-drommar-kunna-vara\\\/#article\",\"isPartOf\":{\"@id\":\"https:\\\/\\\/www.arhammar.se\\\/blog\\\/lordag-den-29-april-1916-du-milde-hur-drommar-kunna-vara\\\/\"},\"author\":{\"name\":\"Anders Arhammar\",\"@id\":\"https:\\\/\\\/www.arhammar.se\\\/blog\\\/#\\\/schema\\\/person\\\/061984c1d884b363e2c91550f2e00d1d\"},\"headline\":\"L\u00f6rdag den 29 april 1916. Du milde hur dr\u00f6mmar kunna vara.\",\"datePublished\":\"2020-03-06T03:20:05+00:00\",\"dateModified\":\"2020-04-28T15:52:18+00:00\",\"mainEntityOfPage\":{\"@id\":\"https:\\\/\\\/www.arhammar.se\\\/blog\\\/lordag-den-29-april-1916-du-milde-hur-drommar-kunna-vara\\\/\"},\"wordCount\":250,\"commentCount\":0,\"image\":{\"@id\":\"https:\\\/\\\/www.arhammar.se\\\/blog\\\/lordag-den-29-april-1916-du-milde-hur-drommar-kunna-vara\\\/#primaryimage\"},\"thumbnailUrl\":\"https:\\\/\\\/www.arhammar.se\\\/blog\\\/wp-content\\\/uploads\\\/2020\\\/03\\\/dbhjalmars.jpg\",\"articleSection\":[\"1916\",\"mormors dagbok\"],\"inLanguage\":\"en-US\",\"potentialAction\":[{\"@type\":\"CommentAction\",\"name\":\"Comment\",\"target\":[\"https:\\\/\\\/www.arhammar.se\\\/blog\\\/lordag-den-29-april-1916-du-milde-hur-drommar-kunna-vara\\\/#respond\"]}]},{\"@type\":\"WebPage\",\"@id\":\"https:\\\/\\\/www.arhammar.se\\\/blog\\\/lordag-den-29-april-1916-du-milde-hur-drommar-kunna-vara\\\/\",\"url\":\"https:\\\/\\\/www.arhammar.se\\\/blog\\\/lordag-den-29-april-1916-du-milde-hur-drommar-kunna-vara\\\/\",\"name\":\"L\u00f6rdag den 29 april 1916. Du milde hur dr\u00f6mmar kunna vara. - @Arhammar bokstavligen\",\"isPartOf\":{\"@id\":\"https:\\\/\\\/www.arhammar.se\\\/blog\\\/#website\"},\"primaryImageOfPage\":{\"@id\":\"https:\\\/\\\/www.arhammar.se\\\/blog\\\/lordag-den-29-april-1916-du-milde-hur-drommar-kunna-vara\\\/#primaryimage\"},\"image\":{\"@id\":\"https:\\\/\\\/www.arhammar.se\\\/blog\\\/lordag-den-29-april-1916-du-milde-hur-drommar-kunna-vara\\\/#primaryimage\"},\"thumbnailUrl\":\"https:\\\/\\\/www.arhammar.se\\\/blog\\\/wp-content\\\/uploads\\\/2020\\\/03\\\/dbhjalmars.jpg\",\"datePublished\":\"2020-03-06T03:20:05+00:00\",\"dateModified\":\"2020-04-28T15:52:18+00:00\",\"author\":{\"@id\":\"https:\\\/\\\/www.arhammar.se\\\/blog\\\/#\\\/schema\\\/person\\\/061984c1d884b363e2c91550f2e00d1d\"},\"breadcrumb\":{\"@id\":\"https:\\\/\\\/www.arhammar.se\\\/blog\\\/lordag-den-29-april-1916-du-milde-hur-drommar-kunna-vara\\\/#breadcrumb\"},\"inLanguage\":\"en-US\",\"potentialAction\":[{\"@type\":\"ReadAction\",\"target\":[\"https:\\\/\\\/www.arhammar.se\\\/blog\\\/lordag-den-29-april-1916-du-milde-hur-drommar-kunna-vara\\\/\"]}]},{\"@type\":\"ImageObject\",\"inLanguage\":\"en-US\",\"@id\":\"https:\\\/\\\/www.arhammar.se\\\/blog\\\/lordag-den-29-april-1916-du-milde-hur-drommar-kunna-vara\\\/#primaryimage\",\"url\":\"https:\\\/\\\/www.arhammar.se\\\/blog\\\/wp-content\\\/uploads\\\/2020\\\/03\\\/dbhjalmars.jpg\",\"contentUrl\":\"https:\\\/\\\/www.arhammar.se\\\/blog\\\/wp-content\\\/uploads\\\/2020\\\/03\\\/dbhjalmars.jpg\",\"width\":640,\"height\":480},{\"@type\":\"BreadcrumbList\",\"@id\":\"https:\\\/\\\/www.arhammar.se\\\/blog\\\/lordag-den-29-april-1916-du-milde-hur-drommar-kunna-vara\\\/#breadcrumb\",\"itemListElement\":[{\"@type\":\"ListItem\",\"position\":1,\"name\":\"Home\",\"item\":\"https:\\\/\\\/www.arhammar.se\\\/blog\\\/\"},{\"@type\":\"ListItem\",\"position\":2,\"name\":\"L\u00f6rdag den 29 april 1916. Du milde hur dr\u00f6mmar kunna vara.\"}]},{\"@type\":\"WebSite\",\"@id\":\"https:\\\/\\\/www.arhammar.se\\\/blog\\\/#website\",\"url\":\"https:\\\/\\\/www.arhammar.se\\\/blog\\\/\",\"name\":\"@Arhammar bokstavligen\",\"description\":\"Fr\u00e5n min penna och panna\",\"potentialAction\":[{\"@type\":\"SearchAction\",\"target\":{\"@type\":\"EntryPoint\",\"urlTemplate\":\"https:\\\/\\\/www.arhammar.se\\\/blog\\\/?s={search_term_string}\"},\"query-input\":{\"@type\":\"PropertyValueSpecification\",\"valueRequired\":true,\"valueName\":\"search_term_string\"}}],\"inLanguage\":\"en-US\"},{\"@type\":\"Person\",\"@id\":\"https:\\\/\\\/www.arhammar.se\\\/blog\\\/#\\\/schema\\\/person\\\/061984c1d884b363e2c91550f2e00d1d\",\"name\":\"Anders Arhammar\",\"image\":{\"@type\":\"ImageObject\",\"inLanguage\":\"en-US\",\"@id\":\"https:\\\/\\\/secure.gravatar.com\\\/avatar\\\/784b5b36cfe145ae19a52340f405285a939bcc08d4a21136b3a81f9e378ffae0?s=96&d=mm&r=g\",\"url\":\"https:\\\/\\\/secure.gravatar.com\\\/avatar\\\/784b5b36cfe145ae19a52340f405285a939bcc08d4a21136b3a81f9e378ffae0?s=96&d=mm&r=g\",\"contentUrl\":\"https:\\\/\\\/secure.gravatar.com\\\/avatar\\\/784b5b36cfe145ae19a52340f405285a939bcc08d4a21136b3a81f9e378ffae0?s=96&d=mm&r=g\",\"caption\":\"Anders Arhammar\"},\"url\":\"https:\\\/\\\/www.arhammar.se\\\/blog\\\/author\\\/anders\\\/\"}]}<\/script>\n<!-- \/ Yoast SEO plugin. -->","yoast_head_json":{"title":"L\u00f6rdag den 29 april 1916. Du milde hur dr\u00f6mmar kunna vara. - @Arhammar bokstavligen","robots":{"index":"index","follow":"follow","max-snippet":"max-snippet:-1","max-image-preview":"max-image-preview:large","max-video-preview":"max-video-preview:-1"},"canonical":"https:\/\/www.arhammar.se\/blog\/lordag-den-29-april-1916-du-milde-hur-drommar-kunna-vara\/","og_locale":"en_US","og_type":"article","og_title":"L\u00f6rdag den 29 april 1916. Du milde hur dr\u00f6mmar kunna vara. - @Arhammar bokstavligen","og_description":"Ett s\u00e5dant gudomligt v\u00e4der! Solen str\u00e5lar, s\u00e5 det riktigt br\u00e4nner, och en ljuvlig bris fl\u00e4ktar. Nu ha utom alla crocus \u00e4ven buskarna uppe i kyrkbacken b\u00f6rjat sl\u00e5 ut. Ett par \u00e4ro alldeles gr\u00f6na och kastanjeknopparna sv\u00e4ller, s\u00e5 man n\u00e4stan kan se det. Idag har jag f\u00e5tt brev fr\u00e5n Josef, vari han skickade all de fotografier [&hellip;]","og_url":"https:\/\/www.arhammar.se\/blog\/lordag-den-29-april-1916-du-milde-hur-drommar-kunna-vara\/","og_site_name":"@Arhammar bokstavligen","article_published_time":"2020-03-06T03:20:05+00:00","article_modified_time":"2020-04-28T15:52:18+00:00","og_image":[{"width":640,"height":480,"url":"https:\/\/www.arhammar.se\/blog\/wp-content\/uploads\/2020\/03\/dbhjalmars.jpg","type":"image\/jpeg"}],"author":"Anders Arhammar","twitter_card":"summary_large_image","twitter_misc":{"Written by":"Anders Arhammar","Est. reading time":"1 minute"},"schema":{"@context":"https:\/\/schema.org","@graph":[{"@type":"Article","@id":"https:\/\/www.arhammar.se\/blog\/lordag-den-29-april-1916-du-milde-hur-drommar-kunna-vara\/#article","isPartOf":{"@id":"https:\/\/www.arhammar.se\/blog\/lordag-den-29-april-1916-du-milde-hur-drommar-kunna-vara\/"},"author":{"name":"Anders Arhammar","@id":"https:\/\/www.arhammar.se\/blog\/#\/schema\/person\/061984c1d884b363e2c91550f2e00d1d"},"headline":"L\u00f6rdag den 29 april 1916. Du milde hur dr\u00f6mmar kunna vara.","datePublished":"2020-03-06T03:20:05+00:00","dateModified":"2020-04-28T15:52:18+00:00","mainEntityOfPage":{"@id":"https:\/\/www.arhammar.se\/blog\/lordag-den-29-april-1916-du-milde-hur-drommar-kunna-vara\/"},"wordCount":250,"commentCount":0,"image":{"@id":"https:\/\/www.arhammar.se\/blog\/lordag-den-29-april-1916-du-milde-hur-drommar-kunna-vara\/#primaryimage"},"thumbnailUrl":"https:\/\/www.arhammar.se\/blog\/wp-content\/uploads\/2020\/03\/dbhjalmars.jpg","articleSection":["1916","mormors dagbok"],"inLanguage":"en-US","potentialAction":[{"@type":"CommentAction","name":"Comment","target":["https:\/\/www.arhammar.se\/blog\/lordag-den-29-april-1916-du-milde-hur-drommar-kunna-vara\/#respond"]}]},{"@type":"WebPage","@id":"https:\/\/www.arhammar.se\/blog\/lordag-den-29-april-1916-du-milde-hur-drommar-kunna-vara\/","url":"https:\/\/www.arhammar.se\/blog\/lordag-den-29-april-1916-du-milde-hur-drommar-kunna-vara\/","name":"L\u00f6rdag den 29 april 1916. Du milde hur dr\u00f6mmar kunna vara. - @Arhammar bokstavligen","isPartOf":{"@id":"https:\/\/www.arhammar.se\/blog\/#website"},"primaryImageOfPage":{"@id":"https:\/\/www.arhammar.se\/blog\/lordag-den-29-april-1916-du-milde-hur-drommar-kunna-vara\/#primaryimage"},"image":{"@id":"https:\/\/www.arhammar.se\/blog\/lordag-den-29-april-1916-du-milde-hur-drommar-kunna-vara\/#primaryimage"},"thumbnailUrl":"https:\/\/www.arhammar.se\/blog\/wp-content\/uploads\/2020\/03\/dbhjalmars.jpg","datePublished":"2020-03-06T03:20:05+00:00","dateModified":"2020-04-28T15:52:18+00:00","author":{"@id":"https:\/\/www.arhammar.se\/blog\/#\/schema\/person\/061984c1d884b363e2c91550f2e00d1d"},"breadcrumb":{"@id":"https:\/\/www.arhammar.se\/blog\/lordag-den-29-april-1916-du-milde-hur-drommar-kunna-vara\/#breadcrumb"},"inLanguage":"en-US","potentialAction":[{"@type":"ReadAction","target":["https:\/\/www.arhammar.se\/blog\/lordag-den-29-april-1916-du-milde-hur-drommar-kunna-vara\/"]}]},{"@type":"ImageObject","inLanguage":"en-US","@id":"https:\/\/www.arhammar.se\/blog\/lordag-den-29-april-1916-du-milde-hur-drommar-kunna-vara\/#primaryimage","url":"https:\/\/www.arhammar.se\/blog\/wp-content\/uploads\/2020\/03\/dbhjalmars.jpg","contentUrl":"https:\/\/www.arhammar.se\/blog\/wp-content\/uploads\/2020\/03\/dbhjalmars.jpg","width":640,"height":480},{"@type":"BreadcrumbList","@id":"https:\/\/www.arhammar.se\/blog\/lordag-den-29-april-1916-du-milde-hur-drommar-kunna-vara\/#breadcrumb","itemListElement":[{"@type":"ListItem","position":1,"name":"Home","item":"https:\/\/www.arhammar.se\/blog\/"},{"@type":"ListItem","position":2,"name":"L\u00f6rdag den 29 april 1916. Du milde hur dr\u00f6mmar kunna vara."}]},{"@type":"WebSite","@id":"https:\/\/www.arhammar.se\/blog\/#website","url":"https:\/\/www.arhammar.se\/blog\/","name":"@Arhammar bokstavligen","description":"Fr\u00e5n min penna och panna","potentialAction":[{"@type":"SearchAction","target":{"@type":"EntryPoint","urlTemplate":"https:\/\/www.arhammar.se\/blog\/?s={search_term_string}"},"query-input":{"@type":"PropertyValueSpecification","valueRequired":true,"valueName":"search_term_string"}}],"inLanguage":"en-US"},{"@type":"Person","@id":"https:\/\/www.arhammar.se\/blog\/#\/schema\/person\/061984c1d884b363e2c91550f2e00d1d","name":"Anders Arhammar","image":{"@type":"ImageObject","inLanguage":"en-US","@id":"https:\/\/secure.gravatar.com\/avatar\/784b5b36cfe145ae19a52340f405285a939bcc08d4a21136b3a81f9e378ffae0?s=96&d=mm&r=g","url":"https:\/\/secure.gravatar.com\/avatar\/784b5b36cfe145ae19a52340f405285a939bcc08d4a21136b3a81f9e378ffae0?s=96&d=mm&r=g","contentUrl":"https:\/\/secure.gravatar.com\/avatar\/784b5b36cfe145ae19a52340f405285a939bcc08d4a21136b3a81f9e378ffae0?s=96&d=mm&r=g","caption":"Anders Arhammar"},"url":"https:\/\/www.arhammar.se\/blog\/author\/anders\/"}]}},"_links":{"self":[{"href":"https:\/\/www.arhammar.se\/blog\/wp-json\/wp\/v2\/posts\/28224","targetHints":{"allow":["GET"]}}],"collection":[{"href":"https:\/\/www.arhammar.se\/blog\/wp-json\/wp\/v2\/posts"}],"about":[{"href":"https:\/\/www.arhammar.se\/blog\/wp-json\/wp\/v2\/types\/post"}],"author":[{"embeddable":true,"href":"https:\/\/www.arhammar.se\/blog\/wp-json\/wp\/v2\/users\/2"}],"replies":[{"embeddable":true,"href":"https:\/\/www.arhammar.se\/blog\/wp-json\/wp\/v2\/comments?post=28224"}],"version-history":[{"count":3,"href":"https:\/\/www.arhammar.se\/blog\/wp-json\/wp\/v2\/posts\/28224\/revisions"}],"predecessor-version":[{"id":28386,"href":"https:\/\/www.arhammar.se\/blog\/wp-json\/wp\/v2\/posts\/28224\/revisions\/28386"}],"wp:featuredmedia":[{"embeddable":true,"href":"https:\/\/www.arhammar.se\/blog\/wp-json\/wp\/v2\/media\/28385"}],"wp:attachment":[{"href":"https:\/\/www.arhammar.se\/blog\/wp-json\/wp\/v2\/media?parent=28224"}],"wp:term":[{"taxonomy":"category","embeddable":true,"href":"https:\/\/www.arhammar.se\/blog\/wp-json\/wp\/v2\/categories?post=28224"},{"taxonomy":"post_tag","embeddable":true,"href":"https:\/\/www.arhammar.se\/blog\/wp-json\/wp\/v2\/tags?post=28224"}],"curies":[{"name":"wp","href":"https:\/\/api.w.org\/{rel}","templated":true}]}}