{"id":28223,"date":"2020-03-06T04:15:04","date_gmt":"2020-03-06T03:15:04","guid":{"rendered":"https:\/\/www.arhammar.se\/blog\/?p=28223"},"modified":"2020-06-07T12:24:23","modified_gmt":"2020-06-07T11:24:23","slug":"tisdag-25-april-1916-det-ska-katten-orka-stenografera","status":"publish","type":"post","link":"https:\/\/www.arhammar.se\/blog\/tisdag-25-april-1916-det-ska-katten-orka-stenografera\/","title":{"rendered":"Tisdag 25 april 1916. Det ska katten orka stenografera."},"content":{"rendered":"<p>Det ska katten orka stenografera.<br \/>\nT\u00e4nk, nu har jag varit s\u00e5 lat med det, att jag inte sett \u00e5tet p\u00e5 en hel vecka, tror jag. Men s\u00e5 har det ju ocks\u00e5 varit P\u00e5sk och tre helgdagar. Och tv\u00e5 f\u00f6rmiddagar f\u00f6re p\u00e5sk var jag ute p\u00e5 Liding\u00f6n och hj\u00e4lpte Anna med en vit sidenblus. P\u00e5 torsdag f\u00f6rmiddag reste Naemi till G\u00f6teborg. Jag f\u00f6ljde henne till stationen f\u00f6rst\u00e5s, och \u00f6nskade att f\u00e5 resa med. Ack, den som det f\u00e5tt. Det var f\u00f6rf\u00e4rligt mycket folk nere p\u00e5 stationen. Gick f\u00f6rresten ett extrat\u00e5g till G\u00f6teborg, 10 minuter f\u00f6re det ordinarie. <\/p>\n<p>P\u00e5 L\u00e5ngfredagen var jag i kyrkan. Kungsholms f\u00f6r f\u00f6rsta g\u00e5ngen. Det var varken b\u00e4ttre eller s\u00e4mre \u00e4n andra kyrkor. P\u00e5 p\u00e5skafton satt doktorn och jag som vanligt i v\u00e5r ensamhet och \u00e5t de traditionella p\u00e5sk\u00e4ggen. Det \u00e4r f\u00f6rsta g\u00e5ngen jag tillbringat p\u00e5sken utanf\u00f6r hemmet. Och det var inte n\u00e5got s\u00e4rskilt sv\u00e5rt. Man v\u00e4njer sig vid allt. Men nog l\u00e4ngtar jag vansinnigt hem ibland. <\/p>\n<p>P\u00e5skadagens f\u00f6rmiddag voro Greta E. och jag tre, s\u00e4ger 3 timmar p\u00e5 Strandv\u00e4gen och T\u00f6rnblads. D\u00e4r var f\u00f6rst\u00e5s \u00f6verfullt p\u00e5 b\u00e5da st\u00e4llen och snobbades allm\u00e4nt med v\u00e5rdr\u00e4kter och hattar. Och bl\u00e5ste, s\u00e5 det var riktigt &#8220;benstuderingsv\u00e4der\u201d. Vilket ju de korta, vida kjolarna ocks\u00e5 i h\u00f6g grad bidraga till. <\/p>\n<p>P\u00e5 middag voro vi bjudna till majorskan Spak. Det var 12 personer, major och fru Grahl med sina tv\u00e5 rara pojkar, doktorinnan Bohnsack, herr M\u00f6ller, H\u00e5kan Spak med f\u00e4stm\u00f6, fr\u00f6ken Alma Hamrin, doktorn och jag. F\u00f6rresten var det riktigt trevligt. Fr\u00f6ken Hamrin, som var s\u00f6t, men lite blyg och tyst, och jag f\u00f6rs\u00f6kte f\u00f6rst\u00e5s tillbringa s\u00e5 mycken tid, som m\u00f6jligt i Vincent Spaks rum, d\u00e4r herrarna r\u00f6kte. Och den trevliga Eric Grahl och jag sm\u00e5flirtade, s\u00e5 att H\u00e5kan ans\u00e5g sig b\u00f6ra tillh\u00e5lla oss det or\u00e4tta h\u00e4ri. Jo, jo! <\/p>\n<p>Som vanligt blev det tidigt uppbrott, vilket jag i Eric Grahls \u00f6gon tydligt kunde se, att han lika lite som jag gillade. Annandagen var jag med Karin p\u00e5 en promenad ut\u00e5t Djurg\u00e5rden, if\u00f6rd mina nya, spr\u00e4ttiga, gula skor med den sorgliga p\u00e5f\u00f6ljden, att jag fick ett stort skavs\u00e5r p\u00e5 ena h\u00e4len. D\u00e4rf\u00f6r har jag h\u00e5llit mig inne hela dagen idag. Trots att det varit ett s\u00e5dant bed\u00e5rande solskensv\u00e4der. 18-19 grader varm och h\u00e4rligt. <\/p>\n<p>Jag har lagat en blus, stoppat strumpor, skrivit en bokf\u00f6rteckning \u00e5t doktorn och l\u00e4st 25-\u00f6resb\u00f6cker av alla krafter. De senaste dagarna har jag slukat f\u00f6ljande. &#8220;Farornas palats&#8221;, intressant, \u201dSolomes roman&#8221; skojig, &#8220;Allt f\u00f6r hennes skull&#8221;, typisk, &#8220;I ungdomens v\u00e5r&#8221;, typisk, men inte s\u00e5 galen p\u00e5 sina st\u00e4llen, och &#8220;Mellan tvenne kvinnor&#8221;, ganska rolig. <\/p>\n<p>Men nyss l\u00e4ste jag ut den sista \u201dfarornas etc.&#8221; som r\u00f6r sig om livet i Versailles under Ludvig XV. Ja, d\u00e4r fanns nog sjutton tillr\u00e4ckligt av intriger, k\u00e4rlek, hemligheter, hyckleri och s\u00e5nt d\u00e4r. &#8220;Och genom det hela g\u00e5r som en r\u00f6d tr\u00e5d en ung \u00e4lsklig flicks vaknande k\u00e4rlek&#8221;, som det brukar st\u00e5 i roman- eller sk\u00e5despelrescensionerna. <\/p>\n<p>Doktorn \u00e4r borta ikv\u00e4ll, s\u00e5 jag \u00e4r ledig. Fr\u00e5n rummet intill h\u00f6res &#8220;juris&#8221; sm\u00e4ktande st\u00e4mma accompagnerad p\u00e5 guitarr p\u00e5 ett synnerligen enkelt s\u00e4tt. Nu har jag sett &#8220;juris&#8221; n\u00e5gon g\u00e5ng, och m\u00e5ste tyv\u00e4rr s\u00e4ga, att han ser rent av otrevlig ut. Det skulle vara mycket intressantare och roligare om han gjorde motsatsen. Du milde, vad han gormar d\u00e4rinne!<\/p>\n<!-- AddThis Advanced Settings generic via filter on the_content --><!-- AddThis Share Buttons generic via filter on the_content -->","protected":false},"excerpt":{"rendered":"<p>Det ska katten orka stenografera. T\u00e4nk, nu har jag varit s\u00e5 lat med det, att jag inte sett \u00e5tet p\u00e5 en hel vecka, tror jag. Men s\u00e5 har det ju ocks\u00e5 varit P\u00e5sk och tre helgdagar. Och tv\u00e5 f\u00f6rmiddagar f\u00f6re p\u00e5sk var jag ute p\u00e5 Liding\u00f6n och hj\u00e4lpte Anna med en vit sidenblus. P\u00e5 torsdag [&hellip;]<!-- AddThis Advanced Settings generic via filter on wp_trim_excerpt --><!-- AddThis Share Buttons generic via filter on wp_trim_excerpt --><\/p>\n","protected":false},"author":2,"featured_media":28384,"comment_status":"open","ping_status":"open","sticky":false,"template":"","format":"standard","meta":{"footnotes":""},"categories":[3441,3425],"tags":[],"class_list":["post-28223","post","type-post","status-publish","format-standard","has-post-thumbnail","hentry","category-3441","category-mormors-dagbok"],"yoast_head":"<!-- This site is optimized with the Yoast SEO plugin v27.4 - https:\/\/yoast.com\/product\/yoast-seo-wordpress\/ -->\n<title>Tisdag 25 april 1916. Det ska katten orka stenografera. - @Arhammar bokstavligen<\/title>\n<meta name=\"robots\" content=\"index, follow, max-snippet:-1, max-image-preview:large, max-video-preview:-1\" \/>\n<link rel=\"canonical\" href=\"https:\/\/www.arhammar.se\/blog\/tisdag-25-april-1916-det-ska-katten-orka-stenografera\/\" \/>\n<meta property=\"og:locale\" content=\"en_US\" \/>\n<meta property=\"og:type\" content=\"article\" \/>\n<meta property=\"og:title\" content=\"Tisdag 25 april 1916. Det ska katten orka stenografera. - @Arhammar bokstavligen\" \/>\n<meta property=\"og:description\" content=\"Det ska katten orka stenografera. T\u00e4nk, nu har jag varit s\u00e5 lat med det, att jag inte sett \u00e5tet p\u00e5 en hel vecka, tror jag. Men s\u00e5 har det ju ocks\u00e5 varit P\u00e5sk och tre helgdagar. Och tv\u00e5 f\u00f6rmiddagar f\u00f6re p\u00e5sk var jag ute p\u00e5 Liding\u00f6n och hj\u00e4lpte Anna med en vit sidenblus. P\u00e5 torsdag [&hellip;]\" \/>\n<meta property=\"og:url\" content=\"https:\/\/www.arhammar.se\/blog\/tisdag-25-april-1916-det-ska-katten-orka-stenografera\/\" \/>\n<meta property=\"og:site_name\" content=\"@Arhammar bokstavligen\" \/>\n<meta property=\"article:published_time\" content=\"2020-03-06T03:15:04+00:00\" \/>\n<meta property=\"article:modified_time\" content=\"2020-06-07T11:24:23+00:00\" \/>\n<meta property=\"og:image\" content=\"https:\/\/www.arhammar.se\/blog\/wp-content\/uploads\/2020\/03\/dbthornblad.jpg\" \/>\n\t<meta property=\"og:image:width\" content=\"640\" \/>\n\t<meta property=\"og:image:height\" content=\"480\" \/>\n\t<meta property=\"og:image:type\" content=\"image\/jpeg\" \/>\n<meta name=\"author\" content=\"Anders Arhammar\" \/>\n<meta name=\"twitter:card\" content=\"summary_large_image\" \/>\n<meta name=\"twitter:label1\" content=\"Written by\" \/>\n\t<meta name=\"twitter:data1\" content=\"Anders Arhammar\" \/>\n\t<meta name=\"twitter:label2\" content=\"Est. reading time\" \/>\n\t<meta name=\"twitter:data2\" content=\"3 minutes\" \/>\n<script type=\"application\/ld+json\" class=\"yoast-schema-graph\">{\"@context\":\"https:\\\/\\\/schema.org\",\"@graph\":[{\"@type\":\"Article\",\"@id\":\"https:\\\/\\\/www.arhammar.se\\\/blog\\\/tisdag-25-april-1916-det-ska-katten-orka-stenografera\\\/#article\",\"isPartOf\":{\"@id\":\"https:\\\/\\\/www.arhammar.se\\\/blog\\\/tisdag-25-april-1916-det-ska-katten-orka-stenografera\\\/\"},\"author\":{\"name\":\"Anders Arhammar\",\"@id\":\"https:\\\/\\\/www.arhammar.se\\\/blog\\\/#\\\/schema\\\/person\\\/061984c1d884b363e2c91550f2e00d1d\"},\"headline\":\"Tisdag 25 april 1916. Det ska katten orka stenografera.\",\"datePublished\":\"2020-03-06T03:15:04+00:00\",\"dateModified\":\"2020-06-07T11:24:23+00:00\",\"mainEntityOfPage\":{\"@id\":\"https:\\\/\\\/www.arhammar.se\\\/blog\\\/tisdag-25-april-1916-det-ska-katten-orka-stenografera\\\/\"},\"wordCount\":661,\"commentCount\":0,\"image\":{\"@id\":\"https:\\\/\\\/www.arhammar.se\\\/blog\\\/tisdag-25-april-1916-det-ska-katten-orka-stenografera\\\/#primaryimage\"},\"thumbnailUrl\":\"https:\\\/\\\/www.arhammar.se\\\/blog\\\/wp-content\\\/uploads\\\/2020\\\/03\\\/dbthornblad.jpg\",\"articleSection\":[\"1916\",\"mormors dagbok\"],\"inLanguage\":\"en-US\",\"potentialAction\":[{\"@type\":\"CommentAction\",\"name\":\"Comment\",\"target\":[\"https:\\\/\\\/www.arhammar.se\\\/blog\\\/tisdag-25-april-1916-det-ska-katten-orka-stenografera\\\/#respond\"]}]},{\"@type\":\"WebPage\",\"@id\":\"https:\\\/\\\/www.arhammar.se\\\/blog\\\/tisdag-25-april-1916-det-ska-katten-orka-stenografera\\\/\",\"url\":\"https:\\\/\\\/www.arhammar.se\\\/blog\\\/tisdag-25-april-1916-det-ska-katten-orka-stenografera\\\/\",\"name\":\"Tisdag 25 april 1916. Det ska katten orka stenografera. - @Arhammar bokstavligen\",\"isPartOf\":{\"@id\":\"https:\\\/\\\/www.arhammar.se\\\/blog\\\/#website\"},\"primaryImageOfPage\":{\"@id\":\"https:\\\/\\\/www.arhammar.se\\\/blog\\\/tisdag-25-april-1916-det-ska-katten-orka-stenografera\\\/#primaryimage\"},\"image\":{\"@id\":\"https:\\\/\\\/www.arhammar.se\\\/blog\\\/tisdag-25-april-1916-det-ska-katten-orka-stenografera\\\/#primaryimage\"},\"thumbnailUrl\":\"https:\\\/\\\/www.arhammar.se\\\/blog\\\/wp-content\\\/uploads\\\/2020\\\/03\\\/dbthornblad.jpg\",\"datePublished\":\"2020-03-06T03:15:04+00:00\",\"dateModified\":\"2020-06-07T11:24:23+00:00\",\"author\":{\"@id\":\"https:\\\/\\\/www.arhammar.se\\\/blog\\\/#\\\/schema\\\/person\\\/061984c1d884b363e2c91550f2e00d1d\"},\"breadcrumb\":{\"@id\":\"https:\\\/\\\/www.arhammar.se\\\/blog\\\/tisdag-25-april-1916-det-ska-katten-orka-stenografera\\\/#breadcrumb\"},\"inLanguage\":\"en-US\",\"potentialAction\":[{\"@type\":\"ReadAction\",\"target\":[\"https:\\\/\\\/www.arhammar.se\\\/blog\\\/tisdag-25-april-1916-det-ska-katten-orka-stenografera\\\/\"]}]},{\"@type\":\"ImageObject\",\"inLanguage\":\"en-US\",\"@id\":\"https:\\\/\\\/www.arhammar.se\\\/blog\\\/tisdag-25-april-1916-det-ska-katten-orka-stenografera\\\/#primaryimage\",\"url\":\"https:\\\/\\\/www.arhammar.se\\\/blog\\\/wp-content\\\/uploads\\\/2020\\\/03\\\/dbthornblad.jpg\",\"contentUrl\":\"https:\\\/\\\/www.arhammar.se\\\/blog\\\/wp-content\\\/uploads\\\/2020\\\/03\\\/dbthornblad.jpg\",\"width\":640,\"height\":480},{\"@type\":\"BreadcrumbList\",\"@id\":\"https:\\\/\\\/www.arhammar.se\\\/blog\\\/tisdag-25-april-1916-det-ska-katten-orka-stenografera\\\/#breadcrumb\",\"itemListElement\":[{\"@type\":\"ListItem\",\"position\":1,\"name\":\"Home\",\"item\":\"https:\\\/\\\/www.arhammar.se\\\/blog\\\/\"},{\"@type\":\"ListItem\",\"position\":2,\"name\":\"Tisdag 25 april 1916. Det ska katten orka stenografera.\"}]},{\"@type\":\"WebSite\",\"@id\":\"https:\\\/\\\/www.arhammar.se\\\/blog\\\/#website\",\"url\":\"https:\\\/\\\/www.arhammar.se\\\/blog\\\/\",\"name\":\"@Arhammar bokstavligen\",\"description\":\"Fr\u00e5n min penna och panna\",\"potentialAction\":[{\"@type\":\"SearchAction\",\"target\":{\"@type\":\"EntryPoint\",\"urlTemplate\":\"https:\\\/\\\/www.arhammar.se\\\/blog\\\/?s={search_term_string}\"},\"query-input\":{\"@type\":\"PropertyValueSpecification\",\"valueRequired\":true,\"valueName\":\"search_term_string\"}}],\"inLanguage\":\"en-US\"},{\"@type\":\"Person\",\"@id\":\"https:\\\/\\\/www.arhammar.se\\\/blog\\\/#\\\/schema\\\/person\\\/061984c1d884b363e2c91550f2e00d1d\",\"name\":\"Anders Arhammar\",\"image\":{\"@type\":\"ImageObject\",\"inLanguage\":\"en-US\",\"@id\":\"https:\\\/\\\/secure.gravatar.com\\\/avatar\\\/784b5b36cfe145ae19a52340f405285a939bcc08d4a21136b3a81f9e378ffae0?s=96&d=mm&r=g\",\"url\":\"https:\\\/\\\/secure.gravatar.com\\\/avatar\\\/784b5b36cfe145ae19a52340f405285a939bcc08d4a21136b3a81f9e378ffae0?s=96&d=mm&r=g\",\"contentUrl\":\"https:\\\/\\\/secure.gravatar.com\\\/avatar\\\/784b5b36cfe145ae19a52340f405285a939bcc08d4a21136b3a81f9e378ffae0?s=96&d=mm&r=g\",\"caption\":\"Anders Arhammar\"},\"url\":\"https:\\\/\\\/www.arhammar.se\\\/blog\\\/author\\\/anders\\\/\"}]}<\/script>\n<!-- \/ Yoast SEO plugin. -->","yoast_head_json":{"title":"Tisdag 25 april 1916. Det ska katten orka stenografera. - @Arhammar bokstavligen","robots":{"index":"index","follow":"follow","max-snippet":"max-snippet:-1","max-image-preview":"max-image-preview:large","max-video-preview":"max-video-preview:-1"},"canonical":"https:\/\/www.arhammar.se\/blog\/tisdag-25-april-1916-det-ska-katten-orka-stenografera\/","og_locale":"en_US","og_type":"article","og_title":"Tisdag 25 april 1916. Det ska katten orka stenografera. - @Arhammar bokstavligen","og_description":"Det ska katten orka stenografera. T\u00e4nk, nu har jag varit s\u00e5 lat med det, att jag inte sett \u00e5tet p\u00e5 en hel vecka, tror jag. Men s\u00e5 har det ju ocks\u00e5 varit P\u00e5sk och tre helgdagar. Och tv\u00e5 f\u00f6rmiddagar f\u00f6re p\u00e5sk var jag ute p\u00e5 Liding\u00f6n och hj\u00e4lpte Anna med en vit sidenblus. P\u00e5 torsdag [&hellip;]","og_url":"https:\/\/www.arhammar.se\/blog\/tisdag-25-april-1916-det-ska-katten-orka-stenografera\/","og_site_name":"@Arhammar bokstavligen","article_published_time":"2020-03-06T03:15:04+00:00","article_modified_time":"2020-06-07T11:24:23+00:00","og_image":[{"width":640,"height":480,"url":"https:\/\/www.arhammar.se\/blog\/wp-content\/uploads\/2020\/03\/dbthornblad.jpg","type":"image\/jpeg"}],"author":"Anders Arhammar","twitter_card":"summary_large_image","twitter_misc":{"Written by":"Anders Arhammar","Est. reading time":"3 minutes"},"schema":{"@context":"https:\/\/schema.org","@graph":[{"@type":"Article","@id":"https:\/\/www.arhammar.se\/blog\/tisdag-25-april-1916-det-ska-katten-orka-stenografera\/#article","isPartOf":{"@id":"https:\/\/www.arhammar.se\/blog\/tisdag-25-april-1916-det-ska-katten-orka-stenografera\/"},"author":{"name":"Anders Arhammar","@id":"https:\/\/www.arhammar.se\/blog\/#\/schema\/person\/061984c1d884b363e2c91550f2e00d1d"},"headline":"Tisdag 25 april 1916. Det ska katten orka stenografera.","datePublished":"2020-03-06T03:15:04+00:00","dateModified":"2020-06-07T11:24:23+00:00","mainEntityOfPage":{"@id":"https:\/\/www.arhammar.se\/blog\/tisdag-25-april-1916-det-ska-katten-orka-stenografera\/"},"wordCount":661,"commentCount":0,"image":{"@id":"https:\/\/www.arhammar.se\/blog\/tisdag-25-april-1916-det-ska-katten-orka-stenografera\/#primaryimage"},"thumbnailUrl":"https:\/\/www.arhammar.se\/blog\/wp-content\/uploads\/2020\/03\/dbthornblad.jpg","articleSection":["1916","mormors dagbok"],"inLanguage":"en-US","potentialAction":[{"@type":"CommentAction","name":"Comment","target":["https:\/\/www.arhammar.se\/blog\/tisdag-25-april-1916-det-ska-katten-orka-stenografera\/#respond"]}]},{"@type":"WebPage","@id":"https:\/\/www.arhammar.se\/blog\/tisdag-25-april-1916-det-ska-katten-orka-stenografera\/","url":"https:\/\/www.arhammar.se\/blog\/tisdag-25-april-1916-det-ska-katten-orka-stenografera\/","name":"Tisdag 25 april 1916. Det ska katten orka stenografera. - @Arhammar bokstavligen","isPartOf":{"@id":"https:\/\/www.arhammar.se\/blog\/#website"},"primaryImageOfPage":{"@id":"https:\/\/www.arhammar.se\/blog\/tisdag-25-april-1916-det-ska-katten-orka-stenografera\/#primaryimage"},"image":{"@id":"https:\/\/www.arhammar.se\/blog\/tisdag-25-april-1916-det-ska-katten-orka-stenografera\/#primaryimage"},"thumbnailUrl":"https:\/\/www.arhammar.se\/blog\/wp-content\/uploads\/2020\/03\/dbthornblad.jpg","datePublished":"2020-03-06T03:15:04+00:00","dateModified":"2020-06-07T11:24:23+00:00","author":{"@id":"https:\/\/www.arhammar.se\/blog\/#\/schema\/person\/061984c1d884b363e2c91550f2e00d1d"},"breadcrumb":{"@id":"https:\/\/www.arhammar.se\/blog\/tisdag-25-april-1916-det-ska-katten-orka-stenografera\/#breadcrumb"},"inLanguage":"en-US","potentialAction":[{"@type":"ReadAction","target":["https:\/\/www.arhammar.se\/blog\/tisdag-25-april-1916-det-ska-katten-orka-stenografera\/"]}]},{"@type":"ImageObject","inLanguage":"en-US","@id":"https:\/\/www.arhammar.se\/blog\/tisdag-25-april-1916-det-ska-katten-orka-stenografera\/#primaryimage","url":"https:\/\/www.arhammar.se\/blog\/wp-content\/uploads\/2020\/03\/dbthornblad.jpg","contentUrl":"https:\/\/www.arhammar.se\/blog\/wp-content\/uploads\/2020\/03\/dbthornblad.jpg","width":640,"height":480},{"@type":"BreadcrumbList","@id":"https:\/\/www.arhammar.se\/blog\/tisdag-25-april-1916-det-ska-katten-orka-stenografera\/#breadcrumb","itemListElement":[{"@type":"ListItem","position":1,"name":"Home","item":"https:\/\/www.arhammar.se\/blog\/"},{"@type":"ListItem","position":2,"name":"Tisdag 25 april 1916. Det ska katten orka stenografera."}]},{"@type":"WebSite","@id":"https:\/\/www.arhammar.se\/blog\/#website","url":"https:\/\/www.arhammar.se\/blog\/","name":"@Arhammar bokstavligen","description":"Fr\u00e5n min penna och panna","potentialAction":[{"@type":"SearchAction","target":{"@type":"EntryPoint","urlTemplate":"https:\/\/www.arhammar.se\/blog\/?s={search_term_string}"},"query-input":{"@type":"PropertyValueSpecification","valueRequired":true,"valueName":"search_term_string"}}],"inLanguage":"en-US"},{"@type":"Person","@id":"https:\/\/www.arhammar.se\/blog\/#\/schema\/person\/061984c1d884b363e2c91550f2e00d1d","name":"Anders Arhammar","image":{"@type":"ImageObject","inLanguage":"en-US","@id":"https:\/\/secure.gravatar.com\/avatar\/784b5b36cfe145ae19a52340f405285a939bcc08d4a21136b3a81f9e378ffae0?s=96&d=mm&r=g","url":"https:\/\/secure.gravatar.com\/avatar\/784b5b36cfe145ae19a52340f405285a939bcc08d4a21136b3a81f9e378ffae0?s=96&d=mm&r=g","contentUrl":"https:\/\/secure.gravatar.com\/avatar\/784b5b36cfe145ae19a52340f405285a939bcc08d4a21136b3a81f9e378ffae0?s=96&d=mm&r=g","caption":"Anders Arhammar"},"url":"https:\/\/www.arhammar.se\/blog\/author\/anders\/"}]}},"_links":{"self":[{"href":"https:\/\/www.arhammar.se\/blog\/wp-json\/wp\/v2\/posts\/28223","targetHints":{"allow":["GET"]}}],"collection":[{"href":"https:\/\/www.arhammar.se\/blog\/wp-json\/wp\/v2\/posts"}],"about":[{"href":"https:\/\/www.arhammar.se\/blog\/wp-json\/wp\/v2\/types\/post"}],"author":[{"embeddable":true,"href":"https:\/\/www.arhammar.se\/blog\/wp-json\/wp\/v2\/users\/2"}],"replies":[{"embeddable":true,"href":"https:\/\/www.arhammar.se\/blog\/wp-json\/wp\/v2\/comments?post=28223"}],"version-history":[{"count":6,"href":"https:\/\/www.arhammar.se\/blog\/wp-json\/wp\/v2\/posts\/28223\/revisions"}],"predecessor-version":[{"id":29041,"href":"https:\/\/www.arhammar.se\/blog\/wp-json\/wp\/v2\/posts\/28223\/revisions\/29041"}],"wp:featuredmedia":[{"embeddable":true,"href":"https:\/\/www.arhammar.se\/blog\/wp-json\/wp\/v2\/media\/28384"}],"wp:attachment":[{"href":"https:\/\/www.arhammar.se\/blog\/wp-json\/wp\/v2\/media?parent=28223"}],"wp:term":[{"taxonomy":"category","embeddable":true,"href":"https:\/\/www.arhammar.se\/blog\/wp-json\/wp\/v2\/categories?post=28223"},{"taxonomy":"post_tag","embeddable":true,"href":"https:\/\/www.arhammar.se\/blog\/wp-json\/wp\/v2\/tags?post=28223"}],"curies":[{"name":"wp","href":"https:\/\/api.w.org\/{rel}","templated":true}]}}