{"id":28220,"date":"2020-03-06T04:10:30","date_gmt":"2020-03-06T03:10:30","guid":{"rendered":"https:\/\/www.arhammar.se\/blog\/?p=28220"},"modified":"2020-04-27T17:07:18","modified_gmt":"2020-04-27T16:07:18","slug":"lordag-den-15-april-1916-ska-du-rock-kottet-ur-nava-pa-ma-ditt-halvot","status":"publish","type":"post","link":"https:\/\/www.arhammar.se\/blog\/lordag-den-15-april-1916-ska-du-rock-kottet-ur-nava-pa-ma-ditt-halvot\/","title":{"rendered":"L\u00f6rdag den 15 april 1916. Ska du r\u00f6ck k\u00f6ttet ur n\u00e4va p\u00e5 m\u00e4 ditt h\u00e4lv\u00f6t!"},"content":{"rendered":"<p>Har nyss kommit fr\u00e5n gymnastiken. Men idag var jag inte med. Jag satt p\u00e5 l\u00e4ktaren och s\u00e5g p\u00e5 och kritiserade. Och d\u00e4r fanns tyv\u00e4rr mycket att anm\u00e4rka p\u00e5. S\u00e4rskilt armr\u00f6relser. F\u00f6r att inte tala om hoppen. Jag undrar sannerligen inte p\u00e5 att L\u00f6jtnant Granfelt, d\u00e5 vi en g\u00e5ng talade om hopp, sade att flickor kunna \u00e4nd\u00e5 inte l\u00e4ra sig hoppa riktigt bra. Nej, det ser sannerligen inte s\u00e5 bra ut h\u00e4r. Det \u00e4r rent av ynkligt.<\/p>\n<p>Ja, idag har jag varit l\u00f6s och ledig hela eftermiddagen. Doktorn skulle n\u00e4mligen ha middag f\u00f6r sina systrar till \u00e5minnelse av sin salig avlidne far. Och d\u00e5 var jag ju \u00f6verfl\u00f6dig, s\u00e5 jag fick 5 krisch att f\u00f6da mig p\u00e5 och roa mig f\u00f6r o.s.v. <\/p>\n<p>Som jag inte var ett dugg hungrig gav jag den s.k. sjutton i middag, och bj\u00f6d Naemi p\u00e5 \u201dRegina&#8221;, d\u00e4r dom spelade &#8220;Pr\u00e4sten\u201d. Riktigt bra. Egil Eide, Rickard Lund och Carlo Wieth. Alla mycket stiliga, var p\u00e5 sitt s\u00e4tt. Eftersom Carlo Wieth st\u00e5tade med kortbyxor, kunde jag till min stora tillfredst\u00e4llelse konstatera att han hade hiskeligt vackra ben. <\/p>\n<p>Fr\u00e5n biografen gingo vi och tittade p\u00e5 i gymnastiken. Och nu sitter jag h\u00e4r klockan halv 11 och k\u00e4nner mig n\u00e4stan hungrig d\u00e5 jag nu av Hanna, som nyss var inne och ordnade f\u00f6r natten, fick h\u00f6ra matsedeln: <\/p>\n<p>&#8220;Ostron med rostat br\u00f6d och sm\u00f6r och porter. 2. Soppa med tunga och n\u00e5got annat fint (tryffel). 3. r\u00f6kt lax med n\u00e5gonting ocks\u00e5 fint( spenat, f\u00f6rlorade \u00e4gg) som jag inte kommer ih\u00e5g. 4. Stekt anka med sallad, \u00e4pplemos, oliver och olivs\u00e5s. 5. kron\u00e4rtskocksbottnar med sparrisknoppar (och n\u00e5n s\u00e5s). 6. fruktglass med varm choklad. 7. frukt. Viner: vitt vin, champagne, sherry. Jo &#8211; jag tackar jag. De \u00e4 inte vanli \u201dbivackmat\u201d de inte.<\/p>\n<p>Jag kan inte l\u00e5ta bli att skratta, d\u00e5 jag t\u00e4nker p\u00e5 ett uttryck, som Naemi och jag i afton k\u00f6rt med. &#8220;Ska du r\u00f6ck k\u00f6ttet ur n\u00e4va p\u00e5 m\u00e4 ditt h\u00e4lv\u00f6t\u201d! Vilket l\u00e4r ha yttrats vid n\u00e5got tillf\u00e4lle av den s\u00e5 kallade &#8220;Dalk\u00e4rn&#8221; i V\u00e4rmland.<\/p>\n<!-- AddThis Advanced Settings generic via filter on the_content --><!-- AddThis Share Buttons generic via filter on the_content -->","protected":false},"excerpt":{"rendered":"<p>Har nyss kommit fr\u00e5n gymnastiken. Men idag var jag inte med. Jag satt p\u00e5 l\u00e4ktaren och s\u00e5g p\u00e5 och kritiserade. Och d\u00e4r fanns tyv\u00e4rr mycket att anm\u00e4rka p\u00e5. S\u00e4rskilt armr\u00f6relser. F\u00f6r att inte tala om hoppen. Jag undrar sannerligen inte p\u00e5 att L\u00f6jtnant Granfelt, d\u00e5 vi en g\u00e5ng talade om hopp, sade att flickor kunna [&hellip;]<!-- AddThis Advanced Settings generic via filter on wp_trim_excerpt --><!-- AddThis Share Buttons generic via filter on wp_trim_excerpt --><\/p>\n","protected":false},"author":2,"featured_media":28221,"comment_status":"closed","ping_status":"closed","sticky":false,"template":"","format":"standard","meta":{"footnotes":""},"categories":[3441,3425],"tags":[],"class_list":["post-28220","post","type-post","status-publish","format-standard","has-post-thumbnail","hentry","category-3441","category-mormors-dagbok"],"yoast_head":"<!-- This site is optimized with the Yoast SEO plugin v27.4 - https:\/\/yoast.com\/product\/yoast-seo-wordpress\/ -->\n<title>L\u00f6rdag den 15 april 1916. Ska du r\u00f6ck k\u00f6ttet ur n\u00e4va p\u00e5 m\u00e4 ditt h\u00e4lv\u00f6t! - @Arhammar bokstavligen<\/title>\n<meta name=\"robots\" content=\"index, follow, max-snippet:-1, max-image-preview:large, max-video-preview:-1\" \/>\n<link rel=\"canonical\" href=\"https:\/\/www.arhammar.se\/blog\/lordag-den-15-april-1916-ska-du-rock-kottet-ur-nava-pa-ma-ditt-halvot\/\" \/>\n<meta property=\"og:locale\" content=\"en_US\" \/>\n<meta property=\"og:type\" content=\"article\" \/>\n<meta property=\"og:title\" content=\"L\u00f6rdag den 15 april 1916. Ska du r\u00f6ck k\u00f6ttet ur n\u00e4va p\u00e5 m\u00e4 ditt h\u00e4lv\u00f6t! - @Arhammar bokstavligen\" \/>\n<meta property=\"og:description\" content=\"Har nyss kommit fr\u00e5n gymnastiken. Men idag var jag inte med. Jag satt p\u00e5 l\u00e4ktaren och s\u00e5g p\u00e5 och kritiserade. Och d\u00e4r fanns tyv\u00e4rr mycket att anm\u00e4rka p\u00e5. S\u00e4rskilt armr\u00f6relser. F\u00f6r att inte tala om hoppen. Jag undrar sannerligen inte p\u00e5 att L\u00f6jtnant Granfelt, d\u00e5 vi en g\u00e5ng talade om hopp, sade att flickor kunna [&hellip;]\" \/>\n<meta property=\"og:url\" content=\"https:\/\/www.arhammar.se\/blog\/lordag-den-15-april-1916-ska-du-rock-kottet-ur-nava-pa-ma-ditt-halvot\/\" \/>\n<meta property=\"og:site_name\" content=\"@Arhammar bokstavligen\" \/>\n<meta property=\"article:published_time\" content=\"2020-03-06T03:10:30+00:00\" \/>\n<meta property=\"article:modified_time\" content=\"2020-04-27T16:07:18+00:00\" \/>\n<meta property=\"og:image\" content=\"https:\/\/www.arhammar.se\/blog\/wp-content\/uploads\/2020\/04\/dbregina.jpg\" \/>\n\t<meta property=\"og:image:width\" content=\"640\" \/>\n\t<meta property=\"og:image:height\" content=\"480\" \/>\n\t<meta property=\"og:image:type\" content=\"image\/jpeg\" \/>\n<meta name=\"author\" content=\"Anders Arhammar\" \/>\n<meta name=\"twitter:card\" content=\"summary_large_image\" \/>\n<meta name=\"twitter:label1\" content=\"Written by\" \/>\n\t<meta name=\"twitter:data1\" content=\"Anders Arhammar\" \/>\n\t<meta name=\"twitter:label2\" content=\"Est. reading time\" \/>\n\t<meta name=\"twitter:data2\" content=\"2 minutes\" \/>\n<script type=\"application\/ld+json\" class=\"yoast-schema-graph\">{\"@context\":\"https:\\\/\\\/schema.org\",\"@graph\":[{\"@type\":\"Article\",\"@id\":\"https:\\\/\\\/www.arhammar.se\\\/blog\\\/lordag-den-15-april-1916-ska-du-rock-kottet-ur-nava-pa-ma-ditt-halvot\\\/#article\",\"isPartOf\":{\"@id\":\"https:\\\/\\\/www.arhammar.se\\\/blog\\\/lordag-den-15-april-1916-ska-du-rock-kottet-ur-nava-pa-ma-ditt-halvot\\\/\"},\"author\":{\"name\":\"Anders Arhammar\",\"@id\":\"https:\\\/\\\/www.arhammar.se\\\/blog\\\/#\\\/schema\\\/person\\\/061984c1d884b363e2c91550f2e00d1d\"},\"headline\":\"L\u00f6rdag den 15 april 1916. Ska du r\u00f6ck k\u00f6ttet ur n\u00e4va p\u00e5 m\u00e4 ditt h\u00e4lv\u00f6t!\",\"datePublished\":\"2020-03-06T03:10:30+00:00\",\"dateModified\":\"2020-04-27T16:07:18+00:00\",\"mainEntityOfPage\":{\"@id\":\"https:\\\/\\\/www.arhammar.se\\\/blog\\\/lordag-den-15-april-1916-ska-du-rock-kottet-ur-nava-pa-ma-ditt-halvot\\\/\"},\"wordCount\":402,\"image\":{\"@id\":\"https:\\\/\\\/www.arhammar.se\\\/blog\\\/lordag-den-15-april-1916-ska-du-rock-kottet-ur-nava-pa-ma-ditt-halvot\\\/#primaryimage\"},\"thumbnailUrl\":\"https:\\\/\\\/www.arhammar.se\\\/blog\\\/wp-content\\\/uploads\\\/2020\\\/04\\\/dbregina.jpg\",\"articleSection\":[\"1916\",\"mormors dagbok\"],\"inLanguage\":\"en-US\"},{\"@type\":\"WebPage\",\"@id\":\"https:\\\/\\\/www.arhammar.se\\\/blog\\\/lordag-den-15-april-1916-ska-du-rock-kottet-ur-nava-pa-ma-ditt-halvot\\\/\",\"url\":\"https:\\\/\\\/www.arhammar.se\\\/blog\\\/lordag-den-15-april-1916-ska-du-rock-kottet-ur-nava-pa-ma-ditt-halvot\\\/\",\"name\":\"L\u00f6rdag den 15 april 1916. Ska du r\u00f6ck k\u00f6ttet ur n\u00e4va p\u00e5 m\u00e4 ditt h\u00e4lv\u00f6t! - @Arhammar bokstavligen\",\"isPartOf\":{\"@id\":\"https:\\\/\\\/www.arhammar.se\\\/blog\\\/#website\"},\"primaryImageOfPage\":{\"@id\":\"https:\\\/\\\/www.arhammar.se\\\/blog\\\/lordag-den-15-april-1916-ska-du-rock-kottet-ur-nava-pa-ma-ditt-halvot\\\/#primaryimage\"},\"image\":{\"@id\":\"https:\\\/\\\/www.arhammar.se\\\/blog\\\/lordag-den-15-april-1916-ska-du-rock-kottet-ur-nava-pa-ma-ditt-halvot\\\/#primaryimage\"},\"thumbnailUrl\":\"https:\\\/\\\/www.arhammar.se\\\/blog\\\/wp-content\\\/uploads\\\/2020\\\/04\\\/dbregina.jpg\",\"datePublished\":\"2020-03-06T03:10:30+00:00\",\"dateModified\":\"2020-04-27T16:07:18+00:00\",\"author\":{\"@id\":\"https:\\\/\\\/www.arhammar.se\\\/blog\\\/#\\\/schema\\\/person\\\/061984c1d884b363e2c91550f2e00d1d\"},\"breadcrumb\":{\"@id\":\"https:\\\/\\\/www.arhammar.se\\\/blog\\\/lordag-den-15-april-1916-ska-du-rock-kottet-ur-nava-pa-ma-ditt-halvot\\\/#breadcrumb\"},\"inLanguage\":\"en-US\",\"potentialAction\":[{\"@type\":\"ReadAction\",\"target\":[\"https:\\\/\\\/www.arhammar.se\\\/blog\\\/lordag-den-15-april-1916-ska-du-rock-kottet-ur-nava-pa-ma-ditt-halvot\\\/\"]}]},{\"@type\":\"ImageObject\",\"inLanguage\":\"en-US\",\"@id\":\"https:\\\/\\\/www.arhammar.se\\\/blog\\\/lordag-den-15-april-1916-ska-du-rock-kottet-ur-nava-pa-ma-ditt-halvot\\\/#primaryimage\",\"url\":\"https:\\\/\\\/www.arhammar.se\\\/blog\\\/wp-content\\\/uploads\\\/2020\\\/04\\\/dbregina.jpg\",\"contentUrl\":\"https:\\\/\\\/www.arhammar.se\\\/blog\\\/wp-content\\\/uploads\\\/2020\\\/04\\\/dbregina.jpg\",\"width\":640,\"height\":480},{\"@type\":\"BreadcrumbList\",\"@id\":\"https:\\\/\\\/www.arhammar.se\\\/blog\\\/lordag-den-15-april-1916-ska-du-rock-kottet-ur-nava-pa-ma-ditt-halvot\\\/#breadcrumb\",\"itemListElement\":[{\"@type\":\"ListItem\",\"position\":1,\"name\":\"Home\",\"item\":\"https:\\\/\\\/www.arhammar.se\\\/blog\\\/\"},{\"@type\":\"ListItem\",\"position\":2,\"name\":\"L\u00f6rdag den 15 april 1916. Ska du r\u00f6ck k\u00f6ttet ur n\u00e4va p\u00e5 m\u00e4 ditt h\u00e4lv\u00f6t!\"}]},{\"@type\":\"WebSite\",\"@id\":\"https:\\\/\\\/www.arhammar.se\\\/blog\\\/#website\",\"url\":\"https:\\\/\\\/www.arhammar.se\\\/blog\\\/\",\"name\":\"@Arhammar bokstavligen\",\"description\":\"Fr\u00e5n min penna och panna\",\"potentialAction\":[{\"@type\":\"SearchAction\",\"target\":{\"@type\":\"EntryPoint\",\"urlTemplate\":\"https:\\\/\\\/www.arhammar.se\\\/blog\\\/?s={search_term_string}\"},\"query-input\":{\"@type\":\"PropertyValueSpecification\",\"valueRequired\":true,\"valueName\":\"search_term_string\"}}],\"inLanguage\":\"en-US\"},{\"@type\":\"Person\",\"@id\":\"https:\\\/\\\/www.arhammar.se\\\/blog\\\/#\\\/schema\\\/person\\\/061984c1d884b363e2c91550f2e00d1d\",\"name\":\"Anders Arhammar\",\"image\":{\"@type\":\"ImageObject\",\"inLanguage\":\"en-US\",\"@id\":\"https:\\\/\\\/secure.gravatar.com\\\/avatar\\\/784b5b36cfe145ae19a52340f405285a939bcc08d4a21136b3a81f9e378ffae0?s=96&d=mm&r=g\",\"url\":\"https:\\\/\\\/secure.gravatar.com\\\/avatar\\\/784b5b36cfe145ae19a52340f405285a939bcc08d4a21136b3a81f9e378ffae0?s=96&d=mm&r=g\",\"contentUrl\":\"https:\\\/\\\/secure.gravatar.com\\\/avatar\\\/784b5b36cfe145ae19a52340f405285a939bcc08d4a21136b3a81f9e378ffae0?s=96&d=mm&r=g\",\"caption\":\"Anders Arhammar\"},\"url\":\"https:\\\/\\\/www.arhammar.se\\\/blog\\\/author\\\/anders\\\/\"}]}<\/script>\n<!-- \/ Yoast SEO plugin. -->","yoast_head_json":{"title":"L\u00f6rdag den 15 april 1916. Ska du r\u00f6ck k\u00f6ttet ur n\u00e4va p\u00e5 m\u00e4 ditt h\u00e4lv\u00f6t! - @Arhammar bokstavligen","robots":{"index":"index","follow":"follow","max-snippet":"max-snippet:-1","max-image-preview":"max-image-preview:large","max-video-preview":"max-video-preview:-1"},"canonical":"https:\/\/www.arhammar.se\/blog\/lordag-den-15-april-1916-ska-du-rock-kottet-ur-nava-pa-ma-ditt-halvot\/","og_locale":"en_US","og_type":"article","og_title":"L\u00f6rdag den 15 april 1916. Ska du r\u00f6ck k\u00f6ttet ur n\u00e4va p\u00e5 m\u00e4 ditt h\u00e4lv\u00f6t! - @Arhammar bokstavligen","og_description":"Har nyss kommit fr\u00e5n gymnastiken. Men idag var jag inte med. Jag satt p\u00e5 l\u00e4ktaren och s\u00e5g p\u00e5 och kritiserade. Och d\u00e4r fanns tyv\u00e4rr mycket att anm\u00e4rka p\u00e5. S\u00e4rskilt armr\u00f6relser. F\u00f6r att inte tala om hoppen. Jag undrar sannerligen inte p\u00e5 att L\u00f6jtnant Granfelt, d\u00e5 vi en g\u00e5ng talade om hopp, sade att flickor kunna [&hellip;]","og_url":"https:\/\/www.arhammar.se\/blog\/lordag-den-15-april-1916-ska-du-rock-kottet-ur-nava-pa-ma-ditt-halvot\/","og_site_name":"@Arhammar bokstavligen","article_published_time":"2020-03-06T03:10:30+00:00","article_modified_time":"2020-04-27T16:07:18+00:00","og_image":[{"width":640,"height":480,"url":"https:\/\/www.arhammar.se\/blog\/wp-content\/uploads\/2020\/04\/dbregina.jpg","type":"image\/jpeg"}],"author":"Anders Arhammar","twitter_card":"summary_large_image","twitter_misc":{"Written by":"Anders Arhammar","Est. reading time":"2 minutes"},"schema":{"@context":"https:\/\/schema.org","@graph":[{"@type":"Article","@id":"https:\/\/www.arhammar.se\/blog\/lordag-den-15-april-1916-ska-du-rock-kottet-ur-nava-pa-ma-ditt-halvot\/#article","isPartOf":{"@id":"https:\/\/www.arhammar.se\/blog\/lordag-den-15-april-1916-ska-du-rock-kottet-ur-nava-pa-ma-ditt-halvot\/"},"author":{"name":"Anders Arhammar","@id":"https:\/\/www.arhammar.se\/blog\/#\/schema\/person\/061984c1d884b363e2c91550f2e00d1d"},"headline":"L\u00f6rdag den 15 april 1916. Ska du r\u00f6ck k\u00f6ttet ur n\u00e4va p\u00e5 m\u00e4 ditt h\u00e4lv\u00f6t!","datePublished":"2020-03-06T03:10:30+00:00","dateModified":"2020-04-27T16:07:18+00:00","mainEntityOfPage":{"@id":"https:\/\/www.arhammar.se\/blog\/lordag-den-15-april-1916-ska-du-rock-kottet-ur-nava-pa-ma-ditt-halvot\/"},"wordCount":402,"image":{"@id":"https:\/\/www.arhammar.se\/blog\/lordag-den-15-april-1916-ska-du-rock-kottet-ur-nava-pa-ma-ditt-halvot\/#primaryimage"},"thumbnailUrl":"https:\/\/www.arhammar.se\/blog\/wp-content\/uploads\/2020\/04\/dbregina.jpg","articleSection":["1916","mormors dagbok"],"inLanguage":"en-US"},{"@type":"WebPage","@id":"https:\/\/www.arhammar.se\/blog\/lordag-den-15-april-1916-ska-du-rock-kottet-ur-nava-pa-ma-ditt-halvot\/","url":"https:\/\/www.arhammar.se\/blog\/lordag-den-15-april-1916-ska-du-rock-kottet-ur-nava-pa-ma-ditt-halvot\/","name":"L\u00f6rdag den 15 april 1916. Ska du r\u00f6ck k\u00f6ttet ur n\u00e4va p\u00e5 m\u00e4 ditt h\u00e4lv\u00f6t! - @Arhammar bokstavligen","isPartOf":{"@id":"https:\/\/www.arhammar.se\/blog\/#website"},"primaryImageOfPage":{"@id":"https:\/\/www.arhammar.se\/blog\/lordag-den-15-april-1916-ska-du-rock-kottet-ur-nava-pa-ma-ditt-halvot\/#primaryimage"},"image":{"@id":"https:\/\/www.arhammar.se\/blog\/lordag-den-15-april-1916-ska-du-rock-kottet-ur-nava-pa-ma-ditt-halvot\/#primaryimage"},"thumbnailUrl":"https:\/\/www.arhammar.se\/blog\/wp-content\/uploads\/2020\/04\/dbregina.jpg","datePublished":"2020-03-06T03:10:30+00:00","dateModified":"2020-04-27T16:07:18+00:00","author":{"@id":"https:\/\/www.arhammar.se\/blog\/#\/schema\/person\/061984c1d884b363e2c91550f2e00d1d"},"breadcrumb":{"@id":"https:\/\/www.arhammar.se\/blog\/lordag-den-15-april-1916-ska-du-rock-kottet-ur-nava-pa-ma-ditt-halvot\/#breadcrumb"},"inLanguage":"en-US","potentialAction":[{"@type":"ReadAction","target":["https:\/\/www.arhammar.se\/blog\/lordag-den-15-april-1916-ska-du-rock-kottet-ur-nava-pa-ma-ditt-halvot\/"]}]},{"@type":"ImageObject","inLanguage":"en-US","@id":"https:\/\/www.arhammar.se\/blog\/lordag-den-15-april-1916-ska-du-rock-kottet-ur-nava-pa-ma-ditt-halvot\/#primaryimage","url":"https:\/\/www.arhammar.se\/blog\/wp-content\/uploads\/2020\/04\/dbregina.jpg","contentUrl":"https:\/\/www.arhammar.se\/blog\/wp-content\/uploads\/2020\/04\/dbregina.jpg","width":640,"height":480},{"@type":"BreadcrumbList","@id":"https:\/\/www.arhammar.se\/blog\/lordag-den-15-april-1916-ska-du-rock-kottet-ur-nava-pa-ma-ditt-halvot\/#breadcrumb","itemListElement":[{"@type":"ListItem","position":1,"name":"Home","item":"https:\/\/www.arhammar.se\/blog\/"},{"@type":"ListItem","position":2,"name":"L\u00f6rdag den 15 april 1916. Ska du r\u00f6ck k\u00f6ttet ur n\u00e4va p\u00e5 m\u00e4 ditt h\u00e4lv\u00f6t!"}]},{"@type":"WebSite","@id":"https:\/\/www.arhammar.se\/blog\/#website","url":"https:\/\/www.arhammar.se\/blog\/","name":"@Arhammar bokstavligen","description":"Fr\u00e5n min penna och panna","potentialAction":[{"@type":"SearchAction","target":{"@type":"EntryPoint","urlTemplate":"https:\/\/www.arhammar.se\/blog\/?s={search_term_string}"},"query-input":{"@type":"PropertyValueSpecification","valueRequired":true,"valueName":"search_term_string"}}],"inLanguage":"en-US"},{"@type":"Person","@id":"https:\/\/www.arhammar.se\/blog\/#\/schema\/person\/061984c1d884b363e2c91550f2e00d1d","name":"Anders Arhammar","image":{"@type":"ImageObject","inLanguage":"en-US","@id":"https:\/\/secure.gravatar.com\/avatar\/784b5b36cfe145ae19a52340f405285a939bcc08d4a21136b3a81f9e378ffae0?s=96&d=mm&r=g","url":"https:\/\/secure.gravatar.com\/avatar\/784b5b36cfe145ae19a52340f405285a939bcc08d4a21136b3a81f9e378ffae0?s=96&d=mm&r=g","contentUrl":"https:\/\/secure.gravatar.com\/avatar\/784b5b36cfe145ae19a52340f405285a939bcc08d4a21136b3a81f9e378ffae0?s=96&d=mm&r=g","caption":"Anders Arhammar"},"url":"https:\/\/www.arhammar.se\/blog\/author\/anders\/"}]}},"_links":{"self":[{"href":"https:\/\/www.arhammar.se\/blog\/wp-json\/wp\/v2\/posts\/28220","targetHints":{"allow":["GET"]}}],"collection":[{"href":"https:\/\/www.arhammar.se\/blog\/wp-json\/wp\/v2\/posts"}],"about":[{"href":"https:\/\/www.arhammar.se\/blog\/wp-json\/wp\/v2\/types\/post"}],"author":[{"embeddable":true,"href":"https:\/\/www.arhammar.se\/blog\/wp-json\/wp\/v2\/users\/2"}],"replies":[{"embeddable":true,"href":"https:\/\/www.arhammar.se\/blog\/wp-json\/wp\/v2\/comments?post=28220"}],"version-history":[{"count":1,"href":"https:\/\/www.arhammar.se\/blog\/wp-json\/wp\/v2\/posts\/28220\/revisions"}],"predecessor-version":[{"id":28222,"href":"https:\/\/www.arhammar.se\/blog\/wp-json\/wp\/v2\/posts\/28220\/revisions\/28222"}],"wp:featuredmedia":[{"embeddable":true,"href":"https:\/\/www.arhammar.se\/blog\/wp-json\/wp\/v2\/media\/28221"}],"wp:attachment":[{"href":"https:\/\/www.arhammar.se\/blog\/wp-json\/wp\/v2\/media?parent=28220"}],"wp:term":[{"taxonomy":"category","embeddable":true,"href":"https:\/\/www.arhammar.se\/blog\/wp-json\/wp\/v2\/categories?post=28220"},{"taxonomy":"post_tag","embeddable":true,"href":"https:\/\/www.arhammar.se\/blog\/wp-json\/wp\/v2\/tags?post=28220"}],"curies":[{"name":"wp","href":"https:\/\/api.w.org\/{rel}","templated":true}]}}