{"id":2804,"date":"2008-11-29T20:23:17","date_gmt":"2008-11-29T19:23:17","guid":{"rendered":"http:\/\/www.arhammar.se\/blog\/?p=2804"},"modified":"2016-04-11T17:15:43","modified_gmt":"2016-04-11T15:15:43","slug":"nu-ar-det-jul-igen-3","status":"publish","type":"post","link":"https:\/\/www.arhammar.se\/blog\/nu-ar-det-jul-igen-3\/","title":{"rendered":"Nu \u00e4r det jul igen"},"content":{"rendered":"<p><img decoding=\"async\" src=\"http:\/\/www.arhammar.se\/blog\/wp-photos\/20081126473.jpg\"width=\"640\" height=\"420\" alt=\"\" \/><\/p>\n<p>God jul med glitter, kulor, granar och ljus. Julen b\u00f6rjar tidigare och tidigare. Irriterande tidigt m\u00e5nga g\u00e5nger. Men n\u00e4r man ser ljusen och h\u00f6r musiken s\u00e5 k\u00e4nner man st\u00e4mningen. Och f\u00f6rv\u00e4ntningarna. Och pl\u00f6tsligt blir den gr\u00e5kalla senh\u00f6sten lite mer hoppfull. I \u00e5r ska vi h\u00e5lla igen p\u00e5 julklapparna, i \u00e5r ska vi k\u00f6pa klappar i tid, i \u00e5r ska vi h\u00e5lla igen p\u00e5 maten, i \u00e5r ska vi&#8230; Nej det blir som det brukar, och det \u00e4r v\u00e4l det som \u00e4r julens hemlighet. <\/p>\n<p><img decoding=\"async\" src=\"http:\/\/www.arhammar.se\/blog\/wp-photos\/20081126472.jpg\"width=\"640\" height=\"420\" alt=\"\"  \/><\/p>\n<!-- AddThis Advanced Settings generic via filter on the_content --><!-- AddThis Share Buttons generic via filter on the_content -->","protected":false},"excerpt":{"rendered":"<p>God jul med glitter, kulor, granar och ljus. Julen b\u00f6rjar tidigare och tidigare. Irriterande tidigt m\u00e5nga g\u00e5nger. Men n\u00e4r man ser ljusen och h\u00f6r musiken s\u00e5 k\u00e4nner man st\u00e4mningen. Och f\u00f6rv\u00e4ntningarna. Och pl\u00f6tsligt blir den gr\u00e5kalla senh\u00f6sten lite mer hoppfull. I \u00e5r ska vi h\u00e5lla igen p\u00e5 julklapparna, i \u00e5r ska vi k\u00f6pa klappar i [&hellip;]<!-- AddThis Advanced Settings generic via filter on wp_trim_excerpt --><!-- AddThis Share Buttons generic via filter on wp_trim_excerpt --><\/p>\n","protected":false},"author":2,"featured_media":8643,"comment_status":"open","ping_status":"open","sticky":false,"template":"","format":"standard","meta":{"footnotes":""},"categories":[17],"tags":[341,343,342],"class_list":["post-2804","post","type-post","status-publish","format-standard","has-post-thumbnail","hentry","category-mobilt08","tag-jul","tag-julstamning","tag-ljus"],"yoast_head":"<!-- This site is optimized with the Yoast SEO plugin v27.5 - https:\/\/yoast.com\/product\/yoast-seo-wordpress\/ -->\n<title>Nu \u00e4r det jul igen - @Arhammar bokstavligen<\/title>\n<meta name=\"robots\" content=\"index, follow, max-snippet:-1, max-image-preview:large, max-video-preview:-1\" \/>\n<link rel=\"canonical\" href=\"https:\/\/www.arhammar.se\/blog\/nu-ar-det-jul-igen-3\/\" \/>\n<meta property=\"og:locale\" content=\"en_US\" \/>\n<meta property=\"og:type\" content=\"article\" \/>\n<meta property=\"og:title\" content=\"Nu \u00e4r det jul igen - @Arhammar bokstavligen\" \/>\n<meta property=\"og:description\" content=\"God jul med glitter, kulor, granar och ljus. Julen b\u00f6rjar tidigare och tidigare. Irriterande tidigt m\u00e5nga g\u00e5nger. Men n\u00e4r man ser ljusen och h\u00f6r musiken s\u00e5 k\u00e4nner man st\u00e4mningen. Och f\u00f6rv\u00e4ntningarna. Och pl\u00f6tsligt blir den gr\u00e5kalla senh\u00f6sten lite mer hoppfull. I \u00e5r ska vi h\u00e5lla igen p\u00e5 julklapparna, i \u00e5r ska vi k\u00f6pa klappar i [&hellip;]\" \/>\n<meta property=\"og:url\" content=\"https:\/\/www.arhammar.se\/blog\/nu-ar-det-jul-igen-3\/\" \/>\n<meta property=\"og:site_name\" content=\"@Arhammar bokstavligen\" \/>\n<meta property=\"article:published_time\" content=\"2008-11-29T19:23:17+00:00\" \/>\n<meta property=\"article:modified_time\" content=\"2016-04-11T15:15:43+00:00\" \/>\n<meta property=\"og:image\" content=\"https:\/\/www.arhammar.se\/blog\/wp-content\/uploads\/2016\/01\/20081126473.jpg\" \/>\n\t<meta property=\"og:image:width\" content=\"640\" \/>\n\t<meta property=\"og:image:height\" content=\"480\" \/>\n\t<meta property=\"og:image:type\" content=\"image\/jpeg\" \/>\n<meta name=\"author\" content=\"Anders Arhammar\" \/>\n<meta name=\"twitter:card\" content=\"summary_large_image\" \/>\n<meta name=\"twitter:label1\" content=\"Written by\" \/>\n\t<meta name=\"twitter:data1\" content=\"Anders Arhammar\" \/>\n<script type=\"application\/ld+json\" class=\"yoast-schema-graph\">{\"@context\":\"https:\\\/\\\/schema.org\",\"@graph\":[{\"@type\":\"Article\",\"@id\":\"https:\\\/\\\/www.arhammar.se\\\/blog\\\/nu-ar-det-jul-igen-3\\\/#article\",\"isPartOf\":{\"@id\":\"https:\\\/\\\/www.arhammar.se\\\/blog\\\/nu-ar-det-jul-igen-3\\\/\"},\"author\":{\"name\":\"Anders Arhammar\",\"@id\":\"https:\\\/\\\/www.arhammar.se\\\/blog\\\/#\\\/schema\\\/person\\\/061984c1d884b363e2c91550f2e00d1d\"},\"headline\":\"Nu \u00e4r det jul igen\",\"datePublished\":\"2008-11-29T19:23:17+00:00\",\"dateModified\":\"2016-04-11T15:15:43+00:00\",\"mainEntityOfPage\":{\"@id\":\"https:\\\/\\\/www.arhammar.se\\\/blog\\\/nu-ar-det-jul-igen-3\\\/\"},\"wordCount\":104,\"commentCount\":2,\"image\":{\"@id\":\"https:\\\/\\\/www.arhammar.se\\\/blog\\\/nu-ar-det-jul-igen-3\\\/#primaryimage\"},\"thumbnailUrl\":\"https:\\\/\\\/www.arhammar.se\\\/blog\\\/wp-content\\\/uploads\\\/2016\\\/01\\\/20081126473.jpg\",\"keywords\":[\"Jul\",\"julst\u00e4mning\",\"ljus\"],\"articleSection\":[\"Mobil blogg 08\"],\"inLanguage\":\"en-US\",\"potentialAction\":[{\"@type\":\"CommentAction\",\"name\":\"Comment\",\"target\":[\"https:\\\/\\\/www.arhammar.se\\\/blog\\\/nu-ar-det-jul-igen-3\\\/#respond\"]}]},{\"@type\":\"WebPage\",\"@id\":\"https:\\\/\\\/www.arhammar.se\\\/blog\\\/nu-ar-det-jul-igen-3\\\/\",\"url\":\"https:\\\/\\\/www.arhammar.se\\\/blog\\\/nu-ar-det-jul-igen-3\\\/\",\"name\":\"Nu \u00e4r det jul igen - @Arhammar bokstavligen\",\"isPartOf\":{\"@id\":\"https:\\\/\\\/www.arhammar.se\\\/blog\\\/#website\"},\"primaryImageOfPage\":{\"@id\":\"https:\\\/\\\/www.arhammar.se\\\/blog\\\/nu-ar-det-jul-igen-3\\\/#primaryimage\"},\"image\":{\"@id\":\"https:\\\/\\\/www.arhammar.se\\\/blog\\\/nu-ar-det-jul-igen-3\\\/#primaryimage\"},\"thumbnailUrl\":\"https:\\\/\\\/www.arhammar.se\\\/blog\\\/wp-content\\\/uploads\\\/2016\\\/01\\\/20081126473.jpg\",\"datePublished\":\"2008-11-29T19:23:17+00:00\",\"dateModified\":\"2016-04-11T15:15:43+00:00\",\"author\":{\"@id\":\"https:\\\/\\\/www.arhammar.se\\\/blog\\\/#\\\/schema\\\/person\\\/061984c1d884b363e2c91550f2e00d1d\"},\"breadcrumb\":{\"@id\":\"https:\\\/\\\/www.arhammar.se\\\/blog\\\/nu-ar-det-jul-igen-3\\\/#breadcrumb\"},\"inLanguage\":\"en-US\",\"potentialAction\":[{\"@type\":\"ReadAction\",\"target\":[\"https:\\\/\\\/www.arhammar.se\\\/blog\\\/nu-ar-det-jul-igen-3\\\/\"]}]},{\"@type\":\"ImageObject\",\"inLanguage\":\"en-US\",\"@id\":\"https:\\\/\\\/www.arhammar.se\\\/blog\\\/nu-ar-det-jul-igen-3\\\/#primaryimage\",\"url\":\"https:\\\/\\\/www.arhammar.se\\\/blog\\\/wp-content\\\/uploads\\\/2016\\\/01\\\/20081126473.jpg\",\"contentUrl\":\"https:\\\/\\\/www.arhammar.se\\\/blog\\\/wp-content\\\/uploads\\\/2016\\\/01\\\/20081126473.jpg\",\"width\":640,\"height\":480},{\"@type\":\"BreadcrumbList\",\"@id\":\"https:\\\/\\\/www.arhammar.se\\\/blog\\\/nu-ar-det-jul-igen-3\\\/#breadcrumb\",\"itemListElement\":[{\"@type\":\"ListItem\",\"position\":1,\"name\":\"Home\",\"item\":\"https:\\\/\\\/www.arhammar.se\\\/blog\\\/\"},{\"@type\":\"ListItem\",\"position\":2,\"name\":\"Nu \u00e4r det jul igen\"}]},{\"@type\":\"WebSite\",\"@id\":\"https:\\\/\\\/www.arhammar.se\\\/blog\\\/#website\",\"url\":\"https:\\\/\\\/www.arhammar.se\\\/blog\\\/\",\"name\":\"@Arhammar bokstavligen\",\"description\":\"Fr\u00e5n min penna och panna\",\"potentialAction\":[{\"@type\":\"SearchAction\",\"target\":{\"@type\":\"EntryPoint\",\"urlTemplate\":\"https:\\\/\\\/www.arhammar.se\\\/blog\\\/?s={search_term_string}\"},\"query-input\":{\"@type\":\"PropertyValueSpecification\",\"valueRequired\":true,\"valueName\":\"search_term_string\"}}],\"inLanguage\":\"en-US\"},{\"@type\":\"Person\",\"@id\":\"https:\\\/\\\/www.arhammar.se\\\/blog\\\/#\\\/schema\\\/person\\\/061984c1d884b363e2c91550f2e00d1d\",\"name\":\"Anders Arhammar\",\"image\":{\"@type\":\"ImageObject\",\"inLanguage\":\"en-US\",\"@id\":\"https:\\\/\\\/secure.gravatar.com\\\/avatar\\\/784b5b36cfe145ae19a52340f405285a939bcc08d4a21136b3a81f9e378ffae0?s=96&d=mm&r=g\",\"url\":\"https:\\\/\\\/secure.gravatar.com\\\/avatar\\\/784b5b36cfe145ae19a52340f405285a939bcc08d4a21136b3a81f9e378ffae0?s=96&d=mm&r=g\",\"contentUrl\":\"https:\\\/\\\/secure.gravatar.com\\\/avatar\\\/784b5b36cfe145ae19a52340f405285a939bcc08d4a21136b3a81f9e378ffae0?s=96&d=mm&r=g\",\"caption\":\"Anders Arhammar\"},\"url\":\"https:\\\/\\\/www.arhammar.se\\\/blog\\\/author\\\/anders\\\/\"}]}<\/script>\n<!-- \/ Yoast SEO plugin. -->","yoast_head_json":{"title":"Nu \u00e4r det jul igen - @Arhammar bokstavligen","robots":{"index":"index","follow":"follow","max-snippet":"max-snippet:-1","max-image-preview":"max-image-preview:large","max-video-preview":"max-video-preview:-1"},"canonical":"https:\/\/www.arhammar.se\/blog\/nu-ar-det-jul-igen-3\/","og_locale":"en_US","og_type":"article","og_title":"Nu \u00e4r det jul igen - @Arhammar bokstavligen","og_description":"God jul med glitter, kulor, granar och ljus. Julen b\u00f6rjar tidigare och tidigare. Irriterande tidigt m\u00e5nga g\u00e5nger. Men n\u00e4r man ser ljusen och h\u00f6r musiken s\u00e5 k\u00e4nner man st\u00e4mningen. Och f\u00f6rv\u00e4ntningarna. Och pl\u00f6tsligt blir den gr\u00e5kalla senh\u00f6sten lite mer hoppfull. I \u00e5r ska vi h\u00e5lla igen p\u00e5 julklapparna, i \u00e5r ska vi k\u00f6pa klappar i [&hellip;]","og_url":"https:\/\/www.arhammar.se\/blog\/nu-ar-det-jul-igen-3\/","og_site_name":"@Arhammar bokstavligen","article_published_time":"2008-11-29T19:23:17+00:00","article_modified_time":"2016-04-11T15:15:43+00:00","og_image":[{"width":640,"height":480,"url":"https:\/\/www.arhammar.se\/blog\/wp-content\/uploads\/2016\/01\/20081126473.jpg","type":"image\/jpeg"}],"author":"Anders Arhammar","twitter_card":"summary_large_image","twitter_misc":{"Written by":"Anders Arhammar"},"schema":{"@context":"https:\/\/schema.org","@graph":[{"@type":"Article","@id":"https:\/\/www.arhammar.se\/blog\/nu-ar-det-jul-igen-3\/#article","isPartOf":{"@id":"https:\/\/www.arhammar.se\/blog\/nu-ar-det-jul-igen-3\/"},"author":{"name":"Anders Arhammar","@id":"https:\/\/www.arhammar.se\/blog\/#\/schema\/person\/061984c1d884b363e2c91550f2e00d1d"},"headline":"Nu \u00e4r det jul igen","datePublished":"2008-11-29T19:23:17+00:00","dateModified":"2016-04-11T15:15:43+00:00","mainEntityOfPage":{"@id":"https:\/\/www.arhammar.se\/blog\/nu-ar-det-jul-igen-3\/"},"wordCount":104,"commentCount":2,"image":{"@id":"https:\/\/www.arhammar.se\/blog\/nu-ar-det-jul-igen-3\/#primaryimage"},"thumbnailUrl":"https:\/\/www.arhammar.se\/blog\/wp-content\/uploads\/2016\/01\/20081126473.jpg","keywords":["Jul","julst\u00e4mning","ljus"],"articleSection":["Mobil blogg 08"],"inLanguage":"en-US","potentialAction":[{"@type":"CommentAction","name":"Comment","target":["https:\/\/www.arhammar.se\/blog\/nu-ar-det-jul-igen-3\/#respond"]}]},{"@type":"WebPage","@id":"https:\/\/www.arhammar.se\/blog\/nu-ar-det-jul-igen-3\/","url":"https:\/\/www.arhammar.se\/blog\/nu-ar-det-jul-igen-3\/","name":"Nu \u00e4r det jul igen - @Arhammar bokstavligen","isPartOf":{"@id":"https:\/\/www.arhammar.se\/blog\/#website"},"primaryImageOfPage":{"@id":"https:\/\/www.arhammar.se\/blog\/nu-ar-det-jul-igen-3\/#primaryimage"},"image":{"@id":"https:\/\/www.arhammar.se\/blog\/nu-ar-det-jul-igen-3\/#primaryimage"},"thumbnailUrl":"https:\/\/www.arhammar.se\/blog\/wp-content\/uploads\/2016\/01\/20081126473.jpg","datePublished":"2008-11-29T19:23:17+00:00","dateModified":"2016-04-11T15:15:43+00:00","author":{"@id":"https:\/\/www.arhammar.se\/blog\/#\/schema\/person\/061984c1d884b363e2c91550f2e00d1d"},"breadcrumb":{"@id":"https:\/\/www.arhammar.se\/blog\/nu-ar-det-jul-igen-3\/#breadcrumb"},"inLanguage":"en-US","potentialAction":[{"@type":"ReadAction","target":["https:\/\/www.arhammar.se\/blog\/nu-ar-det-jul-igen-3\/"]}]},{"@type":"ImageObject","inLanguage":"en-US","@id":"https:\/\/www.arhammar.se\/blog\/nu-ar-det-jul-igen-3\/#primaryimage","url":"https:\/\/www.arhammar.se\/blog\/wp-content\/uploads\/2016\/01\/20081126473.jpg","contentUrl":"https:\/\/www.arhammar.se\/blog\/wp-content\/uploads\/2016\/01\/20081126473.jpg","width":640,"height":480},{"@type":"BreadcrumbList","@id":"https:\/\/www.arhammar.se\/blog\/nu-ar-det-jul-igen-3\/#breadcrumb","itemListElement":[{"@type":"ListItem","position":1,"name":"Home","item":"https:\/\/www.arhammar.se\/blog\/"},{"@type":"ListItem","position":2,"name":"Nu \u00e4r det jul igen"}]},{"@type":"WebSite","@id":"https:\/\/www.arhammar.se\/blog\/#website","url":"https:\/\/www.arhammar.se\/blog\/","name":"@Arhammar bokstavligen","description":"Fr\u00e5n min penna och panna","potentialAction":[{"@type":"SearchAction","target":{"@type":"EntryPoint","urlTemplate":"https:\/\/www.arhammar.se\/blog\/?s={search_term_string}"},"query-input":{"@type":"PropertyValueSpecification","valueRequired":true,"valueName":"search_term_string"}}],"inLanguage":"en-US"},{"@type":"Person","@id":"https:\/\/www.arhammar.se\/blog\/#\/schema\/person\/061984c1d884b363e2c91550f2e00d1d","name":"Anders Arhammar","image":{"@type":"ImageObject","inLanguage":"en-US","@id":"https:\/\/secure.gravatar.com\/avatar\/784b5b36cfe145ae19a52340f405285a939bcc08d4a21136b3a81f9e378ffae0?s=96&d=mm&r=g","url":"https:\/\/secure.gravatar.com\/avatar\/784b5b36cfe145ae19a52340f405285a939bcc08d4a21136b3a81f9e378ffae0?s=96&d=mm&r=g","contentUrl":"https:\/\/secure.gravatar.com\/avatar\/784b5b36cfe145ae19a52340f405285a939bcc08d4a21136b3a81f9e378ffae0?s=96&d=mm&r=g","caption":"Anders Arhammar"},"url":"https:\/\/www.arhammar.se\/blog\/author\/anders\/"}]}},"_links":{"self":[{"href":"https:\/\/www.arhammar.se\/blog\/wp-json\/wp\/v2\/posts\/2804","targetHints":{"allow":["GET"]}}],"collection":[{"href":"https:\/\/www.arhammar.se\/blog\/wp-json\/wp\/v2\/posts"}],"about":[{"href":"https:\/\/www.arhammar.se\/blog\/wp-json\/wp\/v2\/types\/post"}],"author":[{"embeddable":true,"href":"https:\/\/www.arhammar.se\/blog\/wp-json\/wp\/v2\/users\/2"}],"replies":[{"embeddable":true,"href":"https:\/\/www.arhammar.se\/blog\/wp-json\/wp\/v2\/comments?post=2804"}],"version-history":[{"count":0,"href":"https:\/\/www.arhammar.se\/blog\/wp-json\/wp\/v2\/posts\/2804\/revisions"}],"wp:featuredmedia":[{"embeddable":true,"href":"https:\/\/www.arhammar.se\/blog\/wp-json\/wp\/v2\/media\/8643"}],"wp:attachment":[{"href":"https:\/\/www.arhammar.se\/blog\/wp-json\/wp\/v2\/media?parent=2804"}],"wp:term":[{"taxonomy":"category","embeddable":true,"href":"https:\/\/www.arhammar.se\/blog\/wp-json\/wp\/v2\/categories?post=2804"},{"taxonomy":"post_tag","embeddable":true,"href":"https:\/\/www.arhammar.se\/blog\/wp-json\/wp\/v2\/tags?post=2804"}],"curies":[{"name":"wp","href":"https:\/\/api.w.org\/{rel}","templated":true}]}}