{"id":2776,"date":"2008-11-29T15:50:56","date_gmt":"2008-11-29T14:50:56","guid":{"rendered":"http:\/\/www.arhammar.se\/blog\/?p=2776"},"modified":"2016-04-11T17:15:10","modified_gmt":"2016-04-11T15:15:10","slug":"roda-kvarn-ska-va-for-barn","status":"publish","type":"post","link":"https:\/\/www.arhammar.se\/blog\/roda-kvarn-ska-va-for-barn\/","title":{"rendered":"R\u00f6da kvarn ska va f\u00f6r barn"},"content":{"rendered":"<p><img decoding=\"async\" src=\"http:\/\/www.arhammar.se\/blog\/wp-photos\/20081117461.jpg\"width=\"640\" height=\"420\" alt=\"\" \/><\/p>\n<p>R\u00f6da kvarn. Barndomens biograf d\u00e4r d\u00f6rrvaktm\u00e4staren var s\u00e5 bussig och sl\u00e4ppte in oss p\u00e5 den nya Bondfilmen, fast vi inte hade fyllt r\u00e4tt \u00e5lder. Fortfarande st\u00e5r det R\u00f6da kvarn p\u00e5 kanten, men sedan st\u00e5r det Urban outfitters ocks\u00e5. Hade det varit p\u00e5 den tiden, n\u00e4r det var en r\u00f6d biograf, s\u00e5 hade jag trott att Outfitters var en mycket, mycket barnf\u00f6rbjuden film. Nu vet jag att det \u00e4r en vanlig aff\u00e4r, som s\u00e5 mycket annat som huserar i de gamla lokalerna. Men i takt med tiden blir det s\u00e4kert biograf snart igen, och jag hoppas att det d\u00e5 kommer att finnas en d\u00f6rrvaktm\u00e4stare som f\u00f6rst\u00e5r att h\u00e5lla d\u00f6rren \u00f6ppen precis lagom l\u00e4nge f\u00f6r att n\u00e5gon yngre nyfiken ska kunna smita in och f\u00e5 se den nya Bondfilmen. F\u00f6r Bond, han kommer alltid att finnas.<\/p>\n<!-- AddThis Advanced Settings generic via filter on the_content --><!-- AddThis Share Buttons generic via filter on the_content -->","protected":false},"excerpt":{"rendered":"<p>R\u00f6da kvarn. Barndomens biograf d\u00e4r d\u00f6rrvaktm\u00e4staren var s\u00e5 bussig och sl\u00e4ppte in oss p\u00e5 den nya Bondfilmen, fast vi inte hade fyllt r\u00e4tt \u00e5lder. Fortfarande st\u00e5r det R\u00f6da kvarn p\u00e5 kanten, men sedan st\u00e5r det Urban outfitters ocks\u00e5. Hade det varit p\u00e5 den tiden, n\u00e4r det var en r\u00f6d biograf, s\u00e5 hade jag trott att [&hellip;]<!-- AddThis Advanced Settings generic via filter on wp_trim_excerpt --><!-- AddThis Share Buttons generic via filter on wp_trim_excerpt --><\/p>\n","protected":false},"author":2,"featured_media":8639,"comment_status":"open","ping_status":"open","sticky":false,"template":"","format":"standard","meta":{"footnotes":""},"categories":[17],"tags":[336,335,334,333,337],"class_list":["post-2776","post","type-post","status-publish","format-standard","has-post-thumbnail","hentry","category-mobilt08","tag-aldersgrans","tag-barnforbjudet","tag-barntillatet","tag-bond","tag-roda-kvarn"],"yoast_head":"<!-- This site is optimized with the Yoast SEO plugin v27.5 - https:\/\/yoast.com\/product\/yoast-seo-wordpress\/ -->\n<title>R\u00f6da kvarn ska va f\u00f6r barn - @Arhammar bokstavligen<\/title>\n<meta name=\"robots\" content=\"index, follow, max-snippet:-1, max-image-preview:large, max-video-preview:-1\" \/>\n<link rel=\"canonical\" href=\"https:\/\/www.arhammar.se\/blog\/roda-kvarn-ska-va-for-barn\/\" \/>\n<meta property=\"og:locale\" content=\"en_US\" \/>\n<meta property=\"og:type\" content=\"article\" \/>\n<meta property=\"og:title\" content=\"R\u00f6da kvarn ska va f\u00f6r barn - @Arhammar bokstavligen\" \/>\n<meta property=\"og:description\" content=\"R\u00f6da kvarn. Barndomens biograf d\u00e4r d\u00f6rrvaktm\u00e4staren var s\u00e5 bussig och sl\u00e4ppte in oss p\u00e5 den nya Bondfilmen, fast vi inte hade fyllt r\u00e4tt \u00e5lder. Fortfarande st\u00e5r det R\u00f6da kvarn p\u00e5 kanten, men sedan st\u00e5r det Urban outfitters ocks\u00e5. Hade det varit p\u00e5 den tiden, n\u00e4r det var en r\u00f6d biograf, s\u00e5 hade jag trott att [&hellip;]\" \/>\n<meta property=\"og:url\" content=\"https:\/\/www.arhammar.se\/blog\/roda-kvarn-ska-va-for-barn\/\" \/>\n<meta property=\"og:site_name\" content=\"@Arhammar bokstavligen\" \/>\n<meta property=\"article:published_time\" content=\"2008-11-29T14:50:56+00:00\" \/>\n<meta property=\"article:modified_time\" content=\"2016-04-11T15:15:10+00:00\" \/>\n<meta property=\"og:image\" content=\"https:\/\/www.arhammar.se\/blog\/wp-content\/uploads\/2016\/01\/20081117461.jpg\" \/>\n\t<meta property=\"og:image:width\" content=\"640\" \/>\n\t<meta property=\"og:image:height\" content=\"480\" \/>\n\t<meta property=\"og:image:type\" content=\"image\/jpeg\" \/>\n<meta name=\"author\" content=\"Anders Arhammar\" \/>\n<meta name=\"twitter:card\" content=\"summary_large_image\" \/>\n<meta name=\"twitter:label1\" content=\"Written by\" \/>\n\t<meta name=\"twitter:data1\" content=\"Anders Arhammar\" \/>\n\t<meta name=\"twitter:label2\" content=\"Est. reading time\" \/>\n\t<meta name=\"twitter:data2\" content=\"1 minute\" \/>\n<script type=\"application\/ld+json\" class=\"yoast-schema-graph\">{\"@context\":\"https:\\\/\\\/schema.org\",\"@graph\":[{\"@type\":\"Article\",\"@id\":\"https:\\\/\\\/www.arhammar.se\\\/blog\\\/roda-kvarn-ska-va-for-barn\\\/#article\",\"isPartOf\":{\"@id\":\"https:\\\/\\\/www.arhammar.se\\\/blog\\\/roda-kvarn-ska-va-for-barn\\\/\"},\"author\":{\"name\":\"Anders Arhammar\",\"@id\":\"https:\\\/\\\/www.arhammar.se\\\/blog\\\/#\\\/schema\\\/person\\\/061984c1d884b363e2c91550f2e00d1d\"},\"headline\":\"R\u00f6da kvarn ska va f\u00f6r barn\",\"datePublished\":\"2008-11-29T14:50:56+00:00\",\"dateModified\":\"2016-04-11T15:15:10+00:00\",\"mainEntityOfPage\":{\"@id\":\"https:\\\/\\\/www.arhammar.se\\\/blog\\\/roda-kvarn-ska-va-for-barn\\\/\"},\"wordCount\":166,\"commentCount\":0,\"image\":{\"@id\":\"https:\\\/\\\/www.arhammar.se\\\/blog\\\/roda-kvarn-ska-va-for-barn\\\/#primaryimage\"},\"thumbnailUrl\":\"https:\\\/\\\/www.arhammar.se\\\/blog\\\/wp-content\\\/uploads\\\/2016\\\/01\\\/20081117461.jpg\",\"keywords\":[\"\u00e5ldersgr\u00e4ns\",\"barnf\u00f6rbjudet\",\"barntill\u00e5tet\",\"Bond\",\"R\u00f6da kvarn\"],\"articleSection\":[\"Mobil blogg 08\"],\"inLanguage\":\"en-US\",\"potentialAction\":[{\"@type\":\"CommentAction\",\"name\":\"Comment\",\"target\":[\"https:\\\/\\\/www.arhammar.se\\\/blog\\\/roda-kvarn-ska-va-for-barn\\\/#respond\"]}]},{\"@type\":\"WebPage\",\"@id\":\"https:\\\/\\\/www.arhammar.se\\\/blog\\\/roda-kvarn-ska-va-for-barn\\\/\",\"url\":\"https:\\\/\\\/www.arhammar.se\\\/blog\\\/roda-kvarn-ska-va-for-barn\\\/\",\"name\":\"R\u00f6da kvarn ska va f\u00f6r barn - @Arhammar bokstavligen\",\"isPartOf\":{\"@id\":\"https:\\\/\\\/www.arhammar.se\\\/blog\\\/#website\"},\"primaryImageOfPage\":{\"@id\":\"https:\\\/\\\/www.arhammar.se\\\/blog\\\/roda-kvarn-ska-va-for-barn\\\/#primaryimage\"},\"image\":{\"@id\":\"https:\\\/\\\/www.arhammar.se\\\/blog\\\/roda-kvarn-ska-va-for-barn\\\/#primaryimage\"},\"thumbnailUrl\":\"https:\\\/\\\/www.arhammar.se\\\/blog\\\/wp-content\\\/uploads\\\/2016\\\/01\\\/20081117461.jpg\",\"datePublished\":\"2008-11-29T14:50:56+00:00\",\"dateModified\":\"2016-04-11T15:15:10+00:00\",\"author\":{\"@id\":\"https:\\\/\\\/www.arhammar.se\\\/blog\\\/#\\\/schema\\\/person\\\/061984c1d884b363e2c91550f2e00d1d\"},\"breadcrumb\":{\"@id\":\"https:\\\/\\\/www.arhammar.se\\\/blog\\\/roda-kvarn-ska-va-for-barn\\\/#breadcrumb\"},\"inLanguage\":\"en-US\",\"potentialAction\":[{\"@type\":\"ReadAction\",\"target\":[\"https:\\\/\\\/www.arhammar.se\\\/blog\\\/roda-kvarn-ska-va-for-barn\\\/\"]}]},{\"@type\":\"ImageObject\",\"inLanguage\":\"en-US\",\"@id\":\"https:\\\/\\\/www.arhammar.se\\\/blog\\\/roda-kvarn-ska-va-for-barn\\\/#primaryimage\",\"url\":\"https:\\\/\\\/www.arhammar.se\\\/blog\\\/wp-content\\\/uploads\\\/2016\\\/01\\\/20081117461.jpg\",\"contentUrl\":\"https:\\\/\\\/www.arhammar.se\\\/blog\\\/wp-content\\\/uploads\\\/2016\\\/01\\\/20081117461.jpg\",\"width\":640,\"height\":480},{\"@type\":\"BreadcrumbList\",\"@id\":\"https:\\\/\\\/www.arhammar.se\\\/blog\\\/roda-kvarn-ska-va-for-barn\\\/#breadcrumb\",\"itemListElement\":[{\"@type\":\"ListItem\",\"position\":1,\"name\":\"Home\",\"item\":\"https:\\\/\\\/www.arhammar.se\\\/blog\\\/\"},{\"@type\":\"ListItem\",\"position\":2,\"name\":\"R\u00f6da kvarn ska va f\u00f6r barn\"}]},{\"@type\":\"WebSite\",\"@id\":\"https:\\\/\\\/www.arhammar.se\\\/blog\\\/#website\",\"url\":\"https:\\\/\\\/www.arhammar.se\\\/blog\\\/\",\"name\":\"@Arhammar bokstavligen\",\"description\":\"Fr\u00e5n min penna och panna\",\"potentialAction\":[{\"@type\":\"SearchAction\",\"target\":{\"@type\":\"EntryPoint\",\"urlTemplate\":\"https:\\\/\\\/www.arhammar.se\\\/blog\\\/?s={search_term_string}\"},\"query-input\":{\"@type\":\"PropertyValueSpecification\",\"valueRequired\":true,\"valueName\":\"search_term_string\"}}],\"inLanguage\":\"en-US\"},{\"@type\":\"Person\",\"@id\":\"https:\\\/\\\/www.arhammar.se\\\/blog\\\/#\\\/schema\\\/person\\\/061984c1d884b363e2c91550f2e00d1d\",\"name\":\"Anders Arhammar\",\"image\":{\"@type\":\"ImageObject\",\"inLanguage\":\"en-US\",\"@id\":\"https:\\\/\\\/secure.gravatar.com\\\/avatar\\\/784b5b36cfe145ae19a52340f405285a939bcc08d4a21136b3a81f9e378ffae0?s=96&d=mm&r=g\",\"url\":\"https:\\\/\\\/secure.gravatar.com\\\/avatar\\\/784b5b36cfe145ae19a52340f405285a939bcc08d4a21136b3a81f9e378ffae0?s=96&d=mm&r=g\",\"contentUrl\":\"https:\\\/\\\/secure.gravatar.com\\\/avatar\\\/784b5b36cfe145ae19a52340f405285a939bcc08d4a21136b3a81f9e378ffae0?s=96&d=mm&r=g\",\"caption\":\"Anders Arhammar\"},\"url\":\"https:\\\/\\\/www.arhammar.se\\\/blog\\\/author\\\/anders\\\/\"}]}<\/script>\n<!-- \/ Yoast SEO plugin. -->","yoast_head_json":{"title":"R\u00f6da kvarn ska va f\u00f6r barn - @Arhammar bokstavligen","robots":{"index":"index","follow":"follow","max-snippet":"max-snippet:-1","max-image-preview":"max-image-preview:large","max-video-preview":"max-video-preview:-1"},"canonical":"https:\/\/www.arhammar.se\/blog\/roda-kvarn-ska-va-for-barn\/","og_locale":"en_US","og_type":"article","og_title":"R\u00f6da kvarn ska va f\u00f6r barn - @Arhammar bokstavligen","og_description":"R\u00f6da kvarn. Barndomens biograf d\u00e4r d\u00f6rrvaktm\u00e4staren var s\u00e5 bussig och sl\u00e4ppte in oss p\u00e5 den nya Bondfilmen, fast vi inte hade fyllt r\u00e4tt \u00e5lder. Fortfarande st\u00e5r det R\u00f6da kvarn p\u00e5 kanten, men sedan st\u00e5r det Urban outfitters ocks\u00e5. Hade det varit p\u00e5 den tiden, n\u00e4r det var en r\u00f6d biograf, s\u00e5 hade jag trott att [&hellip;]","og_url":"https:\/\/www.arhammar.se\/blog\/roda-kvarn-ska-va-for-barn\/","og_site_name":"@Arhammar bokstavligen","article_published_time":"2008-11-29T14:50:56+00:00","article_modified_time":"2016-04-11T15:15:10+00:00","og_image":[{"width":640,"height":480,"url":"https:\/\/www.arhammar.se\/blog\/wp-content\/uploads\/2016\/01\/20081117461.jpg","type":"image\/jpeg"}],"author":"Anders Arhammar","twitter_card":"summary_large_image","twitter_misc":{"Written by":"Anders Arhammar","Est. reading time":"1 minute"},"schema":{"@context":"https:\/\/schema.org","@graph":[{"@type":"Article","@id":"https:\/\/www.arhammar.se\/blog\/roda-kvarn-ska-va-for-barn\/#article","isPartOf":{"@id":"https:\/\/www.arhammar.se\/blog\/roda-kvarn-ska-va-for-barn\/"},"author":{"name":"Anders Arhammar","@id":"https:\/\/www.arhammar.se\/blog\/#\/schema\/person\/061984c1d884b363e2c91550f2e00d1d"},"headline":"R\u00f6da kvarn ska va f\u00f6r barn","datePublished":"2008-11-29T14:50:56+00:00","dateModified":"2016-04-11T15:15:10+00:00","mainEntityOfPage":{"@id":"https:\/\/www.arhammar.se\/blog\/roda-kvarn-ska-va-for-barn\/"},"wordCount":166,"commentCount":0,"image":{"@id":"https:\/\/www.arhammar.se\/blog\/roda-kvarn-ska-va-for-barn\/#primaryimage"},"thumbnailUrl":"https:\/\/www.arhammar.se\/blog\/wp-content\/uploads\/2016\/01\/20081117461.jpg","keywords":["\u00e5ldersgr\u00e4ns","barnf\u00f6rbjudet","barntill\u00e5tet","Bond","R\u00f6da kvarn"],"articleSection":["Mobil blogg 08"],"inLanguage":"en-US","potentialAction":[{"@type":"CommentAction","name":"Comment","target":["https:\/\/www.arhammar.se\/blog\/roda-kvarn-ska-va-for-barn\/#respond"]}]},{"@type":"WebPage","@id":"https:\/\/www.arhammar.se\/blog\/roda-kvarn-ska-va-for-barn\/","url":"https:\/\/www.arhammar.se\/blog\/roda-kvarn-ska-va-for-barn\/","name":"R\u00f6da kvarn ska va f\u00f6r barn - @Arhammar bokstavligen","isPartOf":{"@id":"https:\/\/www.arhammar.se\/blog\/#website"},"primaryImageOfPage":{"@id":"https:\/\/www.arhammar.se\/blog\/roda-kvarn-ska-va-for-barn\/#primaryimage"},"image":{"@id":"https:\/\/www.arhammar.se\/blog\/roda-kvarn-ska-va-for-barn\/#primaryimage"},"thumbnailUrl":"https:\/\/www.arhammar.se\/blog\/wp-content\/uploads\/2016\/01\/20081117461.jpg","datePublished":"2008-11-29T14:50:56+00:00","dateModified":"2016-04-11T15:15:10+00:00","author":{"@id":"https:\/\/www.arhammar.se\/blog\/#\/schema\/person\/061984c1d884b363e2c91550f2e00d1d"},"breadcrumb":{"@id":"https:\/\/www.arhammar.se\/blog\/roda-kvarn-ska-va-for-barn\/#breadcrumb"},"inLanguage":"en-US","potentialAction":[{"@type":"ReadAction","target":["https:\/\/www.arhammar.se\/blog\/roda-kvarn-ska-va-for-barn\/"]}]},{"@type":"ImageObject","inLanguage":"en-US","@id":"https:\/\/www.arhammar.se\/blog\/roda-kvarn-ska-va-for-barn\/#primaryimage","url":"https:\/\/www.arhammar.se\/blog\/wp-content\/uploads\/2016\/01\/20081117461.jpg","contentUrl":"https:\/\/www.arhammar.se\/blog\/wp-content\/uploads\/2016\/01\/20081117461.jpg","width":640,"height":480},{"@type":"BreadcrumbList","@id":"https:\/\/www.arhammar.se\/blog\/roda-kvarn-ska-va-for-barn\/#breadcrumb","itemListElement":[{"@type":"ListItem","position":1,"name":"Home","item":"https:\/\/www.arhammar.se\/blog\/"},{"@type":"ListItem","position":2,"name":"R\u00f6da kvarn ska va f\u00f6r barn"}]},{"@type":"WebSite","@id":"https:\/\/www.arhammar.se\/blog\/#website","url":"https:\/\/www.arhammar.se\/blog\/","name":"@Arhammar bokstavligen","description":"Fr\u00e5n min penna och panna","potentialAction":[{"@type":"SearchAction","target":{"@type":"EntryPoint","urlTemplate":"https:\/\/www.arhammar.se\/blog\/?s={search_term_string}"},"query-input":{"@type":"PropertyValueSpecification","valueRequired":true,"valueName":"search_term_string"}}],"inLanguage":"en-US"},{"@type":"Person","@id":"https:\/\/www.arhammar.se\/blog\/#\/schema\/person\/061984c1d884b363e2c91550f2e00d1d","name":"Anders Arhammar","image":{"@type":"ImageObject","inLanguage":"en-US","@id":"https:\/\/secure.gravatar.com\/avatar\/784b5b36cfe145ae19a52340f405285a939bcc08d4a21136b3a81f9e378ffae0?s=96&d=mm&r=g","url":"https:\/\/secure.gravatar.com\/avatar\/784b5b36cfe145ae19a52340f405285a939bcc08d4a21136b3a81f9e378ffae0?s=96&d=mm&r=g","contentUrl":"https:\/\/secure.gravatar.com\/avatar\/784b5b36cfe145ae19a52340f405285a939bcc08d4a21136b3a81f9e378ffae0?s=96&d=mm&r=g","caption":"Anders Arhammar"},"url":"https:\/\/www.arhammar.se\/blog\/author\/anders\/"}]}},"_links":{"self":[{"href":"https:\/\/www.arhammar.se\/blog\/wp-json\/wp\/v2\/posts\/2776","targetHints":{"allow":["GET"]}}],"collection":[{"href":"https:\/\/www.arhammar.se\/blog\/wp-json\/wp\/v2\/posts"}],"about":[{"href":"https:\/\/www.arhammar.se\/blog\/wp-json\/wp\/v2\/types\/post"}],"author":[{"embeddable":true,"href":"https:\/\/www.arhammar.se\/blog\/wp-json\/wp\/v2\/users\/2"}],"replies":[{"embeddable":true,"href":"https:\/\/www.arhammar.se\/blog\/wp-json\/wp\/v2\/comments?post=2776"}],"version-history":[{"count":0,"href":"https:\/\/www.arhammar.se\/blog\/wp-json\/wp\/v2\/posts\/2776\/revisions"}],"wp:featuredmedia":[{"embeddable":true,"href":"https:\/\/www.arhammar.se\/blog\/wp-json\/wp\/v2\/media\/8639"}],"wp:attachment":[{"href":"https:\/\/www.arhammar.se\/blog\/wp-json\/wp\/v2\/media?parent=2776"}],"wp:term":[{"taxonomy":"category","embeddable":true,"href":"https:\/\/www.arhammar.se\/blog\/wp-json\/wp\/v2\/categories?post=2776"},{"taxonomy":"post_tag","embeddable":true,"href":"https:\/\/www.arhammar.se\/blog\/wp-json\/wp\/v2\/tags?post=2776"}],"curies":[{"name":"wp","href":"https:\/\/api.w.org\/{rel}","templated":true}]}}