{"id":26910,"date":"2020-03-03T16:25:16","date_gmt":"2020-03-03T15:25:16","guid":{"rendered":"https:\/\/www.arhammar.se\/blog\/?p=26910"},"modified":"2020-03-28T12:07:37","modified_gmt":"2020-03-28T11:07:37","slug":"sondag-den-27-juli-1913-de-skjoto-med-lost-krut","status":"publish","type":"post","link":"https:\/\/www.arhammar.se\/blog\/sondag-den-27-juli-1913-de-skjoto-med-lost-krut\/","title":{"rendered":"S\u00f6ndag den 27 juli 1913. De skj\u00f6to med l\u00f6st krut."},"content":{"rendered":"<p>Idag fick vi storfr\u00e4mmande helt pl\u00f6tsligt. Pappa och fru Dahl\u00e9n. De ha varit med och badat och vi fotograferade oss i badet. Hoppas det blir bra. Nu p\u00e5 kv\u00e4llen sitter jag p\u00e5 verandan och skriver. Det har varit s\u00e5 sk\u00f6nt v\u00e4der de sista dagarna och ikv\u00e4ll \u00e4r det lika h\u00e4rligt, som vanligt. <\/p>\n<p>Ig\u00e5r kv\u00e4ll sutto vi l\u00e4nge ute i tr\u00e4dg\u00e5rn&#8217; och s\u00e5g p\u00e5 raketer och stiliga fyrverkeripj\u00e4ser, som upps\u00e4ndes fr\u00e5n n\u00e5gra krigsb\u00e5tar, som hade &#8220;lekkrig&#8221; ute p\u00e5 sj\u00f6n. De skj\u00f6to med l\u00f6st krut, s\u00e5 att det d\u00e5nade och blixtrade.<\/p>\n<!-- AddThis Advanced Settings generic via filter on the_content --><!-- AddThis Share Buttons generic via filter on the_content -->","protected":false},"excerpt":{"rendered":"<p>Idag fick vi storfr\u00e4mmande helt pl\u00f6tsligt. Pappa och fru Dahl\u00e9n. De ha varit med och badat och vi fotograferade oss i badet. Hoppas det blir bra. Nu p\u00e5 kv\u00e4llen sitter jag p\u00e5 verandan och skriver. Det har varit s\u00e5 sk\u00f6nt v\u00e4der de sista dagarna och ikv\u00e4ll \u00e4r det lika h\u00e4rligt, som vanligt. Ig\u00e5r kv\u00e4ll sutto [&hellip;]<!-- AddThis Advanced Settings generic via filter on wp_trim_excerpt --><!-- AddThis Share Buttons generic via filter on wp_trim_excerpt --><\/p>\n","protected":false},"author":2,"featured_media":26217,"comment_status":"open","ping_status":"open","sticky":false,"template":"","format":"standard","meta":{"footnotes":""},"categories":[3438,3425],"tags":[],"class_list":["post-26910","post","type-post","status-publish","format-standard","has-post-thumbnail","hentry","category-3438","category-mormors-dagbok"],"yoast_head":"<!-- This site is optimized with the Yoast SEO plugin v27.4 - https:\/\/yoast.com\/product\/yoast-seo-wordpress\/ -->\n<title>S\u00f6ndag den 27 juli 1913. De skj\u00f6to med l\u00f6st krut. - @Arhammar bokstavligen<\/title>\n<meta name=\"robots\" content=\"index, follow, max-snippet:-1, max-image-preview:large, max-video-preview:-1\" \/>\n<link rel=\"canonical\" href=\"https:\/\/www.arhammar.se\/blog\/sondag-den-27-juli-1913-de-skjoto-med-lost-krut\/\" \/>\n<meta property=\"og:locale\" content=\"en_US\" \/>\n<meta property=\"og:type\" content=\"article\" \/>\n<meta property=\"og:title\" content=\"S\u00f6ndag den 27 juli 1913. De skj\u00f6to med l\u00f6st krut. - @Arhammar bokstavligen\" \/>\n<meta property=\"og:description\" content=\"Idag fick vi storfr\u00e4mmande helt pl\u00f6tsligt. Pappa och fru Dahl\u00e9n. De ha varit med och badat och vi fotograferade oss i badet. Hoppas det blir bra. Nu p\u00e5 kv\u00e4llen sitter jag p\u00e5 verandan och skriver. Det har varit s\u00e5 sk\u00f6nt v\u00e4der de sista dagarna och ikv\u00e4ll \u00e4r det lika h\u00e4rligt, som vanligt. Ig\u00e5r kv\u00e4ll sutto [&hellip;]\" \/>\n<meta property=\"og:url\" content=\"https:\/\/www.arhammar.se\/blog\/sondag-den-27-juli-1913-de-skjoto-med-lost-krut\/\" \/>\n<meta property=\"og:site_name\" content=\"@Arhammar bokstavligen\" \/>\n<meta property=\"article:published_time\" content=\"2020-03-03T15:25:16+00:00\" \/>\n<meta property=\"article:modified_time\" content=\"2020-03-28T11:07:37+00:00\" \/>\n<meta property=\"og:image\" content=\"https:\/\/www.arhammar.se\/blog\/wp-content\/uploads\/2020\/10\/juli1913.jpg\" \/>\n\t<meta property=\"og:image:width\" content=\"640\" \/>\n\t<meta property=\"og:image:height\" content=\"480\" \/>\n\t<meta property=\"og:image:type\" content=\"image\/jpeg\" \/>\n<meta name=\"author\" content=\"Anders Arhammar\" \/>\n<meta name=\"twitter:card\" content=\"summary_large_image\" \/>\n<meta name=\"twitter:label1\" content=\"Written by\" \/>\n\t<meta name=\"twitter:data1\" content=\"Anders Arhammar\" \/>\n\t<meta name=\"twitter:label2\" content=\"Est. reading time\" \/>\n\t<meta name=\"twitter:data2\" content=\"1 minute\" \/>\n<script type=\"application\/ld+json\" class=\"yoast-schema-graph\">{\"@context\":\"https:\\\/\\\/schema.org\",\"@graph\":[{\"@type\":\"Article\",\"@id\":\"https:\\\/\\\/www.arhammar.se\\\/blog\\\/sondag-den-27-juli-1913-de-skjoto-med-lost-krut\\\/#article\",\"isPartOf\":{\"@id\":\"https:\\\/\\\/www.arhammar.se\\\/blog\\\/sondag-den-27-juli-1913-de-skjoto-med-lost-krut\\\/\"},\"author\":{\"name\":\"Anders Arhammar\",\"@id\":\"https:\\\/\\\/www.arhammar.se\\\/blog\\\/#\\\/schema\\\/person\\\/061984c1d884b363e2c91550f2e00d1d\"},\"headline\":\"S\u00f6ndag den 27 juli 1913. De skj\u00f6to med l\u00f6st krut.\",\"datePublished\":\"2020-03-03T15:25:16+00:00\",\"dateModified\":\"2020-03-28T11:07:37+00:00\",\"mainEntityOfPage\":{\"@id\":\"https:\\\/\\\/www.arhammar.se\\\/blog\\\/sondag-den-27-juli-1913-de-skjoto-med-lost-krut\\\/\"},\"wordCount\":123,\"commentCount\":0,\"image\":{\"@id\":\"https:\\\/\\\/www.arhammar.se\\\/blog\\\/sondag-den-27-juli-1913-de-skjoto-med-lost-krut\\\/#primaryimage\"},\"thumbnailUrl\":\"https:\\\/\\\/www.arhammar.se\\\/blog\\\/wp-content\\\/uploads\\\/2020\\\/10\\\/juli1913.jpg\",\"articleSection\":[\"1913\",\"mormors dagbok\"],\"inLanguage\":\"en-US\",\"potentialAction\":[{\"@type\":\"CommentAction\",\"name\":\"Comment\",\"target\":[\"https:\\\/\\\/www.arhammar.se\\\/blog\\\/sondag-den-27-juli-1913-de-skjoto-med-lost-krut\\\/#respond\"]}]},{\"@type\":\"WebPage\",\"@id\":\"https:\\\/\\\/www.arhammar.se\\\/blog\\\/sondag-den-27-juli-1913-de-skjoto-med-lost-krut\\\/\",\"url\":\"https:\\\/\\\/www.arhammar.se\\\/blog\\\/sondag-den-27-juli-1913-de-skjoto-med-lost-krut\\\/\",\"name\":\"S\u00f6ndag den 27 juli 1913. De skj\u00f6to med l\u00f6st krut. - @Arhammar bokstavligen\",\"isPartOf\":{\"@id\":\"https:\\\/\\\/www.arhammar.se\\\/blog\\\/#website\"},\"primaryImageOfPage\":{\"@id\":\"https:\\\/\\\/www.arhammar.se\\\/blog\\\/sondag-den-27-juli-1913-de-skjoto-med-lost-krut\\\/#primaryimage\"},\"image\":{\"@id\":\"https:\\\/\\\/www.arhammar.se\\\/blog\\\/sondag-den-27-juli-1913-de-skjoto-med-lost-krut\\\/#primaryimage\"},\"thumbnailUrl\":\"https:\\\/\\\/www.arhammar.se\\\/blog\\\/wp-content\\\/uploads\\\/2020\\\/10\\\/juli1913.jpg\",\"datePublished\":\"2020-03-03T15:25:16+00:00\",\"dateModified\":\"2020-03-28T11:07:37+00:00\",\"author\":{\"@id\":\"https:\\\/\\\/www.arhammar.se\\\/blog\\\/#\\\/schema\\\/person\\\/061984c1d884b363e2c91550f2e00d1d\"},\"breadcrumb\":{\"@id\":\"https:\\\/\\\/www.arhammar.se\\\/blog\\\/sondag-den-27-juli-1913-de-skjoto-med-lost-krut\\\/#breadcrumb\"},\"inLanguage\":\"en-US\",\"potentialAction\":[{\"@type\":\"ReadAction\",\"target\":[\"https:\\\/\\\/www.arhammar.se\\\/blog\\\/sondag-den-27-juli-1913-de-skjoto-med-lost-krut\\\/\"]}]},{\"@type\":\"ImageObject\",\"inLanguage\":\"en-US\",\"@id\":\"https:\\\/\\\/www.arhammar.se\\\/blog\\\/sondag-den-27-juli-1913-de-skjoto-med-lost-krut\\\/#primaryimage\",\"url\":\"https:\\\/\\\/www.arhammar.se\\\/blog\\\/wp-content\\\/uploads\\\/2020\\\/10\\\/juli1913.jpg\",\"contentUrl\":\"https:\\\/\\\/www.arhammar.se\\\/blog\\\/wp-content\\\/uploads\\\/2020\\\/10\\\/juli1913.jpg\",\"width\":640,\"height\":480},{\"@type\":\"BreadcrumbList\",\"@id\":\"https:\\\/\\\/www.arhammar.se\\\/blog\\\/sondag-den-27-juli-1913-de-skjoto-med-lost-krut\\\/#breadcrumb\",\"itemListElement\":[{\"@type\":\"ListItem\",\"position\":1,\"name\":\"Home\",\"item\":\"https:\\\/\\\/www.arhammar.se\\\/blog\\\/\"},{\"@type\":\"ListItem\",\"position\":2,\"name\":\"S\u00f6ndag den 27 juli 1913. De skj\u00f6to med l\u00f6st krut.\"}]},{\"@type\":\"WebSite\",\"@id\":\"https:\\\/\\\/www.arhammar.se\\\/blog\\\/#website\",\"url\":\"https:\\\/\\\/www.arhammar.se\\\/blog\\\/\",\"name\":\"@Arhammar bokstavligen\",\"description\":\"Fr\u00e5n min penna och panna\",\"potentialAction\":[{\"@type\":\"SearchAction\",\"target\":{\"@type\":\"EntryPoint\",\"urlTemplate\":\"https:\\\/\\\/www.arhammar.se\\\/blog\\\/?s={search_term_string}\"},\"query-input\":{\"@type\":\"PropertyValueSpecification\",\"valueRequired\":true,\"valueName\":\"search_term_string\"}}],\"inLanguage\":\"en-US\"},{\"@type\":\"Person\",\"@id\":\"https:\\\/\\\/www.arhammar.se\\\/blog\\\/#\\\/schema\\\/person\\\/061984c1d884b363e2c91550f2e00d1d\",\"name\":\"Anders Arhammar\",\"image\":{\"@type\":\"ImageObject\",\"inLanguage\":\"en-US\",\"@id\":\"https:\\\/\\\/secure.gravatar.com\\\/avatar\\\/784b5b36cfe145ae19a52340f405285a939bcc08d4a21136b3a81f9e378ffae0?s=96&d=mm&r=g\",\"url\":\"https:\\\/\\\/secure.gravatar.com\\\/avatar\\\/784b5b36cfe145ae19a52340f405285a939bcc08d4a21136b3a81f9e378ffae0?s=96&d=mm&r=g\",\"contentUrl\":\"https:\\\/\\\/secure.gravatar.com\\\/avatar\\\/784b5b36cfe145ae19a52340f405285a939bcc08d4a21136b3a81f9e378ffae0?s=96&d=mm&r=g\",\"caption\":\"Anders Arhammar\"},\"url\":\"https:\\\/\\\/www.arhammar.se\\\/blog\\\/author\\\/anders\\\/\"}]}<\/script>\n<!-- \/ Yoast SEO plugin. -->","yoast_head_json":{"title":"S\u00f6ndag den 27 juli 1913. De skj\u00f6to med l\u00f6st krut. - @Arhammar bokstavligen","robots":{"index":"index","follow":"follow","max-snippet":"max-snippet:-1","max-image-preview":"max-image-preview:large","max-video-preview":"max-video-preview:-1"},"canonical":"https:\/\/www.arhammar.se\/blog\/sondag-den-27-juli-1913-de-skjoto-med-lost-krut\/","og_locale":"en_US","og_type":"article","og_title":"S\u00f6ndag den 27 juli 1913. De skj\u00f6to med l\u00f6st krut. - @Arhammar bokstavligen","og_description":"Idag fick vi storfr\u00e4mmande helt pl\u00f6tsligt. Pappa och fru Dahl\u00e9n. De ha varit med och badat och vi fotograferade oss i badet. Hoppas det blir bra. Nu p\u00e5 kv\u00e4llen sitter jag p\u00e5 verandan och skriver. Det har varit s\u00e5 sk\u00f6nt v\u00e4der de sista dagarna och ikv\u00e4ll \u00e4r det lika h\u00e4rligt, som vanligt. Ig\u00e5r kv\u00e4ll sutto [&hellip;]","og_url":"https:\/\/www.arhammar.se\/blog\/sondag-den-27-juli-1913-de-skjoto-med-lost-krut\/","og_site_name":"@Arhammar bokstavligen","article_published_time":"2020-03-03T15:25:16+00:00","article_modified_time":"2020-03-28T11:07:37+00:00","og_image":[{"width":640,"height":480,"url":"https:\/\/www.arhammar.se\/blog\/wp-content\/uploads\/2020\/10\/juli1913.jpg","type":"image\/jpeg"}],"author":"Anders Arhammar","twitter_card":"summary_large_image","twitter_misc":{"Written by":"Anders Arhammar","Est. reading time":"1 minute"},"schema":{"@context":"https:\/\/schema.org","@graph":[{"@type":"Article","@id":"https:\/\/www.arhammar.se\/blog\/sondag-den-27-juli-1913-de-skjoto-med-lost-krut\/#article","isPartOf":{"@id":"https:\/\/www.arhammar.se\/blog\/sondag-den-27-juli-1913-de-skjoto-med-lost-krut\/"},"author":{"name":"Anders Arhammar","@id":"https:\/\/www.arhammar.se\/blog\/#\/schema\/person\/061984c1d884b363e2c91550f2e00d1d"},"headline":"S\u00f6ndag den 27 juli 1913. De skj\u00f6to med l\u00f6st krut.","datePublished":"2020-03-03T15:25:16+00:00","dateModified":"2020-03-28T11:07:37+00:00","mainEntityOfPage":{"@id":"https:\/\/www.arhammar.se\/blog\/sondag-den-27-juli-1913-de-skjoto-med-lost-krut\/"},"wordCount":123,"commentCount":0,"image":{"@id":"https:\/\/www.arhammar.se\/blog\/sondag-den-27-juli-1913-de-skjoto-med-lost-krut\/#primaryimage"},"thumbnailUrl":"https:\/\/www.arhammar.se\/blog\/wp-content\/uploads\/2020\/10\/juli1913.jpg","articleSection":["1913","mormors dagbok"],"inLanguage":"en-US","potentialAction":[{"@type":"CommentAction","name":"Comment","target":["https:\/\/www.arhammar.se\/blog\/sondag-den-27-juli-1913-de-skjoto-med-lost-krut\/#respond"]}]},{"@type":"WebPage","@id":"https:\/\/www.arhammar.se\/blog\/sondag-den-27-juli-1913-de-skjoto-med-lost-krut\/","url":"https:\/\/www.arhammar.se\/blog\/sondag-den-27-juli-1913-de-skjoto-med-lost-krut\/","name":"S\u00f6ndag den 27 juli 1913. De skj\u00f6to med l\u00f6st krut. - @Arhammar bokstavligen","isPartOf":{"@id":"https:\/\/www.arhammar.se\/blog\/#website"},"primaryImageOfPage":{"@id":"https:\/\/www.arhammar.se\/blog\/sondag-den-27-juli-1913-de-skjoto-med-lost-krut\/#primaryimage"},"image":{"@id":"https:\/\/www.arhammar.se\/blog\/sondag-den-27-juli-1913-de-skjoto-med-lost-krut\/#primaryimage"},"thumbnailUrl":"https:\/\/www.arhammar.se\/blog\/wp-content\/uploads\/2020\/10\/juli1913.jpg","datePublished":"2020-03-03T15:25:16+00:00","dateModified":"2020-03-28T11:07:37+00:00","author":{"@id":"https:\/\/www.arhammar.se\/blog\/#\/schema\/person\/061984c1d884b363e2c91550f2e00d1d"},"breadcrumb":{"@id":"https:\/\/www.arhammar.se\/blog\/sondag-den-27-juli-1913-de-skjoto-med-lost-krut\/#breadcrumb"},"inLanguage":"en-US","potentialAction":[{"@type":"ReadAction","target":["https:\/\/www.arhammar.se\/blog\/sondag-den-27-juli-1913-de-skjoto-med-lost-krut\/"]}]},{"@type":"ImageObject","inLanguage":"en-US","@id":"https:\/\/www.arhammar.se\/blog\/sondag-den-27-juli-1913-de-skjoto-med-lost-krut\/#primaryimage","url":"https:\/\/www.arhammar.se\/blog\/wp-content\/uploads\/2020\/10\/juli1913.jpg","contentUrl":"https:\/\/www.arhammar.se\/blog\/wp-content\/uploads\/2020\/10\/juli1913.jpg","width":640,"height":480},{"@type":"BreadcrumbList","@id":"https:\/\/www.arhammar.se\/blog\/sondag-den-27-juli-1913-de-skjoto-med-lost-krut\/#breadcrumb","itemListElement":[{"@type":"ListItem","position":1,"name":"Home","item":"https:\/\/www.arhammar.se\/blog\/"},{"@type":"ListItem","position":2,"name":"S\u00f6ndag den 27 juli 1913. De skj\u00f6to med l\u00f6st krut."}]},{"@type":"WebSite","@id":"https:\/\/www.arhammar.se\/blog\/#website","url":"https:\/\/www.arhammar.se\/blog\/","name":"@Arhammar bokstavligen","description":"Fr\u00e5n min penna och panna","potentialAction":[{"@type":"SearchAction","target":{"@type":"EntryPoint","urlTemplate":"https:\/\/www.arhammar.se\/blog\/?s={search_term_string}"},"query-input":{"@type":"PropertyValueSpecification","valueRequired":true,"valueName":"search_term_string"}}],"inLanguage":"en-US"},{"@type":"Person","@id":"https:\/\/www.arhammar.se\/blog\/#\/schema\/person\/061984c1d884b363e2c91550f2e00d1d","name":"Anders Arhammar","image":{"@type":"ImageObject","inLanguage":"en-US","@id":"https:\/\/secure.gravatar.com\/avatar\/784b5b36cfe145ae19a52340f405285a939bcc08d4a21136b3a81f9e378ffae0?s=96&d=mm&r=g","url":"https:\/\/secure.gravatar.com\/avatar\/784b5b36cfe145ae19a52340f405285a939bcc08d4a21136b3a81f9e378ffae0?s=96&d=mm&r=g","contentUrl":"https:\/\/secure.gravatar.com\/avatar\/784b5b36cfe145ae19a52340f405285a939bcc08d4a21136b3a81f9e378ffae0?s=96&d=mm&r=g","caption":"Anders Arhammar"},"url":"https:\/\/www.arhammar.se\/blog\/author\/anders\/"}]}},"_links":{"self":[{"href":"https:\/\/www.arhammar.se\/blog\/wp-json\/wp\/v2\/posts\/26910","targetHints":{"allow":["GET"]}}],"collection":[{"href":"https:\/\/www.arhammar.se\/blog\/wp-json\/wp\/v2\/posts"}],"about":[{"href":"https:\/\/www.arhammar.se\/blog\/wp-json\/wp\/v2\/types\/post"}],"author":[{"embeddable":true,"href":"https:\/\/www.arhammar.se\/blog\/wp-json\/wp\/v2\/users\/2"}],"replies":[{"embeddable":true,"href":"https:\/\/www.arhammar.se\/blog\/wp-json\/wp\/v2\/comments?post=26910"}],"version-history":[{"count":4,"href":"https:\/\/www.arhammar.se\/blog\/wp-json\/wp\/v2\/posts\/26910\/revisions"}],"predecessor-version":[{"id":27912,"href":"https:\/\/www.arhammar.se\/blog\/wp-json\/wp\/v2\/posts\/26910\/revisions\/27912"}],"wp:featuredmedia":[{"embeddable":true,"href":"https:\/\/www.arhammar.se\/blog\/wp-json\/wp\/v2\/media\/26217"}],"wp:attachment":[{"href":"https:\/\/www.arhammar.se\/blog\/wp-json\/wp\/v2\/media?parent=26910"}],"wp:term":[{"taxonomy":"category","embeddable":true,"href":"https:\/\/www.arhammar.se\/blog\/wp-json\/wp\/v2\/categories?post=26910"},{"taxonomy":"post_tag","embeddable":true,"href":"https:\/\/www.arhammar.se\/blog\/wp-json\/wp\/v2\/tags?post=26910"}],"curies":[{"name":"wp","href":"https:\/\/api.w.org\/{rel}","templated":true}]}}