{"id":26909,"date":"2020-03-03T16:20:15","date_gmt":"2020-03-03T15:20:15","guid":{"rendered":"https:\/\/www.arhammar.se\/blog\/?p=26909"},"modified":"2020-03-28T12:07:02","modified_gmt":"2020-03-28T11:07:02","slug":"fredag-den-25-juli-1913-vi-hade-valdigt-skoj-pa-baten","status":"publish","type":"post","link":"https:\/\/www.arhammar.se\/blog\/fredag-den-25-juli-1913-vi-hade-valdigt-skoj-pa-baten\/","title":{"rendered":"Fredag den 25 juli 1913. Vi hade v\u00e4ldigt skoj p\u00e5 b\u00e5ten."},"content":{"rendered":"<p>Nu \u00e4r jag h\u00e4r p\u00e5 H\u00f6viksn\u00e4s igen. Mamma skrev att jag g\u00e4rna kunde resa ut p\u00e5 torsdag och det gjorde jag. Strax innan jag reste och var nere i aff\u00e4ren hos Naemi, kom Greta dit. Vi h\u00e4lsade och pratade v\u00e4rre. Hon f\u00f6ljde mig till b\u00e5ten, och v\u00e4l ditkommen, besl\u00f6t hon pl\u00f6tsligt att f\u00f6lja med. Jag gillade naturligtvis beslutet p\u00e5 det h\u00f6gsta och hon reste med och vi hade v\u00e4ldigt skoj p\u00e5 b\u00e5ten. <\/p>\n<p>V\u00e4l framkomna blevo vi bjudna p\u00e5 kaffe av v\u00e4rdfolket p\u00e5 grund av Kristinadagen och Viktors f\u00f6delsedag. Sen voro vi och badade, och p\u00e5 kv\u00e4llen rodde vi ut och sj\u00f6ngo och spelade. Det var s\u00e5 h\u00e4rligt. M\u00e5nen gled upp, stor och r\u00f6d och bildade en l\u00e5ng bl\u00e4nkande strimma i sj\u00f6n. Sent, sent lade vi iland, och gingo hem, f\u00f6r att krypa i s\u00e4ng. <\/p>\n<p>Idag p\u00e5 f\u00f6rmiddagen reste Greta redan. Hon m\u00e5ste till N\u00e4\u00e4s igen. N\u00e4stan hela f\u00f6rmiddagen var jag sedan och badade. Jag uppt\u00e4ckte en utm\u00e4rkt bra, ny badplats. Sen l\u00e5g jag och stekte mig i solen tv\u00e5 timmars tid. I eftermiddags ha Rut och jag varit ute och plockat b\u00e4r. Det var f\u00f6rtjusande vackert, d\u00e4r vi voro, berg och skog, ormbunkar, \u00e4lggr\u00e4s och dallrande solsken mellan r\u00f6nnarnas l\u00f6vverk.<\/p>\n<!-- AddThis Advanced Settings generic via filter on the_content --><!-- AddThis Share Buttons generic via filter on the_content -->","protected":false},"excerpt":{"rendered":"<p>Nu \u00e4r jag h\u00e4r p\u00e5 H\u00f6viksn\u00e4s igen. Mamma skrev att jag g\u00e4rna kunde resa ut p\u00e5 torsdag och det gjorde jag. Strax innan jag reste och var nere i aff\u00e4ren hos Naemi, kom Greta dit. Vi h\u00e4lsade och pratade v\u00e4rre. Hon f\u00f6ljde mig till b\u00e5ten, och v\u00e4l ditkommen, besl\u00f6t hon pl\u00f6tsligt att f\u00f6lja med. Jag [&hellip;]<!-- AddThis Advanced Settings generic via filter on wp_trim_excerpt --><!-- AddThis Share Buttons generic via filter on wp_trim_excerpt --><\/p>\n","protected":false},"author":2,"featured_media":26217,"comment_status":"open","ping_status":"open","sticky":false,"template":"","format":"standard","meta":{"footnotes":""},"categories":[3438,3425],"tags":[],"class_list":["post-26909","post","type-post","status-publish","format-standard","has-post-thumbnail","hentry","category-3438","category-mormors-dagbok"],"yoast_head":"<!-- This site is optimized with the Yoast SEO plugin v27.4 - https:\/\/yoast.com\/product\/yoast-seo-wordpress\/ -->\n<title>Fredag den 25 juli 1913. Vi hade v\u00e4ldigt skoj p\u00e5 b\u00e5ten. - @Arhammar bokstavligen<\/title>\n<meta name=\"robots\" content=\"index, follow, max-snippet:-1, max-image-preview:large, max-video-preview:-1\" \/>\n<link rel=\"canonical\" href=\"https:\/\/www.arhammar.se\/blog\/fredag-den-25-juli-1913-vi-hade-valdigt-skoj-pa-baten\/\" \/>\n<meta property=\"og:locale\" content=\"en_US\" \/>\n<meta property=\"og:type\" content=\"article\" \/>\n<meta property=\"og:title\" content=\"Fredag den 25 juli 1913. Vi hade v\u00e4ldigt skoj p\u00e5 b\u00e5ten. - @Arhammar bokstavligen\" \/>\n<meta property=\"og:description\" content=\"Nu \u00e4r jag h\u00e4r p\u00e5 H\u00f6viksn\u00e4s igen. Mamma skrev att jag g\u00e4rna kunde resa ut p\u00e5 torsdag och det gjorde jag. Strax innan jag reste och var nere i aff\u00e4ren hos Naemi, kom Greta dit. Vi h\u00e4lsade och pratade v\u00e4rre. Hon f\u00f6ljde mig till b\u00e5ten, och v\u00e4l ditkommen, besl\u00f6t hon pl\u00f6tsligt att f\u00f6lja med. Jag [&hellip;]\" \/>\n<meta property=\"og:url\" content=\"https:\/\/www.arhammar.se\/blog\/fredag-den-25-juli-1913-vi-hade-valdigt-skoj-pa-baten\/\" \/>\n<meta property=\"og:site_name\" content=\"@Arhammar bokstavligen\" \/>\n<meta property=\"article:published_time\" content=\"2020-03-03T15:20:15+00:00\" \/>\n<meta property=\"article:modified_time\" content=\"2020-03-28T11:07:02+00:00\" \/>\n<meta property=\"og:image\" content=\"https:\/\/www.arhammar.se\/blog\/wp-content\/uploads\/2020\/10\/juli1913.jpg\" \/>\n\t<meta property=\"og:image:width\" content=\"640\" \/>\n\t<meta property=\"og:image:height\" content=\"480\" \/>\n\t<meta property=\"og:image:type\" content=\"image\/jpeg\" \/>\n<meta name=\"author\" content=\"Anders Arhammar\" \/>\n<meta name=\"twitter:card\" content=\"summary_large_image\" \/>\n<meta name=\"twitter:label1\" content=\"Written by\" \/>\n\t<meta name=\"twitter:data1\" content=\"Anders Arhammar\" \/>\n\t<meta name=\"twitter:label2\" content=\"Est. reading time\" \/>\n\t<meta name=\"twitter:data2\" content=\"1 minute\" \/>\n<script type=\"application\/ld+json\" class=\"yoast-schema-graph\">{\"@context\":\"https:\\\/\\\/schema.org\",\"@graph\":[{\"@type\":\"Article\",\"@id\":\"https:\\\/\\\/www.arhammar.se\\\/blog\\\/fredag-den-25-juli-1913-vi-hade-valdigt-skoj-pa-baten\\\/#article\",\"isPartOf\":{\"@id\":\"https:\\\/\\\/www.arhammar.se\\\/blog\\\/fredag-den-25-juli-1913-vi-hade-valdigt-skoj-pa-baten\\\/\"},\"author\":{\"name\":\"Anders Arhammar\",\"@id\":\"https:\\\/\\\/www.arhammar.se\\\/blog\\\/#\\\/schema\\\/person\\\/061984c1d884b363e2c91550f2e00d1d\"},\"headline\":\"Fredag den 25 juli 1913. Vi hade v\u00e4ldigt skoj p\u00e5 b\u00e5ten.\",\"datePublished\":\"2020-03-03T15:20:15+00:00\",\"dateModified\":\"2020-03-28T11:07:02+00:00\",\"mainEntityOfPage\":{\"@id\":\"https:\\\/\\\/www.arhammar.se\\\/blog\\\/fredag-den-25-juli-1913-vi-hade-valdigt-skoj-pa-baten\\\/\"},\"wordCount\":254,\"commentCount\":0,\"image\":{\"@id\":\"https:\\\/\\\/www.arhammar.se\\\/blog\\\/fredag-den-25-juli-1913-vi-hade-valdigt-skoj-pa-baten\\\/#primaryimage\"},\"thumbnailUrl\":\"https:\\\/\\\/www.arhammar.se\\\/blog\\\/wp-content\\\/uploads\\\/2020\\\/10\\\/juli1913.jpg\",\"articleSection\":[\"1913\",\"mormors dagbok\"],\"inLanguage\":\"en-US\",\"potentialAction\":[{\"@type\":\"CommentAction\",\"name\":\"Comment\",\"target\":[\"https:\\\/\\\/www.arhammar.se\\\/blog\\\/fredag-den-25-juli-1913-vi-hade-valdigt-skoj-pa-baten\\\/#respond\"]}]},{\"@type\":\"WebPage\",\"@id\":\"https:\\\/\\\/www.arhammar.se\\\/blog\\\/fredag-den-25-juli-1913-vi-hade-valdigt-skoj-pa-baten\\\/\",\"url\":\"https:\\\/\\\/www.arhammar.se\\\/blog\\\/fredag-den-25-juli-1913-vi-hade-valdigt-skoj-pa-baten\\\/\",\"name\":\"Fredag den 25 juli 1913. Vi hade v\u00e4ldigt skoj p\u00e5 b\u00e5ten. - @Arhammar bokstavligen\",\"isPartOf\":{\"@id\":\"https:\\\/\\\/www.arhammar.se\\\/blog\\\/#website\"},\"primaryImageOfPage\":{\"@id\":\"https:\\\/\\\/www.arhammar.se\\\/blog\\\/fredag-den-25-juli-1913-vi-hade-valdigt-skoj-pa-baten\\\/#primaryimage\"},\"image\":{\"@id\":\"https:\\\/\\\/www.arhammar.se\\\/blog\\\/fredag-den-25-juli-1913-vi-hade-valdigt-skoj-pa-baten\\\/#primaryimage\"},\"thumbnailUrl\":\"https:\\\/\\\/www.arhammar.se\\\/blog\\\/wp-content\\\/uploads\\\/2020\\\/10\\\/juli1913.jpg\",\"datePublished\":\"2020-03-03T15:20:15+00:00\",\"dateModified\":\"2020-03-28T11:07:02+00:00\",\"author\":{\"@id\":\"https:\\\/\\\/www.arhammar.se\\\/blog\\\/#\\\/schema\\\/person\\\/061984c1d884b363e2c91550f2e00d1d\"},\"breadcrumb\":{\"@id\":\"https:\\\/\\\/www.arhammar.se\\\/blog\\\/fredag-den-25-juli-1913-vi-hade-valdigt-skoj-pa-baten\\\/#breadcrumb\"},\"inLanguage\":\"en-US\",\"potentialAction\":[{\"@type\":\"ReadAction\",\"target\":[\"https:\\\/\\\/www.arhammar.se\\\/blog\\\/fredag-den-25-juli-1913-vi-hade-valdigt-skoj-pa-baten\\\/\"]}]},{\"@type\":\"ImageObject\",\"inLanguage\":\"en-US\",\"@id\":\"https:\\\/\\\/www.arhammar.se\\\/blog\\\/fredag-den-25-juli-1913-vi-hade-valdigt-skoj-pa-baten\\\/#primaryimage\",\"url\":\"https:\\\/\\\/www.arhammar.se\\\/blog\\\/wp-content\\\/uploads\\\/2020\\\/10\\\/juli1913.jpg\",\"contentUrl\":\"https:\\\/\\\/www.arhammar.se\\\/blog\\\/wp-content\\\/uploads\\\/2020\\\/10\\\/juli1913.jpg\",\"width\":640,\"height\":480},{\"@type\":\"BreadcrumbList\",\"@id\":\"https:\\\/\\\/www.arhammar.se\\\/blog\\\/fredag-den-25-juli-1913-vi-hade-valdigt-skoj-pa-baten\\\/#breadcrumb\",\"itemListElement\":[{\"@type\":\"ListItem\",\"position\":1,\"name\":\"Home\",\"item\":\"https:\\\/\\\/www.arhammar.se\\\/blog\\\/\"},{\"@type\":\"ListItem\",\"position\":2,\"name\":\"Fredag den 25 juli 1913. Vi hade v\u00e4ldigt skoj p\u00e5 b\u00e5ten.\"}]},{\"@type\":\"WebSite\",\"@id\":\"https:\\\/\\\/www.arhammar.se\\\/blog\\\/#website\",\"url\":\"https:\\\/\\\/www.arhammar.se\\\/blog\\\/\",\"name\":\"@Arhammar bokstavligen\",\"description\":\"Fr\u00e5n min penna och panna\",\"potentialAction\":[{\"@type\":\"SearchAction\",\"target\":{\"@type\":\"EntryPoint\",\"urlTemplate\":\"https:\\\/\\\/www.arhammar.se\\\/blog\\\/?s={search_term_string}\"},\"query-input\":{\"@type\":\"PropertyValueSpecification\",\"valueRequired\":true,\"valueName\":\"search_term_string\"}}],\"inLanguage\":\"en-US\"},{\"@type\":\"Person\",\"@id\":\"https:\\\/\\\/www.arhammar.se\\\/blog\\\/#\\\/schema\\\/person\\\/061984c1d884b363e2c91550f2e00d1d\",\"name\":\"Anders Arhammar\",\"image\":{\"@type\":\"ImageObject\",\"inLanguage\":\"en-US\",\"@id\":\"https:\\\/\\\/secure.gravatar.com\\\/avatar\\\/784b5b36cfe145ae19a52340f405285a939bcc08d4a21136b3a81f9e378ffae0?s=96&d=mm&r=g\",\"url\":\"https:\\\/\\\/secure.gravatar.com\\\/avatar\\\/784b5b36cfe145ae19a52340f405285a939bcc08d4a21136b3a81f9e378ffae0?s=96&d=mm&r=g\",\"contentUrl\":\"https:\\\/\\\/secure.gravatar.com\\\/avatar\\\/784b5b36cfe145ae19a52340f405285a939bcc08d4a21136b3a81f9e378ffae0?s=96&d=mm&r=g\",\"caption\":\"Anders Arhammar\"},\"url\":\"https:\\\/\\\/www.arhammar.se\\\/blog\\\/author\\\/anders\\\/\"}]}<\/script>\n<!-- \/ Yoast SEO plugin. -->","yoast_head_json":{"title":"Fredag den 25 juli 1913. Vi hade v\u00e4ldigt skoj p\u00e5 b\u00e5ten. - @Arhammar bokstavligen","robots":{"index":"index","follow":"follow","max-snippet":"max-snippet:-1","max-image-preview":"max-image-preview:large","max-video-preview":"max-video-preview:-1"},"canonical":"https:\/\/www.arhammar.se\/blog\/fredag-den-25-juli-1913-vi-hade-valdigt-skoj-pa-baten\/","og_locale":"en_US","og_type":"article","og_title":"Fredag den 25 juli 1913. Vi hade v\u00e4ldigt skoj p\u00e5 b\u00e5ten. - @Arhammar bokstavligen","og_description":"Nu \u00e4r jag h\u00e4r p\u00e5 H\u00f6viksn\u00e4s igen. Mamma skrev att jag g\u00e4rna kunde resa ut p\u00e5 torsdag och det gjorde jag. Strax innan jag reste och var nere i aff\u00e4ren hos Naemi, kom Greta dit. Vi h\u00e4lsade och pratade v\u00e4rre. Hon f\u00f6ljde mig till b\u00e5ten, och v\u00e4l ditkommen, besl\u00f6t hon pl\u00f6tsligt att f\u00f6lja med. Jag [&hellip;]","og_url":"https:\/\/www.arhammar.se\/blog\/fredag-den-25-juli-1913-vi-hade-valdigt-skoj-pa-baten\/","og_site_name":"@Arhammar bokstavligen","article_published_time":"2020-03-03T15:20:15+00:00","article_modified_time":"2020-03-28T11:07:02+00:00","og_image":[{"width":640,"height":480,"url":"https:\/\/www.arhammar.se\/blog\/wp-content\/uploads\/2020\/10\/juli1913.jpg","type":"image\/jpeg"}],"author":"Anders Arhammar","twitter_card":"summary_large_image","twitter_misc":{"Written by":"Anders Arhammar","Est. reading time":"1 minute"},"schema":{"@context":"https:\/\/schema.org","@graph":[{"@type":"Article","@id":"https:\/\/www.arhammar.se\/blog\/fredag-den-25-juli-1913-vi-hade-valdigt-skoj-pa-baten\/#article","isPartOf":{"@id":"https:\/\/www.arhammar.se\/blog\/fredag-den-25-juli-1913-vi-hade-valdigt-skoj-pa-baten\/"},"author":{"name":"Anders Arhammar","@id":"https:\/\/www.arhammar.se\/blog\/#\/schema\/person\/061984c1d884b363e2c91550f2e00d1d"},"headline":"Fredag den 25 juli 1913. Vi hade v\u00e4ldigt skoj p\u00e5 b\u00e5ten.","datePublished":"2020-03-03T15:20:15+00:00","dateModified":"2020-03-28T11:07:02+00:00","mainEntityOfPage":{"@id":"https:\/\/www.arhammar.se\/blog\/fredag-den-25-juli-1913-vi-hade-valdigt-skoj-pa-baten\/"},"wordCount":254,"commentCount":0,"image":{"@id":"https:\/\/www.arhammar.se\/blog\/fredag-den-25-juli-1913-vi-hade-valdigt-skoj-pa-baten\/#primaryimage"},"thumbnailUrl":"https:\/\/www.arhammar.se\/blog\/wp-content\/uploads\/2020\/10\/juli1913.jpg","articleSection":["1913","mormors dagbok"],"inLanguage":"en-US","potentialAction":[{"@type":"CommentAction","name":"Comment","target":["https:\/\/www.arhammar.se\/blog\/fredag-den-25-juli-1913-vi-hade-valdigt-skoj-pa-baten\/#respond"]}]},{"@type":"WebPage","@id":"https:\/\/www.arhammar.se\/blog\/fredag-den-25-juli-1913-vi-hade-valdigt-skoj-pa-baten\/","url":"https:\/\/www.arhammar.se\/blog\/fredag-den-25-juli-1913-vi-hade-valdigt-skoj-pa-baten\/","name":"Fredag den 25 juli 1913. Vi hade v\u00e4ldigt skoj p\u00e5 b\u00e5ten. - @Arhammar bokstavligen","isPartOf":{"@id":"https:\/\/www.arhammar.se\/blog\/#website"},"primaryImageOfPage":{"@id":"https:\/\/www.arhammar.se\/blog\/fredag-den-25-juli-1913-vi-hade-valdigt-skoj-pa-baten\/#primaryimage"},"image":{"@id":"https:\/\/www.arhammar.se\/blog\/fredag-den-25-juli-1913-vi-hade-valdigt-skoj-pa-baten\/#primaryimage"},"thumbnailUrl":"https:\/\/www.arhammar.se\/blog\/wp-content\/uploads\/2020\/10\/juli1913.jpg","datePublished":"2020-03-03T15:20:15+00:00","dateModified":"2020-03-28T11:07:02+00:00","author":{"@id":"https:\/\/www.arhammar.se\/blog\/#\/schema\/person\/061984c1d884b363e2c91550f2e00d1d"},"breadcrumb":{"@id":"https:\/\/www.arhammar.se\/blog\/fredag-den-25-juli-1913-vi-hade-valdigt-skoj-pa-baten\/#breadcrumb"},"inLanguage":"en-US","potentialAction":[{"@type":"ReadAction","target":["https:\/\/www.arhammar.se\/blog\/fredag-den-25-juli-1913-vi-hade-valdigt-skoj-pa-baten\/"]}]},{"@type":"ImageObject","inLanguage":"en-US","@id":"https:\/\/www.arhammar.se\/blog\/fredag-den-25-juli-1913-vi-hade-valdigt-skoj-pa-baten\/#primaryimage","url":"https:\/\/www.arhammar.se\/blog\/wp-content\/uploads\/2020\/10\/juli1913.jpg","contentUrl":"https:\/\/www.arhammar.se\/blog\/wp-content\/uploads\/2020\/10\/juli1913.jpg","width":640,"height":480},{"@type":"BreadcrumbList","@id":"https:\/\/www.arhammar.se\/blog\/fredag-den-25-juli-1913-vi-hade-valdigt-skoj-pa-baten\/#breadcrumb","itemListElement":[{"@type":"ListItem","position":1,"name":"Home","item":"https:\/\/www.arhammar.se\/blog\/"},{"@type":"ListItem","position":2,"name":"Fredag den 25 juli 1913. Vi hade v\u00e4ldigt skoj p\u00e5 b\u00e5ten."}]},{"@type":"WebSite","@id":"https:\/\/www.arhammar.se\/blog\/#website","url":"https:\/\/www.arhammar.se\/blog\/","name":"@Arhammar bokstavligen","description":"Fr\u00e5n min penna och panna","potentialAction":[{"@type":"SearchAction","target":{"@type":"EntryPoint","urlTemplate":"https:\/\/www.arhammar.se\/blog\/?s={search_term_string}"},"query-input":{"@type":"PropertyValueSpecification","valueRequired":true,"valueName":"search_term_string"}}],"inLanguage":"en-US"},{"@type":"Person","@id":"https:\/\/www.arhammar.se\/blog\/#\/schema\/person\/061984c1d884b363e2c91550f2e00d1d","name":"Anders Arhammar","image":{"@type":"ImageObject","inLanguage":"en-US","@id":"https:\/\/secure.gravatar.com\/avatar\/784b5b36cfe145ae19a52340f405285a939bcc08d4a21136b3a81f9e378ffae0?s=96&d=mm&r=g","url":"https:\/\/secure.gravatar.com\/avatar\/784b5b36cfe145ae19a52340f405285a939bcc08d4a21136b3a81f9e378ffae0?s=96&d=mm&r=g","contentUrl":"https:\/\/secure.gravatar.com\/avatar\/784b5b36cfe145ae19a52340f405285a939bcc08d4a21136b3a81f9e378ffae0?s=96&d=mm&r=g","caption":"Anders Arhammar"},"url":"https:\/\/www.arhammar.se\/blog\/author\/anders\/"}]}},"_links":{"self":[{"href":"https:\/\/www.arhammar.se\/blog\/wp-json\/wp\/v2\/posts\/26909","targetHints":{"allow":["GET"]}}],"collection":[{"href":"https:\/\/www.arhammar.se\/blog\/wp-json\/wp\/v2\/posts"}],"about":[{"href":"https:\/\/www.arhammar.se\/blog\/wp-json\/wp\/v2\/types\/post"}],"author":[{"embeddable":true,"href":"https:\/\/www.arhammar.se\/blog\/wp-json\/wp\/v2\/users\/2"}],"replies":[{"embeddable":true,"href":"https:\/\/www.arhammar.se\/blog\/wp-json\/wp\/v2\/comments?post=26909"}],"version-history":[{"count":3,"href":"https:\/\/www.arhammar.se\/blog\/wp-json\/wp\/v2\/posts\/26909\/revisions"}],"predecessor-version":[{"id":27911,"href":"https:\/\/www.arhammar.se\/blog\/wp-json\/wp\/v2\/posts\/26909\/revisions\/27911"}],"wp:featuredmedia":[{"embeddable":true,"href":"https:\/\/www.arhammar.se\/blog\/wp-json\/wp\/v2\/media\/26217"}],"wp:attachment":[{"href":"https:\/\/www.arhammar.se\/blog\/wp-json\/wp\/v2\/media?parent=26909"}],"wp:term":[{"taxonomy":"category","embeddable":true,"href":"https:\/\/www.arhammar.se\/blog\/wp-json\/wp\/v2\/categories?post=26909"},{"taxonomy":"post_tag","embeddable":true,"href":"https:\/\/www.arhammar.se\/blog\/wp-json\/wp\/v2\/tags?post=26909"}],"curies":[{"name":"wp","href":"https:\/\/api.w.org\/{rel}","templated":true}]}}