{"id":26908,"date":"2020-03-03T16:15:14","date_gmt":"2020-03-03T15:15:14","guid":{"rendered":"https:\/\/www.arhammar.se\/blog\/?p=26908"},"modified":"2020-03-28T12:05:52","modified_gmt":"2020-03-28T11:05:52","slug":"onsdag-den-23-juli-1913-danilo-foljde-mig-hem","status":"publish","type":"post","link":"https:\/\/www.arhammar.se\/blog\/onsdag-den-23-juli-1913-danilo-foljde-mig-hem\/","title":{"rendered":"Onsdag den 23 juli 1913. &#8220;Danilo&#8221; f\u00f6ljde mig hem."},"content":{"rendered":"<p>Ig\u00e5r ringde jag p\u00e5 till Kihlmans f\u00f6r att m\u00f6jligen tr\u00e4ffa n\u00e5gon och f\u00e5 Rakels adress och s\u00e5 tr\u00e4ffade jag henne sj\u00e4lv! Det blev ett v\u00e4ldigt prat f\u00f6rst\u00e5s. Hon var ocks\u00e5 tillf\u00e4lligtvis i stan och naturligtvis m\u00e5ste jag dit upp p\u00e5 eftermiddagen. <\/p>\n<p>D\u00e4r tr\u00e4ffade jag &#8220;Danilo&#8221; ocks\u00e5 och p\u00e5 kv\u00e4llen voro vi och en ung \u00e4nkling, herr Linde, i Tr\u00e4dg\u00e5rn. Och &#8220;Danilo&#8221; och jag f\u00f6rde ett fasligt spektakel. &#8220;Danilo&#8221; f\u00f6ljde mig hem. Idag tr\u00e4ffade jag Hilding nere hos Naemi och han var med mig h\u00e4rhemma sen. Nu har jag efter m\u00e5nga m\u00f6dor \u00e4ntligen skrivit ett brev till Elsa. Det tog p\u00e5 krafterna i v\u00e4rmen.<\/p>\n<!-- AddThis Advanced Settings generic via filter on the_content --><!-- AddThis Share Buttons generic via filter on the_content -->","protected":false},"excerpt":{"rendered":"<p>Ig\u00e5r ringde jag p\u00e5 till Kihlmans f\u00f6r att m\u00f6jligen tr\u00e4ffa n\u00e5gon och f\u00e5 Rakels adress och s\u00e5 tr\u00e4ffade jag henne sj\u00e4lv! Det blev ett v\u00e4ldigt prat f\u00f6rst\u00e5s. Hon var ocks\u00e5 tillf\u00e4lligtvis i stan och naturligtvis m\u00e5ste jag dit upp p\u00e5 eftermiddagen. D\u00e4r tr\u00e4ffade jag &#8220;Danilo&#8221; ocks\u00e5 och p\u00e5 kv\u00e4llen voro vi och en ung \u00e4nkling, [&hellip;]<!-- AddThis Advanced Settings generic via filter on wp_trim_excerpt --><!-- AddThis Share Buttons generic via filter on wp_trim_excerpt --><\/p>\n","protected":false},"author":2,"featured_media":26217,"comment_status":"open","ping_status":"open","sticky":false,"template":"","format":"standard","meta":{"footnotes":""},"categories":[3438,3425],"tags":[],"class_list":["post-26908","post","type-post","status-publish","format-standard","has-post-thumbnail","hentry","category-3438","category-mormors-dagbok"],"yoast_head":"<!-- This site is optimized with the Yoast SEO plugin v27.4 - https:\/\/yoast.com\/product\/yoast-seo-wordpress\/ -->\n<title>Onsdag den 23 juli 1913. &quot;Danilo&quot; f\u00f6ljde mig hem. - @Arhammar bokstavligen<\/title>\n<meta name=\"robots\" content=\"index, follow, max-snippet:-1, max-image-preview:large, max-video-preview:-1\" \/>\n<link rel=\"canonical\" href=\"https:\/\/www.arhammar.se\/blog\/onsdag-den-23-juli-1913-danilo-foljde-mig-hem\/\" \/>\n<meta property=\"og:locale\" content=\"en_US\" \/>\n<meta property=\"og:type\" content=\"article\" \/>\n<meta property=\"og:title\" content=\"Onsdag den 23 juli 1913. &quot;Danilo&quot; f\u00f6ljde mig hem. - @Arhammar bokstavligen\" \/>\n<meta property=\"og:description\" content=\"Ig\u00e5r ringde jag p\u00e5 till Kihlmans f\u00f6r att m\u00f6jligen tr\u00e4ffa n\u00e5gon och f\u00e5 Rakels adress och s\u00e5 tr\u00e4ffade jag henne sj\u00e4lv! Det blev ett v\u00e4ldigt prat f\u00f6rst\u00e5s. Hon var ocks\u00e5 tillf\u00e4lligtvis i stan och naturligtvis m\u00e5ste jag dit upp p\u00e5 eftermiddagen. D\u00e4r tr\u00e4ffade jag &#8220;Danilo&#8221; ocks\u00e5 och p\u00e5 kv\u00e4llen voro vi och en ung \u00e4nkling, [&hellip;]\" \/>\n<meta property=\"og:url\" content=\"https:\/\/www.arhammar.se\/blog\/onsdag-den-23-juli-1913-danilo-foljde-mig-hem\/\" \/>\n<meta property=\"og:site_name\" content=\"@Arhammar bokstavligen\" \/>\n<meta property=\"article:published_time\" content=\"2020-03-03T15:15:14+00:00\" \/>\n<meta property=\"article:modified_time\" content=\"2020-03-28T11:05:52+00:00\" \/>\n<meta property=\"og:image\" content=\"https:\/\/www.arhammar.se\/blog\/wp-content\/uploads\/2020\/10\/juli1913.jpg\" \/>\n\t<meta property=\"og:image:width\" content=\"640\" \/>\n\t<meta property=\"og:image:height\" content=\"480\" \/>\n\t<meta property=\"og:image:type\" content=\"image\/jpeg\" \/>\n<meta name=\"author\" content=\"Anders Arhammar\" \/>\n<meta name=\"twitter:card\" content=\"summary_large_image\" \/>\n<meta name=\"twitter:label1\" content=\"Written by\" \/>\n\t<meta name=\"twitter:data1\" content=\"Anders Arhammar\" \/>\n\t<meta name=\"twitter:label2\" content=\"Est. reading time\" \/>\n\t<meta name=\"twitter:data2\" content=\"1 minute\" \/>\n<script type=\"application\/ld+json\" class=\"yoast-schema-graph\">{\"@context\":\"https:\\\/\\\/schema.org\",\"@graph\":[{\"@type\":\"Article\",\"@id\":\"https:\\\/\\\/www.arhammar.se\\\/blog\\\/onsdag-den-23-juli-1913-danilo-foljde-mig-hem\\\/#article\",\"isPartOf\":{\"@id\":\"https:\\\/\\\/www.arhammar.se\\\/blog\\\/onsdag-den-23-juli-1913-danilo-foljde-mig-hem\\\/\"},\"author\":{\"name\":\"Anders Arhammar\",\"@id\":\"https:\\\/\\\/www.arhammar.se\\\/blog\\\/#\\\/schema\\\/person\\\/061984c1d884b363e2c91550f2e00d1d\"},\"headline\":\"Onsdag den 23 juli 1913. &#8220;Danilo&#8221; f\u00f6ljde mig hem.\",\"datePublished\":\"2020-03-03T15:15:14+00:00\",\"dateModified\":\"2020-03-28T11:05:52+00:00\",\"mainEntityOfPage\":{\"@id\":\"https:\\\/\\\/www.arhammar.se\\\/blog\\\/onsdag-den-23-juli-1913-danilo-foljde-mig-hem\\\/\"},\"wordCount\":135,\"commentCount\":0,\"image\":{\"@id\":\"https:\\\/\\\/www.arhammar.se\\\/blog\\\/onsdag-den-23-juli-1913-danilo-foljde-mig-hem\\\/#primaryimage\"},\"thumbnailUrl\":\"https:\\\/\\\/www.arhammar.se\\\/blog\\\/wp-content\\\/uploads\\\/2020\\\/10\\\/juli1913.jpg\",\"articleSection\":[\"1913\",\"mormors dagbok\"],\"inLanguage\":\"en-US\",\"potentialAction\":[{\"@type\":\"CommentAction\",\"name\":\"Comment\",\"target\":[\"https:\\\/\\\/www.arhammar.se\\\/blog\\\/onsdag-den-23-juli-1913-danilo-foljde-mig-hem\\\/#respond\"]}]},{\"@type\":\"WebPage\",\"@id\":\"https:\\\/\\\/www.arhammar.se\\\/blog\\\/onsdag-den-23-juli-1913-danilo-foljde-mig-hem\\\/\",\"url\":\"https:\\\/\\\/www.arhammar.se\\\/blog\\\/onsdag-den-23-juli-1913-danilo-foljde-mig-hem\\\/\",\"name\":\"Onsdag den 23 juli 1913. \\\"Danilo\\\" f\u00f6ljde mig hem. - @Arhammar bokstavligen\",\"isPartOf\":{\"@id\":\"https:\\\/\\\/www.arhammar.se\\\/blog\\\/#website\"},\"primaryImageOfPage\":{\"@id\":\"https:\\\/\\\/www.arhammar.se\\\/blog\\\/onsdag-den-23-juli-1913-danilo-foljde-mig-hem\\\/#primaryimage\"},\"image\":{\"@id\":\"https:\\\/\\\/www.arhammar.se\\\/blog\\\/onsdag-den-23-juli-1913-danilo-foljde-mig-hem\\\/#primaryimage\"},\"thumbnailUrl\":\"https:\\\/\\\/www.arhammar.se\\\/blog\\\/wp-content\\\/uploads\\\/2020\\\/10\\\/juli1913.jpg\",\"datePublished\":\"2020-03-03T15:15:14+00:00\",\"dateModified\":\"2020-03-28T11:05:52+00:00\",\"author\":{\"@id\":\"https:\\\/\\\/www.arhammar.se\\\/blog\\\/#\\\/schema\\\/person\\\/061984c1d884b363e2c91550f2e00d1d\"},\"breadcrumb\":{\"@id\":\"https:\\\/\\\/www.arhammar.se\\\/blog\\\/onsdag-den-23-juli-1913-danilo-foljde-mig-hem\\\/#breadcrumb\"},\"inLanguage\":\"en-US\",\"potentialAction\":[{\"@type\":\"ReadAction\",\"target\":[\"https:\\\/\\\/www.arhammar.se\\\/blog\\\/onsdag-den-23-juli-1913-danilo-foljde-mig-hem\\\/\"]}]},{\"@type\":\"ImageObject\",\"inLanguage\":\"en-US\",\"@id\":\"https:\\\/\\\/www.arhammar.se\\\/blog\\\/onsdag-den-23-juli-1913-danilo-foljde-mig-hem\\\/#primaryimage\",\"url\":\"https:\\\/\\\/www.arhammar.se\\\/blog\\\/wp-content\\\/uploads\\\/2020\\\/10\\\/juli1913.jpg\",\"contentUrl\":\"https:\\\/\\\/www.arhammar.se\\\/blog\\\/wp-content\\\/uploads\\\/2020\\\/10\\\/juli1913.jpg\",\"width\":640,\"height\":480},{\"@type\":\"BreadcrumbList\",\"@id\":\"https:\\\/\\\/www.arhammar.se\\\/blog\\\/onsdag-den-23-juli-1913-danilo-foljde-mig-hem\\\/#breadcrumb\",\"itemListElement\":[{\"@type\":\"ListItem\",\"position\":1,\"name\":\"Home\",\"item\":\"https:\\\/\\\/www.arhammar.se\\\/blog\\\/\"},{\"@type\":\"ListItem\",\"position\":2,\"name\":\"Onsdag den 23 juli 1913. &#8220;Danilo&#8221; f\u00f6ljde mig hem.\"}]},{\"@type\":\"WebSite\",\"@id\":\"https:\\\/\\\/www.arhammar.se\\\/blog\\\/#website\",\"url\":\"https:\\\/\\\/www.arhammar.se\\\/blog\\\/\",\"name\":\"@Arhammar bokstavligen\",\"description\":\"Fr\u00e5n min penna och panna\",\"potentialAction\":[{\"@type\":\"SearchAction\",\"target\":{\"@type\":\"EntryPoint\",\"urlTemplate\":\"https:\\\/\\\/www.arhammar.se\\\/blog\\\/?s={search_term_string}\"},\"query-input\":{\"@type\":\"PropertyValueSpecification\",\"valueRequired\":true,\"valueName\":\"search_term_string\"}}],\"inLanguage\":\"en-US\"},{\"@type\":\"Person\",\"@id\":\"https:\\\/\\\/www.arhammar.se\\\/blog\\\/#\\\/schema\\\/person\\\/061984c1d884b363e2c91550f2e00d1d\",\"name\":\"Anders Arhammar\",\"image\":{\"@type\":\"ImageObject\",\"inLanguage\":\"en-US\",\"@id\":\"https:\\\/\\\/secure.gravatar.com\\\/avatar\\\/784b5b36cfe145ae19a52340f405285a939bcc08d4a21136b3a81f9e378ffae0?s=96&d=mm&r=g\",\"url\":\"https:\\\/\\\/secure.gravatar.com\\\/avatar\\\/784b5b36cfe145ae19a52340f405285a939bcc08d4a21136b3a81f9e378ffae0?s=96&d=mm&r=g\",\"contentUrl\":\"https:\\\/\\\/secure.gravatar.com\\\/avatar\\\/784b5b36cfe145ae19a52340f405285a939bcc08d4a21136b3a81f9e378ffae0?s=96&d=mm&r=g\",\"caption\":\"Anders Arhammar\"},\"url\":\"https:\\\/\\\/www.arhammar.se\\\/blog\\\/author\\\/anders\\\/\"}]}<\/script>\n<!-- \/ Yoast SEO plugin. -->","yoast_head_json":{"title":"Onsdag den 23 juli 1913. \"Danilo\" f\u00f6ljde mig hem. - @Arhammar bokstavligen","robots":{"index":"index","follow":"follow","max-snippet":"max-snippet:-1","max-image-preview":"max-image-preview:large","max-video-preview":"max-video-preview:-1"},"canonical":"https:\/\/www.arhammar.se\/blog\/onsdag-den-23-juli-1913-danilo-foljde-mig-hem\/","og_locale":"en_US","og_type":"article","og_title":"Onsdag den 23 juli 1913. \"Danilo\" f\u00f6ljde mig hem. - @Arhammar bokstavligen","og_description":"Ig\u00e5r ringde jag p\u00e5 till Kihlmans f\u00f6r att m\u00f6jligen tr\u00e4ffa n\u00e5gon och f\u00e5 Rakels adress och s\u00e5 tr\u00e4ffade jag henne sj\u00e4lv! Det blev ett v\u00e4ldigt prat f\u00f6rst\u00e5s. Hon var ocks\u00e5 tillf\u00e4lligtvis i stan och naturligtvis m\u00e5ste jag dit upp p\u00e5 eftermiddagen. D\u00e4r tr\u00e4ffade jag &#8220;Danilo&#8221; ocks\u00e5 och p\u00e5 kv\u00e4llen voro vi och en ung \u00e4nkling, [&hellip;]","og_url":"https:\/\/www.arhammar.se\/blog\/onsdag-den-23-juli-1913-danilo-foljde-mig-hem\/","og_site_name":"@Arhammar bokstavligen","article_published_time":"2020-03-03T15:15:14+00:00","article_modified_time":"2020-03-28T11:05:52+00:00","og_image":[{"width":640,"height":480,"url":"https:\/\/www.arhammar.se\/blog\/wp-content\/uploads\/2020\/10\/juli1913.jpg","type":"image\/jpeg"}],"author":"Anders Arhammar","twitter_card":"summary_large_image","twitter_misc":{"Written by":"Anders Arhammar","Est. reading time":"1 minute"},"schema":{"@context":"https:\/\/schema.org","@graph":[{"@type":"Article","@id":"https:\/\/www.arhammar.se\/blog\/onsdag-den-23-juli-1913-danilo-foljde-mig-hem\/#article","isPartOf":{"@id":"https:\/\/www.arhammar.se\/blog\/onsdag-den-23-juli-1913-danilo-foljde-mig-hem\/"},"author":{"name":"Anders Arhammar","@id":"https:\/\/www.arhammar.se\/blog\/#\/schema\/person\/061984c1d884b363e2c91550f2e00d1d"},"headline":"Onsdag den 23 juli 1913. &#8220;Danilo&#8221; f\u00f6ljde mig hem.","datePublished":"2020-03-03T15:15:14+00:00","dateModified":"2020-03-28T11:05:52+00:00","mainEntityOfPage":{"@id":"https:\/\/www.arhammar.se\/blog\/onsdag-den-23-juli-1913-danilo-foljde-mig-hem\/"},"wordCount":135,"commentCount":0,"image":{"@id":"https:\/\/www.arhammar.se\/blog\/onsdag-den-23-juli-1913-danilo-foljde-mig-hem\/#primaryimage"},"thumbnailUrl":"https:\/\/www.arhammar.se\/blog\/wp-content\/uploads\/2020\/10\/juli1913.jpg","articleSection":["1913","mormors dagbok"],"inLanguage":"en-US","potentialAction":[{"@type":"CommentAction","name":"Comment","target":["https:\/\/www.arhammar.se\/blog\/onsdag-den-23-juli-1913-danilo-foljde-mig-hem\/#respond"]}]},{"@type":"WebPage","@id":"https:\/\/www.arhammar.se\/blog\/onsdag-den-23-juli-1913-danilo-foljde-mig-hem\/","url":"https:\/\/www.arhammar.se\/blog\/onsdag-den-23-juli-1913-danilo-foljde-mig-hem\/","name":"Onsdag den 23 juli 1913. \"Danilo\" f\u00f6ljde mig hem. - @Arhammar bokstavligen","isPartOf":{"@id":"https:\/\/www.arhammar.se\/blog\/#website"},"primaryImageOfPage":{"@id":"https:\/\/www.arhammar.se\/blog\/onsdag-den-23-juli-1913-danilo-foljde-mig-hem\/#primaryimage"},"image":{"@id":"https:\/\/www.arhammar.se\/blog\/onsdag-den-23-juli-1913-danilo-foljde-mig-hem\/#primaryimage"},"thumbnailUrl":"https:\/\/www.arhammar.se\/blog\/wp-content\/uploads\/2020\/10\/juli1913.jpg","datePublished":"2020-03-03T15:15:14+00:00","dateModified":"2020-03-28T11:05:52+00:00","author":{"@id":"https:\/\/www.arhammar.se\/blog\/#\/schema\/person\/061984c1d884b363e2c91550f2e00d1d"},"breadcrumb":{"@id":"https:\/\/www.arhammar.se\/blog\/onsdag-den-23-juli-1913-danilo-foljde-mig-hem\/#breadcrumb"},"inLanguage":"en-US","potentialAction":[{"@type":"ReadAction","target":["https:\/\/www.arhammar.se\/blog\/onsdag-den-23-juli-1913-danilo-foljde-mig-hem\/"]}]},{"@type":"ImageObject","inLanguage":"en-US","@id":"https:\/\/www.arhammar.se\/blog\/onsdag-den-23-juli-1913-danilo-foljde-mig-hem\/#primaryimage","url":"https:\/\/www.arhammar.se\/blog\/wp-content\/uploads\/2020\/10\/juli1913.jpg","contentUrl":"https:\/\/www.arhammar.se\/blog\/wp-content\/uploads\/2020\/10\/juli1913.jpg","width":640,"height":480},{"@type":"BreadcrumbList","@id":"https:\/\/www.arhammar.se\/blog\/onsdag-den-23-juli-1913-danilo-foljde-mig-hem\/#breadcrumb","itemListElement":[{"@type":"ListItem","position":1,"name":"Home","item":"https:\/\/www.arhammar.se\/blog\/"},{"@type":"ListItem","position":2,"name":"Onsdag den 23 juli 1913. &#8220;Danilo&#8221; f\u00f6ljde mig hem."}]},{"@type":"WebSite","@id":"https:\/\/www.arhammar.se\/blog\/#website","url":"https:\/\/www.arhammar.se\/blog\/","name":"@Arhammar bokstavligen","description":"Fr\u00e5n min penna och panna","potentialAction":[{"@type":"SearchAction","target":{"@type":"EntryPoint","urlTemplate":"https:\/\/www.arhammar.se\/blog\/?s={search_term_string}"},"query-input":{"@type":"PropertyValueSpecification","valueRequired":true,"valueName":"search_term_string"}}],"inLanguage":"en-US"},{"@type":"Person","@id":"https:\/\/www.arhammar.se\/blog\/#\/schema\/person\/061984c1d884b363e2c91550f2e00d1d","name":"Anders Arhammar","image":{"@type":"ImageObject","inLanguage":"en-US","@id":"https:\/\/secure.gravatar.com\/avatar\/784b5b36cfe145ae19a52340f405285a939bcc08d4a21136b3a81f9e378ffae0?s=96&d=mm&r=g","url":"https:\/\/secure.gravatar.com\/avatar\/784b5b36cfe145ae19a52340f405285a939bcc08d4a21136b3a81f9e378ffae0?s=96&d=mm&r=g","contentUrl":"https:\/\/secure.gravatar.com\/avatar\/784b5b36cfe145ae19a52340f405285a939bcc08d4a21136b3a81f9e378ffae0?s=96&d=mm&r=g","caption":"Anders Arhammar"},"url":"https:\/\/www.arhammar.se\/blog\/author\/anders\/"}]}},"_links":{"self":[{"href":"https:\/\/www.arhammar.se\/blog\/wp-json\/wp\/v2\/posts\/26908","targetHints":{"allow":["GET"]}}],"collection":[{"href":"https:\/\/www.arhammar.se\/blog\/wp-json\/wp\/v2\/posts"}],"about":[{"href":"https:\/\/www.arhammar.se\/blog\/wp-json\/wp\/v2\/types\/post"}],"author":[{"embeddable":true,"href":"https:\/\/www.arhammar.se\/blog\/wp-json\/wp\/v2\/users\/2"}],"replies":[{"embeddable":true,"href":"https:\/\/www.arhammar.se\/blog\/wp-json\/wp\/v2\/comments?post=26908"}],"version-history":[{"count":4,"href":"https:\/\/www.arhammar.se\/blog\/wp-json\/wp\/v2\/posts\/26908\/revisions"}],"predecessor-version":[{"id":27910,"href":"https:\/\/www.arhammar.se\/blog\/wp-json\/wp\/v2\/posts\/26908\/revisions\/27910"}],"wp:featuredmedia":[{"embeddable":true,"href":"https:\/\/www.arhammar.se\/blog\/wp-json\/wp\/v2\/media\/26217"}],"wp:attachment":[{"href":"https:\/\/www.arhammar.se\/blog\/wp-json\/wp\/v2\/media?parent=26908"}],"wp:term":[{"taxonomy":"category","embeddable":true,"href":"https:\/\/www.arhammar.se\/blog\/wp-json\/wp\/v2\/categories?post=26908"},{"taxonomy":"post_tag","embeddable":true,"href":"https:\/\/www.arhammar.se\/blog\/wp-json\/wp\/v2\/tags?post=26908"}],"curies":[{"name":"wp","href":"https:\/\/api.w.org\/{rel}","templated":true}]}}