{"id":26883,"date":"2020-03-03T15:16:43","date_gmt":"2020-03-03T14:16:43","guid":{"rendered":"https:\/\/www.arhammar.se\/blog\/?p=26883"},"modified":"2020-03-28T11:42:19","modified_gmt":"2020-03-28T10:42:19","slug":"tisdag-den-1-juli-1913-jag-brot-av-en-artull-och-trilla-raklang-baklanges","status":"publish","type":"post","link":"https:\/\/www.arhammar.se\/blog\/tisdag-den-1-juli-1913-jag-brot-av-en-artull-och-trilla-raklang-baklanges\/","title":{"rendered":"Tisdag den 1 juli 1913. Jag br\u00f6t av en \u00e5rtull, och trilla rakl\u00e5ng bakl\u00e4nges."},"content":{"rendered":"<p>T\u00e4nk, nu har redan juni m\u00e5nad flytt sin kos. Fast\u00e4n h\u00e4r \u00e4r ganska enformigt, flyger tiden iv\u00e4g, s\u00e5 man f\u00f6rst\u00e5r inte vart den tar v\u00e4gen. Ja, denna dagen har g\u00e5tt som alla andra. N\u00e4r vi skulle g\u00e5 och bada, togo vi med oss sm\u00f6rg\u00e5sar, mj\u00f6lk och stekta \u00e4gg, f\u00f6r att vi inte skulle sv\u00e4lta ihj\u00e4l, n\u00e4r vi l\u00e5g och soltorkade. <\/p>\n<p>Jag fj\u00e4llar p\u00e5 kroppen nu s\u00e5 att jag kan dra av stora skinnflak, och armarna ser ut som om de vore mj\u00f6lbestr\u00f6dda. I eftermiddags har jag skurat mitt rum och sen ha vi varit ute och plockat s\u00e5pass mycket bl\u00e5b\u00e4r, att vi kunna koka sylt av dem. Nu har Rut och jag nyss kommit hem fr\u00e5n en roddtur. Vi rodde ut och bes\u00e5go den stiliga segelb\u00e5ten &#8220;Orvaissa&#8221;, som ligger f\u00f6rt\u00f6jd utanf\u00f6r H\u00f6viksn\u00e4sbryggan. Den var v\u00e4ldigt snygg, vit med guldornament och gr\u00f6n botten. Det \u00e4r visst svenska konsuln i Berlin, som \u00e4ger den. <\/p>\n<p>P\u00e5 hemv\u00e4gen rodde vi s\u00e5 vilt, att jag tappade en \u00e5ra i sj\u00f6n. Vi fick kravla och ro med en br\u00e4dbit f\u00f6r att f\u00e5 tag i den. Sedan br\u00f6t jag av en \u00e5rtull, och trilla rakl\u00e5ng bakl\u00e4nges, s\u00e5 att jag fick kramp i h\u00e5lfoten. Vi skrattade s\u00e5 vi kunde knappt ro till slut. Nej, nu f\u00e5r jag v\u00e4l g\u00e5 in och l\u00e4gga mig. Klockan \u00e4r halv 11 och det b\u00f6rjar bl\u00e5sa kallt. God natt!<\/p>\n<!-- AddThis Advanced Settings generic via filter on the_content --><!-- AddThis Share Buttons generic via filter on the_content -->","protected":false},"excerpt":{"rendered":"<p>T\u00e4nk, nu har redan juni m\u00e5nad flytt sin kos. Fast\u00e4n h\u00e4r \u00e4r ganska enformigt, flyger tiden iv\u00e4g, s\u00e5 man f\u00f6rst\u00e5r inte vart den tar v\u00e4gen. Ja, denna dagen har g\u00e5tt som alla andra. N\u00e4r vi skulle g\u00e5 och bada, togo vi med oss sm\u00f6rg\u00e5sar, mj\u00f6lk och stekta \u00e4gg, f\u00f6r att vi inte skulle sv\u00e4lta ihj\u00e4l, [&hellip;]<!-- AddThis Advanced Settings generic via filter on wp_trim_excerpt --><!-- AddThis Share Buttons generic via filter on wp_trim_excerpt --><\/p>\n","protected":false},"author":2,"featured_media":26217,"comment_status":"open","ping_status":"open","sticky":false,"template":"","format":"standard","meta":{"footnotes":""},"categories":[3438,3425],"tags":[],"class_list":["post-26883","post","type-post","status-publish","format-standard","has-post-thumbnail","hentry","category-3438","category-mormors-dagbok"],"yoast_head":"<!-- This site is optimized with the Yoast SEO plugin v27.4 - https:\/\/yoast.com\/product\/yoast-seo-wordpress\/ -->\n<title>Tisdag den 1 juli 1913. Jag br\u00f6t av en \u00e5rtull, och trilla rakl\u00e5ng bakl\u00e4nges. - @Arhammar bokstavligen<\/title>\n<meta name=\"robots\" content=\"index, follow, max-snippet:-1, max-image-preview:large, max-video-preview:-1\" \/>\n<link rel=\"canonical\" href=\"https:\/\/www.arhammar.se\/blog\/tisdag-den-1-juli-1913-jag-brot-av-en-artull-och-trilla-raklang-baklanges\/\" \/>\n<meta property=\"og:locale\" content=\"en_US\" \/>\n<meta property=\"og:type\" content=\"article\" \/>\n<meta property=\"og:title\" content=\"Tisdag den 1 juli 1913. Jag br\u00f6t av en \u00e5rtull, och trilla rakl\u00e5ng bakl\u00e4nges. - @Arhammar bokstavligen\" \/>\n<meta property=\"og:description\" content=\"T\u00e4nk, nu har redan juni m\u00e5nad flytt sin kos. Fast\u00e4n h\u00e4r \u00e4r ganska enformigt, flyger tiden iv\u00e4g, s\u00e5 man f\u00f6rst\u00e5r inte vart den tar v\u00e4gen. Ja, denna dagen har g\u00e5tt som alla andra. N\u00e4r vi skulle g\u00e5 och bada, togo vi med oss sm\u00f6rg\u00e5sar, mj\u00f6lk och stekta \u00e4gg, f\u00f6r att vi inte skulle sv\u00e4lta ihj\u00e4l, [&hellip;]\" \/>\n<meta property=\"og:url\" content=\"https:\/\/www.arhammar.se\/blog\/tisdag-den-1-juli-1913-jag-brot-av-en-artull-och-trilla-raklang-baklanges\/\" \/>\n<meta property=\"og:site_name\" content=\"@Arhammar bokstavligen\" \/>\n<meta property=\"article:published_time\" content=\"2020-03-03T14:16:43+00:00\" \/>\n<meta property=\"article:modified_time\" content=\"2020-03-28T10:42:19+00:00\" \/>\n<meta property=\"og:image\" content=\"https:\/\/www.arhammar.se\/blog\/wp-content\/uploads\/2020\/10\/juli1913.jpg\" \/>\n\t<meta property=\"og:image:width\" content=\"640\" \/>\n\t<meta property=\"og:image:height\" content=\"480\" \/>\n\t<meta property=\"og:image:type\" content=\"image\/jpeg\" \/>\n<meta name=\"author\" content=\"Anders Arhammar\" \/>\n<meta name=\"twitter:card\" content=\"summary_large_image\" \/>\n<meta name=\"twitter:label1\" content=\"Written by\" \/>\n\t<meta name=\"twitter:data1\" content=\"Anders Arhammar\" \/>\n\t<meta name=\"twitter:label2\" content=\"Est. reading time\" \/>\n\t<meta name=\"twitter:data2\" content=\"1 minute\" \/>\n<script type=\"application\/ld+json\" class=\"yoast-schema-graph\">{\"@context\":\"https:\\\/\\\/schema.org\",\"@graph\":[{\"@type\":\"Article\",\"@id\":\"https:\\\/\\\/www.arhammar.se\\\/blog\\\/tisdag-den-1-juli-1913-jag-brot-av-en-artull-och-trilla-raklang-baklanges\\\/#article\",\"isPartOf\":{\"@id\":\"https:\\\/\\\/www.arhammar.se\\\/blog\\\/tisdag-den-1-juli-1913-jag-brot-av-en-artull-och-trilla-raklang-baklanges\\\/\"},\"author\":{\"name\":\"Anders Arhammar\",\"@id\":\"https:\\\/\\\/www.arhammar.se\\\/blog\\\/#\\\/schema\\\/person\\\/061984c1d884b363e2c91550f2e00d1d\"},\"headline\":\"Tisdag den 1 juli 1913. Jag br\u00f6t av en \u00e5rtull, och trilla rakl\u00e5ng bakl\u00e4nges.\",\"datePublished\":\"2020-03-03T14:16:43+00:00\",\"dateModified\":\"2020-03-28T10:42:19+00:00\",\"mainEntityOfPage\":{\"@id\":\"https:\\\/\\\/www.arhammar.se\\\/blog\\\/tisdag-den-1-juli-1913-jag-brot-av-en-artull-och-trilla-raklang-baklanges\\\/\"},\"wordCount\":287,\"commentCount\":0,\"image\":{\"@id\":\"https:\\\/\\\/www.arhammar.se\\\/blog\\\/tisdag-den-1-juli-1913-jag-brot-av-en-artull-och-trilla-raklang-baklanges\\\/#primaryimage\"},\"thumbnailUrl\":\"https:\\\/\\\/www.arhammar.se\\\/blog\\\/wp-content\\\/uploads\\\/2020\\\/10\\\/juli1913.jpg\",\"articleSection\":[\"1913\",\"mormors dagbok\"],\"inLanguage\":\"en-US\",\"potentialAction\":[{\"@type\":\"CommentAction\",\"name\":\"Comment\",\"target\":[\"https:\\\/\\\/www.arhammar.se\\\/blog\\\/tisdag-den-1-juli-1913-jag-brot-av-en-artull-och-trilla-raklang-baklanges\\\/#respond\"]}]},{\"@type\":\"WebPage\",\"@id\":\"https:\\\/\\\/www.arhammar.se\\\/blog\\\/tisdag-den-1-juli-1913-jag-brot-av-en-artull-och-trilla-raklang-baklanges\\\/\",\"url\":\"https:\\\/\\\/www.arhammar.se\\\/blog\\\/tisdag-den-1-juli-1913-jag-brot-av-en-artull-och-trilla-raklang-baklanges\\\/\",\"name\":\"Tisdag den 1 juli 1913. Jag br\u00f6t av en \u00e5rtull, och trilla rakl\u00e5ng bakl\u00e4nges. - @Arhammar bokstavligen\",\"isPartOf\":{\"@id\":\"https:\\\/\\\/www.arhammar.se\\\/blog\\\/#website\"},\"primaryImageOfPage\":{\"@id\":\"https:\\\/\\\/www.arhammar.se\\\/blog\\\/tisdag-den-1-juli-1913-jag-brot-av-en-artull-och-trilla-raklang-baklanges\\\/#primaryimage\"},\"image\":{\"@id\":\"https:\\\/\\\/www.arhammar.se\\\/blog\\\/tisdag-den-1-juli-1913-jag-brot-av-en-artull-och-trilla-raklang-baklanges\\\/#primaryimage\"},\"thumbnailUrl\":\"https:\\\/\\\/www.arhammar.se\\\/blog\\\/wp-content\\\/uploads\\\/2020\\\/10\\\/juli1913.jpg\",\"datePublished\":\"2020-03-03T14:16:43+00:00\",\"dateModified\":\"2020-03-28T10:42:19+00:00\",\"author\":{\"@id\":\"https:\\\/\\\/www.arhammar.se\\\/blog\\\/#\\\/schema\\\/person\\\/061984c1d884b363e2c91550f2e00d1d\"},\"breadcrumb\":{\"@id\":\"https:\\\/\\\/www.arhammar.se\\\/blog\\\/tisdag-den-1-juli-1913-jag-brot-av-en-artull-och-trilla-raklang-baklanges\\\/#breadcrumb\"},\"inLanguage\":\"en-US\",\"potentialAction\":[{\"@type\":\"ReadAction\",\"target\":[\"https:\\\/\\\/www.arhammar.se\\\/blog\\\/tisdag-den-1-juli-1913-jag-brot-av-en-artull-och-trilla-raklang-baklanges\\\/\"]}]},{\"@type\":\"ImageObject\",\"inLanguage\":\"en-US\",\"@id\":\"https:\\\/\\\/www.arhammar.se\\\/blog\\\/tisdag-den-1-juli-1913-jag-brot-av-en-artull-och-trilla-raklang-baklanges\\\/#primaryimage\",\"url\":\"https:\\\/\\\/www.arhammar.se\\\/blog\\\/wp-content\\\/uploads\\\/2020\\\/10\\\/juli1913.jpg\",\"contentUrl\":\"https:\\\/\\\/www.arhammar.se\\\/blog\\\/wp-content\\\/uploads\\\/2020\\\/10\\\/juli1913.jpg\",\"width\":640,\"height\":480},{\"@type\":\"BreadcrumbList\",\"@id\":\"https:\\\/\\\/www.arhammar.se\\\/blog\\\/tisdag-den-1-juli-1913-jag-brot-av-en-artull-och-trilla-raklang-baklanges\\\/#breadcrumb\",\"itemListElement\":[{\"@type\":\"ListItem\",\"position\":1,\"name\":\"Home\",\"item\":\"https:\\\/\\\/www.arhammar.se\\\/blog\\\/\"},{\"@type\":\"ListItem\",\"position\":2,\"name\":\"Tisdag den 1 juli 1913. Jag br\u00f6t av en \u00e5rtull, och trilla rakl\u00e5ng bakl\u00e4nges.\"}]},{\"@type\":\"WebSite\",\"@id\":\"https:\\\/\\\/www.arhammar.se\\\/blog\\\/#website\",\"url\":\"https:\\\/\\\/www.arhammar.se\\\/blog\\\/\",\"name\":\"@Arhammar bokstavligen\",\"description\":\"Fr\u00e5n min penna och panna\",\"potentialAction\":[{\"@type\":\"SearchAction\",\"target\":{\"@type\":\"EntryPoint\",\"urlTemplate\":\"https:\\\/\\\/www.arhammar.se\\\/blog\\\/?s={search_term_string}\"},\"query-input\":{\"@type\":\"PropertyValueSpecification\",\"valueRequired\":true,\"valueName\":\"search_term_string\"}}],\"inLanguage\":\"en-US\"},{\"@type\":\"Person\",\"@id\":\"https:\\\/\\\/www.arhammar.se\\\/blog\\\/#\\\/schema\\\/person\\\/061984c1d884b363e2c91550f2e00d1d\",\"name\":\"Anders Arhammar\",\"image\":{\"@type\":\"ImageObject\",\"inLanguage\":\"en-US\",\"@id\":\"https:\\\/\\\/secure.gravatar.com\\\/avatar\\\/784b5b36cfe145ae19a52340f405285a939bcc08d4a21136b3a81f9e378ffae0?s=96&d=mm&r=g\",\"url\":\"https:\\\/\\\/secure.gravatar.com\\\/avatar\\\/784b5b36cfe145ae19a52340f405285a939bcc08d4a21136b3a81f9e378ffae0?s=96&d=mm&r=g\",\"contentUrl\":\"https:\\\/\\\/secure.gravatar.com\\\/avatar\\\/784b5b36cfe145ae19a52340f405285a939bcc08d4a21136b3a81f9e378ffae0?s=96&d=mm&r=g\",\"caption\":\"Anders Arhammar\"},\"url\":\"https:\\\/\\\/www.arhammar.se\\\/blog\\\/author\\\/anders\\\/\"}]}<\/script>\n<!-- \/ Yoast SEO plugin. -->","yoast_head_json":{"title":"Tisdag den 1 juli 1913. Jag br\u00f6t av en \u00e5rtull, och trilla rakl\u00e5ng bakl\u00e4nges. - @Arhammar bokstavligen","robots":{"index":"index","follow":"follow","max-snippet":"max-snippet:-1","max-image-preview":"max-image-preview:large","max-video-preview":"max-video-preview:-1"},"canonical":"https:\/\/www.arhammar.se\/blog\/tisdag-den-1-juli-1913-jag-brot-av-en-artull-och-trilla-raklang-baklanges\/","og_locale":"en_US","og_type":"article","og_title":"Tisdag den 1 juli 1913. Jag br\u00f6t av en \u00e5rtull, och trilla rakl\u00e5ng bakl\u00e4nges. - @Arhammar bokstavligen","og_description":"T\u00e4nk, nu har redan juni m\u00e5nad flytt sin kos. Fast\u00e4n h\u00e4r \u00e4r ganska enformigt, flyger tiden iv\u00e4g, s\u00e5 man f\u00f6rst\u00e5r inte vart den tar v\u00e4gen. Ja, denna dagen har g\u00e5tt som alla andra. N\u00e4r vi skulle g\u00e5 och bada, togo vi med oss sm\u00f6rg\u00e5sar, mj\u00f6lk och stekta \u00e4gg, f\u00f6r att vi inte skulle sv\u00e4lta ihj\u00e4l, [&hellip;]","og_url":"https:\/\/www.arhammar.se\/blog\/tisdag-den-1-juli-1913-jag-brot-av-en-artull-och-trilla-raklang-baklanges\/","og_site_name":"@Arhammar bokstavligen","article_published_time":"2020-03-03T14:16:43+00:00","article_modified_time":"2020-03-28T10:42:19+00:00","og_image":[{"width":640,"height":480,"url":"https:\/\/www.arhammar.se\/blog\/wp-content\/uploads\/2020\/10\/juli1913.jpg","type":"image\/jpeg"}],"author":"Anders Arhammar","twitter_card":"summary_large_image","twitter_misc":{"Written by":"Anders Arhammar","Est. reading time":"1 minute"},"schema":{"@context":"https:\/\/schema.org","@graph":[{"@type":"Article","@id":"https:\/\/www.arhammar.se\/blog\/tisdag-den-1-juli-1913-jag-brot-av-en-artull-och-trilla-raklang-baklanges\/#article","isPartOf":{"@id":"https:\/\/www.arhammar.se\/blog\/tisdag-den-1-juli-1913-jag-brot-av-en-artull-och-trilla-raklang-baklanges\/"},"author":{"name":"Anders Arhammar","@id":"https:\/\/www.arhammar.se\/blog\/#\/schema\/person\/061984c1d884b363e2c91550f2e00d1d"},"headline":"Tisdag den 1 juli 1913. Jag br\u00f6t av en \u00e5rtull, och trilla rakl\u00e5ng bakl\u00e4nges.","datePublished":"2020-03-03T14:16:43+00:00","dateModified":"2020-03-28T10:42:19+00:00","mainEntityOfPage":{"@id":"https:\/\/www.arhammar.se\/blog\/tisdag-den-1-juli-1913-jag-brot-av-en-artull-och-trilla-raklang-baklanges\/"},"wordCount":287,"commentCount":0,"image":{"@id":"https:\/\/www.arhammar.se\/blog\/tisdag-den-1-juli-1913-jag-brot-av-en-artull-och-trilla-raklang-baklanges\/#primaryimage"},"thumbnailUrl":"https:\/\/www.arhammar.se\/blog\/wp-content\/uploads\/2020\/10\/juli1913.jpg","articleSection":["1913","mormors dagbok"],"inLanguage":"en-US","potentialAction":[{"@type":"CommentAction","name":"Comment","target":["https:\/\/www.arhammar.se\/blog\/tisdag-den-1-juli-1913-jag-brot-av-en-artull-och-trilla-raklang-baklanges\/#respond"]}]},{"@type":"WebPage","@id":"https:\/\/www.arhammar.se\/blog\/tisdag-den-1-juli-1913-jag-brot-av-en-artull-och-trilla-raklang-baklanges\/","url":"https:\/\/www.arhammar.se\/blog\/tisdag-den-1-juli-1913-jag-brot-av-en-artull-och-trilla-raklang-baklanges\/","name":"Tisdag den 1 juli 1913. Jag br\u00f6t av en \u00e5rtull, och trilla rakl\u00e5ng bakl\u00e4nges. - @Arhammar bokstavligen","isPartOf":{"@id":"https:\/\/www.arhammar.se\/blog\/#website"},"primaryImageOfPage":{"@id":"https:\/\/www.arhammar.se\/blog\/tisdag-den-1-juli-1913-jag-brot-av-en-artull-och-trilla-raklang-baklanges\/#primaryimage"},"image":{"@id":"https:\/\/www.arhammar.se\/blog\/tisdag-den-1-juli-1913-jag-brot-av-en-artull-och-trilla-raklang-baklanges\/#primaryimage"},"thumbnailUrl":"https:\/\/www.arhammar.se\/blog\/wp-content\/uploads\/2020\/10\/juli1913.jpg","datePublished":"2020-03-03T14:16:43+00:00","dateModified":"2020-03-28T10:42:19+00:00","author":{"@id":"https:\/\/www.arhammar.se\/blog\/#\/schema\/person\/061984c1d884b363e2c91550f2e00d1d"},"breadcrumb":{"@id":"https:\/\/www.arhammar.se\/blog\/tisdag-den-1-juli-1913-jag-brot-av-en-artull-och-trilla-raklang-baklanges\/#breadcrumb"},"inLanguage":"en-US","potentialAction":[{"@type":"ReadAction","target":["https:\/\/www.arhammar.se\/blog\/tisdag-den-1-juli-1913-jag-brot-av-en-artull-och-trilla-raklang-baklanges\/"]}]},{"@type":"ImageObject","inLanguage":"en-US","@id":"https:\/\/www.arhammar.se\/blog\/tisdag-den-1-juli-1913-jag-brot-av-en-artull-och-trilla-raklang-baklanges\/#primaryimage","url":"https:\/\/www.arhammar.se\/blog\/wp-content\/uploads\/2020\/10\/juli1913.jpg","contentUrl":"https:\/\/www.arhammar.se\/blog\/wp-content\/uploads\/2020\/10\/juli1913.jpg","width":640,"height":480},{"@type":"BreadcrumbList","@id":"https:\/\/www.arhammar.se\/blog\/tisdag-den-1-juli-1913-jag-brot-av-en-artull-och-trilla-raklang-baklanges\/#breadcrumb","itemListElement":[{"@type":"ListItem","position":1,"name":"Home","item":"https:\/\/www.arhammar.se\/blog\/"},{"@type":"ListItem","position":2,"name":"Tisdag den 1 juli 1913. Jag br\u00f6t av en \u00e5rtull, och trilla rakl\u00e5ng bakl\u00e4nges."}]},{"@type":"WebSite","@id":"https:\/\/www.arhammar.se\/blog\/#website","url":"https:\/\/www.arhammar.se\/blog\/","name":"@Arhammar bokstavligen","description":"Fr\u00e5n min penna och panna","potentialAction":[{"@type":"SearchAction","target":{"@type":"EntryPoint","urlTemplate":"https:\/\/www.arhammar.se\/blog\/?s={search_term_string}"},"query-input":{"@type":"PropertyValueSpecification","valueRequired":true,"valueName":"search_term_string"}}],"inLanguage":"en-US"},{"@type":"Person","@id":"https:\/\/www.arhammar.se\/blog\/#\/schema\/person\/061984c1d884b363e2c91550f2e00d1d","name":"Anders Arhammar","image":{"@type":"ImageObject","inLanguage":"en-US","@id":"https:\/\/secure.gravatar.com\/avatar\/784b5b36cfe145ae19a52340f405285a939bcc08d4a21136b3a81f9e378ffae0?s=96&d=mm&r=g","url":"https:\/\/secure.gravatar.com\/avatar\/784b5b36cfe145ae19a52340f405285a939bcc08d4a21136b3a81f9e378ffae0?s=96&d=mm&r=g","contentUrl":"https:\/\/secure.gravatar.com\/avatar\/784b5b36cfe145ae19a52340f405285a939bcc08d4a21136b3a81f9e378ffae0?s=96&d=mm&r=g","caption":"Anders Arhammar"},"url":"https:\/\/www.arhammar.se\/blog\/author\/anders\/"}]}},"_links":{"self":[{"href":"https:\/\/www.arhammar.se\/blog\/wp-json\/wp\/v2\/posts\/26883","targetHints":{"allow":["GET"]}}],"collection":[{"href":"https:\/\/www.arhammar.se\/blog\/wp-json\/wp\/v2\/posts"}],"about":[{"href":"https:\/\/www.arhammar.se\/blog\/wp-json\/wp\/v2\/types\/post"}],"author":[{"embeddable":true,"href":"https:\/\/www.arhammar.se\/blog\/wp-json\/wp\/v2\/users\/2"}],"replies":[{"embeddable":true,"href":"https:\/\/www.arhammar.se\/blog\/wp-json\/wp\/v2\/comments?post=26883"}],"version-history":[{"count":2,"href":"https:\/\/www.arhammar.se\/blog\/wp-json\/wp\/v2\/posts\/26883\/revisions"}],"predecessor-version":[{"id":27895,"href":"https:\/\/www.arhammar.se\/blog\/wp-json\/wp\/v2\/posts\/26883\/revisions\/27895"}],"wp:featuredmedia":[{"embeddable":true,"href":"https:\/\/www.arhammar.se\/blog\/wp-json\/wp\/v2\/media\/26217"}],"wp:attachment":[{"href":"https:\/\/www.arhammar.se\/blog\/wp-json\/wp\/v2\/media?parent=26883"}],"wp:term":[{"taxonomy":"category","embeddable":true,"href":"https:\/\/www.arhammar.se\/blog\/wp-json\/wp\/v2\/categories?post=26883"},{"taxonomy":"post_tag","embeddable":true,"href":"https:\/\/www.arhammar.se\/blog\/wp-json\/wp\/v2\/tags?post=26883"}],"curies":[{"name":"wp","href":"https:\/\/api.w.org\/{rel}","templated":true}]}}