{"id":26882,"date":"2020-03-03T15:15:47","date_gmt":"2020-03-03T14:15:47","guid":{"rendered":"https:\/\/www.arhammar.se\/blog\/?p=26882"},"modified":"2020-03-30T21:19:57","modified_gmt":"2020-03-30T20:19:57","slug":"mandag-den-30-juni-1913-det-ar-sa-ljuvligt","status":"publish","type":"post","link":"https:\/\/www.arhammar.se\/blog\/mandag-den-30-juni-1913-det-ar-sa-ljuvligt\/","title":{"rendered":"M\u00e5ndag den 30 juni 1913. Det \u00e4r s\u00e5 ljuvligt."},"content":{"rendered":"<p>Kv\u00e4ll klockan 11. Uppe p\u00e5 h\u00f6gsta toppen av &#8220;Klinten&#8221; sitter jag och skriver. Det \u00e4r s\u00e5 ljuvligt. L\u00e5ngt bort i v\u00e4ster lyser aftonrodnaden s\u00e5 bleksk\u00e4r och havet har r\u00f6daktiga strimmor, d\u00e4r skenet dallrar p\u00e5 det. <\/p>\n<p>I \u00f6ster ser jag en stor klar stj\u00e4rna, \u201d\u00d6sterns stj\u00e4rna&#8221;. Strax nedanf\u00f6r mig susar en r\u00f6nn i den friska kv\u00e4llsbrisen, den fl\u00e4ktar s\u00e5 svalt f\u00f6rbi mig men jag fryser inte. Jag sitter s\u00e5 mjukt insvept i mammas varma, r\u00f6da krage och bredvid mig sitter Rut och sjunger: &#8220;Fall julesn\u00f6 och susa djupa mo! Brinn \u00d6sterstj\u00e4rna genom junikv\u00e4llen\u201d!<br \/>\nI eftermiddags ha vi varit ute och rott igen. Det m\u00e5tte ha varit ebb d\u00e5 f\u00f6r vi kunde om\u00f6jligt f\u00e5 ut b\u00e5ten. Till slut fick jag ta av mig skor och strumpor och plumsa i och knega och dra f\u00f6r att f\u00e5 ut b\u00e5ten. \u00c4ntligen gick det d\u00e5. Nej, nu m\u00e5ste jag sjunga med Rut: &#8220;Se v\u00e5gorna str\u00e5la i aftonens glans&#8221;. <\/p>\n<p>N\u00e5, n\u00e4r vi rott och knogat en stund landade vi vid H\u00f6viksn\u00e4s brygga och tog oss en massa &#8220;sv\u00e4ng om&#8221;, som vanligt. Jag hade och har fortfarande en splitterny kl\u00e4nning, bl\u00e5 och vitrandig med r\u00f6d krage, r\u00f6da \u00e4rmuppslag, r\u00f6d slips, r\u00f6tt fickuppslag och r\u00f6da kanter p\u00e5 kjolen. L\u00e4gges d\u00e4rtill r\u00f6da h\u00e5rband och r\u00f6da strumpor, s\u00e5 \u00e4r jag v\u00e4l \u201dbl\u00e5r\u00f6d\u201d nog! Nej, nu ser jag inte att skriva l\u00e4ngre. Nu \u00e4r det bara en blek reflex kvar av aftonroda\u00b4n. Havet b\u00f6rjar se bl\u00e5svart gr\u00e5tt ut, och den h\u00e4rliga kv\u00e4llen har \u00f6verg\u00e5tt till nordisk sommarnatt.<\/p>\n<p>Aftonrodnans gyllne sken<br \/>\nnu f\u00f6rbleknat har.<br \/>\nOch i ljumma kv\u00e4llen sen<br \/>\ningen glans finns kvar.<br \/>\nV\u00e5gen, nyss s\u00e5 purpurst\u00e4nkt<br \/>\nb\u00f6rjar v\u00e4lta gr\u00e5.<br \/>\nSom i dyster dr\u00f6m f\u00f6rs\u00e4nkt<br \/>\nberget m\u00f6rkt ses st\u00e5.<br \/>\nR\u00f6nnen susar kv\u00e4lls\u00f6mnig<br \/>\nsuset \u00e4r s\u00e5 matt.<br \/>\n\u00d6ver nejden s\u00e4nker sig<br \/>\nnordisk sommarnatt!<\/p>\n<p><a style=\"display:none;\" id=\"ddetlink748544738\" href=\"javascript:expand(document.getElementById('ddet748544738'))\">&#8230; Det saknas n\u00e5gra m\u00e5nader &#8230;<\/a>\n<div class=\"ddet_div\" id=\"ddet748544738\"><script language=\"JavaScript\" type=\"text\/javascript\">expand(document.getElementById('ddet748544738'));expand(document.getElementById('ddetlink748544738'))<\/script><\/p>\n<p><em>H\u00e4r verkar det som om Judits dagbok f\u00f6r tiden fram till 1 juli har f\u00f6rsvunnit. Vi letar vidare. Nu har hon hursomhelst kommit till H\u00f6viksn\u00e4s i Bohusl\u00e4n. D\u00e4r kan man f\u00e5 h\u00e4rliga, salta bad. D\u00e4r tr\u00e4ffar flickorna en yngling som hette Hilding Andreasson, som sedan r\u00e4tt ofta var g\u00e4st i deras hem, en mycket sn\u00e4ll pojke, som hamnade i kategorin &#8220;hemg\u00e5ngare&#8221;, dvs pojkar som fick komma och g\u00e5 som de ville hemma hos Boudins. Eftersom farfar i Sulvik dog f\u00f6rra \u00e5ret, blir det inget V\u00e4rmland denna sommar. <\/em><\/p>\n<p><\/div><\/p>\n<!-- AddThis Advanced Settings generic via filter on the_content --><!-- AddThis Share Buttons generic via filter on the_content -->","protected":false},"excerpt":{"rendered":"<p>Kv\u00e4ll klockan 11. Uppe p\u00e5 h\u00f6gsta toppen av &#8220;Klinten&#8221; sitter jag och skriver. Det \u00e4r s\u00e5 ljuvligt. L\u00e5ngt bort i v\u00e4ster lyser aftonrodnaden s\u00e5 bleksk\u00e4r och havet har r\u00f6daktiga strimmor, d\u00e4r skenet dallrar p\u00e5 det. I \u00f6ster ser jag en stor klar stj\u00e4rna, \u201d\u00d6sterns stj\u00e4rna&#8221;. Strax nedanf\u00f6r mig susar en r\u00f6nn i den friska kv\u00e4llsbrisen, [&hellip;]<!-- AddThis Advanced Settings generic via filter on wp_trim_excerpt --><!-- AddThis Share Buttons generic via filter on wp_trim_excerpt --><\/p>\n","protected":false},"author":2,"featured_media":26228,"comment_status":"open","ping_status":"open","sticky":false,"template":"","format":"standard","meta":{"footnotes":""},"categories":[3438,3425],"tags":[],"class_list":["post-26882","post","type-post","status-publish","format-standard","has-post-thumbnail","hentry","category-3438","category-mormors-dagbok"],"yoast_head":"<!-- This site is optimized with the Yoast SEO plugin v27.4 - https:\/\/yoast.com\/product\/yoast-seo-wordpress\/ -->\n<title>M\u00e5ndag den 30 juni 1913. Det \u00e4r s\u00e5 ljuvligt. - @Arhammar bokstavligen<\/title>\n<meta name=\"robots\" content=\"index, follow, max-snippet:-1, max-image-preview:large, max-video-preview:-1\" \/>\n<link rel=\"canonical\" href=\"https:\/\/www.arhammar.se\/blog\/mandag-den-30-juni-1913-det-ar-sa-ljuvligt\/\" \/>\n<meta property=\"og:locale\" content=\"en_US\" \/>\n<meta property=\"og:type\" content=\"article\" \/>\n<meta property=\"og:title\" content=\"M\u00e5ndag den 30 juni 1913. Det \u00e4r s\u00e5 ljuvligt. - @Arhammar bokstavligen\" \/>\n<meta property=\"og:description\" content=\"Kv\u00e4ll klockan 11. Uppe p\u00e5 h\u00f6gsta toppen av &#8220;Klinten&#8221; sitter jag och skriver. Det \u00e4r s\u00e5 ljuvligt. L\u00e5ngt bort i v\u00e4ster lyser aftonrodnaden s\u00e5 bleksk\u00e4r och havet har r\u00f6daktiga strimmor, d\u00e4r skenet dallrar p\u00e5 det. I \u00f6ster ser jag en stor klar stj\u00e4rna, \u201d\u00d6sterns stj\u00e4rna&#8221;. Strax nedanf\u00f6r mig susar en r\u00f6nn i den friska kv\u00e4llsbrisen, [&hellip;]\" \/>\n<meta property=\"og:url\" content=\"https:\/\/www.arhammar.se\/blog\/mandag-den-30-juni-1913-det-ar-sa-ljuvligt\/\" \/>\n<meta property=\"og:site_name\" content=\"@Arhammar bokstavligen\" \/>\n<meta property=\"article:published_time\" content=\"2020-03-03T14:15:47+00:00\" \/>\n<meta property=\"article:modified_time\" content=\"2020-03-30T20:19:57+00:00\" \/>\n<meta property=\"og:image\" content=\"https:\/\/www.arhammar.se\/blog\/wp-content\/uploads\/2020\/10\/juni1913.jpg\" \/>\n\t<meta property=\"og:image:width\" content=\"640\" \/>\n\t<meta property=\"og:image:height\" content=\"480\" \/>\n\t<meta property=\"og:image:type\" content=\"image\/jpeg\" \/>\n<meta name=\"author\" content=\"Anders Arhammar\" \/>\n<meta name=\"twitter:card\" content=\"summary_large_image\" \/>\n<meta name=\"twitter:label1\" content=\"Written by\" \/>\n\t<meta name=\"twitter:data1\" content=\"Anders Arhammar\" \/>\n\t<meta name=\"twitter:label2\" content=\"Est. reading time\" \/>\n\t<meta name=\"twitter:data2\" content=\"2 minutes\" \/>\n<script type=\"application\/ld+json\" class=\"yoast-schema-graph\">{\"@context\":\"https:\\\/\\\/schema.org\",\"@graph\":[{\"@type\":\"Article\",\"@id\":\"https:\\\/\\\/www.arhammar.se\\\/blog\\\/mandag-den-30-juni-1913-det-ar-sa-ljuvligt\\\/#article\",\"isPartOf\":{\"@id\":\"https:\\\/\\\/www.arhammar.se\\\/blog\\\/mandag-den-30-juni-1913-det-ar-sa-ljuvligt\\\/\"},\"author\":{\"name\":\"Anders Arhammar\",\"@id\":\"https:\\\/\\\/www.arhammar.se\\\/blog\\\/#\\\/schema\\\/person\\\/061984c1d884b363e2c91550f2e00d1d\"},\"headline\":\"M\u00e5ndag den 30 juni 1913. Det \u00e4r s\u00e5 ljuvligt.\",\"datePublished\":\"2020-03-03T14:15:47+00:00\",\"dateModified\":\"2020-03-30T20:19:57+00:00\",\"mainEntityOfPage\":{\"@id\":\"https:\\\/\\\/www.arhammar.se\\\/blog\\\/mandag-den-30-juni-1913-det-ar-sa-ljuvligt\\\/\"},\"wordCount\":473,\"commentCount\":0,\"image\":{\"@id\":\"https:\\\/\\\/www.arhammar.se\\\/blog\\\/mandag-den-30-juni-1913-det-ar-sa-ljuvligt\\\/#primaryimage\"},\"thumbnailUrl\":\"https:\\\/\\\/www.arhammar.se\\\/blog\\\/wp-content\\\/uploads\\\/2020\\\/10\\\/juni1913.jpg\",\"articleSection\":[\"1913\",\"mormors dagbok\"],\"inLanguage\":\"en-US\",\"potentialAction\":[{\"@type\":\"CommentAction\",\"name\":\"Comment\",\"target\":[\"https:\\\/\\\/www.arhammar.se\\\/blog\\\/mandag-den-30-juni-1913-det-ar-sa-ljuvligt\\\/#respond\"]}]},{\"@type\":\"WebPage\",\"@id\":\"https:\\\/\\\/www.arhammar.se\\\/blog\\\/mandag-den-30-juni-1913-det-ar-sa-ljuvligt\\\/\",\"url\":\"https:\\\/\\\/www.arhammar.se\\\/blog\\\/mandag-den-30-juni-1913-det-ar-sa-ljuvligt\\\/\",\"name\":\"M\u00e5ndag den 30 juni 1913. Det \u00e4r s\u00e5 ljuvligt. - @Arhammar bokstavligen\",\"isPartOf\":{\"@id\":\"https:\\\/\\\/www.arhammar.se\\\/blog\\\/#website\"},\"primaryImageOfPage\":{\"@id\":\"https:\\\/\\\/www.arhammar.se\\\/blog\\\/mandag-den-30-juni-1913-det-ar-sa-ljuvligt\\\/#primaryimage\"},\"image\":{\"@id\":\"https:\\\/\\\/www.arhammar.se\\\/blog\\\/mandag-den-30-juni-1913-det-ar-sa-ljuvligt\\\/#primaryimage\"},\"thumbnailUrl\":\"https:\\\/\\\/www.arhammar.se\\\/blog\\\/wp-content\\\/uploads\\\/2020\\\/10\\\/juni1913.jpg\",\"datePublished\":\"2020-03-03T14:15:47+00:00\",\"dateModified\":\"2020-03-30T20:19:57+00:00\",\"author\":{\"@id\":\"https:\\\/\\\/www.arhammar.se\\\/blog\\\/#\\\/schema\\\/person\\\/061984c1d884b363e2c91550f2e00d1d\"},\"breadcrumb\":{\"@id\":\"https:\\\/\\\/www.arhammar.se\\\/blog\\\/mandag-den-30-juni-1913-det-ar-sa-ljuvligt\\\/#breadcrumb\"},\"inLanguage\":\"en-US\",\"potentialAction\":[{\"@type\":\"ReadAction\",\"target\":[\"https:\\\/\\\/www.arhammar.se\\\/blog\\\/mandag-den-30-juni-1913-det-ar-sa-ljuvligt\\\/\"]}]},{\"@type\":\"ImageObject\",\"inLanguage\":\"en-US\",\"@id\":\"https:\\\/\\\/www.arhammar.se\\\/blog\\\/mandag-den-30-juni-1913-det-ar-sa-ljuvligt\\\/#primaryimage\",\"url\":\"https:\\\/\\\/www.arhammar.se\\\/blog\\\/wp-content\\\/uploads\\\/2020\\\/10\\\/juni1913.jpg\",\"contentUrl\":\"https:\\\/\\\/www.arhammar.se\\\/blog\\\/wp-content\\\/uploads\\\/2020\\\/10\\\/juni1913.jpg\",\"width\":640,\"height\":480},{\"@type\":\"BreadcrumbList\",\"@id\":\"https:\\\/\\\/www.arhammar.se\\\/blog\\\/mandag-den-30-juni-1913-det-ar-sa-ljuvligt\\\/#breadcrumb\",\"itemListElement\":[{\"@type\":\"ListItem\",\"position\":1,\"name\":\"Home\",\"item\":\"https:\\\/\\\/www.arhammar.se\\\/blog\\\/\"},{\"@type\":\"ListItem\",\"position\":2,\"name\":\"M\u00e5ndag den 30 juni 1913. Det \u00e4r s\u00e5 ljuvligt.\"}]},{\"@type\":\"WebSite\",\"@id\":\"https:\\\/\\\/www.arhammar.se\\\/blog\\\/#website\",\"url\":\"https:\\\/\\\/www.arhammar.se\\\/blog\\\/\",\"name\":\"@Arhammar bokstavligen\",\"description\":\"Fr\u00e5n min penna och panna\",\"potentialAction\":[{\"@type\":\"SearchAction\",\"target\":{\"@type\":\"EntryPoint\",\"urlTemplate\":\"https:\\\/\\\/www.arhammar.se\\\/blog\\\/?s={search_term_string}\"},\"query-input\":{\"@type\":\"PropertyValueSpecification\",\"valueRequired\":true,\"valueName\":\"search_term_string\"}}],\"inLanguage\":\"en-US\"},{\"@type\":\"Person\",\"@id\":\"https:\\\/\\\/www.arhammar.se\\\/blog\\\/#\\\/schema\\\/person\\\/061984c1d884b363e2c91550f2e00d1d\",\"name\":\"Anders Arhammar\",\"image\":{\"@type\":\"ImageObject\",\"inLanguage\":\"en-US\",\"@id\":\"https:\\\/\\\/secure.gravatar.com\\\/avatar\\\/784b5b36cfe145ae19a52340f405285a939bcc08d4a21136b3a81f9e378ffae0?s=96&d=mm&r=g\",\"url\":\"https:\\\/\\\/secure.gravatar.com\\\/avatar\\\/784b5b36cfe145ae19a52340f405285a939bcc08d4a21136b3a81f9e378ffae0?s=96&d=mm&r=g\",\"contentUrl\":\"https:\\\/\\\/secure.gravatar.com\\\/avatar\\\/784b5b36cfe145ae19a52340f405285a939bcc08d4a21136b3a81f9e378ffae0?s=96&d=mm&r=g\",\"caption\":\"Anders Arhammar\"},\"url\":\"https:\\\/\\\/www.arhammar.se\\\/blog\\\/author\\\/anders\\\/\"}]}<\/script>\n<!-- \/ Yoast SEO plugin. -->","yoast_head_json":{"title":"M\u00e5ndag den 30 juni 1913. Det \u00e4r s\u00e5 ljuvligt. - @Arhammar bokstavligen","robots":{"index":"index","follow":"follow","max-snippet":"max-snippet:-1","max-image-preview":"max-image-preview:large","max-video-preview":"max-video-preview:-1"},"canonical":"https:\/\/www.arhammar.se\/blog\/mandag-den-30-juni-1913-det-ar-sa-ljuvligt\/","og_locale":"en_US","og_type":"article","og_title":"M\u00e5ndag den 30 juni 1913. Det \u00e4r s\u00e5 ljuvligt. - @Arhammar bokstavligen","og_description":"Kv\u00e4ll klockan 11. Uppe p\u00e5 h\u00f6gsta toppen av &#8220;Klinten&#8221; sitter jag och skriver. Det \u00e4r s\u00e5 ljuvligt. L\u00e5ngt bort i v\u00e4ster lyser aftonrodnaden s\u00e5 bleksk\u00e4r och havet har r\u00f6daktiga strimmor, d\u00e4r skenet dallrar p\u00e5 det. I \u00f6ster ser jag en stor klar stj\u00e4rna, \u201d\u00d6sterns stj\u00e4rna&#8221;. Strax nedanf\u00f6r mig susar en r\u00f6nn i den friska kv\u00e4llsbrisen, [&hellip;]","og_url":"https:\/\/www.arhammar.se\/blog\/mandag-den-30-juni-1913-det-ar-sa-ljuvligt\/","og_site_name":"@Arhammar bokstavligen","article_published_time":"2020-03-03T14:15:47+00:00","article_modified_time":"2020-03-30T20:19:57+00:00","og_image":[{"width":640,"height":480,"url":"https:\/\/www.arhammar.se\/blog\/wp-content\/uploads\/2020\/10\/juni1913.jpg","type":"image\/jpeg"}],"author":"Anders Arhammar","twitter_card":"summary_large_image","twitter_misc":{"Written by":"Anders Arhammar","Est. reading time":"2 minutes"},"schema":{"@context":"https:\/\/schema.org","@graph":[{"@type":"Article","@id":"https:\/\/www.arhammar.se\/blog\/mandag-den-30-juni-1913-det-ar-sa-ljuvligt\/#article","isPartOf":{"@id":"https:\/\/www.arhammar.se\/blog\/mandag-den-30-juni-1913-det-ar-sa-ljuvligt\/"},"author":{"name":"Anders Arhammar","@id":"https:\/\/www.arhammar.se\/blog\/#\/schema\/person\/061984c1d884b363e2c91550f2e00d1d"},"headline":"M\u00e5ndag den 30 juni 1913. Det \u00e4r s\u00e5 ljuvligt.","datePublished":"2020-03-03T14:15:47+00:00","dateModified":"2020-03-30T20:19:57+00:00","mainEntityOfPage":{"@id":"https:\/\/www.arhammar.se\/blog\/mandag-den-30-juni-1913-det-ar-sa-ljuvligt\/"},"wordCount":473,"commentCount":0,"image":{"@id":"https:\/\/www.arhammar.se\/blog\/mandag-den-30-juni-1913-det-ar-sa-ljuvligt\/#primaryimage"},"thumbnailUrl":"https:\/\/www.arhammar.se\/blog\/wp-content\/uploads\/2020\/10\/juni1913.jpg","articleSection":["1913","mormors dagbok"],"inLanguage":"en-US","potentialAction":[{"@type":"CommentAction","name":"Comment","target":["https:\/\/www.arhammar.se\/blog\/mandag-den-30-juni-1913-det-ar-sa-ljuvligt\/#respond"]}]},{"@type":"WebPage","@id":"https:\/\/www.arhammar.se\/blog\/mandag-den-30-juni-1913-det-ar-sa-ljuvligt\/","url":"https:\/\/www.arhammar.se\/blog\/mandag-den-30-juni-1913-det-ar-sa-ljuvligt\/","name":"M\u00e5ndag den 30 juni 1913. Det \u00e4r s\u00e5 ljuvligt. - @Arhammar bokstavligen","isPartOf":{"@id":"https:\/\/www.arhammar.se\/blog\/#website"},"primaryImageOfPage":{"@id":"https:\/\/www.arhammar.se\/blog\/mandag-den-30-juni-1913-det-ar-sa-ljuvligt\/#primaryimage"},"image":{"@id":"https:\/\/www.arhammar.se\/blog\/mandag-den-30-juni-1913-det-ar-sa-ljuvligt\/#primaryimage"},"thumbnailUrl":"https:\/\/www.arhammar.se\/blog\/wp-content\/uploads\/2020\/10\/juni1913.jpg","datePublished":"2020-03-03T14:15:47+00:00","dateModified":"2020-03-30T20:19:57+00:00","author":{"@id":"https:\/\/www.arhammar.se\/blog\/#\/schema\/person\/061984c1d884b363e2c91550f2e00d1d"},"breadcrumb":{"@id":"https:\/\/www.arhammar.se\/blog\/mandag-den-30-juni-1913-det-ar-sa-ljuvligt\/#breadcrumb"},"inLanguage":"en-US","potentialAction":[{"@type":"ReadAction","target":["https:\/\/www.arhammar.se\/blog\/mandag-den-30-juni-1913-det-ar-sa-ljuvligt\/"]}]},{"@type":"ImageObject","inLanguage":"en-US","@id":"https:\/\/www.arhammar.se\/blog\/mandag-den-30-juni-1913-det-ar-sa-ljuvligt\/#primaryimage","url":"https:\/\/www.arhammar.se\/blog\/wp-content\/uploads\/2020\/10\/juni1913.jpg","contentUrl":"https:\/\/www.arhammar.se\/blog\/wp-content\/uploads\/2020\/10\/juni1913.jpg","width":640,"height":480},{"@type":"BreadcrumbList","@id":"https:\/\/www.arhammar.se\/blog\/mandag-den-30-juni-1913-det-ar-sa-ljuvligt\/#breadcrumb","itemListElement":[{"@type":"ListItem","position":1,"name":"Home","item":"https:\/\/www.arhammar.se\/blog\/"},{"@type":"ListItem","position":2,"name":"M\u00e5ndag den 30 juni 1913. Det \u00e4r s\u00e5 ljuvligt."}]},{"@type":"WebSite","@id":"https:\/\/www.arhammar.se\/blog\/#website","url":"https:\/\/www.arhammar.se\/blog\/","name":"@Arhammar bokstavligen","description":"Fr\u00e5n min penna och panna","potentialAction":[{"@type":"SearchAction","target":{"@type":"EntryPoint","urlTemplate":"https:\/\/www.arhammar.se\/blog\/?s={search_term_string}"},"query-input":{"@type":"PropertyValueSpecification","valueRequired":true,"valueName":"search_term_string"}}],"inLanguage":"en-US"},{"@type":"Person","@id":"https:\/\/www.arhammar.se\/blog\/#\/schema\/person\/061984c1d884b363e2c91550f2e00d1d","name":"Anders Arhammar","image":{"@type":"ImageObject","inLanguage":"en-US","@id":"https:\/\/secure.gravatar.com\/avatar\/784b5b36cfe145ae19a52340f405285a939bcc08d4a21136b3a81f9e378ffae0?s=96&d=mm&r=g","url":"https:\/\/secure.gravatar.com\/avatar\/784b5b36cfe145ae19a52340f405285a939bcc08d4a21136b3a81f9e378ffae0?s=96&d=mm&r=g","contentUrl":"https:\/\/secure.gravatar.com\/avatar\/784b5b36cfe145ae19a52340f405285a939bcc08d4a21136b3a81f9e378ffae0?s=96&d=mm&r=g","caption":"Anders Arhammar"},"url":"https:\/\/www.arhammar.se\/blog\/author\/anders\/"}]}},"_links":{"self":[{"href":"https:\/\/www.arhammar.se\/blog\/wp-json\/wp\/v2\/posts\/26882","targetHints":{"allow":["GET"]}}],"collection":[{"href":"https:\/\/www.arhammar.se\/blog\/wp-json\/wp\/v2\/posts"}],"about":[{"href":"https:\/\/www.arhammar.se\/blog\/wp-json\/wp\/v2\/types\/post"}],"author":[{"embeddable":true,"href":"https:\/\/www.arhammar.se\/blog\/wp-json\/wp\/v2\/users\/2"}],"replies":[{"embeddable":true,"href":"https:\/\/www.arhammar.se\/blog\/wp-json\/wp\/v2\/comments?post=26882"}],"version-history":[{"count":5,"href":"https:\/\/www.arhammar.se\/blog\/wp-json\/wp\/v2\/posts\/26882\/revisions"}],"predecessor-version":[{"id":27979,"href":"https:\/\/www.arhammar.se\/blog\/wp-json\/wp\/v2\/posts\/26882\/revisions\/27979"}],"wp:featuredmedia":[{"embeddable":true,"href":"https:\/\/www.arhammar.se\/blog\/wp-json\/wp\/v2\/media\/26228"}],"wp:attachment":[{"href":"https:\/\/www.arhammar.se\/blog\/wp-json\/wp\/v2\/media?parent=26882"}],"wp:term":[{"taxonomy":"category","embeddable":true,"href":"https:\/\/www.arhammar.se\/blog\/wp-json\/wp\/v2\/categories?post=26882"},{"taxonomy":"post_tag","embeddable":true,"href":"https:\/\/www.arhammar.se\/blog\/wp-json\/wp\/v2\/tags?post=26882"}],"curies":[{"name":"wp","href":"https:\/\/api.w.org\/{rel}","templated":true}]}}