{"id":26445,"date":"2020-02-29T22:15:41","date_gmt":"2020-02-29T21:15:41","guid":{"rendered":"https:\/\/www.arhammar.se\/blog\/?p=26445"},"modified":"2020-03-25T23:20:35","modified_gmt":"2020-03-25T22:20:35","slug":"fredagen-den-27-december-1912-vi-rokte-damcigaretter-till-kaffet","status":"publish","type":"post","link":"https:\/\/www.arhammar.se\/blog\/fredagen-den-27-december-1912-vi-rokte-damcigaretter-till-kaffet\/","title":{"rendered":"Fredagen den 27 december 1912. Vi r\u00f6kte damcigaretter till kaffet."},"content":{"rendered":"<p>Vi hade det riktigt trevligt p\u00e5 julafton. Jag fick ganska m\u00e5nga julklappar. I julottan var ingen av oss. Orkade inte. Gick ej och lade oss f\u00f6rr\u00e4n halv ett p\u00e5 julafton. P\u00e5 eftermiddagen voro vi i aftons\u00e5ngen och \u00e5to inte middag f\u00f6rr\u00e4n klockan 7. Ig\u00e5r, annandagen var jag f\u00f6rst p\u00e5 middag hos Tora. Irma och Eleonora voro d\u00e4r ocks\u00e5. Det var r\u00e4tt trevligt. Vi r\u00f6kte damcigaretter till kaffet. Jag gick ganska tidigt ty jag skulle p\u00e5 sup\u00e9 hos Johanssons. De andra voro d\u00e4r f\u00f6rut. Mycket bra sup\u00e9. P\u00e5 kv\u00e4llen var jag sjuk av all mat. S\u00e5 litet jag nu har kvar av min bok. Men s\u00e5 \u00e4r det ju snart slut p\u00e5 detta \u00e5ret. F\u00e5r se, om n\u00e5got s\u00e4rskilt h\u00e4nder dessa sista dagarna.<\/p>\n<!-- AddThis Advanced Settings generic via filter on the_content --><!-- AddThis Share Buttons generic via filter on the_content -->","protected":false},"excerpt":{"rendered":"<p>Vi hade det riktigt trevligt p\u00e5 julafton. Jag fick ganska m\u00e5nga julklappar. I julottan var ingen av oss. Orkade inte. Gick ej och lade oss f\u00f6rr\u00e4n halv ett p\u00e5 julafton. P\u00e5 eftermiddagen voro vi i aftons\u00e5ngen och \u00e5to inte middag f\u00f6rr\u00e4n klockan 7. Ig\u00e5r, annandagen var jag f\u00f6rst p\u00e5 middag hos Tora. Irma och Eleonora [&hellip;]<!-- AddThis Advanced Settings generic via filter on wp_trim_excerpt --><!-- AddThis Share Buttons generic via filter on wp_trim_excerpt --><\/p>\n","protected":false},"author":2,"featured_media":26205,"comment_status":"open","ping_status":"open","sticky":false,"template":"","format":"standard","meta":{"footnotes":""},"categories":[3437,3425],"tags":[],"class_list":["post-26445","post","type-post","status-publish","format-standard","has-post-thumbnail","hentry","category-3437","category-mormors-dagbok"],"yoast_head":"<!-- This site is optimized with the Yoast SEO plugin v27.4 - https:\/\/yoast.com\/product\/yoast-seo-wordpress\/ -->\n<title>Fredagen den 27 december 1912. Vi r\u00f6kte damcigaretter till kaffet. - @Arhammar bokstavligen<\/title>\n<meta name=\"robots\" content=\"index, follow, max-snippet:-1, max-image-preview:large, max-video-preview:-1\" \/>\n<link rel=\"canonical\" href=\"https:\/\/www.arhammar.se\/blog\/fredagen-den-27-december-1912-vi-rokte-damcigaretter-till-kaffet\/\" \/>\n<meta property=\"og:locale\" content=\"en_US\" \/>\n<meta property=\"og:type\" content=\"article\" \/>\n<meta property=\"og:title\" content=\"Fredagen den 27 december 1912. Vi r\u00f6kte damcigaretter till kaffet. - @Arhammar bokstavligen\" \/>\n<meta property=\"og:description\" content=\"Vi hade det riktigt trevligt p\u00e5 julafton. Jag fick ganska m\u00e5nga julklappar. I julottan var ingen av oss. Orkade inte. Gick ej och lade oss f\u00f6rr\u00e4n halv ett p\u00e5 julafton. P\u00e5 eftermiddagen voro vi i aftons\u00e5ngen och \u00e5to inte middag f\u00f6rr\u00e4n klockan 7. Ig\u00e5r, annandagen var jag f\u00f6rst p\u00e5 middag hos Tora. Irma och Eleonora [&hellip;]\" \/>\n<meta property=\"og:url\" content=\"https:\/\/www.arhammar.se\/blog\/fredagen-den-27-december-1912-vi-rokte-damcigaretter-till-kaffet\/\" \/>\n<meta property=\"og:site_name\" content=\"@Arhammar bokstavligen\" \/>\n<meta property=\"article:published_time\" content=\"2020-02-29T21:15:41+00:00\" \/>\n<meta property=\"article:modified_time\" content=\"2020-03-25T22:20:35+00:00\" \/>\n<meta property=\"og:image\" content=\"https:\/\/www.arhammar.se\/blog\/wp-content\/uploads\/2020\/10\/december1912.jpg\" \/>\n\t<meta property=\"og:image:width\" content=\"640\" \/>\n\t<meta property=\"og:image:height\" content=\"480\" \/>\n\t<meta property=\"og:image:type\" content=\"image\/jpeg\" \/>\n<meta name=\"author\" content=\"Anders Arhammar\" \/>\n<meta name=\"twitter:card\" content=\"summary_large_image\" \/>\n<meta name=\"twitter:label1\" content=\"Written by\" \/>\n\t<meta name=\"twitter:data1\" content=\"Anders Arhammar\" \/>\n\t<meta name=\"twitter:label2\" content=\"Est. reading time\" \/>\n\t<meta name=\"twitter:data2\" content=\"1 minute\" \/>\n<script type=\"application\/ld+json\" class=\"yoast-schema-graph\">{\"@context\":\"https:\\\/\\\/schema.org\",\"@graph\":[{\"@type\":\"Article\",\"@id\":\"https:\\\/\\\/www.arhammar.se\\\/blog\\\/fredagen-den-27-december-1912-vi-rokte-damcigaretter-till-kaffet\\\/#article\",\"isPartOf\":{\"@id\":\"https:\\\/\\\/www.arhammar.se\\\/blog\\\/fredagen-den-27-december-1912-vi-rokte-damcigaretter-till-kaffet\\\/\"},\"author\":{\"name\":\"Anders Arhammar\",\"@id\":\"https:\\\/\\\/www.arhammar.se\\\/blog\\\/#\\\/schema\\\/person\\\/061984c1d884b363e2c91550f2e00d1d\"},\"headline\":\"Fredagen den 27 december 1912. Vi r\u00f6kte damcigaretter till kaffet.\",\"datePublished\":\"2020-02-29T21:15:41+00:00\",\"dateModified\":\"2020-03-25T22:20:35+00:00\",\"mainEntityOfPage\":{\"@id\":\"https:\\\/\\\/www.arhammar.se\\\/blog\\\/fredagen-den-27-december-1912-vi-rokte-damcigaretter-till-kaffet\\\/\"},\"wordCount\":148,\"commentCount\":0,\"image\":{\"@id\":\"https:\\\/\\\/www.arhammar.se\\\/blog\\\/fredagen-den-27-december-1912-vi-rokte-damcigaretter-till-kaffet\\\/#primaryimage\"},\"thumbnailUrl\":\"https:\\\/\\\/www.arhammar.se\\\/blog\\\/wp-content\\\/uploads\\\/2020\\\/10\\\/december1912.jpg\",\"articleSection\":[\"1912\",\"mormors dagbok\"],\"inLanguage\":\"en-US\",\"potentialAction\":[{\"@type\":\"CommentAction\",\"name\":\"Comment\",\"target\":[\"https:\\\/\\\/www.arhammar.se\\\/blog\\\/fredagen-den-27-december-1912-vi-rokte-damcigaretter-till-kaffet\\\/#respond\"]}]},{\"@type\":\"WebPage\",\"@id\":\"https:\\\/\\\/www.arhammar.se\\\/blog\\\/fredagen-den-27-december-1912-vi-rokte-damcigaretter-till-kaffet\\\/\",\"url\":\"https:\\\/\\\/www.arhammar.se\\\/blog\\\/fredagen-den-27-december-1912-vi-rokte-damcigaretter-till-kaffet\\\/\",\"name\":\"Fredagen den 27 december 1912. Vi r\u00f6kte damcigaretter till kaffet. - @Arhammar bokstavligen\",\"isPartOf\":{\"@id\":\"https:\\\/\\\/www.arhammar.se\\\/blog\\\/#website\"},\"primaryImageOfPage\":{\"@id\":\"https:\\\/\\\/www.arhammar.se\\\/blog\\\/fredagen-den-27-december-1912-vi-rokte-damcigaretter-till-kaffet\\\/#primaryimage\"},\"image\":{\"@id\":\"https:\\\/\\\/www.arhammar.se\\\/blog\\\/fredagen-den-27-december-1912-vi-rokte-damcigaretter-till-kaffet\\\/#primaryimage\"},\"thumbnailUrl\":\"https:\\\/\\\/www.arhammar.se\\\/blog\\\/wp-content\\\/uploads\\\/2020\\\/10\\\/december1912.jpg\",\"datePublished\":\"2020-02-29T21:15:41+00:00\",\"dateModified\":\"2020-03-25T22:20:35+00:00\",\"author\":{\"@id\":\"https:\\\/\\\/www.arhammar.se\\\/blog\\\/#\\\/schema\\\/person\\\/061984c1d884b363e2c91550f2e00d1d\"},\"breadcrumb\":{\"@id\":\"https:\\\/\\\/www.arhammar.se\\\/blog\\\/fredagen-den-27-december-1912-vi-rokte-damcigaretter-till-kaffet\\\/#breadcrumb\"},\"inLanguage\":\"en-US\",\"potentialAction\":[{\"@type\":\"ReadAction\",\"target\":[\"https:\\\/\\\/www.arhammar.se\\\/blog\\\/fredagen-den-27-december-1912-vi-rokte-damcigaretter-till-kaffet\\\/\"]}]},{\"@type\":\"ImageObject\",\"inLanguage\":\"en-US\",\"@id\":\"https:\\\/\\\/www.arhammar.se\\\/blog\\\/fredagen-den-27-december-1912-vi-rokte-damcigaretter-till-kaffet\\\/#primaryimage\",\"url\":\"https:\\\/\\\/www.arhammar.se\\\/blog\\\/wp-content\\\/uploads\\\/2020\\\/10\\\/december1912.jpg\",\"contentUrl\":\"https:\\\/\\\/www.arhammar.se\\\/blog\\\/wp-content\\\/uploads\\\/2020\\\/10\\\/december1912.jpg\",\"width\":640,\"height\":480},{\"@type\":\"BreadcrumbList\",\"@id\":\"https:\\\/\\\/www.arhammar.se\\\/blog\\\/fredagen-den-27-december-1912-vi-rokte-damcigaretter-till-kaffet\\\/#breadcrumb\",\"itemListElement\":[{\"@type\":\"ListItem\",\"position\":1,\"name\":\"Home\",\"item\":\"https:\\\/\\\/www.arhammar.se\\\/blog\\\/\"},{\"@type\":\"ListItem\",\"position\":2,\"name\":\"Fredagen den 27 december 1912. Vi r\u00f6kte damcigaretter till kaffet.\"}]},{\"@type\":\"WebSite\",\"@id\":\"https:\\\/\\\/www.arhammar.se\\\/blog\\\/#website\",\"url\":\"https:\\\/\\\/www.arhammar.se\\\/blog\\\/\",\"name\":\"@Arhammar bokstavligen\",\"description\":\"Fr\u00e5n min penna och panna\",\"potentialAction\":[{\"@type\":\"SearchAction\",\"target\":{\"@type\":\"EntryPoint\",\"urlTemplate\":\"https:\\\/\\\/www.arhammar.se\\\/blog\\\/?s={search_term_string}\"},\"query-input\":{\"@type\":\"PropertyValueSpecification\",\"valueRequired\":true,\"valueName\":\"search_term_string\"}}],\"inLanguage\":\"en-US\"},{\"@type\":\"Person\",\"@id\":\"https:\\\/\\\/www.arhammar.se\\\/blog\\\/#\\\/schema\\\/person\\\/061984c1d884b363e2c91550f2e00d1d\",\"name\":\"Anders Arhammar\",\"image\":{\"@type\":\"ImageObject\",\"inLanguage\":\"en-US\",\"@id\":\"https:\\\/\\\/secure.gravatar.com\\\/avatar\\\/784b5b36cfe145ae19a52340f405285a939bcc08d4a21136b3a81f9e378ffae0?s=96&d=mm&r=g\",\"url\":\"https:\\\/\\\/secure.gravatar.com\\\/avatar\\\/784b5b36cfe145ae19a52340f405285a939bcc08d4a21136b3a81f9e378ffae0?s=96&d=mm&r=g\",\"contentUrl\":\"https:\\\/\\\/secure.gravatar.com\\\/avatar\\\/784b5b36cfe145ae19a52340f405285a939bcc08d4a21136b3a81f9e378ffae0?s=96&d=mm&r=g\",\"caption\":\"Anders Arhammar\"},\"url\":\"https:\\\/\\\/www.arhammar.se\\\/blog\\\/author\\\/anders\\\/\"}]}<\/script>\n<!-- \/ Yoast SEO plugin. -->","yoast_head_json":{"title":"Fredagen den 27 december 1912. Vi r\u00f6kte damcigaretter till kaffet. - @Arhammar bokstavligen","robots":{"index":"index","follow":"follow","max-snippet":"max-snippet:-1","max-image-preview":"max-image-preview:large","max-video-preview":"max-video-preview:-1"},"canonical":"https:\/\/www.arhammar.se\/blog\/fredagen-den-27-december-1912-vi-rokte-damcigaretter-till-kaffet\/","og_locale":"en_US","og_type":"article","og_title":"Fredagen den 27 december 1912. Vi r\u00f6kte damcigaretter till kaffet. - @Arhammar bokstavligen","og_description":"Vi hade det riktigt trevligt p\u00e5 julafton. Jag fick ganska m\u00e5nga julklappar. I julottan var ingen av oss. Orkade inte. Gick ej och lade oss f\u00f6rr\u00e4n halv ett p\u00e5 julafton. P\u00e5 eftermiddagen voro vi i aftons\u00e5ngen och \u00e5to inte middag f\u00f6rr\u00e4n klockan 7. Ig\u00e5r, annandagen var jag f\u00f6rst p\u00e5 middag hos Tora. Irma och Eleonora [&hellip;]","og_url":"https:\/\/www.arhammar.se\/blog\/fredagen-den-27-december-1912-vi-rokte-damcigaretter-till-kaffet\/","og_site_name":"@Arhammar bokstavligen","article_published_time":"2020-02-29T21:15:41+00:00","article_modified_time":"2020-03-25T22:20:35+00:00","og_image":[{"width":640,"height":480,"url":"https:\/\/www.arhammar.se\/blog\/wp-content\/uploads\/2020\/10\/december1912.jpg","type":"image\/jpeg"}],"author":"Anders Arhammar","twitter_card":"summary_large_image","twitter_misc":{"Written by":"Anders Arhammar","Est. reading time":"1 minute"},"schema":{"@context":"https:\/\/schema.org","@graph":[{"@type":"Article","@id":"https:\/\/www.arhammar.se\/blog\/fredagen-den-27-december-1912-vi-rokte-damcigaretter-till-kaffet\/#article","isPartOf":{"@id":"https:\/\/www.arhammar.se\/blog\/fredagen-den-27-december-1912-vi-rokte-damcigaretter-till-kaffet\/"},"author":{"name":"Anders Arhammar","@id":"https:\/\/www.arhammar.se\/blog\/#\/schema\/person\/061984c1d884b363e2c91550f2e00d1d"},"headline":"Fredagen den 27 december 1912. Vi r\u00f6kte damcigaretter till kaffet.","datePublished":"2020-02-29T21:15:41+00:00","dateModified":"2020-03-25T22:20:35+00:00","mainEntityOfPage":{"@id":"https:\/\/www.arhammar.se\/blog\/fredagen-den-27-december-1912-vi-rokte-damcigaretter-till-kaffet\/"},"wordCount":148,"commentCount":0,"image":{"@id":"https:\/\/www.arhammar.se\/blog\/fredagen-den-27-december-1912-vi-rokte-damcigaretter-till-kaffet\/#primaryimage"},"thumbnailUrl":"https:\/\/www.arhammar.se\/blog\/wp-content\/uploads\/2020\/10\/december1912.jpg","articleSection":["1912","mormors dagbok"],"inLanguage":"en-US","potentialAction":[{"@type":"CommentAction","name":"Comment","target":["https:\/\/www.arhammar.se\/blog\/fredagen-den-27-december-1912-vi-rokte-damcigaretter-till-kaffet\/#respond"]}]},{"@type":"WebPage","@id":"https:\/\/www.arhammar.se\/blog\/fredagen-den-27-december-1912-vi-rokte-damcigaretter-till-kaffet\/","url":"https:\/\/www.arhammar.se\/blog\/fredagen-den-27-december-1912-vi-rokte-damcigaretter-till-kaffet\/","name":"Fredagen den 27 december 1912. Vi r\u00f6kte damcigaretter till kaffet. - @Arhammar bokstavligen","isPartOf":{"@id":"https:\/\/www.arhammar.se\/blog\/#website"},"primaryImageOfPage":{"@id":"https:\/\/www.arhammar.se\/blog\/fredagen-den-27-december-1912-vi-rokte-damcigaretter-till-kaffet\/#primaryimage"},"image":{"@id":"https:\/\/www.arhammar.se\/blog\/fredagen-den-27-december-1912-vi-rokte-damcigaretter-till-kaffet\/#primaryimage"},"thumbnailUrl":"https:\/\/www.arhammar.se\/blog\/wp-content\/uploads\/2020\/10\/december1912.jpg","datePublished":"2020-02-29T21:15:41+00:00","dateModified":"2020-03-25T22:20:35+00:00","author":{"@id":"https:\/\/www.arhammar.se\/blog\/#\/schema\/person\/061984c1d884b363e2c91550f2e00d1d"},"breadcrumb":{"@id":"https:\/\/www.arhammar.se\/blog\/fredagen-den-27-december-1912-vi-rokte-damcigaretter-till-kaffet\/#breadcrumb"},"inLanguage":"en-US","potentialAction":[{"@type":"ReadAction","target":["https:\/\/www.arhammar.se\/blog\/fredagen-den-27-december-1912-vi-rokte-damcigaretter-till-kaffet\/"]}]},{"@type":"ImageObject","inLanguage":"en-US","@id":"https:\/\/www.arhammar.se\/blog\/fredagen-den-27-december-1912-vi-rokte-damcigaretter-till-kaffet\/#primaryimage","url":"https:\/\/www.arhammar.se\/blog\/wp-content\/uploads\/2020\/10\/december1912.jpg","contentUrl":"https:\/\/www.arhammar.se\/blog\/wp-content\/uploads\/2020\/10\/december1912.jpg","width":640,"height":480},{"@type":"BreadcrumbList","@id":"https:\/\/www.arhammar.se\/blog\/fredagen-den-27-december-1912-vi-rokte-damcigaretter-till-kaffet\/#breadcrumb","itemListElement":[{"@type":"ListItem","position":1,"name":"Home","item":"https:\/\/www.arhammar.se\/blog\/"},{"@type":"ListItem","position":2,"name":"Fredagen den 27 december 1912. Vi r\u00f6kte damcigaretter till kaffet."}]},{"@type":"WebSite","@id":"https:\/\/www.arhammar.se\/blog\/#website","url":"https:\/\/www.arhammar.se\/blog\/","name":"@Arhammar bokstavligen","description":"Fr\u00e5n min penna och panna","potentialAction":[{"@type":"SearchAction","target":{"@type":"EntryPoint","urlTemplate":"https:\/\/www.arhammar.se\/blog\/?s={search_term_string}"},"query-input":{"@type":"PropertyValueSpecification","valueRequired":true,"valueName":"search_term_string"}}],"inLanguage":"en-US"},{"@type":"Person","@id":"https:\/\/www.arhammar.se\/blog\/#\/schema\/person\/061984c1d884b363e2c91550f2e00d1d","name":"Anders Arhammar","image":{"@type":"ImageObject","inLanguage":"en-US","@id":"https:\/\/secure.gravatar.com\/avatar\/784b5b36cfe145ae19a52340f405285a939bcc08d4a21136b3a81f9e378ffae0?s=96&d=mm&r=g","url":"https:\/\/secure.gravatar.com\/avatar\/784b5b36cfe145ae19a52340f405285a939bcc08d4a21136b3a81f9e378ffae0?s=96&d=mm&r=g","contentUrl":"https:\/\/secure.gravatar.com\/avatar\/784b5b36cfe145ae19a52340f405285a939bcc08d4a21136b3a81f9e378ffae0?s=96&d=mm&r=g","caption":"Anders Arhammar"},"url":"https:\/\/www.arhammar.se\/blog\/author\/anders\/"}]}},"_links":{"self":[{"href":"https:\/\/www.arhammar.se\/blog\/wp-json\/wp\/v2\/posts\/26445","targetHints":{"allow":["GET"]}}],"collection":[{"href":"https:\/\/www.arhammar.se\/blog\/wp-json\/wp\/v2\/posts"}],"about":[{"href":"https:\/\/www.arhammar.se\/blog\/wp-json\/wp\/v2\/types\/post"}],"author":[{"embeddable":true,"href":"https:\/\/www.arhammar.se\/blog\/wp-json\/wp\/v2\/users\/2"}],"replies":[{"embeddable":true,"href":"https:\/\/www.arhammar.se\/blog\/wp-json\/wp\/v2\/comments?post=26445"}],"version-history":[{"count":3,"href":"https:\/\/www.arhammar.se\/blog\/wp-json\/wp\/v2\/posts\/26445\/revisions"}],"predecessor-version":[{"id":27809,"href":"https:\/\/www.arhammar.se\/blog\/wp-json\/wp\/v2\/posts\/26445\/revisions\/27809"}],"wp:featuredmedia":[{"embeddable":true,"href":"https:\/\/www.arhammar.se\/blog\/wp-json\/wp\/v2\/media\/26205"}],"wp:attachment":[{"href":"https:\/\/www.arhammar.se\/blog\/wp-json\/wp\/v2\/media?parent=26445"}],"wp:term":[{"taxonomy":"category","embeddable":true,"href":"https:\/\/www.arhammar.se\/blog\/wp-json\/wp\/v2\/categories?post=26445"},{"taxonomy":"post_tag","embeddable":true,"href":"https:\/\/www.arhammar.se\/blog\/wp-json\/wp\/v2\/tags?post=26445"}],"curies":[{"name":"wp","href":"https:\/\/api.w.org\/{rel}","templated":true}]}}