{"id":26444,"date":"2020-02-29T22:15:04","date_gmt":"2020-02-29T21:15:04","guid":{"rendered":"https:\/\/www.arhammar.se\/blog\/?p=26444"},"modified":"2020-03-07T23:21:29","modified_gmt":"2020-03-07T22:21:29","slug":"mandag-den-23-december-1912-jag-begriper-inte-att-jag-inte-ar-kar-i-honom","status":"publish","type":"post","link":"https:\/\/www.arhammar.se\/blog\/mandag-den-23-december-1912-jag-begriper-inte-att-jag-inte-ar-kar-i-honom\/","title":{"rendered":"M\u00e5ndag den 23 december 1912. Jag begriper inte att jag inte \u00e4r k\u00e4r i honom."},"content":{"rendered":"<p>I fredags reste Bertil till Leksand, den lyckliga osten. Idag fick jag brev fr\u00e5n honom. Han har \u00e4ven skickat upp de mest f\u00f6rtjusande liljekonvaljer i en n\u00e4verkruka. Han \u00e4r allt bra rar \u00e4nd\u00e5. Och s\u00e5 stilig! Jag begriper inte att jag inte \u00e4r k\u00e4r i honom. F\u00f6r det \u00e4r jag inte. Fast det tror dom f\u00f6rst\u00e5s h\u00e4r hemma. <\/p>\n<p>Ig\u00e5r, s\u00f6ndag, var jag hos Anna-Lisa p\u00e5 f\u00f6delsedagskalas. Hade f\u00f6r f\u00f6rsta g\u00e5ngen min nya bl\u00e5 kl\u00e4nning. D\u00e4r var Alban B., Ingeborg, Ture A. och jag. Det var mycket roligt. Vi dansade n\u00e4stan hela tiden. I f\u00f6rrg\u00e5r kom Greta hem fr\u00e5n Arvika. Jag har inte tr\u00e4ffat henne \u00e4n. Idag har mamma och jag bakat n\u00e4stan hela dagen. Mamma saffrans- och r\u00e5gbr\u00f6d, jag sm\u00e5br\u00f6d. Micke gott. Ja, ja. Ja, i mor\u00b4n \u00e4r det julafton. Erik kommer hit. Han skall inte resa f\u00f6rr\u00e4n juldagen.<\/p>\n<!-- AddThis Advanced Settings generic via filter on the_content --><!-- AddThis Share Buttons generic via filter on the_content -->","protected":false},"excerpt":{"rendered":"<p>I fredags reste Bertil till Leksand, den lyckliga osten. Idag fick jag brev fr\u00e5n honom. Han har \u00e4ven skickat upp de mest f\u00f6rtjusande liljekonvaljer i en n\u00e4verkruka. Han \u00e4r allt bra rar \u00e4nd\u00e5. Och s\u00e5 stilig! Jag begriper inte att jag inte \u00e4r k\u00e4r i honom. F\u00f6r det \u00e4r jag inte. Fast det tror dom [&hellip;]<!-- AddThis Advanced Settings generic via filter on wp_trim_excerpt --><!-- AddThis Share Buttons generic via filter on wp_trim_excerpt --><\/p>\n","protected":false},"author":2,"featured_media":26205,"comment_status":"open","ping_status":"open","sticky":false,"template":"","format":"standard","meta":{"footnotes":""},"categories":[3437,3425],"tags":[],"class_list":["post-26444","post","type-post","status-publish","format-standard","has-post-thumbnail","hentry","category-3437","category-mormors-dagbok"],"yoast_head":"<!-- This site is optimized with the Yoast SEO plugin v27.4 - https:\/\/yoast.com\/product\/yoast-seo-wordpress\/ -->\n<title>M\u00e5ndag den 23 december 1912. Jag begriper inte att jag inte \u00e4r k\u00e4r i honom. - @Arhammar bokstavligen<\/title>\n<meta name=\"robots\" content=\"index, follow, max-snippet:-1, max-image-preview:large, max-video-preview:-1\" \/>\n<link rel=\"canonical\" href=\"https:\/\/www.arhammar.se\/blog\/mandag-den-23-december-1912-jag-begriper-inte-att-jag-inte-ar-kar-i-honom\/\" \/>\n<meta property=\"og:locale\" content=\"en_US\" \/>\n<meta property=\"og:type\" content=\"article\" \/>\n<meta property=\"og:title\" content=\"M\u00e5ndag den 23 december 1912. Jag begriper inte att jag inte \u00e4r k\u00e4r i honom. - @Arhammar bokstavligen\" \/>\n<meta property=\"og:description\" content=\"I fredags reste Bertil till Leksand, den lyckliga osten. Idag fick jag brev fr\u00e5n honom. Han har \u00e4ven skickat upp de mest f\u00f6rtjusande liljekonvaljer i en n\u00e4verkruka. Han \u00e4r allt bra rar \u00e4nd\u00e5. Och s\u00e5 stilig! Jag begriper inte att jag inte \u00e4r k\u00e4r i honom. F\u00f6r det \u00e4r jag inte. Fast det tror dom [&hellip;]\" \/>\n<meta property=\"og:url\" content=\"https:\/\/www.arhammar.se\/blog\/mandag-den-23-december-1912-jag-begriper-inte-att-jag-inte-ar-kar-i-honom\/\" \/>\n<meta property=\"og:site_name\" content=\"@Arhammar bokstavligen\" \/>\n<meta property=\"article:published_time\" content=\"2020-02-29T21:15:04+00:00\" \/>\n<meta property=\"article:modified_time\" content=\"2020-03-07T22:21:29+00:00\" \/>\n<meta property=\"og:image\" content=\"https:\/\/www.arhammar.se\/blog\/wp-content\/uploads\/2020\/10\/december1912.jpg\" \/>\n\t<meta property=\"og:image:width\" content=\"640\" \/>\n\t<meta property=\"og:image:height\" content=\"480\" \/>\n\t<meta property=\"og:image:type\" content=\"image\/jpeg\" \/>\n<meta name=\"author\" content=\"Anders Arhammar\" \/>\n<meta name=\"twitter:card\" content=\"summary_large_image\" \/>\n<meta name=\"twitter:label1\" content=\"Written by\" \/>\n\t<meta name=\"twitter:data1\" content=\"Anders Arhammar\" \/>\n\t<meta name=\"twitter:label2\" content=\"Est. reading time\" \/>\n\t<meta name=\"twitter:data2\" content=\"1 minute\" \/>\n<script type=\"application\/ld+json\" class=\"yoast-schema-graph\">{\"@context\":\"https:\\\/\\\/schema.org\",\"@graph\":[{\"@type\":\"Article\",\"@id\":\"https:\\\/\\\/www.arhammar.se\\\/blog\\\/mandag-den-23-december-1912-jag-begriper-inte-att-jag-inte-ar-kar-i-honom\\\/#article\",\"isPartOf\":{\"@id\":\"https:\\\/\\\/www.arhammar.se\\\/blog\\\/mandag-den-23-december-1912-jag-begriper-inte-att-jag-inte-ar-kar-i-honom\\\/\"},\"author\":{\"name\":\"Anders Arhammar\",\"@id\":\"https:\\\/\\\/www.arhammar.se\\\/blog\\\/#\\\/schema\\\/person\\\/061984c1d884b363e2c91550f2e00d1d\"},\"headline\":\"M\u00e5ndag den 23 december 1912. Jag begriper inte att jag inte \u00e4r k\u00e4r i honom.\",\"datePublished\":\"2020-02-29T21:15:04+00:00\",\"dateModified\":\"2020-03-07T22:21:29+00:00\",\"mainEntityOfPage\":{\"@id\":\"https:\\\/\\\/www.arhammar.se\\\/blog\\\/mandag-den-23-december-1912-jag-begriper-inte-att-jag-inte-ar-kar-i-honom\\\/\"},\"wordCount\":183,\"commentCount\":0,\"image\":{\"@id\":\"https:\\\/\\\/www.arhammar.se\\\/blog\\\/mandag-den-23-december-1912-jag-begriper-inte-att-jag-inte-ar-kar-i-honom\\\/#primaryimage\"},\"thumbnailUrl\":\"https:\\\/\\\/www.arhammar.se\\\/blog\\\/wp-content\\\/uploads\\\/2020\\\/10\\\/december1912.jpg\",\"articleSection\":[\"1912\",\"mormors dagbok\"],\"inLanguage\":\"en-US\",\"potentialAction\":[{\"@type\":\"CommentAction\",\"name\":\"Comment\",\"target\":[\"https:\\\/\\\/www.arhammar.se\\\/blog\\\/mandag-den-23-december-1912-jag-begriper-inte-att-jag-inte-ar-kar-i-honom\\\/#respond\"]}]},{\"@type\":\"WebPage\",\"@id\":\"https:\\\/\\\/www.arhammar.se\\\/blog\\\/mandag-den-23-december-1912-jag-begriper-inte-att-jag-inte-ar-kar-i-honom\\\/\",\"url\":\"https:\\\/\\\/www.arhammar.se\\\/blog\\\/mandag-den-23-december-1912-jag-begriper-inte-att-jag-inte-ar-kar-i-honom\\\/\",\"name\":\"M\u00e5ndag den 23 december 1912. Jag begriper inte att jag inte \u00e4r k\u00e4r i honom. - @Arhammar bokstavligen\",\"isPartOf\":{\"@id\":\"https:\\\/\\\/www.arhammar.se\\\/blog\\\/#website\"},\"primaryImageOfPage\":{\"@id\":\"https:\\\/\\\/www.arhammar.se\\\/blog\\\/mandag-den-23-december-1912-jag-begriper-inte-att-jag-inte-ar-kar-i-honom\\\/#primaryimage\"},\"image\":{\"@id\":\"https:\\\/\\\/www.arhammar.se\\\/blog\\\/mandag-den-23-december-1912-jag-begriper-inte-att-jag-inte-ar-kar-i-honom\\\/#primaryimage\"},\"thumbnailUrl\":\"https:\\\/\\\/www.arhammar.se\\\/blog\\\/wp-content\\\/uploads\\\/2020\\\/10\\\/december1912.jpg\",\"datePublished\":\"2020-02-29T21:15:04+00:00\",\"dateModified\":\"2020-03-07T22:21:29+00:00\",\"author\":{\"@id\":\"https:\\\/\\\/www.arhammar.se\\\/blog\\\/#\\\/schema\\\/person\\\/061984c1d884b363e2c91550f2e00d1d\"},\"breadcrumb\":{\"@id\":\"https:\\\/\\\/www.arhammar.se\\\/blog\\\/mandag-den-23-december-1912-jag-begriper-inte-att-jag-inte-ar-kar-i-honom\\\/#breadcrumb\"},\"inLanguage\":\"en-US\",\"potentialAction\":[{\"@type\":\"ReadAction\",\"target\":[\"https:\\\/\\\/www.arhammar.se\\\/blog\\\/mandag-den-23-december-1912-jag-begriper-inte-att-jag-inte-ar-kar-i-honom\\\/\"]}]},{\"@type\":\"ImageObject\",\"inLanguage\":\"en-US\",\"@id\":\"https:\\\/\\\/www.arhammar.se\\\/blog\\\/mandag-den-23-december-1912-jag-begriper-inte-att-jag-inte-ar-kar-i-honom\\\/#primaryimage\",\"url\":\"https:\\\/\\\/www.arhammar.se\\\/blog\\\/wp-content\\\/uploads\\\/2020\\\/10\\\/december1912.jpg\",\"contentUrl\":\"https:\\\/\\\/www.arhammar.se\\\/blog\\\/wp-content\\\/uploads\\\/2020\\\/10\\\/december1912.jpg\",\"width\":640,\"height\":480},{\"@type\":\"BreadcrumbList\",\"@id\":\"https:\\\/\\\/www.arhammar.se\\\/blog\\\/mandag-den-23-december-1912-jag-begriper-inte-att-jag-inte-ar-kar-i-honom\\\/#breadcrumb\",\"itemListElement\":[{\"@type\":\"ListItem\",\"position\":1,\"name\":\"Home\",\"item\":\"https:\\\/\\\/www.arhammar.se\\\/blog\\\/\"},{\"@type\":\"ListItem\",\"position\":2,\"name\":\"M\u00e5ndag den 23 december 1912. Jag begriper inte att jag inte \u00e4r k\u00e4r i honom.\"}]},{\"@type\":\"WebSite\",\"@id\":\"https:\\\/\\\/www.arhammar.se\\\/blog\\\/#website\",\"url\":\"https:\\\/\\\/www.arhammar.se\\\/blog\\\/\",\"name\":\"@Arhammar bokstavligen\",\"description\":\"Fr\u00e5n min penna och panna\",\"potentialAction\":[{\"@type\":\"SearchAction\",\"target\":{\"@type\":\"EntryPoint\",\"urlTemplate\":\"https:\\\/\\\/www.arhammar.se\\\/blog\\\/?s={search_term_string}\"},\"query-input\":{\"@type\":\"PropertyValueSpecification\",\"valueRequired\":true,\"valueName\":\"search_term_string\"}}],\"inLanguage\":\"en-US\"},{\"@type\":\"Person\",\"@id\":\"https:\\\/\\\/www.arhammar.se\\\/blog\\\/#\\\/schema\\\/person\\\/061984c1d884b363e2c91550f2e00d1d\",\"name\":\"Anders Arhammar\",\"image\":{\"@type\":\"ImageObject\",\"inLanguage\":\"en-US\",\"@id\":\"https:\\\/\\\/secure.gravatar.com\\\/avatar\\\/784b5b36cfe145ae19a52340f405285a939bcc08d4a21136b3a81f9e378ffae0?s=96&d=mm&r=g\",\"url\":\"https:\\\/\\\/secure.gravatar.com\\\/avatar\\\/784b5b36cfe145ae19a52340f405285a939bcc08d4a21136b3a81f9e378ffae0?s=96&d=mm&r=g\",\"contentUrl\":\"https:\\\/\\\/secure.gravatar.com\\\/avatar\\\/784b5b36cfe145ae19a52340f405285a939bcc08d4a21136b3a81f9e378ffae0?s=96&d=mm&r=g\",\"caption\":\"Anders Arhammar\"},\"url\":\"https:\\\/\\\/www.arhammar.se\\\/blog\\\/author\\\/anders\\\/\"}]}<\/script>\n<!-- \/ Yoast SEO plugin. -->","yoast_head_json":{"title":"M\u00e5ndag den 23 december 1912. Jag begriper inte att jag inte \u00e4r k\u00e4r i honom. - @Arhammar bokstavligen","robots":{"index":"index","follow":"follow","max-snippet":"max-snippet:-1","max-image-preview":"max-image-preview:large","max-video-preview":"max-video-preview:-1"},"canonical":"https:\/\/www.arhammar.se\/blog\/mandag-den-23-december-1912-jag-begriper-inte-att-jag-inte-ar-kar-i-honom\/","og_locale":"en_US","og_type":"article","og_title":"M\u00e5ndag den 23 december 1912. Jag begriper inte att jag inte \u00e4r k\u00e4r i honom. - @Arhammar bokstavligen","og_description":"I fredags reste Bertil till Leksand, den lyckliga osten. Idag fick jag brev fr\u00e5n honom. Han har \u00e4ven skickat upp de mest f\u00f6rtjusande liljekonvaljer i en n\u00e4verkruka. Han \u00e4r allt bra rar \u00e4nd\u00e5. Och s\u00e5 stilig! Jag begriper inte att jag inte \u00e4r k\u00e4r i honom. F\u00f6r det \u00e4r jag inte. Fast det tror dom [&hellip;]","og_url":"https:\/\/www.arhammar.se\/blog\/mandag-den-23-december-1912-jag-begriper-inte-att-jag-inte-ar-kar-i-honom\/","og_site_name":"@Arhammar bokstavligen","article_published_time":"2020-02-29T21:15:04+00:00","article_modified_time":"2020-03-07T22:21:29+00:00","og_image":[{"width":640,"height":480,"url":"https:\/\/www.arhammar.se\/blog\/wp-content\/uploads\/2020\/10\/december1912.jpg","type":"image\/jpeg"}],"author":"Anders Arhammar","twitter_card":"summary_large_image","twitter_misc":{"Written by":"Anders Arhammar","Est. reading time":"1 minute"},"schema":{"@context":"https:\/\/schema.org","@graph":[{"@type":"Article","@id":"https:\/\/www.arhammar.se\/blog\/mandag-den-23-december-1912-jag-begriper-inte-att-jag-inte-ar-kar-i-honom\/#article","isPartOf":{"@id":"https:\/\/www.arhammar.se\/blog\/mandag-den-23-december-1912-jag-begriper-inte-att-jag-inte-ar-kar-i-honom\/"},"author":{"name":"Anders Arhammar","@id":"https:\/\/www.arhammar.se\/blog\/#\/schema\/person\/061984c1d884b363e2c91550f2e00d1d"},"headline":"M\u00e5ndag den 23 december 1912. Jag begriper inte att jag inte \u00e4r k\u00e4r i honom.","datePublished":"2020-02-29T21:15:04+00:00","dateModified":"2020-03-07T22:21:29+00:00","mainEntityOfPage":{"@id":"https:\/\/www.arhammar.se\/blog\/mandag-den-23-december-1912-jag-begriper-inte-att-jag-inte-ar-kar-i-honom\/"},"wordCount":183,"commentCount":0,"image":{"@id":"https:\/\/www.arhammar.se\/blog\/mandag-den-23-december-1912-jag-begriper-inte-att-jag-inte-ar-kar-i-honom\/#primaryimage"},"thumbnailUrl":"https:\/\/www.arhammar.se\/blog\/wp-content\/uploads\/2020\/10\/december1912.jpg","articleSection":["1912","mormors dagbok"],"inLanguage":"en-US","potentialAction":[{"@type":"CommentAction","name":"Comment","target":["https:\/\/www.arhammar.se\/blog\/mandag-den-23-december-1912-jag-begriper-inte-att-jag-inte-ar-kar-i-honom\/#respond"]}]},{"@type":"WebPage","@id":"https:\/\/www.arhammar.se\/blog\/mandag-den-23-december-1912-jag-begriper-inte-att-jag-inte-ar-kar-i-honom\/","url":"https:\/\/www.arhammar.se\/blog\/mandag-den-23-december-1912-jag-begriper-inte-att-jag-inte-ar-kar-i-honom\/","name":"M\u00e5ndag den 23 december 1912. Jag begriper inte att jag inte \u00e4r k\u00e4r i honom. - @Arhammar bokstavligen","isPartOf":{"@id":"https:\/\/www.arhammar.se\/blog\/#website"},"primaryImageOfPage":{"@id":"https:\/\/www.arhammar.se\/blog\/mandag-den-23-december-1912-jag-begriper-inte-att-jag-inte-ar-kar-i-honom\/#primaryimage"},"image":{"@id":"https:\/\/www.arhammar.se\/blog\/mandag-den-23-december-1912-jag-begriper-inte-att-jag-inte-ar-kar-i-honom\/#primaryimage"},"thumbnailUrl":"https:\/\/www.arhammar.se\/blog\/wp-content\/uploads\/2020\/10\/december1912.jpg","datePublished":"2020-02-29T21:15:04+00:00","dateModified":"2020-03-07T22:21:29+00:00","author":{"@id":"https:\/\/www.arhammar.se\/blog\/#\/schema\/person\/061984c1d884b363e2c91550f2e00d1d"},"breadcrumb":{"@id":"https:\/\/www.arhammar.se\/blog\/mandag-den-23-december-1912-jag-begriper-inte-att-jag-inte-ar-kar-i-honom\/#breadcrumb"},"inLanguage":"en-US","potentialAction":[{"@type":"ReadAction","target":["https:\/\/www.arhammar.se\/blog\/mandag-den-23-december-1912-jag-begriper-inte-att-jag-inte-ar-kar-i-honom\/"]}]},{"@type":"ImageObject","inLanguage":"en-US","@id":"https:\/\/www.arhammar.se\/blog\/mandag-den-23-december-1912-jag-begriper-inte-att-jag-inte-ar-kar-i-honom\/#primaryimage","url":"https:\/\/www.arhammar.se\/blog\/wp-content\/uploads\/2020\/10\/december1912.jpg","contentUrl":"https:\/\/www.arhammar.se\/blog\/wp-content\/uploads\/2020\/10\/december1912.jpg","width":640,"height":480},{"@type":"BreadcrumbList","@id":"https:\/\/www.arhammar.se\/blog\/mandag-den-23-december-1912-jag-begriper-inte-att-jag-inte-ar-kar-i-honom\/#breadcrumb","itemListElement":[{"@type":"ListItem","position":1,"name":"Home","item":"https:\/\/www.arhammar.se\/blog\/"},{"@type":"ListItem","position":2,"name":"M\u00e5ndag den 23 december 1912. Jag begriper inte att jag inte \u00e4r k\u00e4r i honom."}]},{"@type":"WebSite","@id":"https:\/\/www.arhammar.se\/blog\/#website","url":"https:\/\/www.arhammar.se\/blog\/","name":"@Arhammar bokstavligen","description":"Fr\u00e5n min penna och panna","potentialAction":[{"@type":"SearchAction","target":{"@type":"EntryPoint","urlTemplate":"https:\/\/www.arhammar.se\/blog\/?s={search_term_string}"},"query-input":{"@type":"PropertyValueSpecification","valueRequired":true,"valueName":"search_term_string"}}],"inLanguage":"en-US"},{"@type":"Person","@id":"https:\/\/www.arhammar.se\/blog\/#\/schema\/person\/061984c1d884b363e2c91550f2e00d1d","name":"Anders Arhammar","image":{"@type":"ImageObject","inLanguage":"en-US","@id":"https:\/\/secure.gravatar.com\/avatar\/784b5b36cfe145ae19a52340f405285a939bcc08d4a21136b3a81f9e378ffae0?s=96&d=mm&r=g","url":"https:\/\/secure.gravatar.com\/avatar\/784b5b36cfe145ae19a52340f405285a939bcc08d4a21136b3a81f9e378ffae0?s=96&d=mm&r=g","contentUrl":"https:\/\/secure.gravatar.com\/avatar\/784b5b36cfe145ae19a52340f405285a939bcc08d4a21136b3a81f9e378ffae0?s=96&d=mm&r=g","caption":"Anders Arhammar"},"url":"https:\/\/www.arhammar.se\/blog\/author\/anders\/"}]}},"_links":{"self":[{"href":"https:\/\/www.arhammar.se\/blog\/wp-json\/wp\/v2\/posts\/26444","targetHints":{"allow":["GET"]}}],"collection":[{"href":"https:\/\/www.arhammar.se\/blog\/wp-json\/wp\/v2\/posts"}],"about":[{"href":"https:\/\/www.arhammar.se\/blog\/wp-json\/wp\/v2\/types\/post"}],"author":[{"embeddable":true,"href":"https:\/\/www.arhammar.se\/blog\/wp-json\/wp\/v2\/users\/2"}],"replies":[{"embeddable":true,"href":"https:\/\/www.arhammar.se\/blog\/wp-json\/wp\/v2\/comments?post=26444"}],"version-history":[{"count":2,"href":"https:\/\/www.arhammar.se\/blog\/wp-json\/wp\/v2\/posts\/26444\/revisions"}],"predecessor-version":[{"id":26806,"href":"https:\/\/www.arhammar.se\/blog\/wp-json\/wp\/v2\/posts\/26444\/revisions\/26806"}],"wp:featuredmedia":[{"embeddable":true,"href":"https:\/\/www.arhammar.se\/blog\/wp-json\/wp\/v2\/media\/26205"}],"wp:attachment":[{"href":"https:\/\/www.arhammar.se\/blog\/wp-json\/wp\/v2\/media?parent=26444"}],"wp:term":[{"taxonomy":"category","embeddable":true,"href":"https:\/\/www.arhammar.se\/blog\/wp-json\/wp\/v2\/categories?post=26444"},{"taxonomy":"post_tag","embeddable":true,"href":"https:\/\/www.arhammar.se\/blog\/wp-json\/wp\/v2\/tags?post=26444"}],"curies":[{"name":"wp","href":"https:\/\/api.w.org\/{rel}","templated":true}]}}