{"id":26443,"date":"2020-02-29T22:14:29","date_gmt":"2020-02-29T21:14:29","guid":{"rendered":"https:\/\/www.arhammar.se\/blog\/?p=26443"},"modified":"2020-03-07T23:20:06","modified_gmt":"2020-03-07T22:20:06","slug":"mandag-den-16-december-1912-behover-du-inte-bry-dig-om","status":"publish","type":"post","link":"https:\/\/www.arhammar.se\/blog\/mandag-den-16-december-1912-behover-du-inte-bry-dig-om\/","title":{"rendered":"M\u00e5ndag den 16 december 1912. &#8220;Beh\u00f6ver du inte bry dig om&#8221;."},"content":{"rendered":"<p>T\u00e4nk, endast en vecka kvar till julafton! Jag undrar hur julen skall bli i \u00e5r. Egentligen har jag en hel massa att skriva om men vet inte var jag skall b\u00f6rja. I s\u00f6ndags var Bertil h\u00e4r, blev allm\u00e4nt omtyckt, tyckte om alla. v\u00e4ldigt trevligt. I m\u00e5ndags \u00e5tta dar var Naemi och jag hos Ljungstr\u00f6ms p\u00e5 sup\u00e9 med dans. Det var Folkes f\u00f6delsedag och mycket trevligt. Vi kommo inte upp f\u00f6rr\u00e4n halv tv\u00e5. <\/p>\n<p>I s\u00f6ndags hade vi julfest i skolk\u00f6ket. Mycket roligt. Vi hade gr\u00f6t, fisk och julklappar. Jag fick en korkskruv, (f\u00f6r att det skulle bli symmetri). Alla fick v\u00e4ldigt bra julklappar. S\u00e5 dansade vi 2 timmars tid. Gick inte f\u00f6rr\u00e4n klockan 12. Tora och jag togo bil hem. N\u00e4r jag stod utanf\u00f6r h\u00e4r och betalade, kom G\u00f6sta. han s\u00e5g mycket f\u00f6rv\u00e5nad ut och fr\u00e5gade var jag hade varit. &#8220;Beh\u00f6ver du inte bry dig om&#8221;, sade jag f\u00f6r att retas med honom. Hela november och december har det regnat oavbrutet och stormat &#8220;hiskligt&#8221; ibland. Men idag \u00e4r det vackert v\u00e4der. Hoppas det h\u00e5ller i sig.<\/p>\n<!-- AddThis Advanced Settings generic via filter on the_content --><!-- AddThis Share Buttons generic via filter on the_content -->","protected":false},"excerpt":{"rendered":"<p>T\u00e4nk, endast en vecka kvar till julafton! Jag undrar hur julen skall bli i \u00e5r. Egentligen har jag en hel massa att skriva om men vet inte var jag skall b\u00f6rja. I s\u00f6ndags var Bertil h\u00e4r, blev allm\u00e4nt omtyckt, tyckte om alla. v\u00e4ldigt trevligt. I m\u00e5ndags \u00e5tta dar var Naemi och jag hos Ljungstr\u00f6ms p\u00e5 [&hellip;]<!-- AddThis Advanced Settings generic via filter on wp_trim_excerpt --><!-- AddThis Share Buttons generic via filter on wp_trim_excerpt --><\/p>\n","protected":false},"author":2,"featured_media":26205,"comment_status":"open","ping_status":"open","sticky":false,"template":"","format":"standard","meta":{"footnotes":""},"categories":[3437,3425],"tags":[],"class_list":["post-26443","post","type-post","status-publish","format-standard","has-post-thumbnail","hentry","category-3437","category-mormors-dagbok"],"yoast_head":"<!-- This site is optimized with the Yoast SEO plugin v27.4 - https:\/\/yoast.com\/product\/yoast-seo-wordpress\/ -->\n<title>M\u00e5ndag den 16 december 1912. &quot;Beh\u00f6ver du inte bry dig om&quot;. - @Arhammar bokstavligen<\/title>\n<meta name=\"robots\" content=\"index, follow, max-snippet:-1, max-image-preview:large, max-video-preview:-1\" \/>\n<link rel=\"canonical\" href=\"https:\/\/www.arhammar.se\/blog\/mandag-den-16-december-1912-behover-du-inte-bry-dig-om\/\" \/>\n<meta property=\"og:locale\" content=\"en_US\" \/>\n<meta property=\"og:type\" content=\"article\" \/>\n<meta property=\"og:title\" content=\"M\u00e5ndag den 16 december 1912. &quot;Beh\u00f6ver du inte bry dig om&quot;. - @Arhammar bokstavligen\" \/>\n<meta property=\"og:description\" content=\"T\u00e4nk, endast en vecka kvar till julafton! Jag undrar hur julen skall bli i \u00e5r. Egentligen har jag en hel massa att skriva om men vet inte var jag skall b\u00f6rja. I s\u00f6ndags var Bertil h\u00e4r, blev allm\u00e4nt omtyckt, tyckte om alla. v\u00e4ldigt trevligt. I m\u00e5ndags \u00e5tta dar var Naemi och jag hos Ljungstr\u00f6ms p\u00e5 [&hellip;]\" \/>\n<meta property=\"og:url\" content=\"https:\/\/www.arhammar.se\/blog\/mandag-den-16-december-1912-behover-du-inte-bry-dig-om\/\" \/>\n<meta property=\"og:site_name\" content=\"@Arhammar bokstavligen\" \/>\n<meta property=\"article:published_time\" content=\"2020-02-29T21:14:29+00:00\" \/>\n<meta property=\"article:modified_time\" content=\"2020-03-07T22:20:06+00:00\" \/>\n<meta property=\"og:image\" content=\"https:\/\/www.arhammar.se\/blog\/wp-content\/uploads\/2020\/10\/december1912.jpg\" \/>\n\t<meta property=\"og:image:width\" content=\"640\" \/>\n\t<meta property=\"og:image:height\" content=\"480\" \/>\n\t<meta property=\"og:image:type\" content=\"image\/jpeg\" \/>\n<meta name=\"author\" content=\"Anders Arhammar\" \/>\n<meta name=\"twitter:card\" content=\"summary_large_image\" \/>\n<meta name=\"twitter:label1\" content=\"Written by\" \/>\n\t<meta name=\"twitter:data1\" content=\"Anders Arhammar\" \/>\n\t<meta name=\"twitter:label2\" content=\"Est. reading time\" \/>\n\t<meta name=\"twitter:data2\" content=\"1 minute\" \/>\n<script type=\"application\/ld+json\" class=\"yoast-schema-graph\">{\"@context\":\"https:\\\/\\\/schema.org\",\"@graph\":[{\"@type\":\"Article\",\"@id\":\"https:\\\/\\\/www.arhammar.se\\\/blog\\\/mandag-den-16-december-1912-behover-du-inte-bry-dig-om\\\/#article\",\"isPartOf\":{\"@id\":\"https:\\\/\\\/www.arhammar.se\\\/blog\\\/mandag-den-16-december-1912-behover-du-inte-bry-dig-om\\\/\"},\"author\":{\"name\":\"Anders Arhammar\",\"@id\":\"https:\\\/\\\/www.arhammar.se\\\/blog\\\/#\\\/schema\\\/person\\\/061984c1d884b363e2c91550f2e00d1d\"},\"headline\":\"M\u00e5ndag den 16 december 1912. &#8220;Beh\u00f6ver du inte bry dig om&#8221;.\",\"datePublished\":\"2020-02-29T21:14:29+00:00\",\"dateModified\":\"2020-03-07T22:20:06+00:00\",\"mainEntityOfPage\":{\"@id\":\"https:\\\/\\\/www.arhammar.se\\\/blog\\\/mandag-den-16-december-1912-behover-du-inte-bry-dig-om\\\/\"},\"wordCount\":214,\"commentCount\":0,\"image\":{\"@id\":\"https:\\\/\\\/www.arhammar.se\\\/blog\\\/mandag-den-16-december-1912-behover-du-inte-bry-dig-om\\\/#primaryimage\"},\"thumbnailUrl\":\"https:\\\/\\\/www.arhammar.se\\\/blog\\\/wp-content\\\/uploads\\\/2020\\\/10\\\/december1912.jpg\",\"articleSection\":[\"1912\",\"mormors dagbok\"],\"inLanguage\":\"en-US\",\"potentialAction\":[{\"@type\":\"CommentAction\",\"name\":\"Comment\",\"target\":[\"https:\\\/\\\/www.arhammar.se\\\/blog\\\/mandag-den-16-december-1912-behover-du-inte-bry-dig-om\\\/#respond\"]}]},{\"@type\":\"WebPage\",\"@id\":\"https:\\\/\\\/www.arhammar.se\\\/blog\\\/mandag-den-16-december-1912-behover-du-inte-bry-dig-om\\\/\",\"url\":\"https:\\\/\\\/www.arhammar.se\\\/blog\\\/mandag-den-16-december-1912-behover-du-inte-bry-dig-om\\\/\",\"name\":\"M\u00e5ndag den 16 december 1912. \\\"Beh\u00f6ver du inte bry dig om\\\". - @Arhammar bokstavligen\",\"isPartOf\":{\"@id\":\"https:\\\/\\\/www.arhammar.se\\\/blog\\\/#website\"},\"primaryImageOfPage\":{\"@id\":\"https:\\\/\\\/www.arhammar.se\\\/blog\\\/mandag-den-16-december-1912-behover-du-inte-bry-dig-om\\\/#primaryimage\"},\"image\":{\"@id\":\"https:\\\/\\\/www.arhammar.se\\\/blog\\\/mandag-den-16-december-1912-behover-du-inte-bry-dig-om\\\/#primaryimage\"},\"thumbnailUrl\":\"https:\\\/\\\/www.arhammar.se\\\/blog\\\/wp-content\\\/uploads\\\/2020\\\/10\\\/december1912.jpg\",\"datePublished\":\"2020-02-29T21:14:29+00:00\",\"dateModified\":\"2020-03-07T22:20:06+00:00\",\"author\":{\"@id\":\"https:\\\/\\\/www.arhammar.se\\\/blog\\\/#\\\/schema\\\/person\\\/061984c1d884b363e2c91550f2e00d1d\"},\"breadcrumb\":{\"@id\":\"https:\\\/\\\/www.arhammar.se\\\/blog\\\/mandag-den-16-december-1912-behover-du-inte-bry-dig-om\\\/#breadcrumb\"},\"inLanguage\":\"en-US\",\"potentialAction\":[{\"@type\":\"ReadAction\",\"target\":[\"https:\\\/\\\/www.arhammar.se\\\/blog\\\/mandag-den-16-december-1912-behover-du-inte-bry-dig-om\\\/\"]}]},{\"@type\":\"ImageObject\",\"inLanguage\":\"en-US\",\"@id\":\"https:\\\/\\\/www.arhammar.se\\\/blog\\\/mandag-den-16-december-1912-behover-du-inte-bry-dig-om\\\/#primaryimage\",\"url\":\"https:\\\/\\\/www.arhammar.se\\\/blog\\\/wp-content\\\/uploads\\\/2020\\\/10\\\/december1912.jpg\",\"contentUrl\":\"https:\\\/\\\/www.arhammar.se\\\/blog\\\/wp-content\\\/uploads\\\/2020\\\/10\\\/december1912.jpg\",\"width\":640,\"height\":480},{\"@type\":\"BreadcrumbList\",\"@id\":\"https:\\\/\\\/www.arhammar.se\\\/blog\\\/mandag-den-16-december-1912-behover-du-inte-bry-dig-om\\\/#breadcrumb\",\"itemListElement\":[{\"@type\":\"ListItem\",\"position\":1,\"name\":\"Home\",\"item\":\"https:\\\/\\\/www.arhammar.se\\\/blog\\\/\"},{\"@type\":\"ListItem\",\"position\":2,\"name\":\"M\u00e5ndag den 16 december 1912. &#8220;Beh\u00f6ver du inte bry dig om&#8221;.\"}]},{\"@type\":\"WebSite\",\"@id\":\"https:\\\/\\\/www.arhammar.se\\\/blog\\\/#website\",\"url\":\"https:\\\/\\\/www.arhammar.se\\\/blog\\\/\",\"name\":\"@Arhammar bokstavligen\",\"description\":\"Fr\u00e5n min penna och panna\",\"potentialAction\":[{\"@type\":\"SearchAction\",\"target\":{\"@type\":\"EntryPoint\",\"urlTemplate\":\"https:\\\/\\\/www.arhammar.se\\\/blog\\\/?s={search_term_string}\"},\"query-input\":{\"@type\":\"PropertyValueSpecification\",\"valueRequired\":true,\"valueName\":\"search_term_string\"}}],\"inLanguage\":\"en-US\"},{\"@type\":\"Person\",\"@id\":\"https:\\\/\\\/www.arhammar.se\\\/blog\\\/#\\\/schema\\\/person\\\/061984c1d884b363e2c91550f2e00d1d\",\"name\":\"Anders Arhammar\",\"image\":{\"@type\":\"ImageObject\",\"inLanguage\":\"en-US\",\"@id\":\"https:\\\/\\\/secure.gravatar.com\\\/avatar\\\/784b5b36cfe145ae19a52340f405285a939bcc08d4a21136b3a81f9e378ffae0?s=96&d=mm&r=g\",\"url\":\"https:\\\/\\\/secure.gravatar.com\\\/avatar\\\/784b5b36cfe145ae19a52340f405285a939bcc08d4a21136b3a81f9e378ffae0?s=96&d=mm&r=g\",\"contentUrl\":\"https:\\\/\\\/secure.gravatar.com\\\/avatar\\\/784b5b36cfe145ae19a52340f405285a939bcc08d4a21136b3a81f9e378ffae0?s=96&d=mm&r=g\",\"caption\":\"Anders Arhammar\"},\"url\":\"https:\\\/\\\/www.arhammar.se\\\/blog\\\/author\\\/anders\\\/\"}]}<\/script>\n<!-- \/ Yoast SEO plugin. -->","yoast_head_json":{"title":"M\u00e5ndag den 16 december 1912. \"Beh\u00f6ver du inte bry dig om\". - @Arhammar bokstavligen","robots":{"index":"index","follow":"follow","max-snippet":"max-snippet:-1","max-image-preview":"max-image-preview:large","max-video-preview":"max-video-preview:-1"},"canonical":"https:\/\/www.arhammar.se\/blog\/mandag-den-16-december-1912-behover-du-inte-bry-dig-om\/","og_locale":"en_US","og_type":"article","og_title":"M\u00e5ndag den 16 december 1912. \"Beh\u00f6ver du inte bry dig om\". - @Arhammar bokstavligen","og_description":"T\u00e4nk, endast en vecka kvar till julafton! Jag undrar hur julen skall bli i \u00e5r. Egentligen har jag en hel massa att skriva om men vet inte var jag skall b\u00f6rja. I s\u00f6ndags var Bertil h\u00e4r, blev allm\u00e4nt omtyckt, tyckte om alla. v\u00e4ldigt trevligt. I m\u00e5ndags \u00e5tta dar var Naemi och jag hos Ljungstr\u00f6ms p\u00e5 [&hellip;]","og_url":"https:\/\/www.arhammar.se\/blog\/mandag-den-16-december-1912-behover-du-inte-bry-dig-om\/","og_site_name":"@Arhammar bokstavligen","article_published_time":"2020-02-29T21:14:29+00:00","article_modified_time":"2020-03-07T22:20:06+00:00","og_image":[{"width":640,"height":480,"url":"https:\/\/www.arhammar.se\/blog\/wp-content\/uploads\/2020\/10\/december1912.jpg","type":"image\/jpeg"}],"author":"Anders Arhammar","twitter_card":"summary_large_image","twitter_misc":{"Written by":"Anders Arhammar","Est. reading time":"1 minute"},"schema":{"@context":"https:\/\/schema.org","@graph":[{"@type":"Article","@id":"https:\/\/www.arhammar.se\/blog\/mandag-den-16-december-1912-behover-du-inte-bry-dig-om\/#article","isPartOf":{"@id":"https:\/\/www.arhammar.se\/blog\/mandag-den-16-december-1912-behover-du-inte-bry-dig-om\/"},"author":{"name":"Anders Arhammar","@id":"https:\/\/www.arhammar.se\/blog\/#\/schema\/person\/061984c1d884b363e2c91550f2e00d1d"},"headline":"M\u00e5ndag den 16 december 1912. &#8220;Beh\u00f6ver du inte bry dig om&#8221;.","datePublished":"2020-02-29T21:14:29+00:00","dateModified":"2020-03-07T22:20:06+00:00","mainEntityOfPage":{"@id":"https:\/\/www.arhammar.se\/blog\/mandag-den-16-december-1912-behover-du-inte-bry-dig-om\/"},"wordCount":214,"commentCount":0,"image":{"@id":"https:\/\/www.arhammar.se\/blog\/mandag-den-16-december-1912-behover-du-inte-bry-dig-om\/#primaryimage"},"thumbnailUrl":"https:\/\/www.arhammar.se\/blog\/wp-content\/uploads\/2020\/10\/december1912.jpg","articleSection":["1912","mormors dagbok"],"inLanguage":"en-US","potentialAction":[{"@type":"CommentAction","name":"Comment","target":["https:\/\/www.arhammar.se\/blog\/mandag-den-16-december-1912-behover-du-inte-bry-dig-om\/#respond"]}]},{"@type":"WebPage","@id":"https:\/\/www.arhammar.se\/blog\/mandag-den-16-december-1912-behover-du-inte-bry-dig-om\/","url":"https:\/\/www.arhammar.se\/blog\/mandag-den-16-december-1912-behover-du-inte-bry-dig-om\/","name":"M\u00e5ndag den 16 december 1912. \"Beh\u00f6ver du inte bry dig om\". - @Arhammar bokstavligen","isPartOf":{"@id":"https:\/\/www.arhammar.se\/blog\/#website"},"primaryImageOfPage":{"@id":"https:\/\/www.arhammar.se\/blog\/mandag-den-16-december-1912-behover-du-inte-bry-dig-om\/#primaryimage"},"image":{"@id":"https:\/\/www.arhammar.se\/blog\/mandag-den-16-december-1912-behover-du-inte-bry-dig-om\/#primaryimage"},"thumbnailUrl":"https:\/\/www.arhammar.se\/blog\/wp-content\/uploads\/2020\/10\/december1912.jpg","datePublished":"2020-02-29T21:14:29+00:00","dateModified":"2020-03-07T22:20:06+00:00","author":{"@id":"https:\/\/www.arhammar.se\/blog\/#\/schema\/person\/061984c1d884b363e2c91550f2e00d1d"},"breadcrumb":{"@id":"https:\/\/www.arhammar.se\/blog\/mandag-den-16-december-1912-behover-du-inte-bry-dig-om\/#breadcrumb"},"inLanguage":"en-US","potentialAction":[{"@type":"ReadAction","target":["https:\/\/www.arhammar.se\/blog\/mandag-den-16-december-1912-behover-du-inte-bry-dig-om\/"]}]},{"@type":"ImageObject","inLanguage":"en-US","@id":"https:\/\/www.arhammar.se\/blog\/mandag-den-16-december-1912-behover-du-inte-bry-dig-om\/#primaryimage","url":"https:\/\/www.arhammar.se\/blog\/wp-content\/uploads\/2020\/10\/december1912.jpg","contentUrl":"https:\/\/www.arhammar.se\/blog\/wp-content\/uploads\/2020\/10\/december1912.jpg","width":640,"height":480},{"@type":"BreadcrumbList","@id":"https:\/\/www.arhammar.se\/blog\/mandag-den-16-december-1912-behover-du-inte-bry-dig-om\/#breadcrumb","itemListElement":[{"@type":"ListItem","position":1,"name":"Home","item":"https:\/\/www.arhammar.se\/blog\/"},{"@type":"ListItem","position":2,"name":"M\u00e5ndag den 16 december 1912. &#8220;Beh\u00f6ver du inte bry dig om&#8221;."}]},{"@type":"WebSite","@id":"https:\/\/www.arhammar.se\/blog\/#website","url":"https:\/\/www.arhammar.se\/blog\/","name":"@Arhammar bokstavligen","description":"Fr\u00e5n min penna och panna","potentialAction":[{"@type":"SearchAction","target":{"@type":"EntryPoint","urlTemplate":"https:\/\/www.arhammar.se\/blog\/?s={search_term_string}"},"query-input":{"@type":"PropertyValueSpecification","valueRequired":true,"valueName":"search_term_string"}}],"inLanguage":"en-US"},{"@type":"Person","@id":"https:\/\/www.arhammar.se\/blog\/#\/schema\/person\/061984c1d884b363e2c91550f2e00d1d","name":"Anders Arhammar","image":{"@type":"ImageObject","inLanguage":"en-US","@id":"https:\/\/secure.gravatar.com\/avatar\/784b5b36cfe145ae19a52340f405285a939bcc08d4a21136b3a81f9e378ffae0?s=96&d=mm&r=g","url":"https:\/\/secure.gravatar.com\/avatar\/784b5b36cfe145ae19a52340f405285a939bcc08d4a21136b3a81f9e378ffae0?s=96&d=mm&r=g","contentUrl":"https:\/\/secure.gravatar.com\/avatar\/784b5b36cfe145ae19a52340f405285a939bcc08d4a21136b3a81f9e378ffae0?s=96&d=mm&r=g","caption":"Anders Arhammar"},"url":"https:\/\/www.arhammar.se\/blog\/author\/anders\/"}]}},"_links":{"self":[{"href":"https:\/\/www.arhammar.se\/blog\/wp-json\/wp\/v2\/posts\/26443","targetHints":{"allow":["GET"]}}],"collection":[{"href":"https:\/\/www.arhammar.se\/blog\/wp-json\/wp\/v2\/posts"}],"about":[{"href":"https:\/\/www.arhammar.se\/blog\/wp-json\/wp\/v2\/types\/post"}],"author":[{"embeddable":true,"href":"https:\/\/www.arhammar.se\/blog\/wp-json\/wp\/v2\/users\/2"}],"replies":[{"embeddable":true,"href":"https:\/\/www.arhammar.se\/blog\/wp-json\/wp\/v2\/comments?post=26443"}],"version-history":[{"count":2,"href":"https:\/\/www.arhammar.se\/blog\/wp-json\/wp\/v2\/posts\/26443\/revisions"}],"predecessor-version":[{"id":26805,"href":"https:\/\/www.arhammar.se\/blog\/wp-json\/wp\/v2\/posts\/26443\/revisions\/26805"}],"wp:featuredmedia":[{"embeddable":true,"href":"https:\/\/www.arhammar.se\/blog\/wp-json\/wp\/v2\/media\/26205"}],"wp:attachment":[{"href":"https:\/\/www.arhammar.se\/blog\/wp-json\/wp\/v2\/media?parent=26443"}],"wp:term":[{"taxonomy":"category","embeddable":true,"href":"https:\/\/www.arhammar.se\/blog\/wp-json\/wp\/v2\/categories?post=26443"},{"taxonomy":"post_tag","embeddable":true,"href":"https:\/\/www.arhammar.se\/blog\/wp-json\/wp\/v2\/tags?post=26443"}],"curies":[{"name":"wp","href":"https:\/\/api.w.org\/{rel}","templated":true}]}}