{"id":26432,"date":"2020-02-28T22:19:46","date_gmt":"2020-02-28T21:19:46","guid":{"rendered":"https:\/\/www.arhammar.se\/blog\/?p=26432"},"modified":"2020-03-07T23:11:07","modified_gmt":"2020-03-07T22:11:07","slug":"mandag-den-18-november-1912-ack-den-harliga-sommaren-1912","status":"publish","type":"post","link":"https:\/\/www.arhammar.se\/blog\/mandag-den-18-november-1912-ack-den-harliga-sommaren-1912\/","title":{"rendered":"M\u00e5ndag den 18 november 1912. Ack, den h\u00e4rliga sommaren 1912!"},"content":{"rendered":"<p>Jag kan inte begripa vart tiden tar v\u00e4gen. Den f\u00f6rsvinner ju som en blixt. Jag tycker att det var som ig\u00e5r d\u00e5 vi reste fr\u00e5n V\u00e4rmland. Och d\u00e5 \u00e4r det snart 3 m\u00e5nader sedan. Ack, den h\u00e4rliga sommaren 1912! Men vartill tj\u00e4nar v\u00e4l sommarutgjutelser mitt i detta gr\u00e5a Novemberslask. Tyv\u00e4rr till intet! <\/p>\n<p>I f\u00f6rra veckan var A.L. och jag och s\u00e5g &#8220;Prinsen av Burgund&#8221;. Den var s\u00f6t. S\u00e4rskilt andra akten var f\u00f6rtjusande. Men jag gjorde den nedsl\u00e5ende uppt\u00e4ckten att l\u00f6jtnant Lindstr\u00f6m hade uppstoppade ben! Han sj\u00f6nk betydligt i mina \u00f6gon. Idag har jag f\u00e5tt ett l\u00e5ngt bussigt brev fr\u00e5n Greta. Hon trivs utm\u00e4rkt d\u00e4r uppe. Jag brevv\u00e4xlar nuf\u00f6rtiden med Greta, Gunnar I. och Eva. De tv\u00e5 f\u00f6rstn\u00e4mnda \u00e4r det roligt att skriva till och f\u00e5 brev fr\u00e5n. Kan ej p\u00e5st\u00e5 det om den sista. N\u00e4, adj\u00f6. F\u00e5r se hur l\u00e4nge boken f\u00e5r ligga innan jag n\u00e4sta g\u00e5ng \u00f6ppnar den.<\/p>\n<!-- AddThis Advanced Settings generic via filter on the_content --><!-- AddThis Share Buttons generic via filter on the_content -->","protected":false},"excerpt":{"rendered":"<p>Jag kan inte begripa vart tiden tar v\u00e4gen. Den f\u00f6rsvinner ju som en blixt. Jag tycker att det var som ig\u00e5r d\u00e5 vi reste fr\u00e5n V\u00e4rmland. Och d\u00e5 \u00e4r det snart 3 m\u00e5nader sedan. Ack, den h\u00e4rliga sommaren 1912! Men vartill tj\u00e4nar v\u00e4l sommarutgjutelser mitt i detta gr\u00e5a Novemberslask. Tyv\u00e4rr till intet! I f\u00f6rra veckan [&hellip;]<!-- AddThis Advanced Settings generic via filter on wp_trim_excerpt --><!-- AddThis Share Buttons generic via filter on wp_trim_excerpt --><\/p>\n","protected":false},"author":2,"featured_media":26238,"comment_status":"open","ping_status":"open","sticky":false,"template":"","format":"standard","meta":{"footnotes":""},"categories":[3437,3425],"tags":[],"class_list":["post-26432","post","type-post","status-publish","format-standard","has-post-thumbnail","hentry","category-3437","category-mormors-dagbok"],"yoast_head":"<!-- This site is optimized with the Yoast SEO plugin v27.4 - https:\/\/yoast.com\/product\/yoast-seo-wordpress\/ -->\n<title>M\u00e5ndag den 18 november 1912. Ack, den h\u00e4rliga sommaren 1912! - @Arhammar bokstavligen<\/title>\n<meta name=\"robots\" content=\"index, follow, max-snippet:-1, max-image-preview:large, max-video-preview:-1\" \/>\n<link rel=\"canonical\" href=\"https:\/\/www.arhammar.se\/blog\/mandag-den-18-november-1912-ack-den-harliga-sommaren-1912\/\" \/>\n<meta property=\"og:locale\" content=\"en_US\" \/>\n<meta property=\"og:type\" content=\"article\" \/>\n<meta property=\"og:title\" content=\"M\u00e5ndag den 18 november 1912. Ack, den h\u00e4rliga sommaren 1912! - @Arhammar bokstavligen\" \/>\n<meta property=\"og:description\" content=\"Jag kan inte begripa vart tiden tar v\u00e4gen. Den f\u00f6rsvinner ju som en blixt. Jag tycker att det var som ig\u00e5r d\u00e5 vi reste fr\u00e5n V\u00e4rmland. Och d\u00e5 \u00e4r det snart 3 m\u00e5nader sedan. Ack, den h\u00e4rliga sommaren 1912! Men vartill tj\u00e4nar v\u00e4l sommarutgjutelser mitt i detta gr\u00e5a Novemberslask. Tyv\u00e4rr till intet! I f\u00f6rra veckan [&hellip;]\" \/>\n<meta property=\"og:url\" content=\"https:\/\/www.arhammar.se\/blog\/mandag-den-18-november-1912-ack-den-harliga-sommaren-1912\/\" \/>\n<meta property=\"og:site_name\" content=\"@Arhammar bokstavligen\" \/>\n<meta property=\"article:published_time\" content=\"2020-02-28T21:19:46+00:00\" \/>\n<meta property=\"article:modified_time\" content=\"2020-03-07T22:11:07+00:00\" \/>\n<meta property=\"og:image\" content=\"https:\/\/www.arhammar.se\/blog\/wp-content\/uploads\/2020\/10\/november1912.jpg\" \/>\n\t<meta property=\"og:image:width\" content=\"640\" \/>\n\t<meta property=\"og:image:height\" content=\"480\" \/>\n\t<meta property=\"og:image:type\" content=\"image\/jpeg\" \/>\n<meta name=\"author\" content=\"Anders Arhammar\" \/>\n<meta name=\"twitter:card\" content=\"summary_large_image\" \/>\n<meta name=\"twitter:label1\" content=\"Written by\" \/>\n\t<meta name=\"twitter:data1\" content=\"Anders Arhammar\" \/>\n\t<meta name=\"twitter:label2\" content=\"Est. reading time\" \/>\n\t<meta name=\"twitter:data2\" content=\"1 minute\" \/>\n<script type=\"application\/ld+json\" class=\"yoast-schema-graph\">{\"@context\":\"https:\\\/\\\/schema.org\",\"@graph\":[{\"@type\":\"Article\",\"@id\":\"https:\\\/\\\/www.arhammar.se\\\/blog\\\/mandag-den-18-november-1912-ack-den-harliga-sommaren-1912\\\/#article\",\"isPartOf\":{\"@id\":\"https:\\\/\\\/www.arhammar.se\\\/blog\\\/mandag-den-18-november-1912-ack-den-harliga-sommaren-1912\\\/\"},\"author\":{\"name\":\"Anders Arhammar\",\"@id\":\"https:\\\/\\\/www.arhammar.se\\\/blog\\\/#\\\/schema\\\/person\\\/061984c1d884b363e2c91550f2e00d1d\"},\"headline\":\"M\u00e5ndag den 18 november 1912. Ack, den h\u00e4rliga sommaren 1912!\",\"datePublished\":\"2020-02-28T21:19:46+00:00\",\"dateModified\":\"2020-03-07T22:11:07+00:00\",\"mainEntityOfPage\":{\"@id\":\"https:\\\/\\\/www.arhammar.se\\\/blog\\\/mandag-den-18-november-1912-ack-den-harliga-sommaren-1912\\\/\"},\"wordCount\":194,\"commentCount\":0,\"image\":{\"@id\":\"https:\\\/\\\/www.arhammar.se\\\/blog\\\/mandag-den-18-november-1912-ack-den-harliga-sommaren-1912\\\/#primaryimage\"},\"thumbnailUrl\":\"https:\\\/\\\/www.arhammar.se\\\/blog\\\/wp-content\\\/uploads\\\/2020\\\/10\\\/november1912.jpg\",\"articleSection\":[\"1912\",\"mormors dagbok\"],\"inLanguage\":\"en-US\",\"potentialAction\":[{\"@type\":\"CommentAction\",\"name\":\"Comment\",\"target\":[\"https:\\\/\\\/www.arhammar.se\\\/blog\\\/mandag-den-18-november-1912-ack-den-harliga-sommaren-1912\\\/#respond\"]}]},{\"@type\":\"WebPage\",\"@id\":\"https:\\\/\\\/www.arhammar.se\\\/blog\\\/mandag-den-18-november-1912-ack-den-harliga-sommaren-1912\\\/\",\"url\":\"https:\\\/\\\/www.arhammar.se\\\/blog\\\/mandag-den-18-november-1912-ack-den-harliga-sommaren-1912\\\/\",\"name\":\"M\u00e5ndag den 18 november 1912. Ack, den h\u00e4rliga sommaren 1912! - @Arhammar bokstavligen\",\"isPartOf\":{\"@id\":\"https:\\\/\\\/www.arhammar.se\\\/blog\\\/#website\"},\"primaryImageOfPage\":{\"@id\":\"https:\\\/\\\/www.arhammar.se\\\/blog\\\/mandag-den-18-november-1912-ack-den-harliga-sommaren-1912\\\/#primaryimage\"},\"image\":{\"@id\":\"https:\\\/\\\/www.arhammar.se\\\/blog\\\/mandag-den-18-november-1912-ack-den-harliga-sommaren-1912\\\/#primaryimage\"},\"thumbnailUrl\":\"https:\\\/\\\/www.arhammar.se\\\/blog\\\/wp-content\\\/uploads\\\/2020\\\/10\\\/november1912.jpg\",\"datePublished\":\"2020-02-28T21:19:46+00:00\",\"dateModified\":\"2020-03-07T22:11:07+00:00\",\"author\":{\"@id\":\"https:\\\/\\\/www.arhammar.se\\\/blog\\\/#\\\/schema\\\/person\\\/061984c1d884b363e2c91550f2e00d1d\"},\"breadcrumb\":{\"@id\":\"https:\\\/\\\/www.arhammar.se\\\/blog\\\/mandag-den-18-november-1912-ack-den-harliga-sommaren-1912\\\/#breadcrumb\"},\"inLanguage\":\"en-US\",\"potentialAction\":[{\"@type\":\"ReadAction\",\"target\":[\"https:\\\/\\\/www.arhammar.se\\\/blog\\\/mandag-den-18-november-1912-ack-den-harliga-sommaren-1912\\\/\"]}]},{\"@type\":\"ImageObject\",\"inLanguage\":\"en-US\",\"@id\":\"https:\\\/\\\/www.arhammar.se\\\/blog\\\/mandag-den-18-november-1912-ack-den-harliga-sommaren-1912\\\/#primaryimage\",\"url\":\"https:\\\/\\\/www.arhammar.se\\\/blog\\\/wp-content\\\/uploads\\\/2020\\\/10\\\/november1912.jpg\",\"contentUrl\":\"https:\\\/\\\/www.arhammar.se\\\/blog\\\/wp-content\\\/uploads\\\/2020\\\/10\\\/november1912.jpg\",\"width\":640,\"height\":480},{\"@type\":\"BreadcrumbList\",\"@id\":\"https:\\\/\\\/www.arhammar.se\\\/blog\\\/mandag-den-18-november-1912-ack-den-harliga-sommaren-1912\\\/#breadcrumb\",\"itemListElement\":[{\"@type\":\"ListItem\",\"position\":1,\"name\":\"Home\",\"item\":\"https:\\\/\\\/www.arhammar.se\\\/blog\\\/\"},{\"@type\":\"ListItem\",\"position\":2,\"name\":\"M\u00e5ndag den 18 november 1912. Ack, den h\u00e4rliga sommaren 1912!\"}]},{\"@type\":\"WebSite\",\"@id\":\"https:\\\/\\\/www.arhammar.se\\\/blog\\\/#website\",\"url\":\"https:\\\/\\\/www.arhammar.se\\\/blog\\\/\",\"name\":\"@Arhammar bokstavligen\",\"description\":\"Fr\u00e5n min penna och panna\",\"potentialAction\":[{\"@type\":\"SearchAction\",\"target\":{\"@type\":\"EntryPoint\",\"urlTemplate\":\"https:\\\/\\\/www.arhammar.se\\\/blog\\\/?s={search_term_string}\"},\"query-input\":{\"@type\":\"PropertyValueSpecification\",\"valueRequired\":true,\"valueName\":\"search_term_string\"}}],\"inLanguage\":\"en-US\"},{\"@type\":\"Person\",\"@id\":\"https:\\\/\\\/www.arhammar.se\\\/blog\\\/#\\\/schema\\\/person\\\/061984c1d884b363e2c91550f2e00d1d\",\"name\":\"Anders Arhammar\",\"image\":{\"@type\":\"ImageObject\",\"inLanguage\":\"en-US\",\"@id\":\"https:\\\/\\\/secure.gravatar.com\\\/avatar\\\/784b5b36cfe145ae19a52340f405285a939bcc08d4a21136b3a81f9e378ffae0?s=96&d=mm&r=g\",\"url\":\"https:\\\/\\\/secure.gravatar.com\\\/avatar\\\/784b5b36cfe145ae19a52340f405285a939bcc08d4a21136b3a81f9e378ffae0?s=96&d=mm&r=g\",\"contentUrl\":\"https:\\\/\\\/secure.gravatar.com\\\/avatar\\\/784b5b36cfe145ae19a52340f405285a939bcc08d4a21136b3a81f9e378ffae0?s=96&d=mm&r=g\",\"caption\":\"Anders Arhammar\"},\"url\":\"https:\\\/\\\/www.arhammar.se\\\/blog\\\/author\\\/anders\\\/\"}]}<\/script>\n<!-- \/ Yoast SEO plugin. -->","yoast_head_json":{"title":"M\u00e5ndag den 18 november 1912. Ack, den h\u00e4rliga sommaren 1912! - @Arhammar bokstavligen","robots":{"index":"index","follow":"follow","max-snippet":"max-snippet:-1","max-image-preview":"max-image-preview:large","max-video-preview":"max-video-preview:-1"},"canonical":"https:\/\/www.arhammar.se\/blog\/mandag-den-18-november-1912-ack-den-harliga-sommaren-1912\/","og_locale":"en_US","og_type":"article","og_title":"M\u00e5ndag den 18 november 1912. Ack, den h\u00e4rliga sommaren 1912! - @Arhammar bokstavligen","og_description":"Jag kan inte begripa vart tiden tar v\u00e4gen. Den f\u00f6rsvinner ju som en blixt. Jag tycker att det var som ig\u00e5r d\u00e5 vi reste fr\u00e5n V\u00e4rmland. Och d\u00e5 \u00e4r det snart 3 m\u00e5nader sedan. Ack, den h\u00e4rliga sommaren 1912! Men vartill tj\u00e4nar v\u00e4l sommarutgjutelser mitt i detta gr\u00e5a Novemberslask. Tyv\u00e4rr till intet! I f\u00f6rra veckan [&hellip;]","og_url":"https:\/\/www.arhammar.se\/blog\/mandag-den-18-november-1912-ack-den-harliga-sommaren-1912\/","og_site_name":"@Arhammar bokstavligen","article_published_time":"2020-02-28T21:19:46+00:00","article_modified_time":"2020-03-07T22:11:07+00:00","og_image":[{"width":640,"height":480,"url":"https:\/\/www.arhammar.se\/blog\/wp-content\/uploads\/2020\/10\/november1912.jpg","type":"image\/jpeg"}],"author":"Anders Arhammar","twitter_card":"summary_large_image","twitter_misc":{"Written by":"Anders Arhammar","Est. reading time":"1 minute"},"schema":{"@context":"https:\/\/schema.org","@graph":[{"@type":"Article","@id":"https:\/\/www.arhammar.se\/blog\/mandag-den-18-november-1912-ack-den-harliga-sommaren-1912\/#article","isPartOf":{"@id":"https:\/\/www.arhammar.se\/blog\/mandag-den-18-november-1912-ack-den-harliga-sommaren-1912\/"},"author":{"name":"Anders Arhammar","@id":"https:\/\/www.arhammar.se\/blog\/#\/schema\/person\/061984c1d884b363e2c91550f2e00d1d"},"headline":"M\u00e5ndag den 18 november 1912. Ack, den h\u00e4rliga sommaren 1912!","datePublished":"2020-02-28T21:19:46+00:00","dateModified":"2020-03-07T22:11:07+00:00","mainEntityOfPage":{"@id":"https:\/\/www.arhammar.se\/blog\/mandag-den-18-november-1912-ack-den-harliga-sommaren-1912\/"},"wordCount":194,"commentCount":0,"image":{"@id":"https:\/\/www.arhammar.se\/blog\/mandag-den-18-november-1912-ack-den-harliga-sommaren-1912\/#primaryimage"},"thumbnailUrl":"https:\/\/www.arhammar.se\/blog\/wp-content\/uploads\/2020\/10\/november1912.jpg","articleSection":["1912","mormors dagbok"],"inLanguage":"en-US","potentialAction":[{"@type":"CommentAction","name":"Comment","target":["https:\/\/www.arhammar.se\/blog\/mandag-den-18-november-1912-ack-den-harliga-sommaren-1912\/#respond"]}]},{"@type":"WebPage","@id":"https:\/\/www.arhammar.se\/blog\/mandag-den-18-november-1912-ack-den-harliga-sommaren-1912\/","url":"https:\/\/www.arhammar.se\/blog\/mandag-den-18-november-1912-ack-den-harliga-sommaren-1912\/","name":"M\u00e5ndag den 18 november 1912. Ack, den h\u00e4rliga sommaren 1912! - @Arhammar bokstavligen","isPartOf":{"@id":"https:\/\/www.arhammar.se\/blog\/#website"},"primaryImageOfPage":{"@id":"https:\/\/www.arhammar.se\/blog\/mandag-den-18-november-1912-ack-den-harliga-sommaren-1912\/#primaryimage"},"image":{"@id":"https:\/\/www.arhammar.se\/blog\/mandag-den-18-november-1912-ack-den-harliga-sommaren-1912\/#primaryimage"},"thumbnailUrl":"https:\/\/www.arhammar.se\/blog\/wp-content\/uploads\/2020\/10\/november1912.jpg","datePublished":"2020-02-28T21:19:46+00:00","dateModified":"2020-03-07T22:11:07+00:00","author":{"@id":"https:\/\/www.arhammar.se\/blog\/#\/schema\/person\/061984c1d884b363e2c91550f2e00d1d"},"breadcrumb":{"@id":"https:\/\/www.arhammar.se\/blog\/mandag-den-18-november-1912-ack-den-harliga-sommaren-1912\/#breadcrumb"},"inLanguage":"en-US","potentialAction":[{"@type":"ReadAction","target":["https:\/\/www.arhammar.se\/blog\/mandag-den-18-november-1912-ack-den-harliga-sommaren-1912\/"]}]},{"@type":"ImageObject","inLanguage":"en-US","@id":"https:\/\/www.arhammar.se\/blog\/mandag-den-18-november-1912-ack-den-harliga-sommaren-1912\/#primaryimage","url":"https:\/\/www.arhammar.se\/blog\/wp-content\/uploads\/2020\/10\/november1912.jpg","contentUrl":"https:\/\/www.arhammar.se\/blog\/wp-content\/uploads\/2020\/10\/november1912.jpg","width":640,"height":480},{"@type":"BreadcrumbList","@id":"https:\/\/www.arhammar.se\/blog\/mandag-den-18-november-1912-ack-den-harliga-sommaren-1912\/#breadcrumb","itemListElement":[{"@type":"ListItem","position":1,"name":"Home","item":"https:\/\/www.arhammar.se\/blog\/"},{"@type":"ListItem","position":2,"name":"M\u00e5ndag den 18 november 1912. Ack, den h\u00e4rliga sommaren 1912!"}]},{"@type":"WebSite","@id":"https:\/\/www.arhammar.se\/blog\/#website","url":"https:\/\/www.arhammar.se\/blog\/","name":"@Arhammar bokstavligen","description":"Fr\u00e5n min penna och panna","potentialAction":[{"@type":"SearchAction","target":{"@type":"EntryPoint","urlTemplate":"https:\/\/www.arhammar.se\/blog\/?s={search_term_string}"},"query-input":{"@type":"PropertyValueSpecification","valueRequired":true,"valueName":"search_term_string"}}],"inLanguage":"en-US"},{"@type":"Person","@id":"https:\/\/www.arhammar.se\/blog\/#\/schema\/person\/061984c1d884b363e2c91550f2e00d1d","name":"Anders Arhammar","image":{"@type":"ImageObject","inLanguage":"en-US","@id":"https:\/\/secure.gravatar.com\/avatar\/784b5b36cfe145ae19a52340f405285a939bcc08d4a21136b3a81f9e378ffae0?s=96&d=mm&r=g","url":"https:\/\/secure.gravatar.com\/avatar\/784b5b36cfe145ae19a52340f405285a939bcc08d4a21136b3a81f9e378ffae0?s=96&d=mm&r=g","contentUrl":"https:\/\/secure.gravatar.com\/avatar\/784b5b36cfe145ae19a52340f405285a939bcc08d4a21136b3a81f9e378ffae0?s=96&d=mm&r=g","caption":"Anders Arhammar"},"url":"https:\/\/www.arhammar.se\/blog\/author\/anders\/"}]}},"_links":{"self":[{"href":"https:\/\/www.arhammar.se\/blog\/wp-json\/wp\/v2\/posts\/26432","targetHints":{"allow":["GET"]}}],"collection":[{"href":"https:\/\/www.arhammar.se\/blog\/wp-json\/wp\/v2\/posts"}],"about":[{"href":"https:\/\/www.arhammar.se\/blog\/wp-json\/wp\/v2\/types\/post"}],"author":[{"embeddable":true,"href":"https:\/\/www.arhammar.se\/blog\/wp-json\/wp\/v2\/users\/2"}],"replies":[{"embeddable":true,"href":"https:\/\/www.arhammar.se\/blog\/wp-json\/wp\/v2\/comments?post=26432"}],"version-history":[{"count":2,"href":"https:\/\/www.arhammar.se\/blog\/wp-json\/wp\/v2\/posts\/26432\/revisions"}],"predecessor-version":[{"id":26802,"href":"https:\/\/www.arhammar.se\/blog\/wp-json\/wp\/v2\/posts\/26432\/revisions\/26802"}],"wp:featuredmedia":[{"embeddable":true,"href":"https:\/\/www.arhammar.se\/blog\/wp-json\/wp\/v2\/media\/26238"}],"wp:attachment":[{"href":"https:\/\/www.arhammar.se\/blog\/wp-json\/wp\/v2\/media?parent=26432"}],"wp:term":[{"taxonomy":"category","embeddable":true,"href":"https:\/\/www.arhammar.se\/blog\/wp-json\/wp\/v2\/categories?post=26432"},{"taxonomy":"post_tag","embeddable":true,"href":"https:\/\/www.arhammar.se\/blog\/wp-json\/wp\/v2\/tags?post=26432"}],"curies":[{"name":"wp","href":"https:\/\/api.w.org\/{rel}","templated":true}]}}