{"id":26431,"date":"2020-02-28T22:17:14","date_gmt":"2020-02-28T21:17:14","guid":{"rendered":"https:\/\/www.arhammar.se\/blog\/?p=26431"},"modified":"2020-03-25T23:16:51","modified_gmt":"2020-03-25T22:16:51","slug":"lordag-den-9-november-1912-vi-stod-och-pratade-en-lang-stund","status":"publish","type":"post","link":"https:\/\/www.arhammar.se\/blog\/lordag-den-9-november-1912-vi-stod-och-pratade-en-lang-stund\/","title":{"rendered":"L\u00f6rdag den 9 november 1912. Vi stod och pratade en l\u00e5ng stund."},"content":{"rendered":"<p>Nu m\u00e5ste jag allt skriva i &#8220;dag&#8221; boken igen. Vi har b\u00f6rjat i skolan nu igen. Att l\u00e4sa, menar jag. Det \u00e4r b\u00e5de roligt (sj\u00e4lva skolan) och gr\u00e4sligt (l\u00e4xorna). Den 28 oktober var det mosters f\u00f6delsedag och jag var ocks\u00e5 bjuden. Det var 50-\u00e5rsdag. V\u00e4ldigt fint. Greta hade sin ljusbl\u00e5, jag min vita kl\u00e4nning. Inget roligt just. <\/p>\n<p>I l\u00f6rdags voro Irma, Tora och jag p\u00e5 &#8220;Nya&#8221; och s\u00e5go &#8220;Regementets dotter&#8221; (Cavalleria rusticana). Det var h\u00e4rligt. Debutanten (en l\u00f6jtnant Lindstr\u00f6m) var f\u00f6rtjusande, men sj\u00f6ng inget vidare bra. Mycket svag r\u00f6st. P\u00e5 Gustav Adolfsdagen hade jag ganska skoj p\u00e5 eftermiddagen. Hela dagen hade vi lov. F\u00f6rst gick Josef och jag till stan. D\u00e4r tr\u00e4ffade vi Naemi och Erik. Om en stund m\u00f6tte jag Bertil och vi stod och pratade en l\u00e5ng stund. Under tiden gick de andra. Bertil hade s\u00e4llskap, s\u00e5 jag ville inte g\u00e5 med honom, utan sade adj\u00f6 och gick f\u00f6r att s\u00f6ka upp de andra. Men en s\u00e5dan tr\u00e4ngsel. Jag gick en l\u00e5ng stund alldeles ensam, s\u00e5 tr\u00e4ffade jag Tora och Helga och f\u00f6ljde med dem en stund, tills jag \u00e4ntligen fick tag i de andra. Vi fingo om en stund tag i pappa och han gick med oss och promenerade i folkstr\u00f6mmen p\u00e5 \u00d6stra. Sen tr\u00e4ffade han Dahl\u00e9ns och gick med dem p\u00e5 Valand. Josef hade g\u00e5tt hem s\u00e5 nu var det N. E. och jag, som skulle leta reda p\u00e5 ett tomt bord p\u00e5 ett kondis. Men det var st\u00e4ngt! <\/p>\n<p>D\u00e5 gingo vi till automaten och \u00e5to bakelser och sen gingo vi hem. T\u00e4nk, nu har Greta rest till folkh\u00f6gskolan i Arvika. Den osten! Lille Kalle &#8220;Plutt&#8221; har f\u00e5tt scharlakansfeber, stackars liten och \u00e4r p\u00e5 &#8220;Epidemiska&#8221;. Anna-Lisa \u00e4r i &#8220;karant\u00e4n&#8221;.<\/p>\n<!-- AddThis Advanced Settings generic via filter on the_content --><!-- AddThis Share Buttons generic via filter on the_content -->","protected":false},"excerpt":{"rendered":"<p>Nu m\u00e5ste jag allt skriva i &#8220;dag&#8221; boken igen. Vi har b\u00f6rjat i skolan nu igen. Att l\u00e4sa, menar jag. Det \u00e4r b\u00e5de roligt (sj\u00e4lva skolan) och gr\u00e4sligt (l\u00e4xorna). Den 28 oktober var det mosters f\u00f6delsedag och jag var ocks\u00e5 bjuden. Det var 50-\u00e5rsdag. V\u00e4ldigt fint. Greta hade sin ljusbl\u00e5, jag min vita kl\u00e4nning. Inget [&hellip;]<!-- AddThis Advanced Settings generic via filter on wp_trim_excerpt --><!-- AddThis Share Buttons generic via filter on wp_trim_excerpt --><\/p>\n","protected":false},"author":2,"featured_media":26238,"comment_status":"open","ping_status":"open","sticky":false,"template":"","format":"standard","meta":{"footnotes":""},"categories":[3437,3425],"tags":[],"class_list":["post-26431","post","type-post","status-publish","format-standard","has-post-thumbnail","hentry","category-3437","category-mormors-dagbok"],"yoast_head":"<!-- This site is optimized with the Yoast SEO plugin v27.4 - https:\/\/yoast.com\/product\/yoast-seo-wordpress\/ -->\n<title>L\u00f6rdag den 9 november 1912. Vi stod och pratade en l\u00e5ng stund. - @Arhammar bokstavligen<\/title>\n<meta name=\"robots\" content=\"index, follow, max-snippet:-1, max-image-preview:large, max-video-preview:-1\" \/>\n<link rel=\"canonical\" href=\"https:\/\/www.arhammar.se\/blog\/lordag-den-9-november-1912-vi-stod-och-pratade-en-lang-stund\/\" \/>\n<meta property=\"og:locale\" content=\"en_US\" \/>\n<meta property=\"og:type\" content=\"article\" \/>\n<meta property=\"og:title\" content=\"L\u00f6rdag den 9 november 1912. Vi stod och pratade en l\u00e5ng stund. - @Arhammar bokstavligen\" \/>\n<meta property=\"og:description\" content=\"Nu m\u00e5ste jag allt skriva i &#8220;dag&#8221; boken igen. Vi har b\u00f6rjat i skolan nu igen. Att l\u00e4sa, menar jag. Det \u00e4r b\u00e5de roligt (sj\u00e4lva skolan) och gr\u00e4sligt (l\u00e4xorna). Den 28 oktober var det mosters f\u00f6delsedag och jag var ocks\u00e5 bjuden. Det var 50-\u00e5rsdag. V\u00e4ldigt fint. Greta hade sin ljusbl\u00e5, jag min vita kl\u00e4nning. Inget [&hellip;]\" \/>\n<meta property=\"og:url\" content=\"https:\/\/www.arhammar.se\/blog\/lordag-den-9-november-1912-vi-stod-och-pratade-en-lang-stund\/\" \/>\n<meta property=\"og:site_name\" content=\"@Arhammar bokstavligen\" \/>\n<meta property=\"article:published_time\" content=\"2020-02-28T21:17:14+00:00\" \/>\n<meta property=\"article:modified_time\" content=\"2020-03-25T22:16:51+00:00\" \/>\n<meta property=\"og:image\" content=\"https:\/\/www.arhammar.se\/blog\/wp-content\/uploads\/2020\/10\/november1912.jpg\" \/>\n\t<meta property=\"og:image:width\" content=\"640\" \/>\n\t<meta property=\"og:image:height\" content=\"480\" \/>\n\t<meta property=\"og:image:type\" content=\"image\/jpeg\" \/>\n<meta name=\"author\" content=\"Anders Arhammar\" \/>\n<meta name=\"twitter:card\" content=\"summary_large_image\" \/>\n<meta name=\"twitter:label1\" content=\"Written by\" \/>\n\t<meta name=\"twitter:data1\" content=\"Anders Arhammar\" \/>\n\t<meta name=\"twitter:label2\" content=\"Est. reading time\" \/>\n\t<meta name=\"twitter:data2\" content=\"2 minutes\" \/>\n<script type=\"application\/ld+json\" class=\"yoast-schema-graph\">{\"@context\":\"https:\\\/\\\/schema.org\",\"@graph\":[{\"@type\":\"Article\",\"@id\":\"https:\\\/\\\/www.arhammar.se\\\/blog\\\/lordag-den-9-november-1912-vi-stod-och-pratade-en-lang-stund\\\/#article\",\"isPartOf\":{\"@id\":\"https:\\\/\\\/www.arhammar.se\\\/blog\\\/lordag-den-9-november-1912-vi-stod-och-pratade-en-lang-stund\\\/\"},\"author\":{\"name\":\"Anders Arhammar\",\"@id\":\"https:\\\/\\\/www.arhammar.se\\\/blog\\\/#\\\/schema\\\/person\\\/061984c1d884b363e2c91550f2e00d1d\"},\"headline\":\"L\u00f6rdag den 9 november 1912. Vi stod och pratade en l\u00e5ng stund.\",\"datePublished\":\"2020-02-28T21:17:14+00:00\",\"dateModified\":\"2020-03-25T22:16:51+00:00\",\"mainEntityOfPage\":{\"@id\":\"https:\\\/\\\/www.arhammar.se\\\/blog\\\/lordag-den-9-november-1912-vi-stod-och-pratade-en-lang-stund\\\/\"},\"wordCount\":335,\"commentCount\":0,\"image\":{\"@id\":\"https:\\\/\\\/www.arhammar.se\\\/blog\\\/lordag-den-9-november-1912-vi-stod-och-pratade-en-lang-stund\\\/#primaryimage\"},\"thumbnailUrl\":\"https:\\\/\\\/www.arhammar.se\\\/blog\\\/wp-content\\\/uploads\\\/2020\\\/10\\\/november1912.jpg\",\"articleSection\":[\"1912\",\"mormors dagbok\"],\"inLanguage\":\"en-US\",\"potentialAction\":[{\"@type\":\"CommentAction\",\"name\":\"Comment\",\"target\":[\"https:\\\/\\\/www.arhammar.se\\\/blog\\\/lordag-den-9-november-1912-vi-stod-och-pratade-en-lang-stund\\\/#respond\"]}]},{\"@type\":\"WebPage\",\"@id\":\"https:\\\/\\\/www.arhammar.se\\\/blog\\\/lordag-den-9-november-1912-vi-stod-och-pratade-en-lang-stund\\\/\",\"url\":\"https:\\\/\\\/www.arhammar.se\\\/blog\\\/lordag-den-9-november-1912-vi-stod-och-pratade-en-lang-stund\\\/\",\"name\":\"L\u00f6rdag den 9 november 1912. Vi stod och pratade en l\u00e5ng stund. - @Arhammar bokstavligen\",\"isPartOf\":{\"@id\":\"https:\\\/\\\/www.arhammar.se\\\/blog\\\/#website\"},\"primaryImageOfPage\":{\"@id\":\"https:\\\/\\\/www.arhammar.se\\\/blog\\\/lordag-den-9-november-1912-vi-stod-och-pratade-en-lang-stund\\\/#primaryimage\"},\"image\":{\"@id\":\"https:\\\/\\\/www.arhammar.se\\\/blog\\\/lordag-den-9-november-1912-vi-stod-och-pratade-en-lang-stund\\\/#primaryimage\"},\"thumbnailUrl\":\"https:\\\/\\\/www.arhammar.se\\\/blog\\\/wp-content\\\/uploads\\\/2020\\\/10\\\/november1912.jpg\",\"datePublished\":\"2020-02-28T21:17:14+00:00\",\"dateModified\":\"2020-03-25T22:16:51+00:00\",\"author\":{\"@id\":\"https:\\\/\\\/www.arhammar.se\\\/blog\\\/#\\\/schema\\\/person\\\/061984c1d884b363e2c91550f2e00d1d\"},\"breadcrumb\":{\"@id\":\"https:\\\/\\\/www.arhammar.se\\\/blog\\\/lordag-den-9-november-1912-vi-stod-och-pratade-en-lang-stund\\\/#breadcrumb\"},\"inLanguage\":\"en-US\",\"potentialAction\":[{\"@type\":\"ReadAction\",\"target\":[\"https:\\\/\\\/www.arhammar.se\\\/blog\\\/lordag-den-9-november-1912-vi-stod-och-pratade-en-lang-stund\\\/\"]}]},{\"@type\":\"ImageObject\",\"inLanguage\":\"en-US\",\"@id\":\"https:\\\/\\\/www.arhammar.se\\\/blog\\\/lordag-den-9-november-1912-vi-stod-och-pratade-en-lang-stund\\\/#primaryimage\",\"url\":\"https:\\\/\\\/www.arhammar.se\\\/blog\\\/wp-content\\\/uploads\\\/2020\\\/10\\\/november1912.jpg\",\"contentUrl\":\"https:\\\/\\\/www.arhammar.se\\\/blog\\\/wp-content\\\/uploads\\\/2020\\\/10\\\/november1912.jpg\",\"width\":640,\"height\":480},{\"@type\":\"BreadcrumbList\",\"@id\":\"https:\\\/\\\/www.arhammar.se\\\/blog\\\/lordag-den-9-november-1912-vi-stod-och-pratade-en-lang-stund\\\/#breadcrumb\",\"itemListElement\":[{\"@type\":\"ListItem\",\"position\":1,\"name\":\"Home\",\"item\":\"https:\\\/\\\/www.arhammar.se\\\/blog\\\/\"},{\"@type\":\"ListItem\",\"position\":2,\"name\":\"L\u00f6rdag den 9 november 1912. Vi stod och pratade en l\u00e5ng stund.\"}]},{\"@type\":\"WebSite\",\"@id\":\"https:\\\/\\\/www.arhammar.se\\\/blog\\\/#website\",\"url\":\"https:\\\/\\\/www.arhammar.se\\\/blog\\\/\",\"name\":\"@Arhammar bokstavligen\",\"description\":\"Fr\u00e5n min penna och panna\",\"potentialAction\":[{\"@type\":\"SearchAction\",\"target\":{\"@type\":\"EntryPoint\",\"urlTemplate\":\"https:\\\/\\\/www.arhammar.se\\\/blog\\\/?s={search_term_string}\"},\"query-input\":{\"@type\":\"PropertyValueSpecification\",\"valueRequired\":true,\"valueName\":\"search_term_string\"}}],\"inLanguage\":\"en-US\"},{\"@type\":\"Person\",\"@id\":\"https:\\\/\\\/www.arhammar.se\\\/blog\\\/#\\\/schema\\\/person\\\/061984c1d884b363e2c91550f2e00d1d\",\"name\":\"Anders Arhammar\",\"image\":{\"@type\":\"ImageObject\",\"inLanguage\":\"en-US\",\"@id\":\"https:\\\/\\\/secure.gravatar.com\\\/avatar\\\/784b5b36cfe145ae19a52340f405285a939bcc08d4a21136b3a81f9e378ffae0?s=96&d=mm&r=g\",\"url\":\"https:\\\/\\\/secure.gravatar.com\\\/avatar\\\/784b5b36cfe145ae19a52340f405285a939bcc08d4a21136b3a81f9e378ffae0?s=96&d=mm&r=g\",\"contentUrl\":\"https:\\\/\\\/secure.gravatar.com\\\/avatar\\\/784b5b36cfe145ae19a52340f405285a939bcc08d4a21136b3a81f9e378ffae0?s=96&d=mm&r=g\",\"caption\":\"Anders Arhammar\"},\"url\":\"https:\\\/\\\/www.arhammar.se\\\/blog\\\/author\\\/anders\\\/\"}]}<\/script>\n<!-- \/ Yoast SEO plugin. -->","yoast_head_json":{"title":"L\u00f6rdag den 9 november 1912. Vi stod och pratade en l\u00e5ng stund. - @Arhammar bokstavligen","robots":{"index":"index","follow":"follow","max-snippet":"max-snippet:-1","max-image-preview":"max-image-preview:large","max-video-preview":"max-video-preview:-1"},"canonical":"https:\/\/www.arhammar.se\/blog\/lordag-den-9-november-1912-vi-stod-och-pratade-en-lang-stund\/","og_locale":"en_US","og_type":"article","og_title":"L\u00f6rdag den 9 november 1912. Vi stod och pratade en l\u00e5ng stund. - @Arhammar bokstavligen","og_description":"Nu m\u00e5ste jag allt skriva i &#8220;dag&#8221; boken igen. Vi har b\u00f6rjat i skolan nu igen. Att l\u00e4sa, menar jag. Det \u00e4r b\u00e5de roligt (sj\u00e4lva skolan) och gr\u00e4sligt (l\u00e4xorna). Den 28 oktober var det mosters f\u00f6delsedag och jag var ocks\u00e5 bjuden. Det var 50-\u00e5rsdag. V\u00e4ldigt fint. Greta hade sin ljusbl\u00e5, jag min vita kl\u00e4nning. Inget [&hellip;]","og_url":"https:\/\/www.arhammar.se\/blog\/lordag-den-9-november-1912-vi-stod-och-pratade-en-lang-stund\/","og_site_name":"@Arhammar bokstavligen","article_published_time":"2020-02-28T21:17:14+00:00","article_modified_time":"2020-03-25T22:16:51+00:00","og_image":[{"width":640,"height":480,"url":"https:\/\/www.arhammar.se\/blog\/wp-content\/uploads\/2020\/10\/november1912.jpg","type":"image\/jpeg"}],"author":"Anders Arhammar","twitter_card":"summary_large_image","twitter_misc":{"Written by":"Anders Arhammar","Est. reading time":"2 minutes"},"schema":{"@context":"https:\/\/schema.org","@graph":[{"@type":"Article","@id":"https:\/\/www.arhammar.se\/blog\/lordag-den-9-november-1912-vi-stod-och-pratade-en-lang-stund\/#article","isPartOf":{"@id":"https:\/\/www.arhammar.se\/blog\/lordag-den-9-november-1912-vi-stod-och-pratade-en-lang-stund\/"},"author":{"name":"Anders Arhammar","@id":"https:\/\/www.arhammar.se\/blog\/#\/schema\/person\/061984c1d884b363e2c91550f2e00d1d"},"headline":"L\u00f6rdag den 9 november 1912. Vi stod och pratade en l\u00e5ng stund.","datePublished":"2020-02-28T21:17:14+00:00","dateModified":"2020-03-25T22:16:51+00:00","mainEntityOfPage":{"@id":"https:\/\/www.arhammar.se\/blog\/lordag-den-9-november-1912-vi-stod-och-pratade-en-lang-stund\/"},"wordCount":335,"commentCount":0,"image":{"@id":"https:\/\/www.arhammar.se\/blog\/lordag-den-9-november-1912-vi-stod-och-pratade-en-lang-stund\/#primaryimage"},"thumbnailUrl":"https:\/\/www.arhammar.se\/blog\/wp-content\/uploads\/2020\/10\/november1912.jpg","articleSection":["1912","mormors dagbok"],"inLanguage":"en-US","potentialAction":[{"@type":"CommentAction","name":"Comment","target":["https:\/\/www.arhammar.se\/blog\/lordag-den-9-november-1912-vi-stod-och-pratade-en-lang-stund\/#respond"]}]},{"@type":"WebPage","@id":"https:\/\/www.arhammar.se\/blog\/lordag-den-9-november-1912-vi-stod-och-pratade-en-lang-stund\/","url":"https:\/\/www.arhammar.se\/blog\/lordag-den-9-november-1912-vi-stod-och-pratade-en-lang-stund\/","name":"L\u00f6rdag den 9 november 1912. Vi stod och pratade en l\u00e5ng stund. - @Arhammar bokstavligen","isPartOf":{"@id":"https:\/\/www.arhammar.se\/blog\/#website"},"primaryImageOfPage":{"@id":"https:\/\/www.arhammar.se\/blog\/lordag-den-9-november-1912-vi-stod-och-pratade-en-lang-stund\/#primaryimage"},"image":{"@id":"https:\/\/www.arhammar.se\/blog\/lordag-den-9-november-1912-vi-stod-och-pratade-en-lang-stund\/#primaryimage"},"thumbnailUrl":"https:\/\/www.arhammar.se\/blog\/wp-content\/uploads\/2020\/10\/november1912.jpg","datePublished":"2020-02-28T21:17:14+00:00","dateModified":"2020-03-25T22:16:51+00:00","author":{"@id":"https:\/\/www.arhammar.se\/blog\/#\/schema\/person\/061984c1d884b363e2c91550f2e00d1d"},"breadcrumb":{"@id":"https:\/\/www.arhammar.se\/blog\/lordag-den-9-november-1912-vi-stod-och-pratade-en-lang-stund\/#breadcrumb"},"inLanguage":"en-US","potentialAction":[{"@type":"ReadAction","target":["https:\/\/www.arhammar.se\/blog\/lordag-den-9-november-1912-vi-stod-och-pratade-en-lang-stund\/"]}]},{"@type":"ImageObject","inLanguage":"en-US","@id":"https:\/\/www.arhammar.se\/blog\/lordag-den-9-november-1912-vi-stod-och-pratade-en-lang-stund\/#primaryimage","url":"https:\/\/www.arhammar.se\/blog\/wp-content\/uploads\/2020\/10\/november1912.jpg","contentUrl":"https:\/\/www.arhammar.se\/blog\/wp-content\/uploads\/2020\/10\/november1912.jpg","width":640,"height":480},{"@type":"BreadcrumbList","@id":"https:\/\/www.arhammar.se\/blog\/lordag-den-9-november-1912-vi-stod-och-pratade-en-lang-stund\/#breadcrumb","itemListElement":[{"@type":"ListItem","position":1,"name":"Home","item":"https:\/\/www.arhammar.se\/blog\/"},{"@type":"ListItem","position":2,"name":"L\u00f6rdag den 9 november 1912. Vi stod och pratade en l\u00e5ng stund."}]},{"@type":"WebSite","@id":"https:\/\/www.arhammar.se\/blog\/#website","url":"https:\/\/www.arhammar.se\/blog\/","name":"@Arhammar bokstavligen","description":"Fr\u00e5n min penna och panna","potentialAction":[{"@type":"SearchAction","target":{"@type":"EntryPoint","urlTemplate":"https:\/\/www.arhammar.se\/blog\/?s={search_term_string}"},"query-input":{"@type":"PropertyValueSpecification","valueRequired":true,"valueName":"search_term_string"}}],"inLanguage":"en-US"},{"@type":"Person","@id":"https:\/\/www.arhammar.se\/blog\/#\/schema\/person\/061984c1d884b363e2c91550f2e00d1d","name":"Anders Arhammar","image":{"@type":"ImageObject","inLanguage":"en-US","@id":"https:\/\/secure.gravatar.com\/avatar\/784b5b36cfe145ae19a52340f405285a939bcc08d4a21136b3a81f9e378ffae0?s=96&d=mm&r=g","url":"https:\/\/secure.gravatar.com\/avatar\/784b5b36cfe145ae19a52340f405285a939bcc08d4a21136b3a81f9e378ffae0?s=96&d=mm&r=g","contentUrl":"https:\/\/secure.gravatar.com\/avatar\/784b5b36cfe145ae19a52340f405285a939bcc08d4a21136b3a81f9e378ffae0?s=96&d=mm&r=g","caption":"Anders Arhammar"},"url":"https:\/\/www.arhammar.se\/blog\/author\/anders\/"}]}},"_links":{"self":[{"href":"https:\/\/www.arhammar.se\/blog\/wp-json\/wp\/v2\/posts\/26431","targetHints":{"allow":["GET"]}}],"collection":[{"href":"https:\/\/www.arhammar.se\/blog\/wp-json\/wp\/v2\/posts"}],"about":[{"href":"https:\/\/www.arhammar.se\/blog\/wp-json\/wp\/v2\/types\/post"}],"author":[{"embeddable":true,"href":"https:\/\/www.arhammar.se\/blog\/wp-json\/wp\/v2\/users\/2"}],"replies":[{"embeddable":true,"href":"https:\/\/www.arhammar.se\/blog\/wp-json\/wp\/v2\/comments?post=26431"}],"version-history":[{"count":3,"href":"https:\/\/www.arhammar.se\/blog\/wp-json\/wp\/v2\/posts\/26431\/revisions"}],"predecessor-version":[{"id":27808,"href":"https:\/\/www.arhammar.se\/blog\/wp-json\/wp\/v2\/posts\/26431\/revisions\/27808"}],"wp:featuredmedia":[{"embeddable":true,"href":"https:\/\/www.arhammar.se\/blog\/wp-json\/wp\/v2\/media\/26238"}],"wp:attachment":[{"href":"https:\/\/www.arhammar.se\/blog\/wp-json\/wp\/v2\/media?parent=26431"}],"wp:term":[{"taxonomy":"category","embeddable":true,"href":"https:\/\/www.arhammar.se\/blog\/wp-json\/wp\/v2\/categories?post=26431"},{"taxonomy":"post_tag","embeddable":true,"href":"https:\/\/www.arhammar.se\/blog\/wp-json\/wp\/v2\/tags?post=26431"}],"curies":[{"name":"wp","href":"https:\/\/api.w.org\/{rel}","templated":true}]}}