{"id":26430,"date":"2020-02-28T22:10:06","date_gmt":"2020-02-28T21:10:06","guid":{"rendered":"https:\/\/www.arhammar.se\/blog\/?p=26430"},"modified":"2020-03-25T23:12:28","modified_gmt":"2020-03-25T22:12:28","slug":"onsdag-den-2-oktober-1912-oh-hur-jag-hatar-den-anblicken","status":"publish","type":"post","link":"https:\/\/www.arhammar.se\/blog\/onsdag-den-2-oktober-1912-oh-hur-jag-hatar-den-anblicken\/","title":{"rendered":"Onsdag den 2 oktober 1912. Oh, hur jag hatar den anblicken!"},"content":{"rendered":"<p>En flicka sitter vid f\u00f6nstret i sitt rum och l\u00e4ser. En liten gosse kommer in och efter \u00e5tskilligt br\u00e5k har hon h\u00f6rt honom hans l\u00e4xor. Och s\u00e5 l\u00e4ser hon igen. Den ena halvtimmen g\u00e5r efter den andra, tills klockan blir 6. D\u00e5 g\u00e5r hon och dricker kaffe. Och sen in till boken igen. Se d\u00e4r! Min syssels\u00e4ttning under de senaste dagarna. Gr\u00e4sligt men vad skall jag g\u00f6ra? <\/p>\n<p>S\u00e5 fort jag kommer fr\u00e5n skolk\u00f6ket, blir jag alldeles f\u00f6rsoffad. Och ibland orkar jag t\u00e4nka tillbaka p\u00e5 sommaren och d\u00e5 sluter jag \u00f6gonen och ser allt det h\u00e4rliga d\u00e4r, och inbillar mig, att n\u00e4r jag \u00f6ppnar \u00f6gonen igen, s\u00e5 ligger en gr\u00f6nskande nejd framf\u00f6r mig i sommarsolsken. Men, hur besviken blir jag ej. Bara den dystra gr\u00e5 gatan, de dystra gr\u00e5 husen och den dystra gr\u00e5 himlen. Oh, hur jag hatar den anblicken! &#8211; Jag sluter \u00f6gonen igen och f\u00f6rsjunker i dr\u00f6mmerier. Det \u00e4r h\u00e4rligast.<\/p>\n<!-- AddThis Advanced Settings generic via filter on the_content --><!-- AddThis Share Buttons generic via filter on the_content -->","protected":false},"excerpt":{"rendered":"<p>En flicka sitter vid f\u00f6nstret i sitt rum och l\u00e4ser. En liten gosse kommer in och efter \u00e5tskilligt br\u00e5k har hon h\u00f6rt honom hans l\u00e4xor. Och s\u00e5 l\u00e4ser hon igen. Den ena halvtimmen g\u00e5r efter den andra, tills klockan blir 6. D\u00e5 g\u00e5r hon och dricker kaffe. Och sen in till boken igen. Se d\u00e4r! [&hellip;]<!-- AddThis Advanced Settings generic via filter on wp_trim_excerpt --><!-- AddThis Share Buttons generic via filter on wp_trim_excerpt --><\/p>\n","protected":false},"author":2,"featured_media":26260,"comment_status":"open","ping_status":"open","sticky":false,"template":"","format":"standard","meta":{"footnotes":""},"categories":[3437,3425],"tags":[],"class_list":["post-26430","post","type-post","status-publish","format-standard","has-post-thumbnail","hentry","category-3437","category-mormors-dagbok"],"yoast_head":"<!-- This site is optimized with the Yoast SEO plugin v27.4 - https:\/\/yoast.com\/product\/yoast-seo-wordpress\/ -->\n<title>Onsdag den 2 oktober 1912. Oh, hur jag hatar den anblicken! - @Arhammar bokstavligen<\/title>\n<meta name=\"robots\" content=\"index, follow, max-snippet:-1, max-image-preview:large, max-video-preview:-1\" \/>\n<link rel=\"canonical\" href=\"https:\/\/www.arhammar.se\/blog\/onsdag-den-2-oktober-1912-oh-hur-jag-hatar-den-anblicken\/\" \/>\n<meta property=\"og:locale\" content=\"en_US\" \/>\n<meta property=\"og:type\" content=\"article\" \/>\n<meta property=\"og:title\" content=\"Onsdag den 2 oktober 1912. Oh, hur jag hatar den anblicken! - @Arhammar bokstavligen\" \/>\n<meta property=\"og:description\" content=\"En flicka sitter vid f\u00f6nstret i sitt rum och l\u00e4ser. En liten gosse kommer in och efter \u00e5tskilligt br\u00e5k har hon h\u00f6rt honom hans l\u00e4xor. Och s\u00e5 l\u00e4ser hon igen. Den ena halvtimmen g\u00e5r efter den andra, tills klockan blir 6. D\u00e5 g\u00e5r hon och dricker kaffe. Och sen in till boken igen. Se d\u00e4r! [&hellip;]\" \/>\n<meta property=\"og:url\" content=\"https:\/\/www.arhammar.se\/blog\/onsdag-den-2-oktober-1912-oh-hur-jag-hatar-den-anblicken\/\" \/>\n<meta property=\"og:site_name\" content=\"@Arhammar bokstavligen\" \/>\n<meta property=\"article:published_time\" content=\"2020-02-28T21:10:06+00:00\" \/>\n<meta property=\"article:modified_time\" content=\"2020-03-25T22:12:28+00:00\" \/>\n<meta property=\"og:image\" content=\"https:\/\/www.arhammar.se\/blog\/wp-content\/uploads\/2020\/10\/september1912.jpg\" \/>\n\t<meta property=\"og:image:width\" content=\"640\" \/>\n\t<meta property=\"og:image:height\" content=\"480\" \/>\n\t<meta property=\"og:image:type\" content=\"image\/jpeg\" \/>\n<meta name=\"author\" content=\"Anders Arhammar\" \/>\n<meta name=\"twitter:card\" content=\"summary_large_image\" \/>\n<meta name=\"twitter:label1\" content=\"Written by\" \/>\n\t<meta name=\"twitter:data1\" content=\"Anders Arhammar\" \/>\n\t<meta name=\"twitter:label2\" content=\"Est. reading time\" \/>\n\t<meta name=\"twitter:data2\" content=\"1 minute\" \/>\n<script type=\"application\/ld+json\" class=\"yoast-schema-graph\">{\"@context\":\"https:\\\/\\\/schema.org\",\"@graph\":[{\"@type\":\"Article\",\"@id\":\"https:\\\/\\\/www.arhammar.se\\\/blog\\\/onsdag-den-2-oktober-1912-oh-hur-jag-hatar-den-anblicken\\\/#article\",\"isPartOf\":{\"@id\":\"https:\\\/\\\/www.arhammar.se\\\/blog\\\/onsdag-den-2-oktober-1912-oh-hur-jag-hatar-den-anblicken\\\/\"},\"author\":{\"name\":\"Anders Arhammar\",\"@id\":\"https:\\\/\\\/www.arhammar.se\\\/blog\\\/#\\\/schema\\\/person\\\/061984c1d884b363e2c91550f2e00d1d\"},\"headline\":\"Onsdag den 2 oktober 1912. Oh, hur jag hatar den anblicken!\",\"datePublished\":\"2020-02-28T21:10:06+00:00\",\"dateModified\":\"2020-03-25T22:12:28+00:00\",\"mainEntityOfPage\":{\"@id\":\"https:\\\/\\\/www.arhammar.se\\\/blog\\\/onsdag-den-2-oktober-1912-oh-hur-jag-hatar-den-anblicken\\\/\"},\"wordCount\":184,\"commentCount\":0,\"image\":{\"@id\":\"https:\\\/\\\/www.arhammar.se\\\/blog\\\/onsdag-den-2-oktober-1912-oh-hur-jag-hatar-den-anblicken\\\/#primaryimage\"},\"thumbnailUrl\":\"https:\\\/\\\/www.arhammar.se\\\/blog\\\/wp-content\\\/uploads\\\/2020\\\/10\\\/september1912.jpg\",\"articleSection\":[\"1912\",\"mormors dagbok\"],\"inLanguage\":\"en-US\",\"potentialAction\":[{\"@type\":\"CommentAction\",\"name\":\"Comment\",\"target\":[\"https:\\\/\\\/www.arhammar.se\\\/blog\\\/onsdag-den-2-oktober-1912-oh-hur-jag-hatar-den-anblicken\\\/#respond\"]}]},{\"@type\":\"WebPage\",\"@id\":\"https:\\\/\\\/www.arhammar.se\\\/blog\\\/onsdag-den-2-oktober-1912-oh-hur-jag-hatar-den-anblicken\\\/\",\"url\":\"https:\\\/\\\/www.arhammar.se\\\/blog\\\/onsdag-den-2-oktober-1912-oh-hur-jag-hatar-den-anblicken\\\/\",\"name\":\"Onsdag den 2 oktober 1912. Oh, hur jag hatar den anblicken! - @Arhammar bokstavligen\",\"isPartOf\":{\"@id\":\"https:\\\/\\\/www.arhammar.se\\\/blog\\\/#website\"},\"primaryImageOfPage\":{\"@id\":\"https:\\\/\\\/www.arhammar.se\\\/blog\\\/onsdag-den-2-oktober-1912-oh-hur-jag-hatar-den-anblicken\\\/#primaryimage\"},\"image\":{\"@id\":\"https:\\\/\\\/www.arhammar.se\\\/blog\\\/onsdag-den-2-oktober-1912-oh-hur-jag-hatar-den-anblicken\\\/#primaryimage\"},\"thumbnailUrl\":\"https:\\\/\\\/www.arhammar.se\\\/blog\\\/wp-content\\\/uploads\\\/2020\\\/10\\\/september1912.jpg\",\"datePublished\":\"2020-02-28T21:10:06+00:00\",\"dateModified\":\"2020-03-25T22:12:28+00:00\",\"author\":{\"@id\":\"https:\\\/\\\/www.arhammar.se\\\/blog\\\/#\\\/schema\\\/person\\\/061984c1d884b363e2c91550f2e00d1d\"},\"breadcrumb\":{\"@id\":\"https:\\\/\\\/www.arhammar.se\\\/blog\\\/onsdag-den-2-oktober-1912-oh-hur-jag-hatar-den-anblicken\\\/#breadcrumb\"},\"inLanguage\":\"en-US\",\"potentialAction\":[{\"@type\":\"ReadAction\",\"target\":[\"https:\\\/\\\/www.arhammar.se\\\/blog\\\/onsdag-den-2-oktober-1912-oh-hur-jag-hatar-den-anblicken\\\/\"]}]},{\"@type\":\"ImageObject\",\"inLanguage\":\"en-US\",\"@id\":\"https:\\\/\\\/www.arhammar.se\\\/blog\\\/onsdag-den-2-oktober-1912-oh-hur-jag-hatar-den-anblicken\\\/#primaryimage\",\"url\":\"https:\\\/\\\/www.arhammar.se\\\/blog\\\/wp-content\\\/uploads\\\/2020\\\/10\\\/september1912.jpg\",\"contentUrl\":\"https:\\\/\\\/www.arhammar.se\\\/blog\\\/wp-content\\\/uploads\\\/2020\\\/10\\\/september1912.jpg\",\"width\":640,\"height\":480},{\"@type\":\"BreadcrumbList\",\"@id\":\"https:\\\/\\\/www.arhammar.se\\\/blog\\\/onsdag-den-2-oktober-1912-oh-hur-jag-hatar-den-anblicken\\\/#breadcrumb\",\"itemListElement\":[{\"@type\":\"ListItem\",\"position\":1,\"name\":\"Home\",\"item\":\"https:\\\/\\\/www.arhammar.se\\\/blog\\\/\"},{\"@type\":\"ListItem\",\"position\":2,\"name\":\"Onsdag den 2 oktober 1912. Oh, hur jag hatar den anblicken!\"}]},{\"@type\":\"WebSite\",\"@id\":\"https:\\\/\\\/www.arhammar.se\\\/blog\\\/#website\",\"url\":\"https:\\\/\\\/www.arhammar.se\\\/blog\\\/\",\"name\":\"@Arhammar bokstavligen\",\"description\":\"Fr\u00e5n min penna och panna\",\"potentialAction\":[{\"@type\":\"SearchAction\",\"target\":{\"@type\":\"EntryPoint\",\"urlTemplate\":\"https:\\\/\\\/www.arhammar.se\\\/blog\\\/?s={search_term_string}\"},\"query-input\":{\"@type\":\"PropertyValueSpecification\",\"valueRequired\":true,\"valueName\":\"search_term_string\"}}],\"inLanguage\":\"en-US\"},{\"@type\":\"Person\",\"@id\":\"https:\\\/\\\/www.arhammar.se\\\/blog\\\/#\\\/schema\\\/person\\\/061984c1d884b363e2c91550f2e00d1d\",\"name\":\"Anders Arhammar\",\"image\":{\"@type\":\"ImageObject\",\"inLanguage\":\"en-US\",\"@id\":\"https:\\\/\\\/secure.gravatar.com\\\/avatar\\\/784b5b36cfe145ae19a52340f405285a939bcc08d4a21136b3a81f9e378ffae0?s=96&d=mm&r=g\",\"url\":\"https:\\\/\\\/secure.gravatar.com\\\/avatar\\\/784b5b36cfe145ae19a52340f405285a939bcc08d4a21136b3a81f9e378ffae0?s=96&d=mm&r=g\",\"contentUrl\":\"https:\\\/\\\/secure.gravatar.com\\\/avatar\\\/784b5b36cfe145ae19a52340f405285a939bcc08d4a21136b3a81f9e378ffae0?s=96&d=mm&r=g\",\"caption\":\"Anders Arhammar\"},\"url\":\"https:\\\/\\\/www.arhammar.se\\\/blog\\\/author\\\/anders\\\/\"}]}<\/script>\n<!-- \/ Yoast SEO plugin. -->","yoast_head_json":{"title":"Onsdag den 2 oktober 1912. Oh, hur jag hatar den anblicken! - @Arhammar bokstavligen","robots":{"index":"index","follow":"follow","max-snippet":"max-snippet:-1","max-image-preview":"max-image-preview:large","max-video-preview":"max-video-preview:-1"},"canonical":"https:\/\/www.arhammar.se\/blog\/onsdag-den-2-oktober-1912-oh-hur-jag-hatar-den-anblicken\/","og_locale":"en_US","og_type":"article","og_title":"Onsdag den 2 oktober 1912. Oh, hur jag hatar den anblicken! - @Arhammar bokstavligen","og_description":"En flicka sitter vid f\u00f6nstret i sitt rum och l\u00e4ser. En liten gosse kommer in och efter \u00e5tskilligt br\u00e5k har hon h\u00f6rt honom hans l\u00e4xor. Och s\u00e5 l\u00e4ser hon igen. Den ena halvtimmen g\u00e5r efter den andra, tills klockan blir 6. D\u00e5 g\u00e5r hon och dricker kaffe. Och sen in till boken igen. Se d\u00e4r! [&hellip;]","og_url":"https:\/\/www.arhammar.se\/blog\/onsdag-den-2-oktober-1912-oh-hur-jag-hatar-den-anblicken\/","og_site_name":"@Arhammar bokstavligen","article_published_time":"2020-02-28T21:10:06+00:00","article_modified_time":"2020-03-25T22:12:28+00:00","og_image":[{"width":640,"height":480,"url":"https:\/\/www.arhammar.se\/blog\/wp-content\/uploads\/2020\/10\/september1912.jpg","type":"image\/jpeg"}],"author":"Anders Arhammar","twitter_card":"summary_large_image","twitter_misc":{"Written by":"Anders Arhammar","Est. reading time":"1 minute"},"schema":{"@context":"https:\/\/schema.org","@graph":[{"@type":"Article","@id":"https:\/\/www.arhammar.se\/blog\/onsdag-den-2-oktober-1912-oh-hur-jag-hatar-den-anblicken\/#article","isPartOf":{"@id":"https:\/\/www.arhammar.se\/blog\/onsdag-den-2-oktober-1912-oh-hur-jag-hatar-den-anblicken\/"},"author":{"name":"Anders Arhammar","@id":"https:\/\/www.arhammar.se\/blog\/#\/schema\/person\/061984c1d884b363e2c91550f2e00d1d"},"headline":"Onsdag den 2 oktober 1912. Oh, hur jag hatar den anblicken!","datePublished":"2020-02-28T21:10:06+00:00","dateModified":"2020-03-25T22:12:28+00:00","mainEntityOfPage":{"@id":"https:\/\/www.arhammar.se\/blog\/onsdag-den-2-oktober-1912-oh-hur-jag-hatar-den-anblicken\/"},"wordCount":184,"commentCount":0,"image":{"@id":"https:\/\/www.arhammar.se\/blog\/onsdag-den-2-oktober-1912-oh-hur-jag-hatar-den-anblicken\/#primaryimage"},"thumbnailUrl":"https:\/\/www.arhammar.se\/blog\/wp-content\/uploads\/2020\/10\/september1912.jpg","articleSection":["1912","mormors dagbok"],"inLanguage":"en-US","potentialAction":[{"@type":"CommentAction","name":"Comment","target":["https:\/\/www.arhammar.se\/blog\/onsdag-den-2-oktober-1912-oh-hur-jag-hatar-den-anblicken\/#respond"]}]},{"@type":"WebPage","@id":"https:\/\/www.arhammar.se\/blog\/onsdag-den-2-oktober-1912-oh-hur-jag-hatar-den-anblicken\/","url":"https:\/\/www.arhammar.se\/blog\/onsdag-den-2-oktober-1912-oh-hur-jag-hatar-den-anblicken\/","name":"Onsdag den 2 oktober 1912. Oh, hur jag hatar den anblicken! - @Arhammar bokstavligen","isPartOf":{"@id":"https:\/\/www.arhammar.se\/blog\/#website"},"primaryImageOfPage":{"@id":"https:\/\/www.arhammar.se\/blog\/onsdag-den-2-oktober-1912-oh-hur-jag-hatar-den-anblicken\/#primaryimage"},"image":{"@id":"https:\/\/www.arhammar.se\/blog\/onsdag-den-2-oktober-1912-oh-hur-jag-hatar-den-anblicken\/#primaryimage"},"thumbnailUrl":"https:\/\/www.arhammar.se\/blog\/wp-content\/uploads\/2020\/10\/september1912.jpg","datePublished":"2020-02-28T21:10:06+00:00","dateModified":"2020-03-25T22:12:28+00:00","author":{"@id":"https:\/\/www.arhammar.se\/blog\/#\/schema\/person\/061984c1d884b363e2c91550f2e00d1d"},"breadcrumb":{"@id":"https:\/\/www.arhammar.se\/blog\/onsdag-den-2-oktober-1912-oh-hur-jag-hatar-den-anblicken\/#breadcrumb"},"inLanguage":"en-US","potentialAction":[{"@type":"ReadAction","target":["https:\/\/www.arhammar.se\/blog\/onsdag-den-2-oktober-1912-oh-hur-jag-hatar-den-anblicken\/"]}]},{"@type":"ImageObject","inLanguage":"en-US","@id":"https:\/\/www.arhammar.se\/blog\/onsdag-den-2-oktober-1912-oh-hur-jag-hatar-den-anblicken\/#primaryimage","url":"https:\/\/www.arhammar.se\/blog\/wp-content\/uploads\/2020\/10\/september1912.jpg","contentUrl":"https:\/\/www.arhammar.se\/blog\/wp-content\/uploads\/2020\/10\/september1912.jpg","width":640,"height":480},{"@type":"BreadcrumbList","@id":"https:\/\/www.arhammar.se\/blog\/onsdag-den-2-oktober-1912-oh-hur-jag-hatar-den-anblicken\/#breadcrumb","itemListElement":[{"@type":"ListItem","position":1,"name":"Home","item":"https:\/\/www.arhammar.se\/blog\/"},{"@type":"ListItem","position":2,"name":"Onsdag den 2 oktober 1912. Oh, hur jag hatar den anblicken!"}]},{"@type":"WebSite","@id":"https:\/\/www.arhammar.se\/blog\/#website","url":"https:\/\/www.arhammar.se\/blog\/","name":"@Arhammar bokstavligen","description":"Fr\u00e5n min penna och panna","potentialAction":[{"@type":"SearchAction","target":{"@type":"EntryPoint","urlTemplate":"https:\/\/www.arhammar.se\/blog\/?s={search_term_string}"},"query-input":{"@type":"PropertyValueSpecification","valueRequired":true,"valueName":"search_term_string"}}],"inLanguage":"en-US"},{"@type":"Person","@id":"https:\/\/www.arhammar.se\/blog\/#\/schema\/person\/061984c1d884b363e2c91550f2e00d1d","name":"Anders Arhammar","image":{"@type":"ImageObject","inLanguage":"en-US","@id":"https:\/\/secure.gravatar.com\/avatar\/784b5b36cfe145ae19a52340f405285a939bcc08d4a21136b3a81f9e378ffae0?s=96&d=mm&r=g","url":"https:\/\/secure.gravatar.com\/avatar\/784b5b36cfe145ae19a52340f405285a939bcc08d4a21136b3a81f9e378ffae0?s=96&d=mm&r=g","contentUrl":"https:\/\/secure.gravatar.com\/avatar\/784b5b36cfe145ae19a52340f405285a939bcc08d4a21136b3a81f9e378ffae0?s=96&d=mm&r=g","caption":"Anders Arhammar"},"url":"https:\/\/www.arhammar.se\/blog\/author\/anders\/"}]}},"_links":{"self":[{"href":"https:\/\/www.arhammar.se\/blog\/wp-json\/wp\/v2\/posts\/26430","targetHints":{"allow":["GET"]}}],"collection":[{"href":"https:\/\/www.arhammar.se\/blog\/wp-json\/wp\/v2\/posts"}],"about":[{"href":"https:\/\/www.arhammar.se\/blog\/wp-json\/wp\/v2\/types\/post"}],"author":[{"embeddable":true,"href":"https:\/\/www.arhammar.se\/blog\/wp-json\/wp\/v2\/users\/2"}],"replies":[{"embeddable":true,"href":"https:\/\/www.arhammar.se\/blog\/wp-json\/wp\/v2\/comments?post=26430"}],"version-history":[{"count":3,"href":"https:\/\/www.arhammar.se\/blog\/wp-json\/wp\/v2\/posts\/26430\/revisions"}],"predecessor-version":[{"id":27807,"href":"https:\/\/www.arhammar.se\/blog\/wp-json\/wp\/v2\/posts\/26430\/revisions\/27807"}],"wp:featuredmedia":[{"embeddable":true,"href":"https:\/\/www.arhammar.se\/blog\/wp-json\/wp\/v2\/media\/26260"}],"wp:attachment":[{"href":"https:\/\/www.arhammar.se\/blog\/wp-json\/wp\/v2\/media?parent=26430"}],"wp:term":[{"taxonomy":"category","embeddable":true,"href":"https:\/\/www.arhammar.se\/blog\/wp-json\/wp\/v2\/categories?post=26430"},{"taxonomy":"post_tag","embeddable":true,"href":"https:\/\/www.arhammar.se\/blog\/wp-json\/wp\/v2\/tags?post=26430"}],"curies":[{"name":"wp","href":"https:\/\/api.w.org\/{rel}","templated":true}]}}