{"id":26427,"date":"2020-02-27T22:15:35","date_gmt":"2020-02-27T21:15:35","guid":{"rendered":"https:\/\/www.arhammar.se\/blog\/?p=26427"},"modified":"2020-03-25T23:11:30","modified_gmt":"2020-03-25T22:11:30","slug":"torsdag-den-19-september-1912-det-hander-ju-aldrig-nagot-ordentligt","status":"publish","type":"post","link":"https:\/\/www.arhammar.se\/blog\/torsdag-den-19-september-1912-det-hander-ju-aldrig-nagot-ordentligt\/","title":{"rendered":"Torsdag den 19 september 1912. Det h\u00e4nder ju aldrig n\u00e5got ordentligt."},"content":{"rendered":"<p>Nu blir dagboken snart veckobok. Men vad skall jag skriva. Det h\u00e4nder ju aldrig n\u00e5got ordentligt. Jag g\u00e5r ut med A.L. eller Eric och promenerar ibland. De sista dagarna har det varit s\u00e5 kallt, s\u00e5 jag har haft ulstern. I eftermiddags har jag skrivit f\u00e4rdigt en uppsats om \u201cn\u00e5gra minnen fr\u00e5n v\u00e5r skolresa&#8221;. Inte \u00e4r den n\u00e5got att skryta av inte, men jag kan faktiskt inte f\u00e5 ihop n\u00e5got b\u00e4ttre. Usch!!<\/p>\n<!-- AddThis Advanced Settings generic via filter on the_content --><!-- AddThis Share Buttons generic via filter on the_content -->","protected":false},"excerpt":{"rendered":"<p>Nu blir dagboken snart veckobok. Men vad skall jag skriva. Det h\u00e4nder ju aldrig n\u00e5got ordentligt. Jag g\u00e5r ut med A.L. eller Eric och promenerar ibland. De sista dagarna har det varit s\u00e5 kallt, s\u00e5 jag har haft ulstern. I eftermiddags har jag skrivit f\u00e4rdigt en uppsats om \u201cn\u00e5gra minnen fr\u00e5n v\u00e5r skolresa&#8221;. Inte \u00e4r [&hellip;]<!-- AddThis Advanced Settings generic via filter on wp_trim_excerpt --><!-- AddThis Share Buttons generic via filter on wp_trim_excerpt --><\/p>\n","protected":false},"author":2,"featured_media":26260,"comment_status":"open","ping_status":"open","sticky":false,"template":"","format":"standard","meta":{"footnotes":""},"categories":[3437,3425],"tags":[],"class_list":["post-26427","post","type-post","status-publish","format-standard","has-post-thumbnail","hentry","category-3437","category-mormors-dagbok"],"yoast_head":"<!-- This site is optimized with the Yoast SEO plugin v27.4 - https:\/\/yoast.com\/product\/yoast-seo-wordpress\/ -->\n<title>Torsdag den 19 september 1912. Det h\u00e4nder ju aldrig n\u00e5got ordentligt. - @Arhammar bokstavligen<\/title>\n<meta name=\"robots\" content=\"index, follow, max-snippet:-1, max-image-preview:large, max-video-preview:-1\" \/>\n<link rel=\"canonical\" href=\"https:\/\/www.arhammar.se\/blog\/torsdag-den-19-september-1912-det-hander-ju-aldrig-nagot-ordentligt\/\" \/>\n<meta property=\"og:locale\" content=\"en_US\" \/>\n<meta property=\"og:type\" content=\"article\" \/>\n<meta property=\"og:title\" content=\"Torsdag den 19 september 1912. Det h\u00e4nder ju aldrig n\u00e5got ordentligt. - @Arhammar bokstavligen\" \/>\n<meta property=\"og:description\" content=\"Nu blir dagboken snart veckobok. Men vad skall jag skriva. Det h\u00e4nder ju aldrig n\u00e5got ordentligt. Jag g\u00e5r ut med A.L. eller Eric och promenerar ibland. De sista dagarna har det varit s\u00e5 kallt, s\u00e5 jag har haft ulstern. I eftermiddags har jag skrivit f\u00e4rdigt en uppsats om \u201cn\u00e5gra minnen fr\u00e5n v\u00e5r skolresa&#8221;. Inte \u00e4r [&hellip;]\" \/>\n<meta property=\"og:url\" content=\"https:\/\/www.arhammar.se\/blog\/torsdag-den-19-september-1912-det-hander-ju-aldrig-nagot-ordentligt\/\" \/>\n<meta property=\"og:site_name\" content=\"@Arhammar bokstavligen\" \/>\n<meta property=\"article:published_time\" content=\"2020-02-27T21:15:35+00:00\" \/>\n<meta property=\"article:modified_time\" content=\"2020-03-25T22:11:30+00:00\" \/>\n<meta property=\"og:image\" content=\"https:\/\/www.arhammar.se\/blog\/wp-content\/uploads\/2020\/10\/september1912.jpg\" \/>\n\t<meta property=\"og:image:width\" content=\"640\" \/>\n\t<meta property=\"og:image:height\" content=\"480\" \/>\n\t<meta property=\"og:image:type\" content=\"image\/jpeg\" \/>\n<meta name=\"author\" content=\"Anders Arhammar\" \/>\n<meta name=\"twitter:card\" content=\"summary_large_image\" \/>\n<meta name=\"twitter:label1\" content=\"Written by\" \/>\n\t<meta name=\"twitter:data1\" content=\"Anders Arhammar\" \/>\n<script type=\"application\/ld+json\" class=\"yoast-schema-graph\">{\"@context\":\"https:\\\/\\\/schema.org\",\"@graph\":[{\"@type\":\"Article\",\"@id\":\"https:\\\/\\\/www.arhammar.se\\\/blog\\\/torsdag-den-19-september-1912-det-hander-ju-aldrig-nagot-ordentligt\\\/#article\",\"isPartOf\":{\"@id\":\"https:\\\/\\\/www.arhammar.se\\\/blog\\\/torsdag-den-19-september-1912-det-hander-ju-aldrig-nagot-ordentligt\\\/\"},\"author\":{\"name\":\"Anders Arhammar\",\"@id\":\"https:\\\/\\\/www.arhammar.se\\\/blog\\\/#\\\/schema\\\/person\\\/061984c1d884b363e2c91550f2e00d1d\"},\"headline\":\"Torsdag den 19 september 1912. Det h\u00e4nder ju aldrig n\u00e5got ordentligt.\",\"datePublished\":\"2020-02-27T21:15:35+00:00\",\"dateModified\":\"2020-03-25T22:11:30+00:00\",\"mainEntityOfPage\":{\"@id\":\"https:\\\/\\\/www.arhammar.se\\\/blog\\\/torsdag-den-19-september-1912-det-hander-ju-aldrig-nagot-ordentligt\\\/\"},\"wordCount\":93,\"commentCount\":0,\"image\":{\"@id\":\"https:\\\/\\\/www.arhammar.se\\\/blog\\\/torsdag-den-19-september-1912-det-hander-ju-aldrig-nagot-ordentligt\\\/#primaryimage\"},\"thumbnailUrl\":\"https:\\\/\\\/www.arhammar.se\\\/blog\\\/wp-content\\\/uploads\\\/2020\\\/10\\\/september1912.jpg\",\"articleSection\":[\"1912\",\"mormors dagbok\"],\"inLanguage\":\"en-US\",\"potentialAction\":[{\"@type\":\"CommentAction\",\"name\":\"Comment\",\"target\":[\"https:\\\/\\\/www.arhammar.se\\\/blog\\\/torsdag-den-19-september-1912-det-hander-ju-aldrig-nagot-ordentligt\\\/#respond\"]}]},{\"@type\":\"WebPage\",\"@id\":\"https:\\\/\\\/www.arhammar.se\\\/blog\\\/torsdag-den-19-september-1912-det-hander-ju-aldrig-nagot-ordentligt\\\/\",\"url\":\"https:\\\/\\\/www.arhammar.se\\\/blog\\\/torsdag-den-19-september-1912-det-hander-ju-aldrig-nagot-ordentligt\\\/\",\"name\":\"Torsdag den 19 september 1912. Det h\u00e4nder ju aldrig n\u00e5got ordentligt. - @Arhammar bokstavligen\",\"isPartOf\":{\"@id\":\"https:\\\/\\\/www.arhammar.se\\\/blog\\\/#website\"},\"primaryImageOfPage\":{\"@id\":\"https:\\\/\\\/www.arhammar.se\\\/blog\\\/torsdag-den-19-september-1912-det-hander-ju-aldrig-nagot-ordentligt\\\/#primaryimage\"},\"image\":{\"@id\":\"https:\\\/\\\/www.arhammar.se\\\/blog\\\/torsdag-den-19-september-1912-det-hander-ju-aldrig-nagot-ordentligt\\\/#primaryimage\"},\"thumbnailUrl\":\"https:\\\/\\\/www.arhammar.se\\\/blog\\\/wp-content\\\/uploads\\\/2020\\\/10\\\/september1912.jpg\",\"datePublished\":\"2020-02-27T21:15:35+00:00\",\"dateModified\":\"2020-03-25T22:11:30+00:00\",\"author\":{\"@id\":\"https:\\\/\\\/www.arhammar.se\\\/blog\\\/#\\\/schema\\\/person\\\/061984c1d884b363e2c91550f2e00d1d\"},\"breadcrumb\":{\"@id\":\"https:\\\/\\\/www.arhammar.se\\\/blog\\\/torsdag-den-19-september-1912-det-hander-ju-aldrig-nagot-ordentligt\\\/#breadcrumb\"},\"inLanguage\":\"en-US\",\"potentialAction\":[{\"@type\":\"ReadAction\",\"target\":[\"https:\\\/\\\/www.arhammar.se\\\/blog\\\/torsdag-den-19-september-1912-det-hander-ju-aldrig-nagot-ordentligt\\\/\"]}]},{\"@type\":\"ImageObject\",\"inLanguage\":\"en-US\",\"@id\":\"https:\\\/\\\/www.arhammar.se\\\/blog\\\/torsdag-den-19-september-1912-det-hander-ju-aldrig-nagot-ordentligt\\\/#primaryimage\",\"url\":\"https:\\\/\\\/www.arhammar.se\\\/blog\\\/wp-content\\\/uploads\\\/2020\\\/10\\\/september1912.jpg\",\"contentUrl\":\"https:\\\/\\\/www.arhammar.se\\\/blog\\\/wp-content\\\/uploads\\\/2020\\\/10\\\/september1912.jpg\",\"width\":640,\"height\":480},{\"@type\":\"BreadcrumbList\",\"@id\":\"https:\\\/\\\/www.arhammar.se\\\/blog\\\/torsdag-den-19-september-1912-det-hander-ju-aldrig-nagot-ordentligt\\\/#breadcrumb\",\"itemListElement\":[{\"@type\":\"ListItem\",\"position\":1,\"name\":\"Home\",\"item\":\"https:\\\/\\\/www.arhammar.se\\\/blog\\\/\"},{\"@type\":\"ListItem\",\"position\":2,\"name\":\"Torsdag den 19 september 1912. Det h\u00e4nder ju aldrig n\u00e5got ordentligt.\"}]},{\"@type\":\"WebSite\",\"@id\":\"https:\\\/\\\/www.arhammar.se\\\/blog\\\/#website\",\"url\":\"https:\\\/\\\/www.arhammar.se\\\/blog\\\/\",\"name\":\"@Arhammar bokstavligen\",\"description\":\"Fr\u00e5n min penna och panna\",\"potentialAction\":[{\"@type\":\"SearchAction\",\"target\":{\"@type\":\"EntryPoint\",\"urlTemplate\":\"https:\\\/\\\/www.arhammar.se\\\/blog\\\/?s={search_term_string}\"},\"query-input\":{\"@type\":\"PropertyValueSpecification\",\"valueRequired\":true,\"valueName\":\"search_term_string\"}}],\"inLanguage\":\"en-US\"},{\"@type\":\"Person\",\"@id\":\"https:\\\/\\\/www.arhammar.se\\\/blog\\\/#\\\/schema\\\/person\\\/061984c1d884b363e2c91550f2e00d1d\",\"name\":\"Anders Arhammar\",\"image\":{\"@type\":\"ImageObject\",\"inLanguage\":\"en-US\",\"@id\":\"https:\\\/\\\/secure.gravatar.com\\\/avatar\\\/784b5b36cfe145ae19a52340f405285a939bcc08d4a21136b3a81f9e378ffae0?s=96&d=mm&r=g\",\"url\":\"https:\\\/\\\/secure.gravatar.com\\\/avatar\\\/784b5b36cfe145ae19a52340f405285a939bcc08d4a21136b3a81f9e378ffae0?s=96&d=mm&r=g\",\"contentUrl\":\"https:\\\/\\\/secure.gravatar.com\\\/avatar\\\/784b5b36cfe145ae19a52340f405285a939bcc08d4a21136b3a81f9e378ffae0?s=96&d=mm&r=g\",\"caption\":\"Anders Arhammar\"},\"url\":\"https:\\\/\\\/www.arhammar.se\\\/blog\\\/author\\\/anders\\\/\"}]}<\/script>\n<!-- \/ Yoast SEO plugin. -->","yoast_head_json":{"title":"Torsdag den 19 september 1912. Det h\u00e4nder ju aldrig n\u00e5got ordentligt. - @Arhammar bokstavligen","robots":{"index":"index","follow":"follow","max-snippet":"max-snippet:-1","max-image-preview":"max-image-preview:large","max-video-preview":"max-video-preview:-1"},"canonical":"https:\/\/www.arhammar.se\/blog\/torsdag-den-19-september-1912-det-hander-ju-aldrig-nagot-ordentligt\/","og_locale":"en_US","og_type":"article","og_title":"Torsdag den 19 september 1912. Det h\u00e4nder ju aldrig n\u00e5got ordentligt. - @Arhammar bokstavligen","og_description":"Nu blir dagboken snart veckobok. Men vad skall jag skriva. Det h\u00e4nder ju aldrig n\u00e5got ordentligt. Jag g\u00e5r ut med A.L. eller Eric och promenerar ibland. De sista dagarna har det varit s\u00e5 kallt, s\u00e5 jag har haft ulstern. I eftermiddags har jag skrivit f\u00e4rdigt en uppsats om \u201cn\u00e5gra minnen fr\u00e5n v\u00e5r skolresa&#8221;. Inte \u00e4r [&hellip;]","og_url":"https:\/\/www.arhammar.se\/blog\/torsdag-den-19-september-1912-det-hander-ju-aldrig-nagot-ordentligt\/","og_site_name":"@Arhammar bokstavligen","article_published_time":"2020-02-27T21:15:35+00:00","article_modified_time":"2020-03-25T22:11:30+00:00","og_image":[{"width":640,"height":480,"url":"https:\/\/www.arhammar.se\/blog\/wp-content\/uploads\/2020\/10\/september1912.jpg","type":"image\/jpeg"}],"author":"Anders Arhammar","twitter_card":"summary_large_image","twitter_misc":{"Written by":"Anders Arhammar"},"schema":{"@context":"https:\/\/schema.org","@graph":[{"@type":"Article","@id":"https:\/\/www.arhammar.se\/blog\/torsdag-den-19-september-1912-det-hander-ju-aldrig-nagot-ordentligt\/#article","isPartOf":{"@id":"https:\/\/www.arhammar.se\/blog\/torsdag-den-19-september-1912-det-hander-ju-aldrig-nagot-ordentligt\/"},"author":{"name":"Anders Arhammar","@id":"https:\/\/www.arhammar.se\/blog\/#\/schema\/person\/061984c1d884b363e2c91550f2e00d1d"},"headline":"Torsdag den 19 september 1912. Det h\u00e4nder ju aldrig n\u00e5got ordentligt.","datePublished":"2020-02-27T21:15:35+00:00","dateModified":"2020-03-25T22:11:30+00:00","mainEntityOfPage":{"@id":"https:\/\/www.arhammar.se\/blog\/torsdag-den-19-september-1912-det-hander-ju-aldrig-nagot-ordentligt\/"},"wordCount":93,"commentCount":0,"image":{"@id":"https:\/\/www.arhammar.se\/blog\/torsdag-den-19-september-1912-det-hander-ju-aldrig-nagot-ordentligt\/#primaryimage"},"thumbnailUrl":"https:\/\/www.arhammar.se\/blog\/wp-content\/uploads\/2020\/10\/september1912.jpg","articleSection":["1912","mormors dagbok"],"inLanguage":"en-US","potentialAction":[{"@type":"CommentAction","name":"Comment","target":["https:\/\/www.arhammar.se\/blog\/torsdag-den-19-september-1912-det-hander-ju-aldrig-nagot-ordentligt\/#respond"]}]},{"@type":"WebPage","@id":"https:\/\/www.arhammar.se\/blog\/torsdag-den-19-september-1912-det-hander-ju-aldrig-nagot-ordentligt\/","url":"https:\/\/www.arhammar.se\/blog\/torsdag-den-19-september-1912-det-hander-ju-aldrig-nagot-ordentligt\/","name":"Torsdag den 19 september 1912. Det h\u00e4nder ju aldrig n\u00e5got ordentligt. - @Arhammar bokstavligen","isPartOf":{"@id":"https:\/\/www.arhammar.se\/blog\/#website"},"primaryImageOfPage":{"@id":"https:\/\/www.arhammar.se\/blog\/torsdag-den-19-september-1912-det-hander-ju-aldrig-nagot-ordentligt\/#primaryimage"},"image":{"@id":"https:\/\/www.arhammar.se\/blog\/torsdag-den-19-september-1912-det-hander-ju-aldrig-nagot-ordentligt\/#primaryimage"},"thumbnailUrl":"https:\/\/www.arhammar.se\/blog\/wp-content\/uploads\/2020\/10\/september1912.jpg","datePublished":"2020-02-27T21:15:35+00:00","dateModified":"2020-03-25T22:11:30+00:00","author":{"@id":"https:\/\/www.arhammar.se\/blog\/#\/schema\/person\/061984c1d884b363e2c91550f2e00d1d"},"breadcrumb":{"@id":"https:\/\/www.arhammar.se\/blog\/torsdag-den-19-september-1912-det-hander-ju-aldrig-nagot-ordentligt\/#breadcrumb"},"inLanguage":"en-US","potentialAction":[{"@type":"ReadAction","target":["https:\/\/www.arhammar.se\/blog\/torsdag-den-19-september-1912-det-hander-ju-aldrig-nagot-ordentligt\/"]}]},{"@type":"ImageObject","inLanguage":"en-US","@id":"https:\/\/www.arhammar.se\/blog\/torsdag-den-19-september-1912-det-hander-ju-aldrig-nagot-ordentligt\/#primaryimage","url":"https:\/\/www.arhammar.se\/blog\/wp-content\/uploads\/2020\/10\/september1912.jpg","contentUrl":"https:\/\/www.arhammar.se\/blog\/wp-content\/uploads\/2020\/10\/september1912.jpg","width":640,"height":480},{"@type":"BreadcrumbList","@id":"https:\/\/www.arhammar.se\/blog\/torsdag-den-19-september-1912-det-hander-ju-aldrig-nagot-ordentligt\/#breadcrumb","itemListElement":[{"@type":"ListItem","position":1,"name":"Home","item":"https:\/\/www.arhammar.se\/blog\/"},{"@type":"ListItem","position":2,"name":"Torsdag den 19 september 1912. Det h\u00e4nder ju aldrig n\u00e5got ordentligt."}]},{"@type":"WebSite","@id":"https:\/\/www.arhammar.se\/blog\/#website","url":"https:\/\/www.arhammar.se\/blog\/","name":"@Arhammar bokstavligen","description":"Fr\u00e5n min penna och panna","potentialAction":[{"@type":"SearchAction","target":{"@type":"EntryPoint","urlTemplate":"https:\/\/www.arhammar.se\/blog\/?s={search_term_string}"},"query-input":{"@type":"PropertyValueSpecification","valueRequired":true,"valueName":"search_term_string"}}],"inLanguage":"en-US"},{"@type":"Person","@id":"https:\/\/www.arhammar.se\/blog\/#\/schema\/person\/061984c1d884b363e2c91550f2e00d1d","name":"Anders Arhammar","image":{"@type":"ImageObject","inLanguage":"en-US","@id":"https:\/\/secure.gravatar.com\/avatar\/784b5b36cfe145ae19a52340f405285a939bcc08d4a21136b3a81f9e378ffae0?s=96&d=mm&r=g","url":"https:\/\/secure.gravatar.com\/avatar\/784b5b36cfe145ae19a52340f405285a939bcc08d4a21136b3a81f9e378ffae0?s=96&d=mm&r=g","contentUrl":"https:\/\/secure.gravatar.com\/avatar\/784b5b36cfe145ae19a52340f405285a939bcc08d4a21136b3a81f9e378ffae0?s=96&d=mm&r=g","caption":"Anders Arhammar"},"url":"https:\/\/www.arhammar.se\/blog\/author\/anders\/"}]}},"_links":{"self":[{"href":"https:\/\/www.arhammar.se\/blog\/wp-json\/wp\/v2\/posts\/26427","targetHints":{"allow":["GET"]}}],"collection":[{"href":"https:\/\/www.arhammar.se\/blog\/wp-json\/wp\/v2\/posts"}],"about":[{"href":"https:\/\/www.arhammar.se\/blog\/wp-json\/wp\/v2\/types\/post"}],"author":[{"embeddable":true,"href":"https:\/\/www.arhammar.se\/blog\/wp-json\/wp\/v2\/users\/2"}],"replies":[{"embeddable":true,"href":"https:\/\/www.arhammar.se\/blog\/wp-json\/wp\/v2\/comments?post=26427"}],"version-history":[{"count":3,"href":"https:\/\/www.arhammar.se\/blog\/wp-json\/wp\/v2\/posts\/26427\/revisions"}],"predecessor-version":[{"id":27806,"href":"https:\/\/www.arhammar.se\/blog\/wp-json\/wp\/v2\/posts\/26427\/revisions\/27806"}],"wp:featuredmedia":[{"embeddable":true,"href":"https:\/\/www.arhammar.se\/blog\/wp-json\/wp\/v2\/media\/26260"}],"wp:attachment":[{"href":"https:\/\/www.arhammar.se\/blog\/wp-json\/wp\/v2\/media?parent=26427"}],"wp:term":[{"taxonomy":"category","embeddable":true,"href":"https:\/\/www.arhammar.se\/blog\/wp-json\/wp\/v2\/categories?post=26427"},{"taxonomy":"post_tag","embeddable":true,"href":"https:\/\/www.arhammar.se\/blog\/wp-json\/wp\/v2\/tags?post=26427"}],"curies":[{"name":"wp","href":"https:\/\/api.w.org\/{rel}","templated":true}]}}