{"id":26426,"date":"2020-02-27T22:14:01","date_gmt":"2020-02-27T21:14:01","guid":{"rendered":"https:\/\/www.arhammar.se\/blog\/?p=26426"},"modified":"2020-03-07T23:01:45","modified_gmt":"2020-03-07T22:01:45","slug":"lordag-den-15-september-1912-g-dansade-utmarkt-men-sa-han-holl-fi-donc","status":"publish","type":"post","link":"https:\/\/www.arhammar.se\/blog\/lordag-den-15-september-1912-g-dansade-utmarkt-men-sa-han-holl-fi-donc\/","title":{"rendered":"L\u00f6rdag den 15 september 1912. G dansade utm\u00e4rkt, men s\u00e5 han h\u00f6ll! Fi donc!"},"content":{"rendered":"<p>S\u00e5 f\u00f6rsumlig jag blivit med dagboken! I somras, som jag skrev varenda dag! Ja, det var d\u00e5 det!! H\u00e4r h\u00e4nder ju ingenting mer \u00e4n knoget i skolk\u00f6ket och n\u00e5gon promenad i slottsskogen om kv\u00e4llarna. Jo, v\u00e4nta! P\u00e5 kv\u00e4llen kom fru D. och Ade hit, men n\u00e4r de varit h\u00e4r en liten stund, h\u00f6rde vi Franklin spela dragspel nere hos Lj. och jag gick ner stack in huvet genom tamburd\u00f6rren, bad att f\u00e5 den stiliga \u201dOfficersvalsen&#8221; och smet genast upp f\u00f6r trappan igen. Men Folke kom med och faktiskt drog in b\u00e5de mej och Naemi som stod uppe i trappan. <\/p>\n<p>D\u00e4rinne blevo vi presenterade f\u00f6r en v\u00e4ldigt stilig, som hette Gurmond. och Franklin spelade och vi dansade. G dansade utm\u00e4rkt, men s\u00e5 han h\u00f6ll! Fi donc! N\u00e4r vi \u00e4ntligen kom upp hade fru D. och Ade g\u00e5tt. Ja, jag kunde verkligen inte hj\u00e4lpat! P\u00e5 torsdag var Anna-L. och jag ute och sen gick jag med henne upp. Och vi levde rullan. <\/p>\n<p>Ig\u00e5r var A.L. h\u00e4r och drack kaffe. Jag v\u00e4lte ut hela koppen i kn\u00e4t. trevligt! Idag kom jag inte fr\u00e5n skolk\u00f6ket f\u00f6rr\u00e4n klockan 5. Jag var gr\u00e4sligt tr\u00f6tt. Iamej. Nu sitter jag och skriver till Greta J. Klockan 7. Greta N. skulle ha ringt men det har hon inte gjort.<\/p>\n<!-- AddThis Advanced Settings generic via filter on the_content --><!-- AddThis Share Buttons generic via filter on the_content -->","protected":false},"excerpt":{"rendered":"<p>S\u00e5 f\u00f6rsumlig jag blivit med dagboken! I somras, som jag skrev varenda dag! Ja, det var d\u00e5 det!! H\u00e4r h\u00e4nder ju ingenting mer \u00e4n knoget i skolk\u00f6ket och n\u00e5gon promenad i slottsskogen om kv\u00e4llarna. Jo, v\u00e4nta! P\u00e5 kv\u00e4llen kom fru D. och Ade hit, men n\u00e4r de varit h\u00e4r en liten stund, h\u00f6rde vi Franklin [&hellip;]<!-- AddThis Advanced Settings generic via filter on wp_trim_excerpt --><!-- AddThis Share Buttons generic via filter on wp_trim_excerpt --><\/p>\n","protected":false},"author":2,"featured_media":26260,"comment_status":"open","ping_status":"open","sticky":false,"template":"","format":"standard","meta":{"footnotes":""},"categories":[3437,3425],"tags":[],"class_list":["post-26426","post","type-post","status-publish","format-standard","has-post-thumbnail","hentry","category-3437","category-mormors-dagbok"],"yoast_head":"<!-- This site is optimized with the Yoast SEO plugin v27.4 - https:\/\/yoast.com\/product\/yoast-seo-wordpress\/ -->\n<title>L\u00f6rdag den 15 september 1912. G dansade utm\u00e4rkt, men s\u00e5 han h\u00f6ll! Fi donc! - @Arhammar bokstavligen<\/title>\n<meta name=\"robots\" content=\"index, follow, max-snippet:-1, max-image-preview:large, max-video-preview:-1\" \/>\n<link rel=\"canonical\" href=\"https:\/\/www.arhammar.se\/blog\/lordag-den-15-september-1912-g-dansade-utmarkt-men-sa-han-holl-fi-donc\/\" \/>\n<meta property=\"og:locale\" content=\"en_US\" \/>\n<meta property=\"og:type\" content=\"article\" \/>\n<meta property=\"og:title\" content=\"L\u00f6rdag den 15 september 1912. G dansade utm\u00e4rkt, men s\u00e5 han h\u00f6ll! Fi donc! - @Arhammar bokstavligen\" \/>\n<meta property=\"og:description\" content=\"S\u00e5 f\u00f6rsumlig jag blivit med dagboken! I somras, som jag skrev varenda dag! Ja, det var d\u00e5 det!! H\u00e4r h\u00e4nder ju ingenting mer \u00e4n knoget i skolk\u00f6ket och n\u00e5gon promenad i slottsskogen om kv\u00e4llarna. Jo, v\u00e4nta! P\u00e5 kv\u00e4llen kom fru D. och Ade hit, men n\u00e4r de varit h\u00e4r en liten stund, h\u00f6rde vi Franklin [&hellip;]\" \/>\n<meta property=\"og:url\" content=\"https:\/\/www.arhammar.se\/blog\/lordag-den-15-september-1912-g-dansade-utmarkt-men-sa-han-holl-fi-donc\/\" \/>\n<meta property=\"og:site_name\" content=\"@Arhammar bokstavligen\" \/>\n<meta property=\"article:published_time\" content=\"2020-02-27T21:14:01+00:00\" \/>\n<meta property=\"article:modified_time\" content=\"2020-03-07T22:01:45+00:00\" \/>\n<meta property=\"og:image\" content=\"https:\/\/www.arhammar.se\/blog\/wp-content\/uploads\/2020\/10\/september1912.jpg\" \/>\n\t<meta property=\"og:image:width\" content=\"640\" \/>\n\t<meta property=\"og:image:height\" content=\"480\" \/>\n\t<meta property=\"og:image:type\" content=\"image\/jpeg\" \/>\n<meta name=\"author\" content=\"Anders Arhammar\" \/>\n<meta name=\"twitter:card\" content=\"summary_large_image\" \/>\n<meta name=\"twitter:label1\" content=\"Written by\" \/>\n\t<meta name=\"twitter:data1\" content=\"Anders Arhammar\" \/>\n\t<meta name=\"twitter:label2\" content=\"Est. reading time\" \/>\n\t<meta name=\"twitter:data2\" content=\"1 minute\" \/>\n<script type=\"application\/ld+json\" class=\"yoast-schema-graph\">{\"@context\":\"https:\\\/\\\/schema.org\",\"@graph\":[{\"@type\":\"Article\",\"@id\":\"https:\\\/\\\/www.arhammar.se\\\/blog\\\/lordag-den-15-september-1912-g-dansade-utmarkt-men-sa-han-holl-fi-donc\\\/#article\",\"isPartOf\":{\"@id\":\"https:\\\/\\\/www.arhammar.se\\\/blog\\\/lordag-den-15-september-1912-g-dansade-utmarkt-men-sa-han-holl-fi-donc\\\/\"},\"author\":{\"name\":\"Anders Arhammar\",\"@id\":\"https:\\\/\\\/www.arhammar.se\\\/blog\\\/#\\\/schema\\\/person\\\/061984c1d884b363e2c91550f2e00d1d\"},\"headline\":\"L\u00f6rdag den 15 september 1912. G dansade utm\u00e4rkt, men s\u00e5 han h\u00f6ll! Fi donc!\",\"datePublished\":\"2020-02-27T21:14:01+00:00\",\"dateModified\":\"2020-03-07T22:01:45+00:00\",\"mainEntityOfPage\":{\"@id\":\"https:\\\/\\\/www.arhammar.se\\\/blog\\\/lordag-den-15-september-1912-g-dansade-utmarkt-men-sa-han-holl-fi-donc\\\/\"},\"wordCount\":256,\"commentCount\":0,\"image\":{\"@id\":\"https:\\\/\\\/www.arhammar.se\\\/blog\\\/lordag-den-15-september-1912-g-dansade-utmarkt-men-sa-han-holl-fi-donc\\\/#primaryimage\"},\"thumbnailUrl\":\"https:\\\/\\\/www.arhammar.se\\\/blog\\\/wp-content\\\/uploads\\\/2020\\\/10\\\/september1912.jpg\",\"articleSection\":[\"1912\",\"mormors dagbok\"],\"inLanguage\":\"en-US\",\"potentialAction\":[{\"@type\":\"CommentAction\",\"name\":\"Comment\",\"target\":[\"https:\\\/\\\/www.arhammar.se\\\/blog\\\/lordag-den-15-september-1912-g-dansade-utmarkt-men-sa-han-holl-fi-donc\\\/#respond\"]}]},{\"@type\":\"WebPage\",\"@id\":\"https:\\\/\\\/www.arhammar.se\\\/blog\\\/lordag-den-15-september-1912-g-dansade-utmarkt-men-sa-han-holl-fi-donc\\\/\",\"url\":\"https:\\\/\\\/www.arhammar.se\\\/blog\\\/lordag-den-15-september-1912-g-dansade-utmarkt-men-sa-han-holl-fi-donc\\\/\",\"name\":\"L\u00f6rdag den 15 september 1912. G dansade utm\u00e4rkt, men s\u00e5 han h\u00f6ll! Fi donc! - @Arhammar bokstavligen\",\"isPartOf\":{\"@id\":\"https:\\\/\\\/www.arhammar.se\\\/blog\\\/#website\"},\"primaryImageOfPage\":{\"@id\":\"https:\\\/\\\/www.arhammar.se\\\/blog\\\/lordag-den-15-september-1912-g-dansade-utmarkt-men-sa-han-holl-fi-donc\\\/#primaryimage\"},\"image\":{\"@id\":\"https:\\\/\\\/www.arhammar.se\\\/blog\\\/lordag-den-15-september-1912-g-dansade-utmarkt-men-sa-han-holl-fi-donc\\\/#primaryimage\"},\"thumbnailUrl\":\"https:\\\/\\\/www.arhammar.se\\\/blog\\\/wp-content\\\/uploads\\\/2020\\\/10\\\/september1912.jpg\",\"datePublished\":\"2020-02-27T21:14:01+00:00\",\"dateModified\":\"2020-03-07T22:01:45+00:00\",\"author\":{\"@id\":\"https:\\\/\\\/www.arhammar.se\\\/blog\\\/#\\\/schema\\\/person\\\/061984c1d884b363e2c91550f2e00d1d\"},\"breadcrumb\":{\"@id\":\"https:\\\/\\\/www.arhammar.se\\\/blog\\\/lordag-den-15-september-1912-g-dansade-utmarkt-men-sa-han-holl-fi-donc\\\/#breadcrumb\"},\"inLanguage\":\"en-US\",\"potentialAction\":[{\"@type\":\"ReadAction\",\"target\":[\"https:\\\/\\\/www.arhammar.se\\\/blog\\\/lordag-den-15-september-1912-g-dansade-utmarkt-men-sa-han-holl-fi-donc\\\/\"]}]},{\"@type\":\"ImageObject\",\"inLanguage\":\"en-US\",\"@id\":\"https:\\\/\\\/www.arhammar.se\\\/blog\\\/lordag-den-15-september-1912-g-dansade-utmarkt-men-sa-han-holl-fi-donc\\\/#primaryimage\",\"url\":\"https:\\\/\\\/www.arhammar.se\\\/blog\\\/wp-content\\\/uploads\\\/2020\\\/10\\\/september1912.jpg\",\"contentUrl\":\"https:\\\/\\\/www.arhammar.se\\\/blog\\\/wp-content\\\/uploads\\\/2020\\\/10\\\/september1912.jpg\",\"width\":640,\"height\":480},{\"@type\":\"BreadcrumbList\",\"@id\":\"https:\\\/\\\/www.arhammar.se\\\/blog\\\/lordag-den-15-september-1912-g-dansade-utmarkt-men-sa-han-holl-fi-donc\\\/#breadcrumb\",\"itemListElement\":[{\"@type\":\"ListItem\",\"position\":1,\"name\":\"Home\",\"item\":\"https:\\\/\\\/www.arhammar.se\\\/blog\\\/\"},{\"@type\":\"ListItem\",\"position\":2,\"name\":\"L\u00f6rdag den 15 september 1912. G dansade utm\u00e4rkt, men s\u00e5 han h\u00f6ll! Fi donc!\"}]},{\"@type\":\"WebSite\",\"@id\":\"https:\\\/\\\/www.arhammar.se\\\/blog\\\/#website\",\"url\":\"https:\\\/\\\/www.arhammar.se\\\/blog\\\/\",\"name\":\"@Arhammar bokstavligen\",\"description\":\"Fr\u00e5n min penna och panna\",\"potentialAction\":[{\"@type\":\"SearchAction\",\"target\":{\"@type\":\"EntryPoint\",\"urlTemplate\":\"https:\\\/\\\/www.arhammar.se\\\/blog\\\/?s={search_term_string}\"},\"query-input\":{\"@type\":\"PropertyValueSpecification\",\"valueRequired\":true,\"valueName\":\"search_term_string\"}}],\"inLanguage\":\"en-US\"},{\"@type\":\"Person\",\"@id\":\"https:\\\/\\\/www.arhammar.se\\\/blog\\\/#\\\/schema\\\/person\\\/061984c1d884b363e2c91550f2e00d1d\",\"name\":\"Anders Arhammar\",\"image\":{\"@type\":\"ImageObject\",\"inLanguage\":\"en-US\",\"@id\":\"https:\\\/\\\/secure.gravatar.com\\\/avatar\\\/784b5b36cfe145ae19a52340f405285a939bcc08d4a21136b3a81f9e378ffae0?s=96&d=mm&r=g\",\"url\":\"https:\\\/\\\/secure.gravatar.com\\\/avatar\\\/784b5b36cfe145ae19a52340f405285a939bcc08d4a21136b3a81f9e378ffae0?s=96&d=mm&r=g\",\"contentUrl\":\"https:\\\/\\\/secure.gravatar.com\\\/avatar\\\/784b5b36cfe145ae19a52340f405285a939bcc08d4a21136b3a81f9e378ffae0?s=96&d=mm&r=g\",\"caption\":\"Anders Arhammar\"},\"url\":\"https:\\\/\\\/www.arhammar.se\\\/blog\\\/author\\\/anders\\\/\"}]}<\/script>\n<!-- \/ Yoast SEO plugin. -->","yoast_head_json":{"title":"L\u00f6rdag den 15 september 1912. G dansade utm\u00e4rkt, men s\u00e5 han h\u00f6ll! Fi donc! - @Arhammar bokstavligen","robots":{"index":"index","follow":"follow","max-snippet":"max-snippet:-1","max-image-preview":"max-image-preview:large","max-video-preview":"max-video-preview:-1"},"canonical":"https:\/\/www.arhammar.se\/blog\/lordag-den-15-september-1912-g-dansade-utmarkt-men-sa-han-holl-fi-donc\/","og_locale":"en_US","og_type":"article","og_title":"L\u00f6rdag den 15 september 1912. G dansade utm\u00e4rkt, men s\u00e5 han h\u00f6ll! Fi donc! - @Arhammar bokstavligen","og_description":"S\u00e5 f\u00f6rsumlig jag blivit med dagboken! I somras, som jag skrev varenda dag! Ja, det var d\u00e5 det!! H\u00e4r h\u00e4nder ju ingenting mer \u00e4n knoget i skolk\u00f6ket och n\u00e5gon promenad i slottsskogen om kv\u00e4llarna. Jo, v\u00e4nta! P\u00e5 kv\u00e4llen kom fru D. och Ade hit, men n\u00e4r de varit h\u00e4r en liten stund, h\u00f6rde vi Franklin [&hellip;]","og_url":"https:\/\/www.arhammar.se\/blog\/lordag-den-15-september-1912-g-dansade-utmarkt-men-sa-han-holl-fi-donc\/","og_site_name":"@Arhammar bokstavligen","article_published_time":"2020-02-27T21:14:01+00:00","article_modified_time":"2020-03-07T22:01:45+00:00","og_image":[{"width":640,"height":480,"url":"https:\/\/www.arhammar.se\/blog\/wp-content\/uploads\/2020\/10\/september1912.jpg","type":"image\/jpeg"}],"author":"Anders Arhammar","twitter_card":"summary_large_image","twitter_misc":{"Written by":"Anders Arhammar","Est. reading time":"1 minute"},"schema":{"@context":"https:\/\/schema.org","@graph":[{"@type":"Article","@id":"https:\/\/www.arhammar.se\/blog\/lordag-den-15-september-1912-g-dansade-utmarkt-men-sa-han-holl-fi-donc\/#article","isPartOf":{"@id":"https:\/\/www.arhammar.se\/blog\/lordag-den-15-september-1912-g-dansade-utmarkt-men-sa-han-holl-fi-donc\/"},"author":{"name":"Anders Arhammar","@id":"https:\/\/www.arhammar.se\/blog\/#\/schema\/person\/061984c1d884b363e2c91550f2e00d1d"},"headline":"L\u00f6rdag den 15 september 1912. G dansade utm\u00e4rkt, men s\u00e5 han h\u00f6ll! Fi donc!","datePublished":"2020-02-27T21:14:01+00:00","dateModified":"2020-03-07T22:01:45+00:00","mainEntityOfPage":{"@id":"https:\/\/www.arhammar.se\/blog\/lordag-den-15-september-1912-g-dansade-utmarkt-men-sa-han-holl-fi-donc\/"},"wordCount":256,"commentCount":0,"image":{"@id":"https:\/\/www.arhammar.se\/blog\/lordag-den-15-september-1912-g-dansade-utmarkt-men-sa-han-holl-fi-donc\/#primaryimage"},"thumbnailUrl":"https:\/\/www.arhammar.se\/blog\/wp-content\/uploads\/2020\/10\/september1912.jpg","articleSection":["1912","mormors dagbok"],"inLanguage":"en-US","potentialAction":[{"@type":"CommentAction","name":"Comment","target":["https:\/\/www.arhammar.se\/blog\/lordag-den-15-september-1912-g-dansade-utmarkt-men-sa-han-holl-fi-donc\/#respond"]}]},{"@type":"WebPage","@id":"https:\/\/www.arhammar.se\/blog\/lordag-den-15-september-1912-g-dansade-utmarkt-men-sa-han-holl-fi-donc\/","url":"https:\/\/www.arhammar.se\/blog\/lordag-den-15-september-1912-g-dansade-utmarkt-men-sa-han-holl-fi-donc\/","name":"L\u00f6rdag den 15 september 1912. G dansade utm\u00e4rkt, men s\u00e5 han h\u00f6ll! Fi donc! - @Arhammar bokstavligen","isPartOf":{"@id":"https:\/\/www.arhammar.se\/blog\/#website"},"primaryImageOfPage":{"@id":"https:\/\/www.arhammar.se\/blog\/lordag-den-15-september-1912-g-dansade-utmarkt-men-sa-han-holl-fi-donc\/#primaryimage"},"image":{"@id":"https:\/\/www.arhammar.se\/blog\/lordag-den-15-september-1912-g-dansade-utmarkt-men-sa-han-holl-fi-donc\/#primaryimage"},"thumbnailUrl":"https:\/\/www.arhammar.se\/blog\/wp-content\/uploads\/2020\/10\/september1912.jpg","datePublished":"2020-02-27T21:14:01+00:00","dateModified":"2020-03-07T22:01:45+00:00","author":{"@id":"https:\/\/www.arhammar.se\/blog\/#\/schema\/person\/061984c1d884b363e2c91550f2e00d1d"},"breadcrumb":{"@id":"https:\/\/www.arhammar.se\/blog\/lordag-den-15-september-1912-g-dansade-utmarkt-men-sa-han-holl-fi-donc\/#breadcrumb"},"inLanguage":"en-US","potentialAction":[{"@type":"ReadAction","target":["https:\/\/www.arhammar.se\/blog\/lordag-den-15-september-1912-g-dansade-utmarkt-men-sa-han-holl-fi-donc\/"]}]},{"@type":"ImageObject","inLanguage":"en-US","@id":"https:\/\/www.arhammar.se\/blog\/lordag-den-15-september-1912-g-dansade-utmarkt-men-sa-han-holl-fi-donc\/#primaryimage","url":"https:\/\/www.arhammar.se\/blog\/wp-content\/uploads\/2020\/10\/september1912.jpg","contentUrl":"https:\/\/www.arhammar.se\/blog\/wp-content\/uploads\/2020\/10\/september1912.jpg","width":640,"height":480},{"@type":"BreadcrumbList","@id":"https:\/\/www.arhammar.se\/blog\/lordag-den-15-september-1912-g-dansade-utmarkt-men-sa-han-holl-fi-donc\/#breadcrumb","itemListElement":[{"@type":"ListItem","position":1,"name":"Home","item":"https:\/\/www.arhammar.se\/blog\/"},{"@type":"ListItem","position":2,"name":"L\u00f6rdag den 15 september 1912. G dansade utm\u00e4rkt, men s\u00e5 han h\u00f6ll! Fi donc!"}]},{"@type":"WebSite","@id":"https:\/\/www.arhammar.se\/blog\/#website","url":"https:\/\/www.arhammar.se\/blog\/","name":"@Arhammar bokstavligen","description":"Fr\u00e5n min penna och panna","potentialAction":[{"@type":"SearchAction","target":{"@type":"EntryPoint","urlTemplate":"https:\/\/www.arhammar.se\/blog\/?s={search_term_string}"},"query-input":{"@type":"PropertyValueSpecification","valueRequired":true,"valueName":"search_term_string"}}],"inLanguage":"en-US"},{"@type":"Person","@id":"https:\/\/www.arhammar.se\/blog\/#\/schema\/person\/061984c1d884b363e2c91550f2e00d1d","name":"Anders Arhammar","image":{"@type":"ImageObject","inLanguage":"en-US","@id":"https:\/\/secure.gravatar.com\/avatar\/784b5b36cfe145ae19a52340f405285a939bcc08d4a21136b3a81f9e378ffae0?s=96&d=mm&r=g","url":"https:\/\/secure.gravatar.com\/avatar\/784b5b36cfe145ae19a52340f405285a939bcc08d4a21136b3a81f9e378ffae0?s=96&d=mm&r=g","contentUrl":"https:\/\/secure.gravatar.com\/avatar\/784b5b36cfe145ae19a52340f405285a939bcc08d4a21136b3a81f9e378ffae0?s=96&d=mm&r=g","caption":"Anders Arhammar"},"url":"https:\/\/www.arhammar.se\/blog\/author\/anders\/"}]}},"_links":{"self":[{"href":"https:\/\/www.arhammar.se\/blog\/wp-json\/wp\/v2\/posts\/26426","targetHints":{"allow":["GET"]}}],"collection":[{"href":"https:\/\/www.arhammar.se\/blog\/wp-json\/wp\/v2\/posts"}],"about":[{"href":"https:\/\/www.arhammar.se\/blog\/wp-json\/wp\/v2\/types\/post"}],"author":[{"embeddable":true,"href":"https:\/\/www.arhammar.se\/blog\/wp-json\/wp\/v2\/users\/2"}],"replies":[{"embeddable":true,"href":"https:\/\/www.arhammar.se\/blog\/wp-json\/wp\/v2\/comments?post=26426"}],"version-history":[{"count":2,"href":"https:\/\/www.arhammar.se\/blog\/wp-json\/wp\/v2\/posts\/26426\/revisions"}],"predecessor-version":[{"id":26797,"href":"https:\/\/www.arhammar.se\/blog\/wp-json\/wp\/v2\/posts\/26426\/revisions\/26797"}],"wp:featuredmedia":[{"embeddable":true,"href":"https:\/\/www.arhammar.se\/blog\/wp-json\/wp\/v2\/media\/26260"}],"wp:attachment":[{"href":"https:\/\/www.arhammar.se\/blog\/wp-json\/wp\/v2\/media?parent=26426"}],"wp:term":[{"taxonomy":"category","embeddable":true,"href":"https:\/\/www.arhammar.se\/blog\/wp-json\/wp\/v2\/categories?post=26426"},{"taxonomy":"post_tag","embeddable":true,"href":"https:\/\/www.arhammar.se\/blog\/wp-json\/wp\/v2\/tags?post=26426"}],"curies":[{"name":"wp","href":"https:\/\/api.w.org\/{rel}","templated":true}]}}