{"id":26413,"date":"2020-02-27T22:09:57","date_gmt":"2020-02-27T21:09:57","guid":{"rendered":"https:\/\/www.arhammar.se\/blog\/?p=26413"},"modified":"2020-03-07T22:56:06","modified_gmt":"2020-03-07T21:56:06","slug":"tisdag-den-3-september-1912-idag-traffade-jag-bertil-nar-jag-gick-fran-skolan-han-var-fortjusande","status":"publish","type":"post","link":"https:\/\/www.arhammar.se\/blog\/tisdag-den-3-september-1912-idag-traffade-jag-bertil-nar-jag-gick-fran-skolan-han-var-fortjusande\/","title":{"rendered":"Tisdag den 3 september 1912. Idag tr\u00e4ffade jag Bertil, n\u00e4r jag gick fr\u00e5n skolan. Han var f\u00f6rtjusande."},"content":{"rendered":"<p>Bevars v\u00e4l vad tiden k\u00f6r iv\u00e4g! Vart taga alla dagar v\u00e4gen? Redan i september! och jag tycker att det var som ig\u00e5r, n\u00e4r vi hade slutat skolan och skulle ut p\u00e5 skolresan. H\u00e5 h\u00e5, ja ja. P\u00e5 s\u00f6ndag eftermiddag var jag hos kyrkoherden. Det var s\u00e5 d\u00e4r t\u00e4mligen roligt. Sedan promenerade Tora och jag i Slottsskogen och h\u00f6rde p\u00e5 musiken. P\u00e5 f\u00f6rmiddagen var jag hos Anna-Lisa. P\u00e5 kv\u00e4llen var jag ute med G\u00f6sta. F\u00f6rst skulle vi g\u00e5 till &#8220;Cosmos&#8221;, men n\u00e4r vi kommit till teatern \u00e4ndrade vi oss och skulle g\u00e5 till &#8220;Nyan&#8221; och se &#8220;V\u00e4ckaruret&#8221;. N\u00e4r vi kom dit spelade d\u00e4r &#8220;John Hall&#8221; och det hade b\u00f6rjat klockan 8. Klockan var nio. D\u00e5 ville jag g\u00e5 hem, men det fick jag inte, utan vi tog sp\u00e5rvagn till &#8220;Cosmos&#8221;. N\u00e4sta f\u00f6rest\u00e4llning b\u00f6rjar klockan 10 hette det d\u00e4r. D\u00e5 gick vi till &#8220;Kronan&#8221; och d\u00e4r vi fingo de sista platserna. Kommo hem klockan tio. <\/p>\n<p>P\u00e5 m\u00e5ndag var jag f\u00f6rf\u00e4rligt tr\u00f6tt, n\u00e4r jag kom hem fr\u00e5n skolan. P\u00e5 eftermiddagen voro Elsa och jag och promenerade i slottsskogen och sedan i Vasa all\u00e9n. Idag tr\u00e4ffade jag Bertil, n\u00e4r jag gick fr\u00e5n skolan. Han var f\u00f6rtjusande, f\u00f6ljde mig \u00e4nda hem. Ikv\u00e4ll ha Naemi och jag promenerat i slottsskogen och h\u00f6rt p\u00e5 musiken. D\u00e4r var h\u00e4rligt och stj\u00e4rnklart, jag s\u00e5g en alldeles r\u00f6d stj\u00e4rna. Men jag t\u00e4nkte med vemod p\u00e5 Sulvik &#8211; ack, vad jag l\u00e4ngtar dit.<\/p>\n<!-- AddThis Advanced Settings generic via filter on the_content --><!-- AddThis Share Buttons generic via filter on the_content -->","protected":false},"excerpt":{"rendered":"<p>Bevars v\u00e4l vad tiden k\u00f6r iv\u00e4g! Vart taga alla dagar v\u00e4gen? Redan i september! och jag tycker att det var som ig\u00e5r, n\u00e4r vi hade slutat skolan och skulle ut p\u00e5 skolresan. H\u00e5 h\u00e5, ja ja. P\u00e5 s\u00f6ndag eftermiddag var jag hos kyrkoherden. Det var s\u00e5 d\u00e4r t\u00e4mligen roligt. Sedan promenerade Tora och jag i [&hellip;]<!-- AddThis Advanced Settings generic via filter on wp_trim_excerpt --><!-- AddThis Share Buttons generic via filter on wp_trim_excerpt --><\/p>\n","protected":false},"author":2,"featured_media":26260,"comment_status":"open","ping_status":"open","sticky":false,"template":"","format":"standard","meta":{"footnotes":""},"categories":[3437,3425],"tags":[],"class_list":["post-26413","post","type-post","status-publish","format-standard","has-post-thumbnail","hentry","category-3437","category-mormors-dagbok"],"yoast_head":"<!-- This site is optimized with the Yoast SEO plugin v27.4 - https:\/\/yoast.com\/product\/yoast-seo-wordpress\/ -->\n<title>Tisdag den 3 september 1912. Idag tr\u00e4ffade jag Bertil, n\u00e4r jag gick fr\u00e5n skolan. Han var f\u00f6rtjusande. - @Arhammar bokstavligen<\/title>\n<meta name=\"robots\" content=\"index, follow, max-snippet:-1, max-image-preview:large, max-video-preview:-1\" \/>\n<link rel=\"canonical\" href=\"https:\/\/www.arhammar.se\/blog\/tisdag-den-3-september-1912-idag-traffade-jag-bertil-nar-jag-gick-fran-skolan-han-var-fortjusande\/\" \/>\n<meta property=\"og:locale\" content=\"en_US\" \/>\n<meta property=\"og:type\" content=\"article\" \/>\n<meta property=\"og:title\" content=\"Tisdag den 3 september 1912. Idag tr\u00e4ffade jag Bertil, n\u00e4r jag gick fr\u00e5n skolan. Han var f\u00f6rtjusande. - @Arhammar bokstavligen\" \/>\n<meta property=\"og:description\" content=\"Bevars v\u00e4l vad tiden k\u00f6r iv\u00e4g! Vart taga alla dagar v\u00e4gen? Redan i september! och jag tycker att det var som ig\u00e5r, n\u00e4r vi hade slutat skolan och skulle ut p\u00e5 skolresan. H\u00e5 h\u00e5, ja ja. P\u00e5 s\u00f6ndag eftermiddag var jag hos kyrkoherden. Det var s\u00e5 d\u00e4r t\u00e4mligen roligt. Sedan promenerade Tora och jag i [&hellip;]\" \/>\n<meta property=\"og:url\" content=\"https:\/\/www.arhammar.se\/blog\/tisdag-den-3-september-1912-idag-traffade-jag-bertil-nar-jag-gick-fran-skolan-han-var-fortjusande\/\" \/>\n<meta property=\"og:site_name\" content=\"@Arhammar bokstavligen\" \/>\n<meta property=\"article:published_time\" content=\"2020-02-27T21:09:57+00:00\" \/>\n<meta property=\"article:modified_time\" content=\"2020-03-07T21:56:06+00:00\" \/>\n<meta property=\"og:image\" content=\"https:\/\/www.arhammar.se\/blog\/wp-content\/uploads\/2020\/10\/september1912.jpg\" \/>\n\t<meta property=\"og:image:width\" content=\"640\" \/>\n\t<meta property=\"og:image:height\" content=\"480\" \/>\n\t<meta property=\"og:image:type\" content=\"image\/jpeg\" \/>\n<meta name=\"author\" content=\"Anders Arhammar\" \/>\n<meta name=\"twitter:card\" content=\"summary_large_image\" \/>\n<meta name=\"twitter:label1\" content=\"Written by\" \/>\n\t<meta name=\"twitter:data1\" content=\"Anders Arhammar\" \/>\n\t<meta name=\"twitter:label2\" content=\"Est. reading time\" \/>\n\t<meta name=\"twitter:data2\" content=\"1 minute\" \/>\n<script type=\"application\/ld+json\" class=\"yoast-schema-graph\">{\"@context\":\"https:\\\/\\\/schema.org\",\"@graph\":[{\"@type\":\"Article\",\"@id\":\"https:\\\/\\\/www.arhammar.se\\\/blog\\\/tisdag-den-3-september-1912-idag-traffade-jag-bertil-nar-jag-gick-fran-skolan-han-var-fortjusande\\\/#article\",\"isPartOf\":{\"@id\":\"https:\\\/\\\/www.arhammar.se\\\/blog\\\/tisdag-den-3-september-1912-idag-traffade-jag-bertil-nar-jag-gick-fran-skolan-han-var-fortjusande\\\/\"},\"author\":{\"name\":\"Anders Arhammar\",\"@id\":\"https:\\\/\\\/www.arhammar.se\\\/blog\\\/#\\\/schema\\\/person\\\/061984c1d884b363e2c91550f2e00d1d\"},\"headline\":\"Tisdag den 3 september 1912. Idag tr\u00e4ffade jag Bertil, n\u00e4r jag gick fr\u00e5n skolan. Han var f\u00f6rtjusande.\",\"datePublished\":\"2020-02-27T21:09:57+00:00\",\"dateModified\":\"2020-03-07T21:56:06+00:00\",\"mainEntityOfPage\":{\"@id\":\"https:\\\/\\\/www.arhammar.se\\\/blog\\\/tisdag-den-3-september-1912-idag-traffade-jag-bertil-nar-jag-gick-fran-skolan-han-var-fortjusande\\\/\"},\"wordCount\":297,\"commentCount\":0,\"image\":{\"@id\":\"https:\\\/\\\/www.arhammar.se\\\/blog\\\/tisdag-den-3-september-1912-idag-traffade-jag-bertil-nar-jag-gick-fran-skolan-han-var-fortjusande\\\/#primaryimage\"},\"thumbnailUrl\":\"https:\\\/\\\/www.arhammar.se\\\/blog\\\/wp-content\\\/uploads\\\/2020\\\/10\\\/september1912.jpg\",\"articleSection\":[\"1912\",\"mormors dagbok\"],\"inLanguage\":\"en-US\",\"potentialAction\":[{\"@type\":\"CommentAction\",\"name\":\"Comment\",\"target\":[\"https:\\\/\\\/www.arhammar.se\\\/blog\\\/tisdag-den-3-september-1912-idag-traffade-jag-bertil-nar-jag-gick-fran-skolan-han-var-fortjusande\\\/#respond\"]}]},{\"@type\":\"WebPage\",\"@id\":\"https:\\\/\\\/www.arhammar.se\\\/blog\\\/tisdag-den-3-september-1912-idag-traffade-jag-bertil-nar-jag-gick-fran-skolan-han-var-fortjusande\\\/\",\"url\":\"https:\\\/\\\/www.arhammar.se\\\/blog\\\/tisdag-den-3-september-1912-idag-traffade-jag-bertil-nar-jag-gick-fran-skolan-han-var-fortjusande\\\/\",\"name\":\"Tisdag den 3 september 1912. Idag tr\u00e4ffade jag Bertil, n\u00e4r jag gick fr\u00e5n skolan. Han var f\u00f6rtjusande. - @Arhammar bokstavligen\",\"isPartOf\":{\"@id\":\"https:\\\/\\\/www.arhammar.se\\\/blog\\\/#website\"},\"primaryImageOfPage\":{\"@id\":\"https:\\\/\\\/www.arhammar.se\\\/blog\\\/tisdag-den-3-september-1912-idag-traffade-jag-bertil-nar-jag-gick-fran-skolan-han-var-fortjusande\\\/#primaryimage\"},\"image\":{\"@id\":\"https:\\\/\\\/www.arhammar.se\\\/blog\\\/tisdag-den-3-september-1912-idag-traffade-jag-bertil-nar-jag-gick-fran-skolan-han-var-fortjusande\\\/#primaryimage\"},\"thumbnailUrl\":\"https:\\\/\\\/www.arhammar.se\\\/blog\\\/wp-content\\\/uploads\\\/2020\\\/10\\\/september1912.jpg\",\"datePublished\":\"2020-02-27T21:09:57+00:00\",\"dateModified\":\"2020-03-07T21:56:06+00:00\",\"author\":{\"@id\":\"https:\\\/\\\/www.arhammar.se\\\/blog\\\/#\\\/schema\\\/person\\\/061984c1d884b363e2c91550f2e00d1d\"},\"breadcrumb\":{\"@id\":\"https:\\\/\\\/www.arhammar.se\\\/blog\\\/tisdag-den-3-september-1912-idag-traffade-jag-bertil-nar-jag-gick-fran-skolan-han-var-fortjusande\\\/#breadcrumb\"},\"inLanguage\":\"en-US\",\"potentialAction\":[{\"@type\":\"ReadAction\",\"target\":[\"https:\\\/\\\/www.arhammar.se\\\/blog\\\/tisdag-den-3-september-1912-idag-traffade-jag-bertil-nar-jag-gick-fran-skolan-han-var-fortjusande\\\/\"]}]},{\"@type\":\"ImageObject\",\"inLanguage\":\"en-US\",\"@id\":\"https:\\\/\\\/www.arhammar.se\\\/blog\\\/tisdag-den-3-september-1912-idag-traffade-jag-bertil-nar-jag-gick-fran-skolan-han-var-fortjusande\\\/#primaryimage\",\"url\":\"https:\\\/\\\/www.arhammar.se\\\/blog\\\/wp-content\\\/uploads\\\/2020\\\/10\\\/september1912.jpg\",\"contentUrl\":\"https:\\\/\\\/www.arhammar.se\\\/blog\\\/wp-content\\\/uploads\\\/2020\\\/10\\\/september1912.jpg\",\"width\":640,\"height\":480},{\"@type\":\"BreadcrumbList\",\"@id\":\"https:\\\/\\\/www.arhammar.se\\\/blog\\\/tisdag-den-3-september-1912-idag-traffade-jag-bertil-nar-jag-gick-fran-skolan-han-var-fortjusande\\\/#breadcrumb\",\"itemListElement\":[{\"@type\":\"ListItem\",\"position\":1,\"name\":\"Home\",\"item\":\"https:\\\/\\\/www.arhammar.se\\\/blog\\\/\"},{\"@type\":\"ListItem\",\"position\":2,\"name\":\"Tisdag den 3 september 1912. Idag tr\u00e4ffade jag Bertil, n\u00e4r jag gick fr\u00e5n skolan. Han var f\u00f6rtjusande.\"}]},{\"@type\":\"WebSite\",\"@id\":\"https:\\\/\\\/www.arhammar.se\\\/blog\\\/#website\",\"url\":\"https:\\\/\\\/www.arhammar.se\\\/blog\\\/\",\"name\":\"@Arhammar bokstavligen\",\"description\":\"Fr\u00e5n min penna och panna\",\"potentialAction\":[{\"@type\":\"SearchAction\",\"target\":{\"@type\":\"EntryPoint\",\"urlTemplate\":\"https:\\\/\\\/www.arhammar.se\\\/blog\\\/?s={search_term_string}\"},\"query-input\":{\"@type\":\"PropertyValueSpecification\",\"valueRequired\":true,\"valueName\":\"search_term_string\"}}],\"inLanguage\":\"en-US\"},{\"@type\":\"Person\",\"@id\":\"https:\\\/\\\/www.arhammar.se\\\/blog\\\/#\\\/schema\\\/person\\\/061984c1d884b363e2c91550f2e00d1d\",\"name\":\"Anders Arhammar\",\"image\":{\"@type\":\"ImageObject\",\"inLanguage\":\"en-US\",\"@id\":\"https:\\\/\\\/secure.gravatar.com\\\/avatar\\\/784b5b36cfe145ae19a52340f405285a939bcc08d4a21136b3a81f9e378ffae0?s=96&d=mm&r=g\",\"url\":\"https:\\\/\\\/secure.gravatar.com\\\/avatar\\\/784b5b36cfe145ae19a52340f405285a939bcc08d4a21136b3a81f9e378ffae0?s=96&d=mm&r=g\",\"contentUrl\":\"https:\\\/\\\/secure.gravatar.com\\\/avatar\\\/784b5b36cfe145ae19a52340f405285a939bcc08d4a21136b3a81f9e378ffae0?s=96&d=mm&r=g\",\"caption\":\"Anders Arhammar\"},\"url\":\"https:\\\/\\\/www.arhammar.se\\\/blog\\\/author\\\/anders\\\/\"}]}<\/script>\n<!-- \/ Yoast SEO plugin. -->","yoast_head_json":{"title":"Tisdag den 3 september 1912. Idag tr\u00e4ffade jag Bertil, n\u00e4r jag gick fr\u00e5n skolan. Han var f\u00f6rtjusande. - @Arhammar bokstavligen","robots":{"index":"index","follow":"follow","max-snippet":"max-snippet:-1","max-image-preview":"max-image-preview:large","max-video-preview":"max-video-preview:-1"},"canonical":"https:\/\/www.arhammar.se\/blog\/tisdag-den-3-september-1912-idag-traffade-jag-bertil-nar-jag-gick-fran-skolan-han-var-fortjusande\/","og_locale":"en_US","og_type":"article","og_title":"Tisdag den 3 september 1912. Idag tr\u00e4ffade jag Bertil, n\u00e4r jag gick fr\u00e5n skolan. Han var f\u00f6rtjusande. - @Arhammar bokstavligen","og_description":"Bevars v\u00e4l vad tiden k\u00f6r iv\u00e4g! Vart taga alla dagar v\u00e4gen? Redan i september! och jag tycker att det var som ig\u00e5r, n\u00e4r vi hade slutat skolan och skulle ut p\u00e5 skolresan. H\u00e5 h\u00e5, ja ja. P\u00e5 s\u00f6ndag eftermiddag var jag hos kyrkoherden. Det var s\u00e5 d\u00e4r t\u00e4mligen roligt. Sedan promenerade Tora och jag i [&hellip;]","og_url":"https:\/\/www.arhammar.se\/blog\/tisdag-den-3-september-1912-idag-traffade-jag-bertil-nar-jag-gick-fran-skolan-han-var-fortjusande\/","og_site_name":"@Arhammar bokstavligen","article_published_time":"2020-02-27T21:09:57+00:00","article_modified_time":"2020-03-07T21:56:06+00:00","og_image":[{"width":640,"height":480,"url":"https:\/\/www.arhammar.se\/blog\/wp-content\/uploads\/2020\/10\/september1912.jpg","type":"image\/jpeg"}],"author":"Anders Arhammar","twitter_card":"summary_large_image","twitter_misc":{"Written by":"Anders Arhammar","Est. reading time":"1 minute"},"schema":{"@context":"https:\/\/schema.org","@graph":[{"@type":"Article","@id":"https:\/\/www.arhammar.se\/blog\/tisdag-den-3-september-1912-idag-traffade-jag-bertil-nar-jag-gick-fran-skolan-han-var-fortjusande\/#article","isPartOf":{"@id":"https:\/\/www.arhammar.se\/blog\/tisdag-den-3-september-1912-idag-traffade-jag-bertil-nar-jag-gick-fran-skolan-han-var-fortjusande\/"},"author":{"name":"Anders Arhammar","@id":"https:\/\/www.arhammar.se\/blog\/#\/schema\/person\/061984c1d884b363e2c91550f2e00d1d"},"headline":"Tisdag den 3 september 1912. Idag tr\u00e4ffade jag Bertil, n\u00e4r jag gick fr\u00e5n skolan. Han var f\u00f6rtjusande.","datePublished":"2020-02-27T21:09:57+00:00","dateModified":"2020-03-07T21:56:06+00:00","mainEntityOfPage":{"@id":"https:\/\/www.arhammar.se\/blog\/tisdag-den-3-september-1912-idag-traffade-jag-bertil-nar-jag-gick-fran-skolan-han-var-fortjusande\/"},"wordCount":297,"commentCount":0,"image":{"@id":"https:\/\/www.arhammar.se\/blog\/tisdag-den-3-september-1912-idag-traffade-jag-bertil-nar-jag-gick-fran-skolan-han-var-fortjusande\/#primaryimage"},"thumbnailUrl":"https:\/\/www.arhammar.se\/blog\/wp-content\/uploads\/2020\/10\/september1912.jpg","articleSection":["1912","mormors dagbok"],"inLanguage":"en-US","potentialAction":[{"@type":"CommentAction","name":"Comment","target":["https:\/\/www.arhammar.se\/blog\/tisdag-den-3-september-1912-idag-traffade-jag-bertil-nar-jag-gick-fran-skolan-han-var-fortjusande\/#respond"]}]},{"@type":"WebPage","@id":"https:\/\/www.arhammar.se\/blog\/tisdag-den-3-september-1912-idag-traffade-jag-bertil-nar-jag-gick-fran-skolan-han-var-fortjusande\/","url":"https:\/\/www.arhammar.se\/blog\/tisdag-den-3-september-1912-idag-traffade-jag-bertil-nar-jag-gick-fran-skolan-han-var-fortjusande\/","name":"Tisdag den 3 september 1912. Idag tr\u00e4ffade jag Bertil, n\u00e4r jag gick fr\u00e5n skolan. Han var f\u00f6rtjusande. - @Arhammar bokstavligen","isPartOf":{"@id":"https:\/\/www.arhammar.se\/blog\/#website"},"primaryImageOfPage":{"@id":"https:\/\/www.arhammar.se\/blog\/tisdag-den-3-september-1912-idag-traffade-jag-bertil-nar-jag-gick-fran-skolan-han-var-fortjusande\/#primaryimage"},"image":{"@id":"https:\/\/www.arhammar.se\/blog\/tisdag-den-3-september-1912-idag-traffade-jag-bertil-nar-jag-gick-fran-skolan-han-var-fortjusande\/#primaryimage"},"thumbnailUrl":"https:\/\/www.arhammar.se\/blog\/wp-content\/uploads\/2020\/10\/september1912.jpg","datePublished":"2020-02-27T21:09:57+00:00","dateModified":"2020-03-07T21:56:06+00:00","author":{"@id":"https:\/\/www.arhammar.se\/blog\/#\/schema\/person\/061984c1d884b363e2c91550f2e00d1d"},"breadcrumb":{"@id":"https:\/\/www.arhammar.se\/blog\/tisdag-den-3-september-1912-idag-traffade-jag-bertil-nar-jag-gick-fran-skolan-han-var-fortjusande\/#breadcrumb"},"inLanguage":"en-US","potentialAction":[{"@type":"ReadAction","target":["https:\/\/www.arhammar.se\/blog\/tisdag-den-3-september-1912-idag-traffade-jag-bertil-nar-jag-gick-fran-skolan-han-var-fortjusande\/"]}]},{"@type":"ImageObject","inLanguage":"en-US","@id":"https:\/\/www.arhammar.se\/blog\/tisdag-den-3-september-1912-idag-traffade-jag-bertil-nar-jag-gick-fran-skolan-han-var-fortjusande\/#primaryimage","url":"https:\/\/www.arhammar.se\/blog\/wp-content\/uploads\/2020\/10\/september1912.jpg","contentUrl":"https:\/\/www.arhammar.se\/blog\/wp-content\/uploads\/2020\/10\/september1912.jpg","width":640,"height":480},{"@type":"BreadcrumbList","@id":"https:\/\/www.arhammar.se\/blog\/tisdag-den-3-september-1912-idag-traffade-jag-bertil-nar-jag-gick-fran-skolan-han-var-fortjusande\/#breadcrumb","itemListElement":[{"@type":"ListItem","position":1,"name":"Home","item":"https:\/\/www.arhammar.se\/blog\/"},{"@type":"ListItem","position":2,"name":"Tisdag den 3 september 1912. Idag tr\u00e4ffade jag Bertil, n\u00e4r jag gick fr\u00e5n skolan. Han var f\u00f6rtjusande."}]},{"@type":"WebSite","@id":"https:\/\/www.arhammar.se\/blog\/#website","url":"https:\/\/www.arhammar.se\/blog\/","name":"@Arhammar bokstavligen","description":"Fr\u00e5n min penna och panna","potentialAction":[{"@type":"SearchAction","target":{"@type":"EntryPoint","urlTemplate":"https:\/\/www.arhammar.se\/blog\/?s={search_term_string}"},"query-input":{"@type":"PropertyValueSpecification","valueRequired":true,"valueName":"search_term_string"}}],"inLanguage":"en-US"},{"@type":"Person","@id":"https:\/\/www.arhammar.se\/blog\/#\/schema\/person\/061984c1d884b363e2c91550f2e00d1d","name":"Anders Arhammar","image":{"@type":"ImageObject","inLanguage":"en-US","@id":"https:\/\/secure.gravatar.com\/avatar\/784b5b36cfe145ae19a52340f405285a939bcc08d4a21136b3a81f9e378ffae0?s=96&d=mm&r=g","url":"https:\/\/secure.gravatar.com\/avatar\/784b5b36cfe145ae19a52340f405285a939bcc08d4a21136b3a81f9e378ffae0?s=96&d=mm&r=g","contentUrl":"https:\/\/secure.gravatar.com\/avatar\/784b5b36cfe145ae19a52340f405285a939bcc08d4a21136b3a81f9e378ffae0?s=96&d=mm&r=g","caption":"Anders Arhammar"},"url":"https:\/\/www.arhammar.se\/blog\/author\/anders\/"}]}},"_links":{"self":[{"href":"https:\/\/www.arhammar.se\/blog\/wp-json\/wp\/v2\/posts\/26413","targetHints":{"allow":["GET"]}}],"collection":[{"href":"https:\/\/www.arhammar.se\/blog\/wp-json\/wp\/v2\/posts"}],"about":[{"href":"https:\/\/www.arhammar.se\/blog\/wp-json\/wp\/v2\/types\/post"}],"author":[{"embeddable":true,"href":"https:\/\/www.arhammar.se\/blog\/wp-json\/wp\/v2\/users\/2"}],"replies":[{"embeddable":true,"href":"https:\/\/www.arhammar.se\/blog\/wp-json\/wp\/v2\/comments?post=26413"}],"version-history":[{"count":2,"href":"https:\/\/www.arhammar.se\/blog\/wp-json\/wp\/v2\/posts\/26413\/revisions"}],"predecessor-version":[{"id":26794,"href":"https:\/\/www.arhammar.se\/blog\/wp-json\/wp\/v2\/posts\/26413\/revisions\/26794"}],"wp:featuredmedia":[{"embeddable":true,"href":"https:\/\/www.arhammar.se\/blog\/wp-json\/wp\/v2\/media\/26260"}],"wp:attachment":[{"href":"https:\/\/www.arhammar.se\/blog\/wp-json\/wp\/v2\/media?parent=26413"}],"wp:term":[{"taxonomy":"category","embeddable":true,"href":"https:\/\/www.arhammar.se\/blog\/wp-json\/wp\/v2\/categories?post=26413"},{"taxonomy":"post_tag","embeddable":true,"href":"https:\/\/www.arhammar.se\/blog\/wp-json\/wp\/v2\/tags?post=26413"}],"curies":[{"name":"wp","href":"https:\/\/api.w.org\/{rel}","templated":true}]}}