{"id":26409,"date":"2020-02-26T23:39:26","date_gmt":"2020-02-26T22:39:26","guid":{"rendered":"https:\/\/www.arhammar.se\/blog\/?p=26409"},"modified":"2020-03-25T22:54:19","modified_gmt":"2020-03-25T21:54:19","slug":"mandag-den-26-augusti-1912-hur-forfarligt-sorgsen-jag-ar","status":"publish","type":"post","link":"https:\/\/www.arhammar.se\/blog\/mandag-den-26-augusti-1912-hur-forfarligt-sorgsen-jag-ar\/","title":{"rendered":"M\u00e5ndag den 26 augusti 1912. Hur f\u00f6rf\u00e4rligt sorgsen jag \u00e4r."},"content":{"rendered":"<p>I l\u00f6rdags hade vi ett v\u00e4ldigt sch\u00e5 h\u00e4r. Vi skurade och bakade och str\u00f6k. Greta bakade socker- och jag pepparkakor, som vi skulle ha sedan p\u00e5 s\u00f6ndag. V\u00e4dret var f\u00f6rtjusande liksom p\u00e5 fredagen. <\/p>\n<p>Ig\u00e5r eftermiddag voro Greta och jag med Janne vid Vennersdal och s\u00e5g p\u00e5 skjutningarna. En major Afzelius var d\u00e4r och r\u00e4tt som vi sutto bakom en buske och en g\u00e4rdsg\u00e5rd i l\u00e4 f\u00f6r de flesta nyfikna blickar, kom han fram och st\u00e4llde sig vid g\u00e4rdsg\u00e5rden och pratade med oss. Han var rysligt ful. <\/p>\n<p>Mamma, Rut, Janne och sm\u00e5barnen voro vid kyrkan p\u00e5 f\u00f6rmiddagen. D\u00e5 l\u00e5go Greta och jag f\u00f6rst l\u00e4nge, sedan gingo vi till &#8220;dr\u00f6mstigen&#8221;, en f\u00f6rtjusande stig mellan R\u00e4nninga och logehuset. P\u00e5 eftermiddagen voro fru Nyl\u00e9n och Johanna i L\u00f6v\u00e5sen h\u00e4r och drucko kaffe och vi hade kommit \u00f6verens med pojkarna att ro till Bergshagen och dricka kaffe d\u00e4r. Vi gick med stora korgar mitt f\u00f6r n\u00e4san p\u00e5 Elin, Selma, Verner, Albin p\u00e5 Kolsj\u00f6n\u00e4set m.fl. tillh\u00f6rande skvallerf\u00f6reningen ner till sj\u00f6n. D\u00e4r var Albin och Yngve, men ingen b\u00e5t. Trevligt. <\/p>\n<p>Till slut togo vi v\u00e5ra korgar och gingo till Nils i Byns hage och satte oss d\u00e4r och drucko. D\u00e4r var f\u00f6rtjusande. Karl och Arvid voro inte med, de hade inte h\u00f6rt, n\u00e4r pojkarna ropade p\u00e5 dem, n\u00e4r de gingo. Yngve var gr\u00e4sligt komisk, han h\u00f6ll tal s\u00e5 vi l\u00e5go dubbla av skratt. Sen voro Y. och A. med efter mj\u00f6lken och p\u00e5 kv\u00e4llen voro vi tre och karl, Albin och K.S. och beundrade det h\u00e4rliga m\u00e5nskenet, nere vid sj\u00f6n. \u00c5h, vad det var h\u00e4rligt! Sen sutto vi i bers\u00e5n till halv elva, d\u00e5 vi m\u00e5ste g\u00e5 in. <\/p>\n<p>Nu har Greta och jag gett namn \u00e5t alla v\u00e4gar h\u00e4romkring. M\u00f6tesv\u00e4gen, soluppg\u00e5ngsv, kaffev, cykelv, spegelv, pr\u00e4stkragsv, rapportv\u00e4gen, operav och sammetsv\u00e4gen. S\u00e5 ha vi \u201dRapportkontoret&#8221;, &#8220;filialen&#8221; och &#8220;utposten&#8221; samt &#8220;waldcapellet&#8221;. V\u00e4ldigt bussiga namn allihop. Nu sitter jag i Verners hage och skriver med en penna, som Greta stulit fr\u00e5n Karl. <\/p>\n<p>H\u00e4r \u00e4r s\u00e5 bed\u00e5rande h\u00e4rligt. Vita bj\u00f6rkstammar t\u00e4tt, t\u00e4tt och mosskl\u00e4dda stenar. H\u00e4r och var en m\u00f6rkgr\u00f6n gran, som bryter av mot bj\u00f6rkarnas ljusa gr\u00f6nska. Och p\u00e5 marken finns inte en fl\u00e4ck, som ej \u00e4r kl\u00e4dd med mjukt gr\u00e4s, ormbunkar eller ljusgr\u00f6n harsyra. Det \u00e4r s\u00e5 tyst, blott tr\u00e4den susa stilla, n\u00e4r vinden drar f\u00f6rbi. Jag sitter och njuter och beundrar. Nu kraxar en kr\u00e5ka borta i hagen och nerifr\u00e5n &#8220;bygden&#8221; tr\u00e4nger d\u00e5 och d\u00e5 ett d\u00e4mpat ljud. Till skrivbord har jag en sten, kl\u00e4dd med den allra vackraste bj\u00f6rnmossa. Och allt detta sk\u00f6na skall jag l\u00e4mna imorgon.<\/p>\n<p>Jag f\u00f6rs\u00f6ker inbilla mig att det skall bli roligt att komma tillbaka till staden, men det g\u00e5r inte. Jag kommer att l\u00e4ngta tillbaka gr\u00e4nsl\u00f6st. Att kanske aldrig mer f\u00e5 se denna ljuvliga hage eller \u201d\u00c4lvornas silversl\u00f6ja&#8221; eller &#8220;dr\u00f6mstigen&#8221; och mycket annat h\u00e4rligt h\u00e4r. Det k\u00e4nns s\u00e5 besynnerligt i br\u00f6stet! Jag kan inte gr\u00e5ta ens. Det kanske skulle l\u00e4tta. <\/p>\n<p>\u00c5h, farv\u00e4l allt h\u00e4rligt och roligt i Sulvik! farv\u00e4l du \u00e4lskade, k\u00e4ra trakt, den sk\u00f6naste p\u00e5 hela jorden! Jag tycker, att jag har en k\u00e4nsla av, att aldrig f\u00e5 komma tillbaka hit. Ensam sitter jag h\u00e4r. Inte ens Greta ville jag be, att g\u00e5 med mig. F\u00f6r allt stort, all stor gl\u00e4dje och all stor sorg, vill man helst b\u00e4ra i ensamhet. Och hur f\u00f6rf\u00e4rligt sorgsen jag \u00e4r, n\u00e4r jag ser tillbaka p\u00e5 denna h\u00e4rliga sommar! Om jag bara finge gr\u00e5ta!! Jag kan inte skriva mer.. \u00c5h, Herre Gud!!<\/p>\n<!-- AddThis Advanced Settings generic via filter on the_content --><!-- AddThis Share Buttons generic via filter on the_content -->","protected":false},"excerpt":{"rendered":"<p>I l\u00f6rdags hade vi ett v\u00e4ldigt sch\u00e5 h\u00e4r. Vi skurade och bakade och str\u00f6k. Greta bakade socker- och jag pepparkakor, som vi skulle ha sedan p\u00e5 s\u00f6ndag. V\u00e4dret var f\u00f6rtjusande liksom p\u00e5 fredagen. Ig\u00e5r eftermiddag voro Greta och jag med Janne vid Vennersdal och s\u00e5g p\u00e5 skjutningarna. En major Afzelius var d\u00e4r och r\u00e4tt som [&hellip;]<!-- AddThis Advanced Settings generic via filter on wp_trim_excerpt --><!-- AddThis Share Buttons generic via filter on wp_trim_excerpt --><\/p>\n","protected":false},"author":2,"featured_media":26194,"comment_status":"open","ping_status":"open","sticky":false,"template":"","format":"standard","meta":{"footnotes":""},"categories":[3437,3425],"tags":[],"class_list":["post-26409","post","type-post","status-publish","format-standard","has-post-thumbnail","hentry","category-3437","category-mormors-dagbok"],"yoast_head":"<!-- This site is optimized with the Yoast SEO plugin v27.4 - https:\/\/yoast.com\/product\/yoast-seo-wordpress\/ -->\n<title>M\u00e5ndag den 26 augusti 1912. Hur f\u00f6rf\u00e4rligt sorgsen jag \u00e4r. - @Arhammar bokstavligen<\/title>\n<meta name=\"robots\" content=\"index, follow, max-snippet:-1, max-image-preview:large, max-video-preview:-1\" \/>\n<link rel=\"canonical\" href=\"https:\/\/www.arhammar.se\/blog\/mandag-den-26-augusti-1912-hur-forfarligt-sorgsen-jag-ar\/\" \/>\n<meta property=\"og:locale\" content=\"en_US\" \/>\n<meta property=\"og:type\" content=\"article\" \/>\n<meta property=\"og:title\" content=\"M\u00e5ndag den 26 augusti 1912. Hur f\u00f6rf\u00e4rligt sorgsen jag \u00e4r. - @Arhammar bokstavligen\" \/>\n<meta property=\"og:description\" content=\"I l\u00f6rdags hade vi ett v\u00e4ldigt sch\u00e5 h\u00e4r. Vi skurade och bakade och str\u00f6k. Greta bakade socker- och jag pepparkakor, som vi skulle ha sedan p\u00e5 s\u00f6ndag. V\u00e4dret var f\u00f6rtjusande liksom p\u00e5 fredagen. Ig\u00e5r eftermiddag voro Greta och jag med Janne vid Vennersdal och s\u00e5g p\u00e5 skjutningarna. En major Afzelius var d\u00e4r och r\u00e4tt som [&hellip;]\" \/>\n<meta property=\"og:url\" content=\"https:\/\/www.arhammar.se\/blog\/mandag-den-26-augusti-1912-hur-forfarligt-sorgsen-jag-ar\/\" \/>\n<meta property=\"og:site_name\" content=\"@Arhammar bokstavligen\" \/>\n<meta property=\"article:published_time\" content=\"2020-02-26T22:39:26+00:00\" \/>\n<meta property=\"article:modified_time\" content=\"2020-03-25T21:54:19+00:00\" \/>\n<meta property=\"og:image\" content=\"https:\/\/www.arhammar.se\/blog\/wp-content\/uploads\/2020\/10\/augusti1912.jpg\" \/>\n\t<meta property=\"og:image:width\" content=\"640\" \/>\n\t<meta property=\"og:image:height\" content=\"480\" \/>\n\t<meta property=\"og:image:type\" content=\"image\/jpeg\" \/>\n<meta name=\"author\" content=\"Anders Arhammar\" \/>\n<meta name=\"twitter:card\" content=\"summary_large_image\" \/>\n<meta name=\"twitter:label1\" content=\"Written by\" \/>\n\t<meta name=\"twitter:data1\" content=\"Anders Arhammar\" \/>\n\t<meta name=\"twitter:label2\" content=\"Est. reading time\" \/>\n\t<meta name=\"twitter:data2\" content=\"3 minutes\" \/>\n<script type=\"application\/ld+json\" class=\"yoast-schema-graph\">{\"@context\":\"https:\\\/\\\/schema.org\",\"@graph\":[{\"@type\":\"Article\",\"@id\":\"https:\\\/\\\/www.arhammar.se\\\/blog\\\/mandag-den-26-augusti-1912-hur-forfarligt-sorgsen-jag-ar\\\/#article\",\"isPartOf\":{\"@id\":\"https:\\\/\\\/www.arhammar.se\\\/blog\\\/mandag-den-26-augusti-1912-hur-forfarligt-sorgsen-jag-ar\\\/\"},\"author\":{\"name\":\"Anders Arhammar\",\"@id\":\"https:\\\/\\\/www.arhammar.se\\\/blog\\\/#\\\/schema\\\/person\\\/061984c1d884b363e2c91550f2e00d1d\"},\"headline\":\"M\u00e5ndag den 26 augusti 1912. Hur f\u00f6rf\u00e4rligt sorgsen jag \u00e4r.\",\"datePublished\":\"2020-02-26T22:39:26+00:00\",\"dateModified\":\"2020-03-25T21:54:19+00:00\",\"mainEntityOfPage\":{\"@id\":\"https:\\\/\\\/www.arhammar.se\\\/blog\\\/mandag-den-26-augusti-1912-hur-forfarligt-sorgsen-jag-ar\\\/\"},\"wordCount\":702,\"commentCount\":0,\"image\":{\"@id\":\"https:\\\/\\\/www.arhammar.se\\\/blog\\\/mandag-den-26-augusti-1912-hur-forfarligt-sorgsen-jag-ar\\\/#primaryimage\"},\"thumbnailUrl\":\"https:\\\/\\\/www.arhammar.se\\\/blog\\\/wp-content\\\/uploads\\\/2020\\\/10\\\/augusti1912.jpg\",\"articleSection\":[\"1912\",\"mormors dagbok\"],\"inLanguage\":\"en-US\",\"potentialAction\":[{\"@type\":\"CommentAction\",\"name\":\"Comment\",\"target\":[\"https:\\\/\\\/www.arhammar.se\\\/blog\\\/mandag-den-26-augusti-1912-hur-forfarligt-sorgsen-jag-ar\\\/#respond\"]}]},{\"@type\":\"WebPage\",\"@id\":\"https:\\\/\\\/www.arhammar.se\\\/blog\\\/mandag-den-26-augusti-1912-hur-forfarligt-sorgsen-jag-ar\\\/\",\"url\":\"https:\\\/\\\/www.arhammar.se\\\/blog\\\/mandag-den-26-augusti-1912-hur-forfarligt-sorgsen-jag-ar\\\/\",\"name\":\"M\u00e5ndag den 26 augusti 1912. Hur f\u00f6rf\u00e4rligt sorgsen jag \u00e4r. - @Arhammar bokstavligen\",\"isPartOf\":{\"@id\":\"https:\\\/\\\/www.arhammar.se\\\/blog\\\/#website\"},\"primaryImageOfPage\":{\"@id\":\"https:\\\/\\\/www.arhammar.se\\\/blog\\\/mandag-den-26-augusti-1912-hur-forfarligt-sorgsen-jag-ar\\\/#primaryimage\"},\"image\":{\"@id\":\"https:\\\/\\\/www.arhammar.se\\\/blog\\\/mandag-den-26-augusti-1912-hur-forfarligt-sorgsen-jag-ar\\\/#primaryimage\"},\"thumbnailUrl\":\"https:\\\/\\\/www.arhammar.se\\\/blog\\\/wp-content\\\/uploads\\\/2020\\\/10\\\/augusti1912.jpg\",\"datePublished\":\"2020-02-26T22:39:26+00:00\",\"dateModified\":\"2020-03-25T21:54:19+00:00\",\"author\":{\"@id\":\"https:\\\/\\\/www.arhammar.se\\\/blog\\\/#\\\/schema\\\/person\\\/061984c1d884b363e2c91550f2e00d1d\"},\"breadcrumb\":{\"@id\":\"https:\\\/\\\/www.arhammar.se\\\/blog\\\/mandag-den-26-augusti-1912-hur-forfarligt-sorgsen-jag-ar\\\/#breadcrumb\"},\"inLanguage\":\"en-US\",\"potentialAction\":[{\"@type\":\"ReadAction\",\"target\":[\"https:\\\/\\\/www.arhammar.se\\\/blog\\\/mandag-den-26-augusti-1912-hur-forfarligt-sorgsen-jag-ar\\\/\"]}]},{\"@type\":\"ImageObject\",\"inLanguage\":\"en-US\",\"@id\":\"https:\\\/\\\/www.arhammar.se\\\/blog\\\/mandag-den-26-augusti-1912-hur-forfarligt-sorgsen-jag-ar\\\/#primaryimage\",\"url\":\"https:\\\/\\\/www.arhammar.se\\\/blog\\\/wp-content\\\/uploads\\\/2020\\\/10\\\/augusti1912.jpg\",\"contentUrl\":\"https:\\\/\\\/www.arhammar.se\\\/blog\\\/wp-content\\\/uploads\\\/2020\\\/10\\\/augusti1912.jpg\",\"width\":640,\"height\":480},{\"@type\":\"BreadcrumbList\",\"@id\":\"https:\\\/\\\/www.arhammar.se\\\/blog\\\/mandag-den-26-augusti-1912-hur-forfarligt-sorgsen-jag-ar\\\/#breadcrumb\",\"itemListElement\":[{\"@type\":\"ListItem\",\"position\":1,\"name\":\"Home\",\"item\":\"https:\\\/\\\/www.arhammar.se\\\/blog\\\/\"},{\"@type\":\"ListItem\",\"position\":2,\"name\":\"M\u00e5ndag den 26 augusti 1912. Hur f\u00f6rf\u00e4rligt sorgsen jag \u00e4r.\"}]},{\"@type\":\"WebSite\",\"@id\":\"https:\\\/\\\/www.arhammar.se\\\/blog\\\/#website\",\"url\":\"https:\\\/\\\/www.arhammar.se\\\/blog\\\/\",\"name\":\"@Arhammar bokstavligen\",\"description\":\"Fr\u00e5n min penna och panna\",\"potentialAction\":[{\"@type\":\"SearchAction\",\"target\":{\"@type\":\"EntryPoint\",\"urlTemplate\":\"https:\\\/\\\/www.arhammar.se\\\/blog\\\/?s={search_term_string}\"},\"query-input\":{\"@type\":\"PropertyValueSpecification\",\"valueRequired\":true,\"valueName\":\"search_term_string\"}}],\"inLanguage\":\"en-US\"},{\"@type\":\"Person\",\"@id\":\"https:\\\/\\\/www.arhammar.se\\\/blog\\\/#\\\/schema\\\/person\\\/061984c1d884b363e2c91550f2e00d1d\",\"name\":\"Anders Arhammar\",\"image\":{\"@type\":\"ImageObject\",\"inLanguage\":\"en-US\",\"@id\":\"https:\\\/\\\/secure.gravatar.com\\\/avatar\\\/784b5b36cfe145ae19a52340f405285a939bcc08d4a21136b3a81f9e378ffae0?s=96&d=mm&r=g\",\"url\":\"https:\\\/\\\/secure.gravatar.com\\\/avatar\\\/784b5b36cfe145ae19a52340f405285a939bcc08d4a21136b3a81f9e378ffae0?s=96&d=mm&r=g\",\"contentUrl\":\"https:\\\/\\\/secure.gravatar.com\\\/avatar\\\/784b5b36cfe145ae19a52340f405285a939bcc08d4a21136b3a81f9e378ffae0?s=96&d=mm&r=g\",\"caption\":\"Anders Arhammar\"},\"url\":\"https:\\\/\\\/www.arhammar.se\\\/blog\\\/author\\\/anders\\\/\"}]}<\/script>\n<!-- \/ Yoast SEO plugin. -->","yoast_head_json":{"title":"M\u00e5ndag den 26 augusti 1912. Hur f\u00f6rf\u00e4rligt sorgsen jag \u00e4r. - @Arhammar bokstavligen","robots":{"index":"index","follow":"follow","max-snippet":"max-snippet:-1","max-image-preview":"max-image-preview:large","max-video-preview":"max-video-preview:-1"},"canonical":"https:\/\/www.arhammar.se\/blog\/mandag-den-26-augusti-1912-hur-forfarligt-sorgsen-jag-ar\/","og_locale":"en_US","og_type":"article","og_title":"M\u00e5ndag den 26 augusti 1912. Hur f\u00f6rf\u00e4rligt sorgsen jag \u00e4r. - @Arhammar bokstavligen","og_description":"I l\u00f6rdags hade vi ett v\u00e4ldigt sch\u00e5 h\u00e4r. Vi skurade och bakade och str\u00f6k. Greta bakade socker- och jag pepparkakor, som vi skulle ha sedan p\u00e5 s\u00f6ndag. V\u00e4dret var f\u00f6rtjusande liksom p\u00e5 fredagen. Ig\u00e5r eftermiddag voro Greta och jag med Janne vid Vennersdal och s\u00e5g p\u00e5 skjutningarna. En major Afzelius var d\u00e4r och r\u00e4tt som [&hellip;]","og_url":"https:\/\/www.arhammar.se\/blog\/mandag-den-26-augusti-1912-hur-forfarligt-sorgsen-jag-ar\/","og_site_name":"@Arhammar bokstavligen","article_published_time":"2020-02-26T22:39:26+00:00","article_modified_time":"2020-03-25T21:54:19+00:00","og_image":[{"width":640,"height":480,"url":"https:\/\/www.arhammar.se\/blog\/wp-content\/uploads\/2020\/10\/augusti1912.jpg","type":"image\/jpeg"}],"author":"Anders Arhammar","twitter_card":"summary_large_image","twitter_misc":{"Written by":"Anders Arhammar","Est. reading time":"3 minutes"},"schema":{"@context":"https:\/\/schema.org","@graph":[{"@type":"Article","@id":"https:\/\/www.arhammar.se\/blog\/mandag-den-26-augusti-1912-hur-forfarligt-sorgsen-jag-ar\/#article","isPartOf":{"@id":"https:\/\/www.arhammar.se\/blog\/mandag-den-26-augusti-1912-hur-forfarligt-sorgsen-jag-ar\/"},"author":{"name":"Anders Arhammar","@id":"https:\/\/www.arhammar.se\/blog\/#\/schema\/person\/061984c1d884b363e2c91550f2e00d1d"},"headline":"M\u00e5ndag den 26 augusti 1912. Hur f\u00f6rf\u00e4rligt sorgsen jag \u00e4r.","datePublished":"2020-02-26T22:39:26+00:00","dateModified":"2020-03-25T21:54:19+00:00","mainEntityOfPage":{"@id":"https:\/\/www.arhammar.se\/blog\/mandag-den-26-augusti-1912-hur-forfarligt-sorgsen-jag-ar\/"},"wordCount":702,"commentCount":0,"image":{"@id":"https:\/\/www.arhammar.se\/blog\/mandag-den-26-augusti-1912-hur-forfarligt-sorgsen-jag-ar\/#primaryimage"},"thumbnailUrl":"https:\/\/www.arhammar.se\/blog\/wp-content\/uploads\/2020\/10\/augusti1912.jpg","articleSection":["1912","mormors dagbok"],"inLanguage":"en-US","potentialAction":[{"@type":"CommentAction","name":"Comment","target":["https:\/\/www.arhammar.se\/blog\/mandag-den-26-augusti-1912-hur-forfarligt-sorgsen-jag-ar\/#respond"]}]},{"@type":"WebPage","@id":"https:\/\/www.arhammar.se\/blog\/mandag-den-26-augusti-1912-hur-forfarligt-sorgsen-jag-ar\/","url":"https:\/\/www.arhammar.se\/blog\/mandag-den-26-augusti-1912-hur-forfarligt-sorgsen-jag-ar\/","name":"M\u00e5ndag den 26 augusti 1912. Hur f\u00f6rf\u00e4rligt sorgsen jag \u00e4r. - @Arhammar bokstavligen","isPartOf":{"@id":"https:\/\/www.arhammar.se\/blog\/#website"},"primaryImageOfPage":{"@id":"https:\/\/www.arhammar.se\/blog\/mandag-den-26-augusti-1912-hur-forfarligt-sorgsen-jag-ar\/#primaryimage"},"image":{"@id":"https:\/\/www.arhammar.se\/blog\/mandag-den-26-augusti-1912-hur-forfarligt-sorgsen-jag-ar\/#primaryimage"},"thumbnailUrl":"https:\/\/www.arhammar.se\/blog\/wp-content\/uploads\/2020\/10\/augusti1912.jpg","datePublished":"2020-02-26T22:39:26+00:00","dateModified":"2020-03-25T21:54:19+00:00","author":{"@id":"https:\/\/www.arhammar.se\/blog\/#\/schema\/person\/061984c1d884b363e2c91550f2e00d1d"},"breadcrumb":{"@id":"https:\/\/www.arhammar.se\/blog\/mandag-den-26-augusti-1912-hur-forfarligt-sorgsen-jag-ar\/#breadcrumb"},"inLanguage":"en-US","potentialAction":[{"@type":"ReadAction","target":["https:\/\/www.arhammar.se\/blog\/mandag-den-26-augusti-1912-hur-forfarligt-sorgsen-jag-ar\/"]}]},{"@type":"ImageObject","inLanguage":"en-US","@id":"https:\/\/www.arhammar.se\/blog\/mandag-den-26-augusti-1912-hur-forfarligt-sorgsen-jag-ar\/#primaryimage","url":"https:\/\/www.arhammar.se\/blog\/wp-content\/uploads\/2020\/10\/augusti1912.jpg","contentUrl":"https:\/\/www.arhammar.se\/blog\/wp-content\/uploads\/2020\/10\/augusti1912.jpg","width":640,"height":480},{"@type":"BreadcrumbList","@id":"https:\/\/www.arhammar.se\/blog\/mandag-den-26-augusti-1912-hur-forfarligt-sorgsen-jag-ar\/#breadcrumb","itemListElement":[{"@type":"ListItem","position":1,"name":"Home","item":"https:\/\/www.arhammar.se\/blog\/"},{"@type":"ListItem","position":2,"name":"M\u00e5ndag den 26 augusti 1912. Hur f\u00f6rf\u00e4rligt sorgsen jag \u00e4r."}]},{"@type":"WebSite","@id":"https:\/\/www.arhammar.se\/blog\/#website","url":"https:\/\/www.arhammar.se\/blog\/","name":"@Arhammar bokstavligen","description":"Fr\u00e5n min penna och panna","potentialAction":[{"@type":"SearchAction","target":{"@type":"EntryPoint","urlTemplate":"https:\/\/www.arhammar.se\/blog\/?s={search_term_string}"},"query-input":{"@type":"PropertyValueSpecification","valueRequired":true,"valueName":"search_term_string"}}],"inLanguage":"en-US"},{"@type":"Person","@id":"https:\/\/www.arhammar.se\/blog\/#\/schema\/person\/061984c1d884b363e2c91550f2e00d1d","name":"Anders Arhammar","image":{"@type":"ImageObject","inLanguage":"en-US","@id":"https:\/\/secure.gravatar.com\/avatar\/784b5b36cfe145ae19a52340f405285a939bcc08d4a21136b3a81f9e378ffae0?s=96&d=mm&r=g","url":"https:\/\/secure.gravatar.com\/avatar\/784b5b36cfe145ae19a52340f405285a939bcc08d4a21136b3a81f9e378ffae0?s=96&d=mm&r=g","contentUrl":"https:\/\/secure.gravatar.com\/avatar\/784b5b36cfe145ae19a52340f405285a939bcc08d4a21136b3a81f9e378ffae0?s=96&d=mm&r=g","caption":"Anders Arhammar"},"url":"https:\/\/www.arhammar.se\/blog\/author\/anders\/"}]}},"_links":{"self":[{"href":"https:\/\/www.arhammar.se\/blog\/wp-json\/wp\/v2\/posts\/26409","targetHints":{"allow":["GET"]}}],"collection":[{"href":"https:\/\/www.arhammar.se\/blog\/wp-json\/wp\/v2\/posts"}],"about":[{"href":"https:\/\/www.arhammar.se\/blog\/wp-json\/wp\/v2\/types\/post"}],"author":[{"embeddable":true,"href":"https:\/\/www.arhammar.se\/blog\/wp-json\/wp\/v2\/users\/2"}],"replies":[{"embeddable":true,"href":"https:\/\/www.arhammar.se\/blog\/wp-json\/wp\/v2\/comments?post=26409"}],"version-history":[{"count":6,"href":"https:\/\/www.arhammar.se\/blog\/wp-json\/wp\/v2\/posts\/26409\/revisions"}],"predecessor-version":[{"id":27802,"href":"https:\/\/www.arhammar.se\/blog\/wp-json\/wp\/v2\/posts\/26409\/revisions\/27802"}],"wp:featuredmedia":[{"embeddable":true,"href":"https:\/\/www.arhammar.se\/blog\/wp-json\/wp\/v2\/media\/26194"}],"wp:attachment":[{"href":"https:\/\/www.arhammar.se\/blog\/wp-json\/wp\/v2\/media?parent=26409"}],"wp:term":[{"taxonomy":"category","embeddable":true,"href":"https:\/\/www.arhammar.se\/blog\/wp-json\/wp\/v2\/categories?post=26409"},{"taxonomy":"post_tag","embeddable":true,"href":"https:\/\/www.arhammar.se\/blog\/wp-json\/wp\/v2\/tags?post=26409"}],"curies":[{"name":"wp","href":"https:\/\/api.w.org\/{rel}","templated":true}]}}